{"id":1185,"date":"2021-03-17T21:20:42","date_gmt":"2021-03-17T21:20:42","guid":{"rendered":"https:\/\/www.africa-press.net\/cameroun\/politique\/transition-politique-voici-comment-le-sdf-renforce-le-rdpc"},"modified":"2021-03-18T00:52:05","modified_gmt":"2021-03-18T00:52:05","slug":"transition-politique-voici-comment-le-sdf-renforce-le-rdpc","status":"publish","type":"post","link":"https:\/\/www.africa-press.net\/cameroun\/politique\/transition-politique-voici-comment-le-sdf-renforce-le-rdpc","title":{"rendered":"Transition politique: voici comment le SDF renforce le RDPC"},"content":{"rendered":"<p><span style=\"color: #ff6600\"><strong><a href=\"https:\/\/www.africa-press.net\/\">Africa-Press<\/a> &#8211; <a href=\"https:\/\/www.africa-press.net\/cameroun\">Cameroun<\/a>. <\/strong><\/span>Laurent Dubois Njikam affirme par ailleurs que le Sdf fait aussi preuve d\u2019une vitalit\u00e9 d\u00e9mocratique en acceptant le d\u00e9bat interne.<\/p>\n<p>Depuis quelques jours, l\u2019on assiste \u00e0 une querelle interne au sein du Social democratic front (Sdf), jadis parti leader de l\u2019opposition au Cameroun. Pour le juriste camerounais Laurent Dubois Njikam, cette querelle fait craindre pour l\u2019alternance dans notre pays. \u00ab Quand des opposants deviennent des communicants pour le parti au pouvoir le Rdpc, il faut craindre pour l\u2019alternance tant souhait\u00e9e \u00bb, \u00e9crit ce dernier.<\/p>\n<p>\u00ab J\u2019observe \u00e9bahi depuis quelques jours, la bataille de chiffonniers que se livrent deux cadres du social Demorcatic front (SDF) par m\u00e9dias interpos\u00e9s alliant injures, d\u00e9lation fausses accusations. Tout y passe. Si l\u2019on peut voir \u00e0 premi\u00e8re vue une forme de vitalit\u00e9 politique dans un parti politique o\u00f9 la censure de la parole n\u2019est pas la chose la plus partag\u00e9e par ses dirigeants, il faut toutefois v\u00e9ritablement s\u2019interroger sur les mobiles de ces passes d\u2019armes, et les v\u00e9ritables enjeux et b\u00e9n\u00e9ficiaires de cette bataille communicationnelle entre Osih et Nintcheu \u00bb, poursuit-il.<\/p>\n<p><strong>D\u00e9put\u00e9s<\/strong><\/p>\n<p>Pour cette analyste politique de notre landerneau, il ne sera pas exag\u00e9r\u00e9 de dire que les mobiles qui poussent \u00e0 agir ainsi sont le contr\u00f4le de l\u2019opinion \u00e0 la suite de la r\u00e9v\u00e9lation de la signature par Osih d\u2019une r\u00e9solution de certains d\u00e9put\u00e9s camerounais invitant les s\u00e9nateurs am\u00e9ricains \u00e0 s\u2019abstenir de toute intervention sur la crise anglophone au Cameroun.<\/p>\n<p>\u00ab Un tel sujet charriant passion, enjeux politiques \u00e9normes ne pouvait que produire un tel brouhaha communicationnel. Par ailleurs, il r\u00e9v\u00e8le des dissensions internes au sein du Sdf sur l\u2019approche quant \u00e0 la r\u00e9solution de la crise du Noso. Deux tendances s\u2019affrontent donc : les interventionnistes et les partisans d\u2019une solution locale. La r\u00e9solution du Nec demandant \u00e0 Osih de retirer sa signature semble indiquer la victoire de l\u2019aile interventionniste. Ainsi pourrait-on mieux comprendre les enjeux et b\u00e9n\u00e9ficiaires de cette bataille \u00bb, ajoute-t-il.<\/p>\n<p>Ce dernier souligne par ailleurs que cette bataille prend de l\u2019ampleur du fait que le pr\u00e9sident national du Sdf soit affaibli. \u00ab La bataille politique entre Osih et Nintcheu trouve un fondement sur l\u2019affaiblissement du leader Ni Njohn Fru Ndi. Ainsi la perspective d\u2019une retraite certaine du chairman, ses h\u00e9ritiers putatifs croient gagner le terrain politique. Chacun jouant de ses connaissances du parti, de l\u2019environnement externe et davantage de l\u2019id\u00e9ologie dominante et caract\u00e9risant \u00bb, rel\u00e8ve-t-il.<\/p>\n<p>\u00ab On a d\u2019un c\u00f4t\u00e9 un Osih plus conciliant, rassembler et de l\u2019autre c\u00f4t\u00e9 un Nintcheu bagarreur, jusquauboutiste qui souhaite incarner le Sdf original. L\u2019objectif final \u00e9tant de regagner la confiance populaire et reconsid\u00e9rer la base militante du parti. La r\u00e9solution de la crise du Noso se pr\u00e9cise donc comme la toile de fond de cette bataille entre ces deux personnalit\u00e9s politiques. Il faut d\u2019une part m\u00e9nager le gouvernement et d\u2019autre part regagner la confiance des anglophones qui constituaient jusqu\u2019ici la base militante du parti \u00bb, pr\u00e9cise L.D. Njinkam.<\/p>\n<p>\u00ab C\u2019est ainsi qu\u2019on va assister \u00e0 toute forme de d\u00e9lation et d\u2019accusations les unes les plus loufoques que les autres. Un SDF divis\u00e9 et affaibli par des querelles intestines ne peut favoriser que le renforcement de la position ultra dominante du Rdpc dans la perspective de la transition politique au Cameroun \u00bb, a conclu le juriste.<\/p>\n","protected":false},"excerpt":{"rendered":"<p>Africa-Press &#8211; Cameroun. Laurent Dubois Njikam affirme par ailleurs que le Sdf fait aussi preuve d\u2019une vitalit\u00e9 d\u00e9mocratique en acceptant le d\u00e9bat interne. Depuis quelques jours, l\u2019on assiste \u00e0 une querelle interne au sein du Social democratic front (Sdf), jadis parti leader de l\u2019opposition au Cameroun. Pour le juriste camerounais Laurent Dubois Njikam, cette querelle [&hellip;]<\/p>\n","protected":false},"author":82,"featured_media":1184,"comment_status":"open","ping_status":"closed","sticky":false,"template":"","format":"standard","meta":{"footnotes":""},"categories":[11,2,10],"tags":[36,50,49],"class_list":["post-1185","post","type-post","status-publish","format-standard","has-post-thumbnail","hentry","category-homepage-french","category-politique","category-toutes-les-actualites","tag-africa-press","tag-africa-press-cameroun","tag-cameroun"],"yoast_head":"<!-- This site is optimized with the Yoast SEO Premium plugin v26.1 (Yoast SEO v27.0) - https:\/\/yoast.com\/product\/yoast-seo-premium-wordpress\/ -->\n<title>Transition politique: voici comment le SDF renforce le RDPC - Cameroun<\/title>\n<meta name=\"description\" content=\"Laurent Dubois Njikam affirme par ailleurs que le Sdf fait aussi preuve d\u2019une vitalit\u00e9 d\u00e9mocratique en acceptant le d\u00e9ba ...\" \/>\n<meta name=\"robots\" content=\"index, follow, max-snippet:-1, max-image-preview:large, max-video-preview:-1\" \/>\n<link rel=\"canonical\" href=\"https:\/\/www.africa-press.net\/cameroun\/politique\/transition-politique-voici-comment-le-sdf-renforce-le-rdpc\" \/>\n<meta property=\"og:locale\" content=\"fr_FR\" \/>\n<meta property=\"og:type\" content=\"article\" \/>\n<meta property=\"og:title\" content=\"Transition politique: voici comment le SDF renforce le RDPC\" \/>\n<meta property=\"og:description\" content=\"Laurent Dubois Njikam affirme par ailleurs que le Sdf fait aussi preuve d\u2019une vitalit\u00e9 d\u00e9mocratique en acceptant le d\u00e9ba ...\" \/>\n<meta property=\"og:url\" content=\"https:\/\/www.africa-press.net\/cameroun\/politique\/transition-politique-voici-comment-le-sdf-renforce-le-rdpc\" \/>\n<meta property=\"og:site_name\" content=\"Cameroun\" \/>\n<meta property=\"article:published_time\" content=\"2021-03-17T21:20:42+00:00\" \/>\n<meta property=\"article:modified_time\" content=\"2021-03-18T00:52:05+00:00\" \/>\n<meta property=\"og:image\" content=\"https:\/\/static.africa-press.net\/cameroun\/sites\/57\/2021\/03\/img-60529c1dcaea8.jpg\" \/>\n\t<meta property=\"og:image:width\" content=\"720\" \/>\n\t<meta property=\"og:image:height\" content=\"400\" \/>\n\t<meta property=\"og:image:type\" content=\"image\/jpeg\" \/>\n<meta name=\"author\" content=\"cfeditorfr\" \/>\n<meta name=\"twitter:card\" content=\"summary_large_image\" \/>\n<meta name=\"twitter:label1\" content=\"\u00c9crit par\" \/>\n\t<meta name=\"twitter:data1\" content=\"cfeditorfr\" \/>\n\t<meta name=\"twitter:label2\" content=\"Dur\u00e9e de lecture estim\u00e9e\" \/>\n\t<meta name=\"twitter:data2\" content=\"3 minutes\" \/>\n<script type=\"application\/ld+json\" class=\"yoast-schema-graph\">{\"@context\":\"https:\/\/schema.org\",\"@graph\":[{\"@type\":\"Article\",\"@id\":\"https:\/\/www.africa-press.net\/cameroun\/politique\/transition-politique-voici-comment-le-sdf-renforce-le-rdpc#article\",\"isPartOf\":{\"@id\":\"https:\/\/www.africa-press.net\/cameroun\/politique\/transition-politique-voici-comment-le-sdf-renforce-le-rdpc\"},\"author\":{\"name\":\"cfeditorfr\",\"@id\":\"https:\/\/www.africa-press.net\/cameroun\/#\/schema\/person\/2b1cf3cd81a31e3cd26889ca66d677f1\"},\"headline\":\"Transition politique: voici comment le SDF renforce le RDPC\",\"datePublished\":\"2021-03-17T21:20:42+00:00\",\"dateModified\":\"2021-03-18T00:52:05+00:00\",\"mainEntityOfPage\":{\"@id\":\"https:\/\/www.africa-press.net\/cameroun\/politique\/transition-politique-voici-comment-le-sdf-renforce-le-rdpc\"},\"wordCount\":605,\"commentCount\":0,\"image\":{\"@id\":\"https:\/\/www.africa-press.net\/cameroun\/politique\/transition-politique-voici-comment-le-sdf-renforce-le-rdpc#primaryimage\"},\"thumbnailUrl\":\"https:\/\/static.africa-press.net\/cameroun\/sites\/57\/2021\/03\/img-60529c1dcaea8.jpg\",\"keywords\":[\"Africa Press\",\"Africa Press-Cameroun\",\"Cameroun\"],\"articleSection\":[\"homepage-french\",\"Politique\",\"Toutes les actualit\u00e9s\"],\"inLanguage\":\"fr-FR\",\"potentialAction\":[{\"@type\":\"CommentAction\",\"name\":\"Comment\",\"target\":[\"https:\/\/www.africa-press.net\/cameroun\/politique\/transition-politique-voici-comment-le-sdf-renforce-le-rdpc#respond\"]}]},{\"@type\":\"WebPage\",\"@id\":\"https:\/\/www.africa-press.net\/cameroun\/politique\/transition-politique-voici-comment-le-sdf-renforce-le-rdpc\",\"url\":\"https:\/\/www.africa-press.net\/cameroun\/politique\/transition-politique-voici-comment-le-sdf-renforce-le-rdpc\",\"name\":\"Transition politique: voici comment le SDF renforce le RDPC - Cameroun\",\"isPartOf\":{\"@id\":\"https:\/\/www.africa-press.net\/cameroun\/#website\"},\"primaryImageOfPage\":{\"@id\":\"https:\/\/www.africa-press.net\/cameroun\/politique\/transition-politique-voici-comment-le-sdf-renforce-le-rdpc#primaryimage\"},\"image\":{\"@id\":\"https:\/\/www.africa-press.net\/cameroun\/politique\/transition-politique-voici-comment-le-sdf-renforce-le-rdpc#primaryimage\"},\"thumbnailUrl\":\"https:\/\/static.africa-press.net\/cameroun\/sites\/57\/2021\/03\/img-60529c1dcaea8.jpg\",\"datePublished\":\"2021-03-17T21:20:42+00:00\",\"dateModified\":\"2021-03-18T00:52:05+00:00\",\"author\":{\"@id\":\"https:\/\/www.africa-press.net\/cameroun\/#\/schema\/person\/2b1cf3cd81a31e3cd26889ca66d677f1\"},\"description\":\"Laurent Dubois Njikam affirme par ailleurs que le Sdf fait aussi preuve d\u2019une vitalit\u00e9 d\u00e9mocratique en acceptant le d\u00e9ba ...\",\"breadcrumb\":{\"@id\":\"https:\/\/www.africa-press.net\/cameroun\/politique\/transition-politique-voici-comment-le-sdf-renforce-le-rdpc#breadcrumb\"},\"inLanguage\":\"fr-FR\",\"potentialAction\":[{\"@type\":\"ReadAction\",\"target\":[\"https:\/\/www.africa-press.net\/cameroun\/politique\/transition-politique-voici-comment-le-sdf-renforce-le-rdpc\"]}]},{\"@type\":\"ImageObject\",\"inLanguage\":\"fr-FR\",\"@id\":\"https:\/\/www.africa-press.net\/cameroun\/politique\/transition-politique-voici-comment-le-sdf-renforce-le-rdpc#primaryimage\",\"url\":\"https:\/\/static.africa-press.net\/cameroun\/sites\/57\/2021\/03\/img-60529c1dcaea8.jpg\",\"contentUrl\":\"https:\/\/static.africa-press.net\/cameroun\/sites\/57\/2021\/03\/img-60529c1dcaea8.jpg\",\"width\":720,\"height\":400,\"caption\":\"Transition politique: voici comment le SDF renforce le RDPC\"},{\"@type\":\"BreadcrumbList\",\"@id\":\"https:\/\/www.africa-press.net\/cameroun\/politique\/transition-politique-voici-comment-le-sdf-renforce-le-rdpc#breadcrumb\",\"itemListElement\":[{\"@type\":\"ListItem\",\"position\":1,\"name\":\"Accueil\",\"item\":\"https:\/\/www.africa-press.net\/cameroun\/\"},{\"@type\":\"ListItem\",\"position\":2,\"name\":\"Transition politique: voici comment le SDF renforce le RDPC\"}]},{\"@type\":\"WebSite\",\"@id\":\"https:\/\/www.africa-press.net\/cameroun\/#website\",\"url\":\"https:\/\/www.africa-press.net\/cameroun\/\",\"name\":\"Cameroun\",\"description\":\"Just another Africa News Agency Sites site\",\"potentialAction\":[{\"@type\":\"SearchAction\",\"target\":{\"@type\":\"EntryPoint\",\"urlTemplate\":\"https:\/\/www.africa-press.net\/cameroun\/?s={search_term_string}\"},\"query-input\":{\"@type\":\"PropertyValueSpecification\",\"valueRequired\":true,\"valueName\":\"search_term_string\"}}],\"inLanguage\":\"fr-FR\"},{\"@type\":\"Person\",\"@id\":\"https:\/\/www.africa-press.net\/cameroun\/#\/schema\/person\/2b1cf3cd81a31e3cd26889ca66d677f1\",\"name\":\"cfeditorfr\"}]}<\/script>\n<!-- \/ Yoast SEO Premium plugin. -->","yoast_head_json":{"title":"Transition politique: voici comment le SDF renforce le RDPC - Cameroun","description":"Laurent Dubois Njikam affirme par ailleurs que le Sdf fait aussi preuve d\u2019une vitalit\u00e9 d\u00e9mocratique en acceptant le d\u00e9ba ...","robots":{"index":"index","follow":"follow","max-snippet":"max-snippet:-1","max-image-preview":"max-image-preview:large","max-video-preview":"max-video-preview:-1"},"canonical":"https:\/\/www.africa-press.net\/cameroun\/politique\/transition-politique-voici-comment-le-sdf-renforce-le-rdpc","og_locale":"fr_FR","og_type":"article","og_title":"Transition politique: voici comment le SDF renforce le RDPC","og_description":"Laurent Dubois Njikam affirme par ailleurs que le Sdf fait aussi preuve d\u2019une vitalit\u00e9 d\u00e9mocratique en acceptant le d\u00e9ba ...","og_url":"https:\/\/www.africa-press.net\/cameroun\/politique\/transition-politique-voici-comment-le-sdf-renforce-le-rdpc","og_site_name":"Cameroun","article_published_time":"2021-03-17T21:20:42+00:00","article_modified_time":"2021-03-18T00:52:05+00:00","og_image":[{"width":720,"height":400,"url":"https:\/\/static.africa-press.net\/cameroun\/sites\/57\/2021\/03\/img-60529c1dcaea8.jpg","type":"image\/jpeg"}],"author":"cfeditorfr","twitter_card":"summary_large_image","twitter_misc":{"\u00c9crit par":"cfeditorfr","Dur\u00e9e de lecture estim\u00e9e":"3 minutes"},"schema":{"@context":"https:\/\/schema.org","@graph":[{"@type":"Article","@id":"https:\/\/www.africa-press.net\/cameroun\/politique\/transition-politique-voici-comment-le-sdf-renforce-le-rdpc#article","isPartOf":{"@id":"https:\/\/www.africa-press.net\/cameroun\/politique\/transition-politique-voici-comment-le-sdf-renforce-le-rdpc"},"author":{"name":"cfeditorfr","@id":"https:\/\/www.africa-press.net\/cameroun\/#\/schema\/person\/2b1cf3cd81a31e3cd26889ca66d677f1"},"headline":"Transition politique: voici comment le SDF renforce le RDPC","datePublished":"2021-03-17T21:20:42+00:00","dateModified":"2021-03-18T00:52:05+00:00","mainEntityOfPage":{"@id":"https:\/\/www.africa-press.net\/cameroun\/politique\/transition-politique-voici-comment-le-sdf-renforce-le-rdpc"},"wordCount":605,"commentCount":0,"image":{"@id":"https:\/\/www.africa-press.net\/cameroun\/politique\/transition-politique-voici-comment-le-sdf-renforce-le-rdpc#primaryimage"},"thumbnailUrl":"https:\/\/static.africa-press.net\/cameroun\/sites\/57\/2021\/03\/img-60529c1dcaea8.jpg","keywords":["Africa Press","Africa Press-Cameroun","Cameroun"],"articleSection":["homepage-french","Politique","Toutes les actualit\u00e9s"],"inLanguage":"fr-FR","potentialAction":[{"@type":"CommentAction","name":"Comment","target":["https:\/\/www.africa-press.net\/cameroun\/politique\/transition-politique-voici-comment-le-sdf-renforce-le-rdpc#respond"]}]},{"@type":"WebPage","@id":"https:\/\/www.africa-press.net\/cameroun\/politique\/transition-politique-voici-comment-le-sdf-renforce-le-rdpc","url":"https:\/\/www.africa-press.net\/cameroun\/politique\/transition-politique-voici-comment-le-sdf-renforce-le-rdpc","name":"Transition politique: voici comment le SDF renforce le RDPC - Cameroun","isPartOf":{"@id":"https:\/\/www.africa-press.net\/cameroun\/#website"},"primaryImageOfPage":{"@id":"https:\/\/www.africa-press.net\/cameroun\/politique\/transition-politique-voici-comment-le-sdf-renforce-le-rdpc#primaryimage"},"image":{"@id":"https:\/\/www.africa-press.net\/cameroun\/politique\/transition-politique-voici-comment-le-sdf-renforce-le-rdpc#primaryimage"},"thumbnailUrl":"https:\/\/static.africa-press.net\/cameroun\/sites\/57\/2021\/03\/img-60529c1dcaea8.jpg","datePublished":"2021-03-17T21:20:42+00:00","dateModified":"2021-03-18T00:52:05+00:00","author":{"@id":"https:\/\/www.africa-press.net\/cameroun\/#\/schema\/person\/2b1cf3cd81a31e3cd26889ca66d677f1"},"description":"Laurent Dubois Njikam affirme par ailleurs que le Sdf fait aussi preuve d\u2019une vitalit\u00e9 d\u00e9mocratique en acceptant le d\u00e9ba ...","breadcrumb":{"@id":"https:\/\/www.africa-press.net\/cameroun\/politique\/transition-politique-voici-comment-le-sdf-renforce-le-rdpc#breadcrumb"},"inLanguage":"fr-FR","potentialAction":[{"@type":"ReadAction","target":["https:\/\/www.africa-press.net\/cameroun\/politique\/transition-politique-voici-comment-le-sdf-renforce-le-rdpc"]}]},{"@type":"ImageObject","inLanguage":"fr-FR","@id":"https:\/\/www.africa-press.net\/cameroun\/politique\/transition-politique-voici-comment-le-sdf-renforce-le-rdpc#primaryimage","url":"https:\/\/static.africa-press.net\/cameroun\/sites\/57\/2021\/03\/img-60529c1dcaea8.jpg","contentUrl":"https:\/\/static.africa-press.net\/cameroun\/sites\/57\/2021\/03\/img-60529c1dcaea8.jpg","width":720,"height":400,"caption":"Transition politique: voici comment le SDF renforce le RDPC"},{"@type":"BreadcrumbList","@id":"https:\/\/www.africa-press.net\/cameroun\/politique\/transition-politique-voici-comment-le-sdf-renforce-le-rdpc#breadcrumb","itemListElement":[{"@type":"ListItem","position":1,"name":"Accueil","item":"https:\/\/www.africa-press.net\/cameroun\/"},{"@type":"ListItem","position":2,"name":"Transition politique: voici comment le SDF renforce le RDPC"}]},{"@type":"WebSite","@id":"https:\/\/www.africa-press.net\/cameroun\/#website","url":"https:\/\/www.africa-press.net\/cameroun\/","name":"Cameroun","description":"Just another Africa News Agency Sites site","potentialAction":[{"@type":"SearchAction","target":{"@type":"EntryPoint","urlTemplate":"https:\/\/www.africa-press.net\/cameroun\/?s={search_term_string}"},"query-input":{"@type":"PropertyValueSpecification","valueRequired":true,"valueName":"search_term_string"}}],"inLanguage":"fr-FR"},{"@type":"Person","@id":"https:\/\/www.africa-press.net\/cameroun\/#\/schema\/person\/2b1cf3cd81a31e3cd26889ca66d677f1","name":"cfeditorfr"}]}},"_links":{"self":[{"href":"https:\/\/www.africa-press.net\/cameroun\/wp-json\/wp\/v2\/posts\/1185","targetHints":{"allow":["GET"]}}],"collection":[{"href":"https:\/\/www.africa-press.net\/cameroun\/wp-json\/wp\/v2\/posts"}],"about":[{"href":"https:\/\/www.africa-press.net\/cameroun\/wp-json\/wp\/v2\/types\/post"}],"author":[{"embeddable":true,"href":"https:\/\/www.africa-press.net\/cameroun\/wp-json\/wp\/v2\/users\/82"}],"replies":[{"embeddable":true,"href":"https:\/\/www.africa-press.net\/cameroun\/wp-json\/wp\/v2\/comments?post=1185"}],"version-history":[{"count":0,"href":"https:\/\/www.africa-press.net\/cameroun\/wp-json\/wp\/v2\/posts\/1185\/revisions"}],"wp:featuredmedia":[{"embeddable":true,"href":"https:\/\/www.africa-press.net\/cameroun\/wp-json\/wp\/v2\/media\/1184"}],"wp:attachment":[{"href":"https:\/\/www.africa-press.net\/cameroun\/wp-json\/wp\/v2\/media?parent=1185"}],"wp:term":[{"taxonomy":"category","embeddable":true,"href":"https:\/\/www.africa-press.net\/cameroun\/wp-json\/wp\/v2\/categories?post=1185"},{"taxonomy":"post_tag","embeddable":true,"href":"https:\/\/www.africa-press.net\/cameroun\/wp-json\/wp\/v2\/tags?post=1185"}],"curies":[{"name":"wp","href":"https:\/\/api.w.org\/{rel}","templated":true}]}}