{"id":1188,"date":"2021-03-17T21:26:14","date_gmt":"2021-03-17T21:26:14","guid":{"rendered":"https:\/\/www.africa-press.net\/cameroun\/politique\/vie-de-partie-jean-michel-nintcheu-devoile-ses-plans-pour-le-sdf"},"modified":"2021-03-18T00:52:10","modified_gmt":"2021-03-18T00:52:10","slug":"vie-de-partie-jean-michel-nintcheu-devoile-ses-plans-pour-le-sdf","status":"publish","type":"post","link":"https:\/\/www.africa-press.net\/cameroun\/politique\/vie-de-partie-jean-michel-nintcheu-devoile-ses-plans-pour-le-sdf","title":{"rendered":"Vie de partie: Jean Michel Nintcheu  d\u00e9voile ses plans pour le Sdf"},"content":{"rendered":"<p><span style=\"color: #ff6600\"><strong><a href=\"https:\/\/www.africa-press.net\/\">Africa-Press<\/a> &#8211; <a href=\"https:\/\/www.africa-press.net\/cameroun\">Cameroun<\/a>. <\/strong><\/span>Le pr\u00e9sident r\u00e9gional du Sdf pour le littoral ne cache pas ses ambitions du succ\u00e9der \u00e0 Fru Ndi \u00e0 la t\u00eate de cette formation politique jadis leader de l\u2019opposition au 237.<\/p>\n<p>Depuis que Ni John Fru Ndi a annonc\u00e9 son retrait de la politique le 11 f\u00e9vrier 2021 \u00e0 Yaound\u00e9, chacun y va de sa conviction pour prendre la t\u00eate du parti de la balance. C\u2019est dans cette lanc\u00e9e que ce mardi 16 mars 2021, l\u2019honorable Jean-Michel Nintcheu, le pr\u00e9sident r\u00e9gional du Sdf pour le littoral affiche clairement ses intentions de prendre la t\u00eate du Sdf, le temps d\u2019une \u00e9mission sur radio Equinoxe, un m\u00e9dia priv\u00e9 \u00e9mettant depuis Douala au Cameroun.<\/p>\n<p>\u00abA partir du moment o\u00f9 le Chairman va d\u00e9cider de ne plus \u00eatre candidat, je vais me lancer. Voil\u00e0 le seul pr\u00e9alable\u00bb, a d\u00e9clar\u00e9 celui-ci pendant l\u2019\u00e9mission radio. \u00ab J\u2019y pense tous les jours. Je pense que je dois \u00eatre candidat parce que j\u2019ai une mission \u00e0 accomplir \u00e0 la t\u00eate de mon parti, une mission de sauvegarde, une mission de service public. Une mission qui va permettre au SDF de retrouver son v\u00e9ritable couloir de l\u2019opposition radicale vis-\u00e0-vis du syst\u00e8me maffieux de Yaound\u00e9. On n\u2019aurait jamais d\u00fb laisser ce couloir. Nous sommes l\u2019ombre de nous-m\u00eames\u00bb, rassure celui-ci.<\/p>\n<p><strong>Rdpc<\/strong><\/p>\n<p>Il ne manque pas au passage de r\u00e9gler ses comptes avec Joshua Osih, le premier vice-pr\u00e9sident du Sdf, par ailleurs candidat malheureux \u00e0 la pr\u00e9sidentielle d\u2019octobre 2018 au Cameroun. Nintcheu accuse Osih d\u2019avoir trahi l\u2019id\u00e9ologie du parti en se mettant avec le Rassemblement d\u00e9mocratique du peuple camerounais (Rdpc) de Paul Biya<\/p>\n<p>\u00abOsih a trahi la confiance que nous avons plac\u00e9e en lui en 2018 en allant \u00e0 une \u00e9lection comme sparring-partner, en prenant l\u2019argent \u00e0 l\u2019adversaire pour se faire laminer dans les \u00e9lections. Osih a trahi la confiance du peuple camerounais. C\u2019est pour cette raison que Osih ne vaut m\u00eame plus le prix du papier sur lequel j\u2019\u00e9cris son nom\u00bb, a-t-il conclu.<\/p>\n","protected":false},"excerpt":{"rendered":"<p>Africa-Press &#8211; Cameroun. Le pr\u00e9sident r\u00e9gional du Sdf pour le littoral ne cache pas ses ambitions du succ\u00e9der \u00e0 Fru Ndi \u00e0 la t\u00eate de cette formation politique jadis leader de l\u2019opposition au 237. Depuis que Ni John Fru Ndi a annonc\u00e9 son retrait de la politique le 11 f\u00e9vrier 2021 \u00e0 Yaound\u00e9, chacun y [&hellip;]<\/p>\n","protected":false},"author":82,"featured_media":1187,"comment_status":"open","ping_status":"closed","sticky":false,"template":"","format":"standard","meta":{"footnotes":""},"categories":[11,2,10],"tags":[36,50,49],"class_list":["post-1188","post","type-post","status-publish","format-standard","has-post-thumbnail","hentry","category-homepage-french","category-politique","category-toutes-les-actualites","tag-africa-press","tag-africa-press-cameroun","tag-cameroun"],"yoast_head":"<!-- This site is optimized with the Yoast SEO Premium plugin v26.1 (Yoast SEO v27.0) - https:\/\/yoast.com\/product\/yoast-seo-premium-wordpress\/ -->\n<title>Vie de partie: Jean Michel Nintcheu d\u00e9voile ses plans pour le Sdf - Cameroun<\/title>\n<meta name=\"description\" content=\"Le pr\u00e9sident r\u00e9gional du Sdf pour le littoral ne cache pas ses ambitions du succ\u00e9der \u00e0 Fru Ndi \u00e0 la t\u00eate de cette format ...\" \/>\n<meta name=\"robots\" content=\"index, follow, max-snippet:-1, max-image-preview:large, max-video-preview:-1\" \/>\n<link rel=\"canonical\" href=\"https:\/\/www.africa-press.net\/cameroun\/politique\/vie-de-partie-jean-michel-nintcheu-devoile-ses-plans-pour-le-sdf\" \/>\n<meta property=\"og:locale\" content=\"fr_FR\" \/>\n<meta property=\"og:type\" content=\"article\" \/>\n<meta property=\"og:title\" content=\"Vie de partie: Jean Michel Nintcheu d\u00e9voile ses plans pour le Sdf\" \/>\n<meta property=\"og:description\" content=\"Le pr\u00e9sident r\u00e9gional du Sdf pour le littoral ne cache pas ses ambitions du succ\u00e9der \u00e0 Fru Ndi \u00e0 la t\u00eate de cette format ...\" \/>\n<meta property=\"og:url\" content=\"https:\/\/www.africa-press.net\/cameroun\/politique\/vie-de-partie-jean-michel-nintcheu-devoile-ses-plans-pour-le-sdf\" \/>\n<meta property=\"og:site_name\" content=\"Cameroun\" \/>\n<meta property=\"article:published_time\" content=\"2021-03-17T21:26:14+00:00\" \/>\n<meta property=\"article:modified_time\" content=\"2021-03-18T00:52:10+00:00\" \/>\n<meta property=\"og:image\" content=\"https:\/\/static.africa-press.net\/cameroun\/sites\/57\/2021\/03\/img-60529c3e029cd.jpg\" \/>\n\t<meta property=\"og:image:width\" content=\"720\" \/>\n\t<meta property=\"og:image:height\" content=\"457\" \/>\n\t<meta property=\"og:image:type\" content=\"image\/jpeg\" \/>\n<meta name=\"author\" content=\"cfeditorfr\" \/>\n<meta name=\"twitter:card\" content=\"summary_large_image\" \/>\n<meta name=\"twitter:label1\" content=\"\u00c9crit par\" \/>\n\t<meta name=\"twitter:data1\" content=\"cfeditorfr\" \/>\n\t<meta name=\"twitter:label2\" content=\"Dur\u00e9e de lecture estim\u00e9e\" \/>\n\t<meta name=\"twitter:data2\" content=\"2 minutes\" \/>\n<script type=\"application\/ld+json\" class=\"yoast-schema-graph\">{\"@context\":\"https:\/\/schema.org\",\"@graph\":[{\"@type\":\"Article\",\"@id\":\"https:\/\/www.africa-press.net\/cameroun\/politique\/vie-de-partie-jean-michel-nintcheu-devoile-ses-plans-pour-le-sdf#article\",\"isPartOf\":{\"@id\":\"https:\/\/www.africa-press.net\/cameroun\/politique\/vie-de-partie-jean-michel-nintcheu-devoile-ses-plans-pour-le-sdf\"},\"author\":{\"name\":\"cfeditorfr\",\"@id\":\"https:\/\/www.africa-press.net\/cameroun\/#\/schema\/person\/2b1cf3cd81a31e3cd26889ca66d677f1\"},\"headline\":\"Vie de partie: Jean Michel Nintcheu d\u00e9voile ses plans pour le Sdf\",\"datePublished\":\"2021-03-17T21:26:14+00:00\",\"dateModified\":\"2021-03-18T00:52:10+00:00\",\"mainEntityOfPage\":{\"@id\":\"https:\/\/www.africa-press.net\/cameroun\/politique\/vie-de-partie-jean-michel-nintcheu-devoile-ses-plans-pour-le-sdf\"},\"wordCount\":365,\"commentCount\":0,\"image\":{\"@id\":\"https:\/\/www.africa-press.net\/cameroun\/politique\/vie-de-partie-jean-michel-nintcheu-devoile-ses-plans-pour-le-sdf#primaryimage\"},\"thumbnailUrl\":\"https:\/\/static.africa-press.net\/cameroun\/sites\/57\/2021\/03\/img-60529c3e029cd.jpg\",\"keywords\":[\"Africa Press\",\"Africa Press-Cameroun\",\"Cameroun\"],\"articleSection\":[\"homepage-french\",\"Politique\",\"Toutes les actualit\u00e9s\"],\"inLanguage\":\"fr-FR\",\"potentialAction\":[{\"@type\":\"CommentAction\",\"name\":\"Comment\",\"target\":[\"https:\/\/www.africa-press.net\/cameroun\/politique\/vie-de-partie-jean-michel-nintcheu-devoile-ses-plans-pour-le-sdf#respond\"]}]},{\"@type\":\"WebPage\",\"@id\":\"https:\/\/www.africa-press.net\/cameroun\/politique\/vie-de-partie-jean-michel-nintcheu-devoile-ses-plans-pour-le-sdf\",\"url\":\"https:\/\/www.africa-press.net\/cameroun\/politique\/vie-de-partie-jean-michel-nintcheu-devoile-ses-plans-pour-le-sdf\",\"name\":\"Vie de partie: Jean Michel Nintcheu d\u00e9voile ses plans pour le Sdf - Cameroun\",\"isPartOf\":{\"@id\":\"https:\/\/www.africa-press.net\/cameroun\/#website\"},\"primaryImageOfPage\":{\"@id\":\"https:\/\/www.africa-press.net\/cameroun\/politique\/vie-de-partie-jean-michel-nintcheu-devoile-ses-plans-pour-le-sdf#primaryimage\"},\"image\":{\"@id\":\"https:\/\/www.africa-press.net\/cameroun\/politique\/vie-de-partie-jean-michel-nintcheu-devoile-ses-plans-pour-le-sdf#primaryimage\"},\"thumbnailUrl\":\"https:\/\/static.africa-press.net\/cameroun\/sites\/57\/2021\/03\/img-60529c3e029cd.jpg\",\"datePublished\":\"2021-03-17T21:26:14+00:00\",\"dateModified\":\"2021-03-18T00:52:10+00:00\",\"author\":{\"@id\":\"https:\/\/www.africa-press.net\/cameroun\/#\/schema\/person\/2b1cf3cd81a31e3cd26889ca66d677f1\"},\"description\":\"Le pr\u00e9sident r\u00e9gional du Sdf pour le littoral ne cache pas ses ambitions du succ\u00e9der \u00e0 Fru Ndi \u00e0 la t\u00eate de cette format ...\",\"breadcrumb\":{\"@id\":\"https:\/\/www.africa-press.net\/cameroun\/politique\/vie-de-partie-jean-michel-nintcheu-devoile-ses-plans-pour-le-sdf#breadcrumb\"},\"inLanguage\":\"fr-FR\",\"potentialAction\":[{\"@type\":\"ReadAction\",\"target\":[\"https:\/\/www.africa-press.net\/cameroun\/politique\/vie-de-partie-jean-michel-nintcheu-devoile-ses-plans-pour-le-sdf\"]}]},{\"@type\":\"ImageObject\",\"inLanguage\":\"fr-FR\",\"@id\":\"https:\/\/www.africa-press.net\/cameroun\/politique\/vie-de-partie-jean-michel-nintcheu-devoile-ses-plans-pour-le-sdf#primaryimage\",\"url\":\"https:\/\/static.africa-press.net\/cameroun\/sites\/57\/2021\/03\/img-60529c3e029cd.jpg\",\"contentUrl\":\"https:\/\/static.africa-press.net\/cameroun\/sites\/57\/2021\/03\/img-60529c3e029cd.jpg\",\"width\":720,\"height\":457,\"caption\":\"Vie de partie: Jean Michel Nintcheu d\u00e9voile ses plans pour le Sdf\"},{\"@type\":\"BreadcrumbList\",\"@id\":\"https:\/\/www.africa-press.net\/cameroun\/politique\/vie-de-partie-jean-michel-nintcheu-devoile-ses-plans-pour-le-sdf#breadcrumb\",\"itemListElement\":[{\"@type\":\"ListItem\",\"position\":1,\"name\":\"Accueil\",\"item\":\"https:\/\/www.africa-press.net\/cameroun\/\"},{\"@type\":\"ListItem\",\"position\":2,\"name\":\"Vie de partie: Jean Michel Nintcheu d\u00e9voile ses plans pour le Sdf\"}]},{\"@type\":\"WebSite\",\"@id\":\"https:\/\/www.africa-press.net\/cameroun\/#website\",\"url\":\"https:\/\/www.africa-press.net\/cameroun\/\",\"name\":\"Cameroun\",\"description\":\"Just another Africa News Agency Sites site\",\"potentialAction\":[{\"@type\":\"SearchAction\",\"target\":{\"@type\":\"EntryPoint\",\"urlTemplate\":\"https:\/\/www.africa-press.net\/cameroun\/?s={search_term_string}\"},\"query-input\":{\"@type\":\"PropertyValueSpecification\",\"valueRequired\":true,\"valueName\":\"search_term_string\"}}],\"inLanguage\":\"fr-FR\"},{\"@type\":\"Person\",\"@id\":\"https:\/\/www.africa-press.net\/cameroun\/#\/schema\/person\/2b1cf3cd81a31e3cd26889ca66d677f1\",\"name\":\"cfeditorfr\"}]}<\/script>\n<!-- \/ Yoast SEO Premium plugin. -->","yoast_head_json":{"title":"Vie de partie: Jean Michel Nintcheu d\u00e9voile ses plans pour le Sdf - Cameroun","description":"Le pr\u00e9sident r\u00e9gional du Sdf pour le littoral ne cache pas ses ambitions du succ\u00e9der \u00e0 Fru Ndi \u00e0 la t\u00eate de cette format ...","robots":{"index":"index","follow":"follow","max-snippet":"max-snippet:-1","max-image-preview":"max-image-preview:large","max-video-preview":"max-video-preview:-1"},"canonical":"https:\/\/www.africa-press.net\/cameroun\/politique\/vie-de-partie-jean-michel-nintcheu-devoile-ses-plans-pour-le-sdf","og_locale":"fr_FR","og_type":"article","og_title":"Vie de partie: Jean Michel Nintcheu d\u00e9voile ses plans pour le Sdf","og_description":"Le pr\u00e9sident r\u00e9gional du Sdf pour le littoral ne cache pas ses ambitions du succ\u00e9der \u00e0 Fru Ndi \u00e0 la t\u00eate de cette format ...","og_url":"https:\/\/www.africa-press.net\/cameroun\/politique\/vie-de-partie-jean-michel-nintcheu-devoile-ses-plans-pour-le-sdf","og_site_name":"Cameroun","article_published_time":"2021-03-17T21:26:14+00:00","article_modified_time":"2021-03-18T00:52:10+00:00","og_image":[{"width":720,"height":457,"url":"https:\/\/static.africa-press.net\/cameroun\/sites\/57\/2021\/03\/img-60529c3e029cd.jpg","type":"image\/jpeg"}],"author":"cfeditorfr","twitter_card":"summary_large_image","twitter_misc":{"\u00c9crit par":"cfeditorfr","Dur\u00e9e de lecture estim\u00e9e":"2 minutes"},"schema":{"@context":"https:\/\/schema.org","@graph":[{"@type":"Article","@id":"https:\/\/www.africa-press.net\/cameroun\/politique\/vie-de-partie-jean-michel-nintcheu-devoile-ses-plans-pour-le-sdf#article","isPartOf":{"@id":"https:\/\/www.africa-press.net\/cameroun\/politique\/vie-de-partie-jean-michel-nintcheu-devoile-ses-plans-pour-le-sdf"},"author":{"name":"cfeditorfr","@id":"https:\/\/www.africa-press.net\/cameroun\/#\/schema\/person\/2b1cf3cd81a31e3cd26889ca66d677f1"},"headline":"Vie de partie: Jean Michel Nintcheu d\u00e9voile ses plans pour le Sdf","datePublished":"2021-03-17T21:26:14+00:00","dateModified":"2021-03-18T00:52:10+00:00","mainEntityOfPage":{"@id":"https:\/\/www.africa-press.net\/cameroun\/politique\/vie-de-partie-jean-michel-nintcheu-devoile-ses-plans-pour-le-sdf"},"wordCount":365,"commentCount":0,"image":{"@id":"https:\/\/www.africa-press.net\/cameroun\/politique\/vie-de-partie-jean-michel-nintcheu-devoile-ses-plans-pour-le-sdf#primaryimage"},"thumbnailUrl":"https:\/\/static.africa-press.net\/cameroun\/sites\/57\/2021\/03\/img-60529c3e029cd.jpg","keywords":["Africa Press","Africa Press-Cameroun","Cameroun"],"articleSection":["homepage-french","Politique","Toutes les actualit\u00e9s"],"inLanguage":"fr-FR","potentialAction":[{"@type":"CommentAction","name":"Comment","target":["https:\/\/www.africa-press.net\/cameroun\/politique\/vie-de-partie-jean-michel-nintcheu-devoile-ses-plans-pour-le-sdf#respond"]}]},{"@type":"WebPage","@id":"https:\/\/www.africa-press.net\/cameroun\/politique\/vie-de-partie-jean-michel-nintcheu-devoile-ses-plans-pour-le-sdf","url":"https:\/\/www.africa-press.net\/cameroun\/politique\/vie-de-partie-jean-michel-nintcheu-devoile-ses-plans-pour-le-sdf","name":"Vie de partie: Jean Michel Nintcheu d\u00e9voile ses plans pour le Sdf - Cameroun","isPartOf":{"@id":"https:\/\/www.africa-press.net\/cameroun\/#website"},"primaryImageOfPage":{"@id":"https:\/\/www.africa-press.net\/cameroun\/politique\/vie-de-partie-jean-michel-nintcheu-devoile-ses-plans-pour-le-sdf#primaryimage"},"image":{"@id":"https:\/\/www.africa-press.net\/cameroun\/politique\/vie-de-partie-jean-michel-nintcheu-devoile-ses-plans-pour-le-sdf#primaryimage"},"thumbnailUrl":"https:\/\/static.africa-press.net\/cameroun\/sites\/57\/2021\/03\/img-60529c3e029cd.jpg","datePublished":"2021-03-17T21:26:14+00:00","dateModified":"2021-03-18T00:52:10+00:00","author":{"@id":"https:\/\/www.africa-press.net\/cameroun\/#\/schema\/person\/2b1cf3cd81a31e3cd26889ca66d677f1"},"description":"Le pr\u00e9sident r\u00e9gional du Sdf pour le littoral ne cache pas ses ambitions du succ\u00e9der \u00e0 Fru Ndi \u00e0 la t\u00eate de cette format ...","breadcrumb":{"@id":"https:\/\/www.africa-press.net\/cameroun\/politique\/vie-de-partie-jean-michel-nintcheu-devoile-ses-plans-pour-le-sdf#breadcrumb"},"inLanguage":"fr-FR","potentialAction":[{"@type":"ReadAction","target":["https:\/\/www.africa-press.net\/cameroun\/politique\/vie-de-partie-jean-michel-nintcheu-devoile-ses-plans-pour-le-sdf"]}]},{"@type":"ImageObject","inLanguage":"fr-FR","@id":"https:\/\/www.africa-press.net\/cameroun\/politique\/vie-de-partie-jean-michel-nintcheu-devoile-ses-plans-pour-le-sdf#primaryimage","url":"https:\/\/static.africa-press.net\/cameroun\/sites\/57\/2021\/03\/img-60529c3e029cd.jpg","contentUrl":"https:\/\/static.africa-press.net\/cameroun\/sites\/57\/2021\/03\/img-60529c3e029cd.jpg","width":720,"height":457,"caption":"Vie de partie: Jean Michel Nintcheu d\u00e9voile ses plans pour le Sdf"},{"@type":"BreadcrumbList","@id":"https:\/\/www.africa-press.net\/cameroun\/politique\/vie-de-partie-jean-michel-nintcheu-devoile-ses-plans-pour-le-sdf#breadcrumb","itemListElement":[{"@type":"ListItem","position":1,"name":"Accueil","item":"https:\/\/www.africa-press.net\/cameroun\/"},{"@type":"ListItem","position":2,"name":"Vie de partie: Jean Michel Nintcheu d\u00e9voile ses plans pour le Sdf"}]},{"@type":"WebSite","@id":"https:\/\/www.africa-press.net\/cameroun\/#website","url":"https:\/\/www.africa-press.net\/cameroun\/","name":"Cameroun","description":"Just another Africa News Agency Sites site","potentialAction":[{"@type":"SearchAction","target":{"@type":"EntryPoint","urlTemplate":"https:\/\/www.africa-press.net\/cameroun\/?s={search_term_string}"},"query-input":{"@type":"PropertyValueSpecification","valueRequired":true,"valueName":"search_term_string"}}],"inLanguage":"fr-FR"},{"@type":"Person","@id":"https:\/\/www.africa-press.net\/cameroun\/#\/schema\/person\/2b1cf3cd81a31e3cd26889ca66d677f1","name":"cfeditorfr"}]}},"_links":{"self":[{"href":"https:\/\/www.africa-press.net\/cameroun\/wp-json\/wp\/v2\/posts\/1188","targetHints":{"allow":["GET"]}}],"collection":[{"href":"https:\/\/www.africa-press.net\/cameroun\/wp-json\/wp\/v2\/posts"}],"about":[{"href":"https:\/\/www.africa-press.net\/cameroun\/wp-json\/wp\/v2\/types\/post"}],"author":[{"embeddable":true,"href":"https:\/\/www.africa-press.net\/cameroun\/wp-json\/wp\/v2\/users\/82"}],"replies":[{"embeddable":true,"href":"https:\/\/www.africa-press.net\/cameroun\/wp-json\/wp\/v2\/comments?post=1188"}],"version-history":[{"count":0,"href":"https:\/\/www.africa-press.net\/cameroun\/wp-json\/wp\/v2\/posts\/1188\/revisions"}],"wp:featuredmedia":[{"embeddable":true,"href":"https:\/\/www.africa-press.net\/cameroun\/wp-json\/wp\/v2\/media\/1187"}],"wp:attachment":[{"href":"https:\/\/www.africa-press.net\/cameroun\/wp-json\/wp\/v2\/media?parent=1188"}],"wp:term":[{"taxonomy":"category","embeddable":true,"href":"https:\/\/www.africa-press.net\/cameroun\/wp-json\/wp\/v2\/categories?post=1188"},{"taxonomy":"post_tag","embeddable":true,"href":"https:\/\/www.africa-press.net\/cameroun\/wp-json\/wp\/v2\/tags?post=1188"}],"curies":[{"name":"wp","href":"https:\/\/api.w.org\/{rel}","templated":true}]}}