{"id":1191,"date":"2021-03-17T21:32:45","date_gmt":"2021-03-17T21:32:45","guid":{"rendered":"https:\/\/www.africa-press.net\/cameroun\/politique\/zachee-amatagan-le-super-maire-qui-polarise-lattention-des-camerounais"},"modified":"2021-03-18T00:52:19","modified_gmt":"2021-03-18T00:52:19","slug":"zachee-amatagan-le-super-maire-qui-polarise-lattention-des-camerounais","status":"publish","type":"post","link":"https:\/\/www.africa-press.net\/cameroun\/politique\/zachee-amatagan-le-super-maire-qui-polarise-lattention-des-camerounais","title":{"rendered":"Zach\u00e9e Amatagan, le super maire qui polarise l&rsquo;attention des camerounais"},"content":{"rendered":"<p><span style=\"color: #ff6600\"><strong><a href=\"https:\/\/www.africa-press.net\/\">Africa-Press<\/a> &#8211; <a href=\"https:\/\/www.africa-press.net\/cameroun\">Cameroun<\/a>. <\/strong><\/span>En quelques mois seulement pass\u00e9 \u00e0 la t\u00eate de l&rsquo;ex\u00e9cutif municipal de Bokito, le dynamique maire dont les d\u00e9tracteurs ne vendent pas ch\u00e8re la peau, fait d\u00e9lier toutes les langues. Et pour cause, tellement ses r\u00e9alisations concr\u00e8tes et palpables \u00e0 son actif cr\u00e8vent l&rsquo;\u0153il! De bons augures pour les populations.<\/p>\n<p>Alliant la parole aux actes, le premier magistrat de la ville de Bokito est comme on dit commun\u00e9ment, un homme qui fait ce qu&rsquo;il dit, et dit ce qu&rsquo;il fait. La preuve, toutes les promesses annonc\u00e9es pendant la campagne sont progressivement en train d&rsquo;\u00eatre tenues. En effet, depuis son \u00e9lection comme maire de la commune de Bokito, ZACHEE AMATAGANA, n&rsquo;a pas dormi sous ses lauriers. Au contraire, son bilan \u00e0 mi-parcours est largement satisfaisant et au-dessus de la moyenne. Des projets de d\u00e9veloppement qui concourent au bien-\u00eatre des populations, on n&rsquo;en compte plus. Car tellement ils sont nombreux. Qu&rsquo;ils s&rsquo;agissent de l&rsquo;hygi\u00e8ne et de la salubrit\u00e9, du reprofilage des routes ou encore de l&#8217;embellissement des all\u00e9es et des quartiers, il n&rsquo;existe aucun endroit o\u00f9 les carillons du d\u00e9veloppement ne sonnent dans cet arrondissement..<\/p>\n<p>Ceci gr\u00e2ce \u00e0 la dynamique qu&rsquo;impulse le nouvel ex\u00e9cutif que conduit le tr\u00e8s pond\u00e9r\u00e9 et b\u00e2tisseur maire ZACHEE AMATAGANA qui, \u00e0 peine install\u00e9 s&rsquo;est aussit\u00f4t lanc\u00e9 dans un vaste programme de d\u00e9veloppement participatif dans lequel les infrastructures routi\u00e8res occupent une place pr\u00e9pond\u00e9rante. \u00c0 son actif on peut citer entre autres:La croisade contre les bourbiers sur les routes de Bokito,le reprofilage du tron\u00e7on Bokito-yangben-Omende..la construction de deux salles de classe avec toilettes \u00e0 l&rsquo;Ep de Bounkolo, la r\u00e9trocession d&rsquo;un b\u00e2timent de deux salles de classe \u00e0 l&rsquo;Ep de Guianka \u00e0 Guefigue,la r\u00e9trocession de deux salles de classe avec toilettes \u00e0 l&rsquo;Ep de Botombo,la construction de cinq hangars au march\u00e9 de Bokito sans compter le paquet minimum octroy\u00e9 aux responsables d&rsquo;\u00e9cole, la remise du mat\u00e9riel m\u00e9dical au centre int\u00e9gr\u00e9 d&rsquo;Ossimb dans le canton Lemand\u00e9,la distribution des kits constitu\u00e9s des savons, termosflash, caches nez, et gels hydro alcoolique.<\/p>\n<p>Pendant les f\u00eates de fin d&rsquo;ann\u00e9es et dans le souci d&rsquo;aider ses populations \u00e0 rester chez eux, le maire \u00e0 ouvert une foire cultuelle baptis\u00e9e \u00ab\u00a0Bokito en f\u00eate\u00a0\u00bb pour permettre aux populations de passer les f\u00eates de fin d&rsquo;ann\u00e9es en toute aise. C\u2019est que, en quelques mois seulement, tellement de r\u00e9alisations concourant au bien-\u00eatre des populations ont d\u00e9j\u00e0 \u00e9t\u00e9 faites par le nouvel ex\u00e9cutif dirig\u00e9 par ZACHEE le b\u00e2tisseur. D&rsquo;autres \u00e0 cours, moyens et long terme \u00e9tant annonc\u00e9s. C\u2019est donc dire qu&rsquo;avec ZACHEE AMATAGANA, les plus belles pages de l&rsquo;histoire de la commune sont en train de s&rsquo;\u00e9crire en lettre d&rsquo;or.<\/p>\n<p><strong>Mais qui est donc ce maire qui polarise l&rsquo;attention de tous?<\/strong><\/p>\n<p>N\u00e9 le 25 f\u00e9vrier 1960 \u00e0 Yaound\u00e9,ZACHEE AMATAGANA est originaire de Balamba dans le canton Elip. Ses \u00e9tudes primaires et secondaires se d\u00e9roulent d&rsquo;un trait. Il tutoie le bac en 1978 au lyc\u00e9e de Bertoua,empoche une licence en droit priv\u00e9 en 1984 \u00e0 l&rsquo;Universit\u00e9 de Yaound\u00e9, liquide un DESS en management public en 2009 a l&rsquo;Institut Sup\u00e9rieur de Management Public avant de s&rsquo;inscrire en 2015 au doctorat professionnel \u00e0 l&rsquo;Universit\u00e9 de Yaound\u00e9 2 Soa.<\/p>\n<p><strong>Carri\u00e8re administrative<\/strong><\/p>\n<p>Sa carri\u00e8re administrative est tout aussi m\u00e9t\u00e9orique: Chef de service adjoint par int\u00e9rim au SPEPM(1985),Chef de bureau des concours Minfopra -Sud-Ouest(1986),chef de service provincial des recrutements et de la formation (1995),d\u00e9l\u00e9gu\u00e9 r\u00e9gional Minfopra\/Ouest(1995),chef de cellule de la prospective au Minfopra(2011),chef de division des \u00e9tudes, de la prospective et du contr\u00f4le des effectifs par int\u00e9rim au Minfopra(2012),Directeur des Affaires G\u00e9n\u00e9rales au Minfopra(2013),professeur associ\u00e9 \u00e0 l&rsquo;Institut des Relations Internationales du Cameroun-IRIC,et en m\u00eame temps consultant au Centre Africain de Formation et de Recherche Administrative pour le D\u00e9veloppement (CAFFRAD) \u00e0 Tanger au Maroc (1996),ZACHEE AMATAGANA a fait plusieurs stages et s\u00e9minaires, notamment au programme Int\u00e9gr\u00e9 de Management public(PRIMA) en r\u00e9daction administrative, en gestion des projets \u00e0 L&rsquo;ISMP, en gestion des projets et performances au Centre Africain de Formation et de Recherche Administrative pour le D\u00e9veloppement (CAFRAD).Entre autres..<\/p>\n<p><strong>Plan politique<\/strong><\/p>\n<p>Sur le plan politique ZACHEE AMATAGANA est un militant convaincu du Rdpc depuis la premi\u00e8re heure. Il a \u00e9t\u00e9 tour \u00e0 tour: Pr\u00e9sident du comit\u00e9 de base Ojrdpc-Boungoyoko 1(1988-1991),secr\u00e9taire g\u00e9n\u00e9ral sous-section Rdpc Elip1(1998-2011),candidat \u00e0 la mairie de Bokito et en m\u00eame temps membre de la commission communale de campagne du Rdpc pour le Mbam et Inoubou2 (2007), membre de la commission d\u00e9partementale d&rsquo;intensification des inscriptions dur les listes \u00e9lectorales du Mbam et Inoubou (2010-2011),vice-pr\u00e9sident de la commission communale d&rsquo;intensification des inscriptions sur les listes \u00e9lectorales de Balamba 2(2010-2011),coordonnateur du comit\u00e9 de proximit\u00e9 d&rsquo;intensification des inscriptions sur les listes \u00e9lectorales de Boungoyoko(2015),membre de la commission d\u00e9partementale de renouvellement des organes de base du Rdpc dans le Mbam et Inoubou,pr\u00e9sident des commissions cantonales Yamgben et Elip pour le renouvellement des organes de base du Rdpc dans le Mbam et Inoubou (2018),vice-pr\u00e9sident de la commission communale de campagne \u00e0 Bokito pour la campagne presidentielle au profit du candidat du Rdpc, pr\u00e9sident de la commission cantonale du canton Elip pour la campagne pr\u00e9sidentielle au profit du candidat du Rdpc.Ouf! Excusez du peu.<\/p>\n<p>ZACHEE AMATAGANA est chevalier de l&rsquo;ordre de la valeur, Mari\u00e9 et p\u00e8re de plusieurs enfants.C&rsquo;est donc cet homme p\u00e9tri d&rsquo;exp\u00e9rience qui devra pendant les quatre autres ann\u00e9es restantes, sortir d\u00e9finitivement Bokito et ses environs du sous-d\u00e9veloppement auquel il est confin\u00e9 depuis des lustres. Il a d\u00e9j\u00e0 montr\u00e9 sa volont\u00e9 \u00e0 soulever les montagnes. Nous devons tous oeuvrer dans le sens de l&rsquo;accompagner dans l&rsquo;accomplissement de cette mission salvatrice de d\u00e9veloppement de notre bien aim\u00e9 arrondissement.<\/p>\n","protected":false},"excerpt":{"rendered":"<p>Africa-Press &#8211; Cameroun. En quelques mois seulement pass\u00e9 \u00e0 la t\u00eate de l&rsquo;ex\u00e9cutif municipal de Bokito, le dynamique maire dont les d\u00e9tracteurs ne vendent pas ch\u00e8re la peau, fait d\u00e9lier toutes les langues. Et pour cause, tellement ses r\u00e9alisations concr\u00e8tes et palpables \u00e0 son actif cr\u00e8vent l&rsquo;\u0153il! De bons augures pour les populations. Alliant la [&hellip;]<\/p>\n","protected":false},"author":82,"featured_media":1190,"comment_status":"open","ping_status":"closed","sticky":false,"template":"","format":"standard","meta":{"footnotes":""},"categories":[11,2,10],"tags":[36,50,49],"class_list":["post-1191","post","type-post","status-publish","format-standard","has-post-thumbnail","hentry","category-homepage-french","category-politique","category-toutes-les-actualites","tag-africa-press","tag-africa-press-cameroun","tag-cameroun"],"yoast_head":"<!-- This site is optimized with the Yoast SEO Premium plugin v26.1 (Yoast SEO v27.0) - https:\/\/yoast.com\/product\/yoast-seo-premium-wordpress\/ -->\n<title>Zach\u00e9e Amatagan, le super maire qui polarise l&#039;attention des camerounais - Cameroun<\/title>\n<meta name=\"description\" content=\"En quelques mois seulement pass\u00e9 \u00e0 la t\u00eate de l&#039;ex\u00e9cutif municipal de Bokito, le dynamique maire dont les d\u00e9tracteurs ne ...\" \/>\n<meta name=\"robots\" content=\"index, follow, max-snippet:-1, max-image-preview:large, max-video-preview:-1\" \/>\n<link rel=\"canonical\" href=\"https:\/\/www.africa-press.net\/cameroun\/politique\/zachee-amatagan-le-super-maire-qui-polarise-lattention-des-camerounais\" \/>\n<meta property=\"og:locale\" content=\"fr_FR\" \/>\n<meta property=\"og:type\" content=\"article\" \/>\n<meta property=\"og:title\" content=\"Zach\u00e9e Amatagan, le super maire qui polarise l&#039;attention des camerounais\" \/>\n<meta property=\"og:description\" content=\"En quelques mois seulement pass\u00e9 \u00e0 la t\u00eate de l&#039;ex\u00e9cutif municipal de Bokito, le dynamique maire dont les d\u00e9tracteurs ne ...\" \/>\n<meta property=\"og:url\" content=\"https:\/\/www.africa-press.net\/cameroun\/politique\/zachee-amatagan-le-super-maire-qui-polarise-lattention-des-camerounais\" \/>\n<meta property=\"og:site_name\" content=\"Cameroun\" \/>\n<meta property=\"article:published_time\" content=\"2021-03-17T21:32:45+00:00\" \/>\n<meta property=\"article:modified_time\" content=\"2021-03-18T00:52:19+00:00\" \/>\n<meta property=\"og:image\" content=\"https:\/\/static.africa-press.net\/cameroun\/sites\/57\/2021\/03\/img-60529c5d299a2.jpg\" \/>\n\t<meta property=\"og:image:width\" content=\"720\" \/>\n\t<meta property=\"og:image:height\" content=\"379\" \/>\n\t<meta property=\"og:image:type\" content=\"image\/jpeg\" \/>\n<meta name=\"author\" content=\"cfeditorfr\" \/>\n<meta name=\"twitter:card\" content=\"summary_large_image\" \/>\n<meta name=\"twitter:label1\" content=\"\u00c9crit par\" \/>\n\t<meta name=\"twitter:data1\" content=\"cfeditorfr\" \/>\n\t<meta name=\"twitter:label2\" content=\"Dur\u00e9e de lecture estim\u00e9e\" \/>\n\t<meta name=\"twitter:data2\" content=\"4 minutes\" \/>\n<script type=\"application\/ld+json\" class=\"yoast-schema-graph\">{\"@context\":\"https:\/\/schema.org\",\"@graph\":[{\"@type\":\"Article\",\"@id\":\"https:\/\/www.africa-press.net\/cameroun\/politique\/zachee-amatagan-le-super-maire-qui-polarise-lattention-des-camerounais#article\",\"isPartOf\":{\"@id\":\"https:\/\/www.africa-press.net\/cameroun\/politique\/zachee-amatagan-le-super-maire-qui-polarise-lattention-des-camerounais\"},\"author\":{\"name\":\"cfeditorfr\",\"@id\":\"https:\/\/www.africa-press.net\/cameroun\/#\/schema\/person\/2b1cf3cd81a31e3cd26889ca66d677f1\"},\"headline\":\"Zach\u00e9e Amatagan, le super maire qui polarise l&rsquo;attention des camerounais\",\"datePublished\":\"2021-03-17T21:32:45+00:00\",\"dateModified\":\"2021-03-18T00:52:19+00:00\",\"mainEntityOfPage\":{\"@id\":\"https:\/\/www.africa-press.net\/cameroun\/politique\/zachee-amatagan-le-super-maire-qui-polarise-lattention-des-camerounais\"},\"wordCount\":1050,\"commentCount\":0,\"image\":{\"@id\":\"https:\/\/www.africa-press.net\/cameroun\/politique\/zachee-amatagan-le-super-maire-qui-polarise-lattention-des-camerounais#primaryimage\"},\"thumbnailUrl\":\"https:\/\/static.africa-press.net\/cameroun\/sites\/57\/2021\/03\/img-60529c5d299a2.jpg\",\"keywords\":[\"Africa Press\",\"Africa Press-Cameroun\",\"Cameroun\"],\"articleSection\":[\"homepage-french\",\"Politique\",\"Toutes les actualit\u00e9s\"],\"inLanguage\":\"fr-FR\",\"potentialAction\":[{\"@type\":\"CommentAction\",\"name\":\"Comment\",\"target\":[\"https:\/\/www.africa-press.net\/cameroun\/politique\/zachee-amatagan-le-super-maire-qui-polarise-lattention-des-camerounais#respond\"]}]},{\"@type\":\"WebPage\",\"@id\":\"https:\/\/www.africa-press.net\/cameroun\/politique\/zachee-amatagan-le-super-maire-qui-polarise-lattention-des-camerounais\",\"url\":\"https:\/\/www.africa-press.net\/cameroun\/politique\/zachee-amatagan-le-super-maire-qui-polarise-lattention-des-camerounais\",\"name\":\"Zach\u00e9e Amatagan, le super maire qui polarise l'attention des camerounais - Cameroun\",\"isPartOf\":{\"@id\":\"https:\/\/www.africa-press.net\/cameroun\/#website\"},\"primaryImageOfPage\":{\"@id\":\"https:\/\/www.africa-press.net\/cameroun\/politique\/zachee-amatagan-le-super-maire-qui-polarise-lattention-des-camerounais#primaryimage\"},\"image\":{\"@id\":\"https:\/\/www.africa-press.net\/cameroun\/politique\/zachee-amatagan-le-super-maire-qui-polarise-lattention-des-camerounais#primaryimage\"},\"thumbnailUrl\":\"https:\/\/static.africa-press.net\/cameroun\/sites\/57\/2021\/03\/img-60529c5d299a2.jpg\",\"datePublished\":\"2021-03-17T21:32:45+00:00\",\"dateModified\":\"2021-03-18T00:52:19+00:00\",\"author\":{\"@id\":\"https:\/\/www.africa-press.net\/cameroun\/#\/schema\/person\/2b1cf3cd81a31e3cd26889ca66d677f1\"},\"description\":\"En quelques mois seulement pass\u00e9 \u00e0 la t\u00eate de l'ex\u00e9cutif municipal de Bokito, le dynamique maire dont les d\u00e9tracteurs ne ...\",\"breadcrumb\":{\"@id\":\"https:\/\/www.africa-press.net\/cameroun\/politique\/zachee-amatagan-le-super-maire-qui-polarise-lattention-des-camerounais#breadcrumb\"},\"inLanguage\":\"fr-FR\",\"potentialAction\":[{\"@type\":\"ReadAction\",\"target\":[\"https:\/\/www.africa-press.net\/cameroun\/politique\/zachee-amatagan-le-super-maire-qui-polarise-lattention-des-camerounais\"]}]},{\"@type\":\"ImageObject\",\"inLanguage\":\"fr-FR\",\"@id\":\"https:\/\/www.africa-press.net\/cameroun\/politique\/zachee-amatagan-le-super-maire-qui-polarise-lattention-des-camerounais#primaryimage\",\"url\":\"https:\/\/static.africa-press.net\/cameroun\/sites\/57\/2021\/03\/img-60529c5d299a2.jpg\",\"contentUrl\":\"https:\/\/static.africa-press.net\/cameroun\/sites\/57\/2021\/03\/img-60529c5d299a2.jpg\",\"width\":720,\"height\":379,\"caption\":\"Zach\u00e9e Amatagan, le super maire qui polarise l'attention des camerounais\"},{\"@type\":\"BreadcrumbList\",\"@id\":\"https:\/\/www.africa-press.net\/cameroun\/politique\/zachee-amatagan-le-super-maire-qui-polarise-lattention-des-camerounais#breadcrumb\",\"itemListElement\":[{\"@type\":\"ListItem\",\"position\":1,\"name\":\"Accueil\",\"item\":\"https:\/\/www.africa-press.net\/cameroun\/\"},{\"@type\":\"ListItem\",\"position\":2,\"name\":\"Zach\u00e9e Amatagan, le super maire qui polarise l&#8217;attention des camerounais\"}]},{\"@type\":\"WebSite\",\"@id\":\"https:\/\/www.africa-press.net\/cameroun\/#website\",\"url\":\"https:\/\/www.africa-press.net\/cameroun\/\",\"name\":\"Cameroun\",\"description\":\"Just another Africa News Agency Sites site\",\"potentialAction\":[{\"@type\":\"SearchAction\",\"target\":{\"@type\":\"EntryPoint\",\"urlTemplate\":\"https:\/\/www.africa-press.net\/cameroun\/?s={search_term_string}\"},\"query-input\":{\"@type\":\"PropertyValueSpecification\",\"valueRequired\":true,\"valueName\":\"search_term_string\"}}],\"inLanguage\":\"fr-FR\"},{\"@type\":\"Person\",\"@id\":\"https:\/\/www.africa-press.net\/cameroun\/#\/schema\/person\/2b1cf3cd81a31e3cd26889ca66d677f1\",\"name\":\"cfeditorfr\"}]}<\/script>\n<!-- \/ Yoast SEO Premium plugin. -->","yoast_head_json":{"title":"Zach\u00e9e Amatagan, le super maire qui polarise l'attention des camerounais - Cameroun","description":"En quelques mois seulement pass\u00e9 \u00e0 la t\u00eate de l'ex\u00e9cutif municipal de Bokito, le dynamique maire dont les d\u00e9tracteurs ne ...","robots":{"index":"index","follow":"follow","max-snippet":"max-snippet:-1","max-image-preview":"max-image-preview:large","max-video-preview":"max-video-preview:-1"},"canonical":"https:\/\/www.africa-press.net\/cameroun\/politique\/zachee-amatagan-le-super-maire-qui-polarise-lattention-des-camerounais","og_locale":"fr_FR","og_type":"article","og_title":"Zach\u00e9e Amatagan, le super maire qui polarise l'attention des camerounais","og_description":"En quelques mois seulement pass\u00e9 \u00e0 la t\u00eate de l'ex\u00e9cutif municipal de Bokito, le dynamique maire dont les d\u00e9tracteurs ne ...","og_url":"https:\/\/www.africa-press.net\/cameroun\/politique\/zachee-amatagan-le-super-maire-qui-polarise-lattention-des-camerounais","og_site_name":"Cameroun","article_published_time":"2021-03-17T21:32:45+00:00","article_modified_time":"2021-03-18T00:52:19+00:00","og_image":[{"width":720,"height":379,"url":"https:\/\/static.africa-press.net\/cameroun\/sites\/57\/2021\/03\/img-60529c5d299a2.jpg","type":"image\/jpeg"}],"author":"cfeditorfr","twitter_card":"summary_large_image","twitter_misc":{"\u00c9crit par":"cfeditorfr","Dur\u00e9e de lecture estim\u00e9e":"4 minutes"},"schema":{"@context":"https:\/\/schema.org","@graph":[{"@type":"Article","@id":"https:\/\/www.africa-press.net\/cameroun\/politique\/zachee-amatagan-le-super-maire-qui-polarise-lattention-des-camerounais#article","isPartOf":{"@id":"https:\/\/www.africa-press.net\/cameroun\/politique\/zachee-amatagan-le-super-maire-qui-polarise-lattention-des-camerounais"},"author":{"name":"cfeditorfr","@id":"https:\/\/www.africa-press.net\/cameroun\/#\/schema\/person\/2b1cf3cd81a31e3cd26889ca66d677f1"},"headline":"Zach\u00e9e Amatagan, le super maire qui polarise l&rsquo;attention des camerounais","datePublished":"2021-03-17T21:32:45+00:00","dateModified":"2021-03-18T00:52:19+00:00","mainEntityOfPage":{"@id":"https:\/\/www.africa-press.net\/cameroun\/politique\/zachee-amatagan-le-super-maire-qui-polarise-lattention-des-camerounais"},"wordCount":1050,"commentCount":0,"image":{"@id":"https:\/\/www.africa-press.net\/cameroun\/politique\/zachee-amatagan-le-super-maire-qui-polarise-lattention-des-camerounais#primaryimage"},"thumbnailUrl":"https:\/\/static.africa-press.net\/cameroun\/sites\/57\/2021\/03\/img-60529c5d299a2.jpg","keywords":["Africa Press","Africa Press-Cameroun","Cameroun"],"articleSection":["homepage-french","Politique","Toutes les actualit\u00e9s"],"inLanguage":"fr-FR","potentialAction":[{"@type":"CommentAction","name":"Comment","target":["https:\/\/www.africa-press.net\/cameroun\/politique\/zachee-amatagan-le-super-maire-qui-polarise-lattention-des-camerounais#respond"]}]},{"@type":"WebPage","@id":"https:\/\/www.africa-press.net\/cameroun\/politique\/zachee-amatagan-le-super-maire-qui-polarise-lattention-des-camerounais","url":"https:\/\/www.africa-press.net\/cameroun\/politique\/zachee-amatagan-le-super-maire-qui-polarise-lattention-des-camerounais","name":"Zach\u00e9e Amatagan, le super maire qui polarise l'attention des camerounais - Cameroun","isPartOf":{"@id":"https:\/\/www.africa-press.net\/cameroun\/#website"},"primaryImageOfPage":{"@id":"https:\/\/www.africa-press.net\/cameroun\/politique\/zachee-amatagan-le-super-maire-qui-polarise-lattention-des-camerounais#primaryimage"},"image":{"@id":"https:\/\/www.africa-press.net\/cameroun\/politique\/zachee-amatagan-le-super-maire-qui-polarise-lattention-des-camerounais#primaryimage"},"thumbnailUrl":"https:\/\/static.africa-press.net\/cameroun\/sites\/57\/2021\/03\/img-60529c5d299a2.jpg","datePublished":"2021-03-17T21:32:45+00:00","dateModified":"2021-03-18T00:52:19+00:00","author":{"@id":"https:\/\/www.africa-press.net\/cameroun\/#\/schema\/person\/2b1cf3cd81a31e3cd26889ca66d677f1"},"description":"En quelques mois seulement pass\u00e9 \u00e0 la t\u00eate de l'ex\u00e9cutif municipal de Bokito, le dynamique maire dont les d\u00e9tracteurs ne ...","breadcrumb":{"@id":"https:\/\/www.africa-press.net\/cameroun\/politique\/zachee-amatagan-le-super-maire-qui-polarise-lattention-des-camerounais#breadcrumb"},"inLanguage":"fr-FR","potentialAction":[{"@type":"ReadAction","target":["https:\/\/www.africa-press.net\/cameroun\/politique\/zachee-amatagan-le-super-maire-qui-polarise-lattention-des-camerounais"]}]},{"@type":"ImageObject","inLanguage":"fr-FR","@id":"https:\/\/www.africa-press.net\/cameroun\/politique\/zachee-amatagan-le-super-maire-qui-polarise-lattention-des-camerounais#primaryimage","url":"https:\/\/static.africa-press.net\/cameroun\/sites\/57\/2021\/03\/img-60529c5d299a2.jpg","contentUrl":"https:\/\/static.africa-press.net\/cameroun\/sites\/57\/2021\/03\/img-60529c5d299a2.jpg","width":720,"height":379,"caption":"Zach\u00e9e Amatagan, le super maire qui polarise l'attention des camerounais"},{"@type":"BreadcrumbList","@id":"https:\/\/www.africa-press.net\/cameroun\/politique\/zachee-amatagan-le-super-maire-qui-polarise-lattention-des-camerounais#breadcrumb","itemListElement":[{"@type":"ListItem","position":1,"name":"Accueil","item":"https:\/\/www.africa-press.net\/cameroun\/"},{"@type":"ListItem","position":2,"name":"Zach\u00e9e Amatagan, le super maire qui polarise l&#8217;attention des camerounais"}]},{"@type":"WebSite","@id":"https:\/\/www.africa-press.net\/cameroun\/#website","url":"https:\/\/www.africa-press.net\/cameroun\/","name":"Cameroun","description":"Just another Africa News Agency Sites site","potentialAction":[{"@type":"SearchAction","target":{"@type":"EntryPoint","urlTemplate":"https:\/\/www.africa-press.net\/cameroun\/?s={search_term_string}"},"query-input":{"@type":"PropertyValueSpecification","valueRequired":true,"valueName":"search_term_string"}}],"inLanguage":"fr-FR"},{"@type":"Person","@id":"https:\/\/www.africa-press.net\/cameroun\/#\/schema\/person\/2b1cf3cd81a31e3cd26889ca66d677f1","name":"cfeditorfr"}]}},"_links":{"self":[{"href":"https:\/\/www.africa-press.net\/cameroun\/wp-json\/wp\/v2\/posts\/1191","targetHints":{"allow":["GET"]}}],"collection":[{"href":"https:\/\/www.africa-press.net\/cameroun\/wp-json\/wp\/v2\/posts"}],"about":[{"href":"https:\/\/www.africa-press.net\/cameroun\/wp-json\/wp\/v2\/types\/post"}],"author":[{"embeddable":true,"href":"https:\/\/www.africa-press.net\/cameroun\/wp-json\/wp\/v2\/users\/82"}],"replies":[{"embeddable":true,"href":"https:\/\/www.africa-press.net\/cameroun\/wp-json\/wp\/v2\/comments?post=1191"}],"version-history":[{"count":0,"href":"https:\/\/www.africa-press.net\/cameroun\/wp-json\/wp\/v2\/posts\/1191\/revisions"}],"wp:featuredmedia":[{"embeddable":true,"href":"https:\/\/www.africa-press.net\/cameroun\/wp-json\/wp\/v2\/media\/1190"}],"wp:attachment":[{"href":"https:\/\/www.africa-press.net\/cameroun\/wp-json\/wp\/v2\/media?parent=1191"}],"wp:term":[{"taxonomy":"category","embeddable":true,"href":"https:\/\/www.africa-press.net\/cameroun\/wp-json\/wp\/v2\/categories?post=1191"},{"taxonomy":"post_tag","embeddable":true,"href":"https:\/\/www.africa-press.net\/cameroun\/wp-json\/wp\/v2\/tags?post=1191"}],"curies":[{"name":"wp","href":"https:\/\/api.w.org\/{rel}","templated":true}]}}