{"id":1194,"date":"2021-03-17T21:34:17","date_gmt":"2021-03-17T21:34:17","guid":{"rendered":"https:\/\/www.africa-press.net\/cameroun\/politique\/19-mars-le-jour-ou-le-destin-de-mebe-ngoo-peut-basculer"},"modified":"2021-03-18T00:19:29","modified_gmt":"2021-03-18T00:19:29","slug":"19-mars-le-jour-ou-le-destin-de-mebe-ngoo-peut-basculer","status":"publish","type":"post","link":"https:\/\/www.africa-press.net\/cameroun\/toutes-les-actualites\/19-mars-le-jour-ou-le-destin-de-mebe-ngoo-peut-basculer","title":{"rendered":"19 mars, le jour o\u00f9 le destin de Mebe Ngo\u2019o peut basculer"},"content":{"rendered":"<p><span style=\"color: #ff6600\"><strong><a href=\"https:\/\/www.africa-press.net\/\">Africa-Press<\/a> &#8211; <a href=\"https:\/\/www.africa-press.net\/cameroun\">Cameroun<\/a>. <\/strong><\/span>Son dernier proc\u00e8s n\u2019 pas pu se tenir \u00e0 cause de l\u2019absence du Conseil d\u2019un coaccus\u00e9.<\/p>\n<p>L\u2019ancien ministre Edgard Alain Mebe Ngo\u2019O doit retourner au TCS le 19 mars prochain. Son dernier proc\u00e8s de Edgard Alain Mebe Ngo\u2019o a lieu ce 15 mars. Tous les accus\u00e9s \u00e9taient pr\u00e9sents en salle d\u2019audience. Apr\u00e8s lecture par le greffier audiencier de l\u2019acte d\u2019accusation, la pr\u00e9sidente du Tribunal criminel sp\u00e9cial (Tcs) a proc\u00e8d\u00e9 \u00e0 la v\u00e9rification d\u2019identit\u00e9s des mises en cause, ainsi que les avocats en charge de la d\u00e9fense de leurs int\u00e9r\u00eats.<\/p>\n<p>Madame Bahounoui Batende n\u2019a pas tard\u00e9 \u00e0 se mettre sur ses grands chevaux, lorsqu\u2019elle constate l\u2019absence du conseil de sieur Victor Emmanuel Menye, Me Mandeng. La pr\u00e9sidente du Tcs \u00e9tait ainsi contrainte de suspendre l\u2019audience. La date du 19 du mois courant est retenue pour assistance de la partie d\u00e9fenderesse par ses conseils et la poursuite de la proc\u00e9dure.<\/p>\n","protected":false},"excerpt":{"rendered":"<p>Africa-Press &#8211; Cameroun. Son dernier proc\u00e8s n\u2019 pas pu se tenir \u00e0 cause de l\u2019absence du Conseil d\u2019un coaccus\u00e9. L\u2019ancien ministre Edgard Alain Mebe Ngo\u2019O doit retourner au TCS le 19 mars prochain. Son dernier proc\u00e8s de Edgard Alain Mebe Ngo\u2019o a lieu ce 15 mars. Tous les accus\u00e9s \u00e9taient pr\u00e9sents en salle d\u2019audience. Apr\u00e8s [&hellip;]<\/p>\n","protected":false},"author":82,"featured_media":1193,"comment_status":"open","ping_status":"closed","sticky":false,"template":"","format":"standard","meta":{"footnotes":""},"categories":[21,11,10],"tags":[36,50,49],"class_list":["post-1194","post","type-post","status-publish","format-standard","has-post-thumbnail","hentry","category-communaute","category-homepage-french","category-toutes-les-actualites","tag-africa-press","tag-africa-press-cameroun","tag-cameroun"],"yoast_head":"<!-- This site is optimized with the Yoast SEO Premium plugin v26.1 (Yoast SEO v27.0) - https:\/\/yoast.com\/product\/yoast-seo-premium-wordpress\/ -->\n<title>19 mars, le jour o\u00f9 le destin de Mebe Ngo\u2019o peut basculer - Cameroun<\/title>\n<meta name=\"description\" content=\"Son dernier proc\u00e8s n\u2019 pas pu se tenir \u00e0 cause de l\u2019absence du Conseil d\u2019un coaccus\u00e9. L\u2019ancien ministre Edgard Alain Meb ...\" \/>\n<meta name=\"robots\" content=\"index, follow, max-snippet:-1, max-image-preview:large, max-video-preview:-1\" \/>\n<link rel=\"canonical\" href=\"https:\/\/www.africa-press.net\/cameroun\/toutes-les-actualites\/19-mars-le-jour-ou-le-destin-de-mebe-ngoo-peut-basculer\" \/>\n<meta property=\"og:locale\" content=\"fr_FR\" \/>\n<meta property=\"og:type\" content=\"article\" \/>\n<meta property=\"og:title\" content=\"19 mars, le jour o\u00f9 le destin de Mebe Ngo\u2019o peut basculer\" \/>\n<meta property=\"og:description\" content=\"Son dernier proc\u00e8s n\u2019 pas pu se tenir \u00e0 cause de l\u2019absence du Conseil d\u2019un coaccus\u00e9. L\u2019ancien ministre Edgard Alain Meb ...\" \/>\n<meta property=\"og:url\" content=\"https:\/\/www.africa-press.net\/cameroun\/toutes-les-actualites\/19-mars-le-jour-ou-le-destin-de-mebe-ngoo-peut-basculer\" \/>\n<meta property=\"og:site_name\" content=\"Cameroun\" \/>\n<meta property=\"article:published_time\" content=\"2021-03-17T21:34:17+00:00\" \/>\n<meta property=\"article:modified_time\" content=\"2021-03-18T00:19:29+00:00\" \/>\n<meta property=\"og:image\" content=\"https:\/\/static.africa-press.net\/cameroun\/sites\/57\/2021\/03\/img-60529c7c9f167.jpg\" \/>\n\t<meta property=\"og:image:width\" content=\"720\" \/>\n\t<meta property=\"og:image:height\" content=\"448\" \/>\n\t<meta property=\"og:image:type\" content=\"image\/jpeg\" \/>\n<meta name=\"author\" content=\"cfeditorfr\" \/>\n<meta name=\"twitter:card\" content=\"summary_large_image\" \/>\n<meta name=\"twitter:label1\" content=\"\u00c9crit par\" \/>\n\t<meta name=\"twitter:data1\" content=\"cfeditorfr\" \/>\n\t<meta name=\"twitter:label2\" content=\"Dur\u00e9e de lecture estim\u00e9e\" \/>\n\t<meta name=\"twitter:data2\" content=\"1 minute\" \/>\n<script type=\"application\/ld+json\" class=\"yoast-schema-graph\">{\"@context\":\"https:\/\/schema.org\",\"@graph\":[{\"@type\":\"Article\",\"@id\":\"https:\/\/www.africa-press.net\/cameroun\/toutes-les-actualites\/19-mars-le-jour-ou-le-destin-de-mebe-ngoo-peut-basculer#article\",\"isPartOf\":{\"@id\":\"https:\/\/www.africa-press.net\/cameroun\/toutes-les-actualites\/19-mars-le-jour-ou-le-destin-de-mebe-ngoo-peut-basculer\"},\"author\":{\"name\":\"cfeditorfr\",\"@id\":\"https:\/\/www.africa-press.net\/cameroun\/#\/schema\/person\/2b1cf3cd81a31e3cd26889ca66d677f1\"},\"headline\":\"19 mars, le jour o\u00f9 le destin de Mebe Ngo\u2019o peut basculer\",\"datePublished\":\"2021-03-17T21:34:17+00:00\",\"dateModified\":\"2021-03-18T00:19:29+00:00\",\"mainEntityOfPage\":{\"@id\":\"https:\/\/www.africa-press.net\/cameroun\/toutes-les-actualites\/19-mars-le-jour-ou-le-destin-de-mebe-ngoo-peut-basculer\"},\"wordCount\":186,\"commentCount\":0,\"image\":{\"@id\":\"https:\/\/www.africa-press.net\/cameroun\/toutes-les-actualites\/19-mars-le-jour-ou-le-destin-de-mebe-ngoo-peut-basculer#primaryimage\"},\"thumbnailUrl\":\"https:\/\/static.africa-press.net\/cameroun\/sites\/57\/2021\/03\/img-60529c7c9f167.jpg\",\"keywords\":[\"Africa Press\",\"Africa Press-Cameroun\",\"Cameroun\"],\"articleSection\":[\"Communaut\u00e9\",\"homepage-french\",\"Toutes les actualit\u00e9s\"],\"inLanguage\":\"fr-FR\",\"potentialAction\":[{\"@type\":\"CommentAction\",\"name\":\"Comment\",\"target\":[\"https:\/\/www.africa-press.net\/cameroun\/toutes-les-actualites\/19-mars-le-jour-ou-le-destin-de-mebe-ngoo-peut-basculer#respond\"]}]},{\"@type\":\"WebPage\",\"@id\":\"https:\/\/www.africa-press.net\/cameroun\/toutes-les-actualites\/19-mars-le-jour-ou-le-destin-de-mebe-ngoo-peut-basculer\",\"url\":\"https:\/\/www.africa-press.net\/cameroun\/toutes-les-actualites\/19-mars-le-jour-ou-le-destin-de-mebe-ngoo-peut-basculer\",\"name\":\"19 mars, le jour o\u00f9 le destin de Mebe Ngo\u2019o peut basculer - Cameroun\",\"isPartOf\":{\"@id\":\"https:\/\/www.africa-press.net\/cameroun\/#website\"},\"primaryImageOfPage\":{\"@id\":\"https:\/\/www.africa-press.net\/cameroun\/toutes-les-actualites\/19-mars-le-jour-ou-le-destin-de-mebe-ngoo-peut-basculer#primaryimage\"},\"image\":{\"@id\":\"https:\/\/www.africa-press.net\/cameroun\/toutes-les-actualites\/19-mars-le-jour-ou-le-destin-de-mebe-ngoo-peut-basculer#primaryimage\"},\"thumbnailUrl\":\"https:\/\/static.africa-press.net\/cameroun\/sites\/57\/2021\/03\/img-60529c7c9f167.jpg\",\"datePublished\":\"2021-03-17T21:34:17+00:00\",\"dateModified\":\"2021-03-18T00:19:29+00:00\",\"author\":{\"@id\":\"https:\/\/www.africa-press.net\/cameroun\/#\/schema\/person\/2b1cf3cd81a31e3cd26889ca66d677f1\"},\"description\":\"Son dernier proc\u00e8s n\u2019 pas pu se tenir \u00e0 cause de l\u2019absence du Conseil d\u2019un coaccus\u00e9. L\u2019ancien ministre Edgard Alain Meb ...\",\"breadcrumb\":{\"@id\":\"https:\/\/www.africa-press.net\/cameroun\/toutes-les-actualites\/19-mars-le-jour-ou-le-destin-de-mebe-ngoo-peut-basculer#breadcrumb\"},\"inLanguage\":\"fr-FR\",\"potentialAction\":[{\"@type\":\"ReadAction\",\"target\":[\"https:\/\/www.africa-press.net\/cameroun\/toutes-les-actualites\/19-mars-le-jour-ou-le-destin-de-mebe-ngoo-peut-basculer\"]}]},{\"@type\":\"ImageObject\",\"inLanguage\":\"fr-FR\",\"@id\":\"https:\/\/www.africa-press.net\/cameroun\/toutes-les-actualites\/19-mars-le-jour-ou-le-destin-de-mebe-ngoo-peut-basculer#primaryimage\",\"url\":\"https:\/\/static.africa-press.net\/cameroun\/sites\/57\/2021\/03\/img-60529c7c9f167.jpg\",\"contentUrl\":\"https:\/\/static.africa-press.net\/cameroun\/sites\/57\/2021\/03\/img-60529c7c9f167.jpg\",\"width\":720,\"height\":448,\"caption\":\"19 mars, le jour o\u00f9 le destin de Mebe Ngo\u2019o peut basculer\"},{\"@type\":\"BreadcrumbList\",\"@id\":\"https:\/\/www.africa-press.net\/cameroun\/toutes-les-actualites\/19-mars-le-jour-ou-le-destin-de-mebe-ngoo-peut-basculer#breadcrumb\",\"itemListElement\":[{\"@type\":\"ListItem\",\"position\":1,\"name\":\"Accueil\",\"item\":\"https:\/\/www.africa-press.net\/cameroun\/\"},{\"@type\":\"ListItem\",\"position\":2,\"name\":\"19 mars, le jour o\u00f9 le destin de Mebe Ngo\u2019o peut basculer\"}]},{\"@type\":\"WebSite\",\"@id\":\"https:\/\/www.africa-press.net\/cameroun\/#website\",\"url\":\"https:\/\/www.africa-press.net\/cameroun\/\",\"name\":\"Cameroun\",\"description\":\"Just another Africa News Agency Sites site\",\"potentialAction\":[{\"@type\":\"SearchAction\",\"target\":{\"@type\":\"EntryPoint\",\"urlTemplate\":\"https:\/\/www.africa-press.net\/cameroun\/?s={search_term_string}\"},\"query-input\":{\"@type\":\"PropertyValueSpecification\",\"valueRequired\":true,\"valueName\":\"search_term_string\"}}],\"inLanguage\":\"fr-FR\"},{\"@type\":\"Person\",\"@id\":\"https:\/\/www.africa-press.net\/cameroun\/#\/schema\/person\/2b1cf3cd81a31e3cd26889ca66d677f1\",\"name\":\"cfeditorfr\"}]}<\/script>\n<!-- \/ Yoast SEO Premium plugin. -->","yoast_head_json":{"title":"19 mars, le jour o\u00f9 le destin de Mebe Ngo\u2019o peut basculer - Cameroun","description":"Son dernier proc\u00e8s n\u2019 pas pu se tenir \u00e0 cause de l\u2019absence du Conseil d\u2019un coaccus\u00e9. L\u2019ancien ministre Edgard Alain Meb ...","robots":{"index":"index","follow":"follow","max-snippet":"max-snippet:-1","max-image-preview":"max-image-preview:large","max-video-preview":"max-video-preview:-1"},"canonical":"https:\/\/www.africa-press.net\/cameroun\/toutes-les-actualites\/19-mars-le-jour-ou-le-destin-de-mebe-ngoo-peut-basculer","og_locale":"fr_FR","og_type":"article","og_title":"19 mars, le jour o\u00f9 le destin de Mebe Ngo\u2019o peut basculer","og_description":"Son dernier proc\u00e8s n\u2019 pas pu se tenir \u00e0 cause de l\u2019absence du Conseil d\u2019un coaccus\u00e9. L\u2019ancien ministre Edgard Alain Meb ...","og_url":"https:\/\/www.africa-press.net\/cameroun\/toutes-les-actualites\/19-mars-le-jour-ou-le-destin-de-mebe-ngoo-peut-basculer","og_site_name":"Cameroun","article_published_time":"2021-03-17T21:34:17+00:00","article_modified_time":"2021-03-18T00:19:29+00:00","og_image":[{"width":720,"height":448,"url":"https:\/\/static.africa-press.net\/cameroun\/sites\/57\/2021\/03\/img-60529c7c9f167.jpg","type":"image\/jpeg"}],"author":"cfeditorfr","twitter_card":"summary_large_image","twitter_misc":{"\u00c9crit par":"cfeditorfr","Dur\u00e9e de lecture estim\u00e9e":"1 minute"},"schema":{"@context":"https:\/\/schema.org","@graph":[{"@type":"Article","@id":"https:\/\/www.africa-press.net\/cameroun\/toutes-les-actualites\/19-mars-le-jour-ou-le-destin-de-mebe-ngoo-peut-basculer#article","isPartOf":{"@id":"https:\/\/www.africa-press.net\/cameroun\/toutes-les-actualites\/19-mars-le-jour-ou-le-destin-de-mebe-ngoo-peut-basculer"},"author":{"name":"cfeditorfr","@id":"https:\/\/www.africa-press.net\/cameroun\/#\/schema\/person\/2b1cf3cd81a31e3cd26889ca66d677f1"},"headline":"19 mars, le jour o\u00f9 le destin de Mebe Ngo\u2019o peut basculer","datePublished":"2021-03-17T21:34:17+00:00","dateModified":"2021-03-18T00:19:29+00:00","mainEntityOfPage":{"@id":"https:\/\/www.africa-press.net\/cameroun\/toutes-les-actualites\/19-mars-le-jour-ou-le-destin-de-mebe-ngoo-peut-basculer"},"wordCount":186,"commentCount":0,"image":{"@id":"https:\/\/www.africa-press.net\/cameroun\/toutes-les-actualites\/19-mars-le-jour-ou-le-destin-de-mebe-ngoo-peut-basculer#primaryimage"},"thumbnailUrl":"https:\/\/static.africa-press.net\/cameroun\/sites\/57\/2021\/03\/img-60529c7c9f167.jpg","keywords":["Africa Press","Africa Press-Cameroun","Cameroun"],"articleSection":["Communaut\u00e9","homepage-french","Toutes les actualit\u00e9s"],"inLanguage":"fr-FR","potentialAction":[{"@type":"CommentAction","name":"Comment","target":["https:\/\/www.africa-press.net\/cameroun\/toutes-les-actualites\/19-mars-le-jour-ou-le-destin-de-mebe-ngoo-peut-basculer#respond"]}]},{"@type":"WebPage","@id":"https:\/\/www.africa-press.net\/cameroun\/toutes-les-actualites\/19-mars-le-jour-ou-le-destin-de-mebe-ngoo-peut-basculer","url":"https:\/\/www.africa-press.net\/cameroun\/toutes-les-actualites\/19-mars-le-jour-ou-le-destin-de-mebe-ngoo-peut-basculer","name":"19 mars, le jour o\u00f9 le destin de Mebe Ngo\u2019o peut basculer - Cameroun","isPartOf":{"@id":"https:\/\/www.africa-press.net\/cameroun\/#website"},"primaryImageOfPage":{"@id":"https:\/\/www.africa-press.net\/cameroun\/toutes-les-actualites\/19-mars-le-jour-ou-le-destin-de-mebe-ngoo-peut-basculer#primaryimage"},"image":{"@id":"https:\/\/www.africa-press.net\/cameroun\/toutes-les-actualites\/19-mars-le-jour-ou-le-destin-de-mebe-ngoo-peut-basculer#primaryimage"},"thumbnailUrl":"https:\/\/static.africa-press.net\/cameroun\/sites\/57\/2021\/03\/img-60529c7c9f167.jpg","datePublished":"2021-03-17T21:34:17+00:00","dateModified":"2021-03-18T00:19:29+00:00","author":{"@id":"https:\/\/www.africa-press.net\/cameroun\/#\/schema\/person\/2b1cf3cd81a31e3cd26889ca66d677f1"},"description":"Son dernier proc\u00e8s n\u2019 pas pu se tenir \u00e0 cause de l\u2019absence du Conseil d\u2019un coaccus\u00e9. L\u2019ancien ministre Edgard Alain Meb ...","breadcrumb":{"@id":"https:\/\/www.africa-press.net\/cameroun\/toutes-les-actualites\/19-mars-le-jour-ou-le-destin-de-mebe-ngoo-peut-basculer#breadcrumb"},"inLanguage":"fr-FR","potentialAction":[{"@type":"ReadAction","target":["https:\/\/www.africa-press.net\/cameroun\/toutes-les-actualites\/19-mars-le-jour-ou-le-destin-de-mebe-ngoo-peut-basculer"]}]},{"@type":"ImageObject","inLanguage":"fr-FR","@id":"https:\/\/www.africa-press.net\/cameroun\/toutes-les-actualites\/19-mars-le-jour-ou-le-destin-de-mebe-ngoo-peut-basculer#primaryimage","url":"https:\/\/static.africa-press.net\/cameroun\/sites\/57\/2021\/03\/img-60529c7c9f167.jpg","contentUrl":"https:\/\/static.africa-press.net\/cameroun\/sites\/57\/2021\/03\/img-60529c7c9f167.jpg","width":720,"height":448,"caption":"19 mars, le jour o\u00f9 le destin de Mebe Ngo\u2019o peut basculer"},{"@type":"BreadcrumbList","@id":"https:\/\/www.africa-press.net\/cameroun\/toutes-les-actualites\/19-mars-le-jour-ou-le-destin-de-mebe-ngoo-peut-basculer#breadcrumb","itemListElement":[{"@type":"ListItem","position":1,"name":"Accueil","item":"https:\/\/www.africa-press.net\/cameroun\/"},{"@type":"ListItem","position":2,"name":"19 mars, le jour o\u00f9 le destin de Mebe Ngo\u2019o peut basculer"}]},{"@type":"WebSite","@id":"https:\/\/www.africa-press.net\/cameroun\/#website","url":"https:\/\/www.africa-press.net\/cameroun\/","name":"Cameroun","description":"Just another Africa News Agency Sites site","potentialAction":[{"@type":"SearchAction","target":{"@type":"EntryPoint","urlTemplate":"https:\/\/www.africa-press.net\/cameroun\/?s={search_term_string}"},"query-input":{"@type":"PropertyValueSpecification","valueRequired":true,"valueName":"search_term_string"}}],"inLanguage":"fr-FR"},{"@type":"Person","@id":"https:\/\/www.africa-press.net\/cameroun\/#\/schema\/person\/2b1cf3cd81a31e3cd26889ca66d677f1","name":"cfeditorfr"}]}},"_links":{"self":[{"href":"https:\/\/www.africa-press.net\/cameroun\/wp-json\/wp\/v2\/posts\/1194","targetHints":{"allow":["GET"]}}],"collection":[{"href":"https:\/\/www.africa-press.net\/cameroun\/wp-json\/wp\/v2\/posts"}],"about":[{"href":"https:\/\/www.africa-press.net\/cameroun\/wp-json\/wp\/v2\/types\/post"}],"author":[{"embeddable":true,"href":"https:\/\/www.africa-press.net\/cameroun\/wp-json\/wp\/v2\/users\/82"}],"replies":[{"embeddable":true,"href":"https:\/\/www.africa-press.net\/cameroun\/wp-json\/wp\/v2\/comments?post=1194"}],"version-history":[{"count":0,"href":"https:\/\/www.africa-press.net\/cameroun\/wp-json\/wp\/v2\/posts\/1194\/revisions"}],"wp:featuredmedia":[{"embeddable":true,"href":"https:\/\/www.africa-press.net\/cameroun\/wp-json\/wp\/v2\/media\/1193"}],"wp:attachment":[{"href":"https:\/\/www.africa-press.net\/cameroun\/wp-json\/wp\/v2\/media?parent=1194"}],"wp:term":[{"taxonomy":"category","embeddable":true,"href":"https:\/\/www.africa-press.net\/cameroun\/wp-json\/wp\/v2\/categories?post=1194"},{"taxonomy":"post_tag","embeddable":true,"href":"https:\/\/www.africa-press.net\/cameroun\/wp-json\/wp\/v2\/tags?post=1194"}],"curies":[{"name":"wp","href":"https:\/\/api.w.org\/{rel}","templated":true}]}}