{"id":1248,"date":"2021-03-18T21:01:41","date_gmt":"2021-03-18T21:01:41","guid":{"rendered":"https:\/\/www.africa-press.net\/cameroun\/politique\/crise-au-cameroun-lurgence-dune-modification-de-la-forme-de-letat"},"modified":"2021-03-19T02:04:46","modified_gmt":"2021-03-19T02:04:46","slug":"crise-au-cameroun-lurgence-dune-modification-de-la-forme-de-letat","status":"publish","type":"post","link":"https:\/\/www.africa-press.net\/cameroun\/dossiers\/crise-au-cameroun-lurgence-dune-modification-de-la-forme-de-letat","title":{"rendered":"Crise au Cameroun: l\u2019urgence d\u2019une modification de la forme de l\u2019Etat"},"content":{"rendered":"<p><span style=\"color: #ff6600\"><strong><a href=\"https:\/\/www.africa-press.net\/\">Africa-Press<\/a> &#8211; <a href=\"https:\/\/www.africa-press.net\/cameroun\">Cameroun<\/a>.<\/strong><\/span>La sante d\u2019abord dans une localit\u00e9. Comment expliquer donc que malgr\u00e9 la d\u00e9centralisation vent\u00e9e par le r\u00e9gime Biya, le maire soit incapable d\u2019impl\u00e9menter une politique sanitaire ? Face \u00e0 la pand\u00e9mie du Corona virus ou du chol\u00e9ra, le maire est et reste spectateur dans son territoire de comp\u00e9tence, il n\u2019a aucun pouvoir ni sur le personnel de sant\u00e9, ni sur les h\u00f4pitaux, encore moins le chef de centre de sant\u00e9 qui rend compte directement au pr\u00e9fet.<\/p>\n<p>Le maire n\u2019a aucune comp\u00e9tence et attribution sur l\u2019\u00e9ducation car aucun pouvoir sur les enseignants, proviseur d\u00e9l\u00e9gu\u00e9 d\u00e9partementaux \u00e0 qui il ne peut donner aucune instruction, tous d\u00e9pendant du pr\u00e9fet.<\/p>\n<p>Pire, c\u2019est le pr\u00e9fet qui valide les comptes annuels des maires, leurs destitutions doivent \u00eatre approuv\u00e9es par le pr\u00e9fet .Dans certains cas, le pr\u00e9fet intervient dans le choix des autorit\u00e9s traditionnels.<\/p>\n<p>Pour comprendre jusqu\u2019o\u00f9 va le pouvoir du pr\u00e9fet dans une localit\u00e9, commandez et lisez \u00ab l\u2019Audace d\u2019\u00eatre diff\u00e8rent \u00bb d\u2019Abakar Ahamat et vous verrez que pas un iota a boug\u00e9 sur le pouvoir des pr\u00e9fets malgr\u00e9 la d\u00e9centralisation.<\/p>\n","protected":false},"excerpt":{"rendered":"<p>Africa-Press &#8211; Cameroun.La sante d\u2019abord dans une localit\u00e9. Comment expliquer donc que malgr\u00e9 la d\u00e9centralisation vent\u00e9e par le r\u00e9gime Biya, le maire soit incapable d\u2019impl\u00e9menter une politique sanitaire ? Face \u00e0 la pand\u00e9mie du Corona virus ou du chol\u00e9ra, le maire est et reste spectateur dans son territoire de comp\u00e9tence, il n\u2019a aucun pouvoir ni [&hellip;]<\/p>\n","protected":false},"author":82,"featured_media":1247,"comment_status":"open","ping_status":"closed","sticky":false,"template":"","format":"standard","meta":{"footnotes":""},"categories":[7,11,10],"tags":[36,50,49],"class_list":["post-1248","post","type-post","status-publish","format-standard","has-post-thumbnail","hentry","category-dossiers","category-homepage-french","category-toutes-les-actualites","tag-africa-press","tag-africa-press-cameroun","tag-cameroun"],"yoast_head":"<!-- This site is optimized with the Yoast SEO Premium plugin v26.1 (Yoast SEO v27.0) - https:\/\/yoast.com\/product\/yoast-seo-premium-wordpress\/ -->\n<title>Crise au Cameroun: l\u2019urgence d\u2019une modification de la forme de l\u2019Etat - Cameroun<\/title>\n<meta name=\"description\" content=\"...\" \/>\n<meta name=\"robots\" content=\"index, follow, max-snippet:-1, max-image-preview:large, max-video-preview:-1\" \/>\n<link rel=\"canonical\" href=\"https:\/\/www.africa-press.net\/cameroun\/dossiers\/crise-au-cameroun-lurgence-dune-modification-de-la-forme-de-letat\" \/>\n<meta property=\"og:locale\" content=\"fr_FR\" \/>\n<meta property=\"og:type\" content=\"article\" \/>\n<meta property=\"og:title\" content=\"Crise au Cameroun: l\u2019urgence d\u2019une modification de la forme de l\u2019Etat\" \/>\n<meta property=\"og:description\" content=\"...\" \/>\n<meta property=\"og:url\" content=\"https:\/\/www.africa-press.net\/cameroun\/dossiers\/crise-au-cameroun-lurgence-dune-modification-de-la-forme-de-letat\" \/>\n<meta property=\"og:site_name\" content=\"Cameroun\" \/>\n<meta property=\"article:published_time\" content=\"2021-03-18T21:01:41+00:00\" \/>\n<meta property=\"article:modified_time\" content=\"2021-03-19T02:04:46+00:00\" \/>\n<meta property=\"og:image\" content=\"https:\/\/static.africa-press.net\/cameroun\/sites\/57\/2021\/03\/img-6053f68145d18.jpg\" \/>\n\t<meta property=\"og:image:width\" content=\"720\" \/>\n\t<meta property=\"og:image:height\" content=\"600\" \/>\n\t<meta property=\"og:image:type\" content=\"image\/jpeg\" \/>\n<meta name=\"author\" content=\"cfeditorfr\" \/>\n<meta name=\"twitter:card\" content=\"summary_large_image\" \/>\n<meta name=\"twitter:label1\" content=\"\u00c9crit par\" \/>\n\t<meta name=\"twitter:data1\" content=\"cfeditorfr\" \/>\n\t<meta name=\"twitter:label2\" content=\"Dur\u00e9e de lecture estim\u00e9e\" \/>\n\t<meta name=\"twitter:data2\" content=\"1 minute\" \/>\n<script type=\"application\/ld+json\" class=\"yoast-schema-graph\">{\"@context\":\"https:\/\/schema.org\",\"@graph\":[{\"@type\":\"Article\",\"@id\":\"https:\/\/www.africa-press.net\/cameroun\/dossiers\/crise-au-cameroun-lurgence-dune-modification-de-la-forme-de-letat#article\",\"isPartOf\":{\"@id\":\"https:\/\/www.africa-press.net\/cameroun\/dossiers\/crise-au-cameroun-lurgence-dune-modification-de-la-forme-de-letat\"},\"author\":{\"name\":\"cfeditorfr\",\"@id\":\"https:\/\/www.africa-press.net\/cameroun\/#\/schema\/person\/2b1cf3cd81a31e3cd26889ca66d677f1\"},\"headline\":\"Crise au Cameroun: l\u2019urgence d\u2019une modification de la forme de l\u2019Etat\",\"datePublished\":\"2021-03-18T21:01:41+00:00\",\"dateModified\":\"2021-03-19T02:04:46+00:00\",\"mainEntityOfPage\":{\"@id\":\"https:\/\/www.africa-press.net\/cameroun\/dossiers\/crise-au-cameroun-lurgence-dune-modification-de-la-forme-de-letat\"},\"wordCount\":221,\"commentCount\":0,\"image\":{\"@id\":\"https:\/\/www.africa-press.net\/cameroun\/dossiers\/crise-au-cameroun-lurgence-dune-modification-de-la-forme-de-letat#primaryimage\"},\"thumbnailUrl\":\"https:\/\/static.africa-press.net\/cameroun\/sites\/57\/2021\/03\/img-6053f68145d18.jpg\",\"keywords\":[\"Africa Press\",\"Africa Press-Cameroun\",\"Cameroun\"],\"articleSection\":[\"Dossiers\",\"homepage-french\",\"Toutes les actualit\u00e9s\"],\"inLanguage\":\"fr-FR\",\"potentialAction\":[{\"@type\":\"CommentAction\",\"name\":\"Comment\",\"target\":[\"https:\/\/www.africa-press.net\/cameroun\/dossiers\/crise-au-cameroun-lurgence-dune-modification-de-la-forme-de-letat#respond\"]}]},{\"@type\":\"WebPage\",\"@id\":\"https:\/\/www.africa-press.net\/cameroun\/dossiers\/crise-au-cameroun-lurgence-dune-modification-de-la-forme-de-letat\",\"url\":\"https:\/\/www.africa-press.net\/cameroun\/dossiers\/crise-au-cameroun-lurgence-dune-modification-de-la-forme-de-letat\",\"name\":\"Crise au Cameroun: l\u2019urgence d\u2019une modification de la forme de l\u2019Etat - Cameroun\",\"isPartOf\":{\"@id\":\"https:\/\/www.africa-press.net\/cameroun\/#website\"},\"primaryImageOfPage\":{\"@id\":\"https:\/\/www.africa-press.net\/cameroun\/dossiers\/crise-au-cameroun-lurgence-dune-modification-de-la-forme-de-letat#primaryimage\"},\"image\":{\"@id\":\"https:\/\/www.africa-press.net\/cameroun\/dossiers\/crise-au-cameroun-lurgence-dune-modification-de-la-forme-de-letat#primaryimage\"},\"thumbnailUrl\":\"https:\/\/static.africa-press.net\/cameroun\/sites\/57\/2021\/03\/img-6053f68145d18.jpg\",\"datePublished\":\"2021-03-18T21:01:41+00:00\",\"dateModified\":\"2021-03-19T02:04:46+00:00\",\"author\":{\"@id\":\"https:\/\/www.africa-press.net\/cameroun\/#\/schema\/person\/2b1cf3cd81a31e3cd26889ca66d677f1\"},\"description\":\"...\",\"breadcrumb\":{\"@id\":\"https:\/\/www.africa-press.net\/cameroun\/dossiers\/crise-au-cameroun-lurgence-dune-modification-de-la-forme-de-letat#breadcrumb\"},\"inLanguage\":\"fr-FR\",\"potentialAction\":[{\"@type\":\"ReadAction\",\"target\":[\"https:\/\/www.africa-press.net\/cameroun\/dossiers\/crise-au-cameroun-lurgence-dune-modification-de-la-forme-de-letat\"]}]},{\"@type\":\"ImageObject\",\"inLanguage\":\"fr-FR\",\"@id\":\"https:\/\/www.africa-press.net\/cameroun\/dossiers\/crise-au-cameroun-lurgence-dune-modification-de-la-forme-de-letat#primaryimage\",\"url\":\"https:\/\/static.africa-press.net\/cameroun\/sites\/57\/2021\/03\/img-6053f68145d18.jpg\",\"contentUrl\":\"https:\/\/static.africa-press.net\/cameroun\/sites\/57\/2021\/03\/img-6053f68145d18.jpg\",\"width\":720,\"height\":600,\"caption\":\"Crise au Cameroun: l\u2019urgence d\u2019une modification de la forme de l\u2019Etat\"},{\"@type\":\"BreadcrumbList\",\"@id\":\"https:\/\/www.africa-press.net\/cameroun\/dossiers\/crise-au-cameroun-lurgence-dune-modification-de-la-forme-de-letat#breadcrumb\",\"itemListElement\":[{\"@type\":\"ListItem\",\"position\":1,\"name\":\"Accueil\",\"item\":\"https:\/\/www.africa-press.net\/cameroun\/\"},{\"@type\":\"ListItem\",\"position\":2,\"name\":\"Crise au Cameroun: l\u2019urgence d\u2019une modification de la forme de l\u2019Etat\"}]},{\"@type\":\"WebSite\",\"@id\":\"https:\/\/www.africa-press.net\/cameroun\/#website\",\"url\":\"https:\/\/www.africa-press.net\/cameroun\/\",\"name\":\"Cameroun\",\"description\":\"Just another Africa News Agency Sites site\",\"potentialAction\":[{\"@type\":\"SearchAction\",\"target\":{\"@type\":\"EntryPoint\",\"urlTemplate\":\"https:\/\/www.africa-press.net\/cameroun\/?s={search_term_string}\"},\"query-input\":{\"@type\":\"PropertyValueSpecification\",\"valueRequired\":true,\"valueName\":\"search_term_string\"}}],\"inLanguage\":\"fr-FR\"},{\"@type\":\"Person\",\"@id\":\"https:\/\/www.africa-press.net\/cameroun\/#\/schema\/person\/2b1cf3cd81a31e3cd26889ca66d677f1\",\"name\":\"cfeditorfr\"}]}<\/script>\n<!-- \/ Yoast SEO Premium plugin. -->","yoast_head_json":{"title":"Crise au Cameroun: l\u2019urgence d\u2019une modification de la forme de l\u2019Etat - Cameroun","description":"...","robots":{"index":"index","follow":"follow","max-snippet":"max-snippet:-1","max-image-preview":"max-image-preview:large","max-video-preview":"max-video-preview:-1"},"canonical":"https:\/\/www.africa-press.net\/cameroun\/dossiers\/crise-au-cameroun-lurgence-dune-modification-de-la-forme-de-letat","og_locale":"fr_FR","og_type":"article","og_title":"Crise au Cameroun: l\u2019urgence d\u2019une modification de la forme de l\u2019Etat","og_description":"...","og_url":"https:\/\/www.africa-press.net\/cameroun\/dossiers\/crise-au-cameroun-lurgence-dune-modification-de-la-forme-de-letat","og_site_name":"Cameroun","article_published_time":"2021-03-18T21:01:41+00:00","article_modified_time":"2021-03-19T02:04:46+00:00","og_image":[{"width":720,"height":600,"url":"https:\/\/static.africa-press.net\/cameroun\/sites\/57\/2021\/03\/img-6053f68145d18.jpg","type":"image\/jpeg"}],"author":"cfeditorfr","twitter_card":"summary_large_image","twitter_misc":{"\u00c9crit par":"cfeditorfr","Dur\u00e9e de lecture estim\u00e9e":"1 minute"},"schema":{"@context":"https:\/\/schema.org","@graph":[{"@type":"Article","@id":"https:\/\/www.africa-press.net\/cameroun\/dossiers\/crise-au-cameroun-lurgence-dune-modification-de-la-forme-de-letat#article","isPartOf":{"@id":"https:\/\/www.africa-press.net\/cameroun\/dossiers\/crise-au-cameroun-lurgence-dune-modification-de-la-forme-de-letat"},"author":{"name":"cfeditorfr","@id":"https:\/\/www.africa-press.net\/cameroun\/#\/schema\/person\/2b1cf3cd81a31e3cd26889ca66d677f1"},"headline":"Crise au Cameroun: l\u2019urgence d\u2019une modification de la forme de l\u2019Etat","datePublished":"2021-03-18T21:01:41+00:00","dateModified":"2021-03-19T02:04:46+00:00","mainEntityOfPage":{"@id":"https:\/\/www.africa-press.net\/cameroun\/dossiers\/crise-au-cameroun-lurgence-dune-modification-de-la-forme-de-letat"},"wordCount":221,"commentCount":0,"image":{"@id":"https:\/\/www.africa-press.net\/cameroun\/dossiers\/crise-au-cameroun-lurgence-dune-modification-de-la-forme-de-letat#primaryimage"},"thumbnailUrl":"https:\/\/static.africa-press.net\/cameroun\/sites\/57\/2021\/03\/img-6053f68145d18.jpg","keywords":["Africa Press","Africa Press-Cameroun","Cameroun"],"articleSection":["Dossiers","homepage-french","Toutes les actualit\u00e9s"],"inLanguage":"fr-FR","potentialAction":[{"@type":"CommentAction","name":"Comment","target":["https:\/\/www.africa-press.net\/cameroun\/dossiers\/crise-au-cameroun-lurgence-dune-modification-de-la-forme-de-letat#respond"]}]},{"@type":"WebPage","@id":"https:\/\/www.africa-press.net\/cameroun\/dossiers\/crise-au-cameroun-lurgence-dune-modification-de-la-forme-de-letat","url":"https:\/\/www.africa-press.net\/cameroun\/dossiers\/crise-au-cameroun-lurgence-dune-modification-de-la-forme-de-letat","name":"Crise au Cameroun: l\u2019urgence d\u2019une modification de la forme de l\u2019Etat - Cameroun","isPartOf":{"@id":"https:\/\/www.africa-press.net\/cameroun\/#website"},"primaryImageOfPage":{"@id":"https:\/\/www.africa-press.net\/cameroun\/dossiers\/crise-au-cameroun-lurgence-dune-modification-de-la-forme-de-letat#primaryimage"},"image":{"@id":"https:\/\/www.africa-press.net\/cameroun\/dossiers\/crise-au-cameroun-lurgence-dune-modification-de-la-forme-de-letat#primaryimage"},"thumbnailUrl":"https:\/\/static.africa-press.net\/cameroun\/sites\/57\/2021\/03\/img-6053f68145d18.jpg","datePublished":"2021-03-18T21:01:41+00:00","dateModified":"2021-03-19T02:04:46+00:00","author":{"@id":"https:\/\/www.africa-press.net\/cameroun\/#\/schema\/person\/2b1cf3cd81a31e3cd26889ca66d677f1"},"description":"...","breadcrumb":{"@id":"https:\/\/www.africa-press.net\/cameroun\/dossiers\/crise-au-cameroun-lurgence-dune-modification-de-la-forme-de-letat#breadcrumb"},"inLanguage":"fr-FR","potentialAction":[{"@type":"ReadAction","target":["https:\/\/www.africa-press.net\/cameroun\/dossiers\/crise-au-cameroun-lurgence-dune-modification-de-la-forme-de-letat"]}]},{"@type":"ImageObject","inLanguage":"fr-FR","@id":"https:\/\/www.africa-press.net\/cameroun\/dossiers\/crise-au-cameroun-lurgence-dune-modification-de-la-forme-de-letat#primaryimage","url":"https:\/\/static.africa-press.net\/cameroun\/sites\/57\/2021\/03\/img-6053f68145d18.jpg","contentUrl":"https:\/\/static.africa-press.net\/cameroun\/sites\/57\/2021\/03\/img-6053f68145d18.jpg","width":720,"height":600,"caption":"Crise au Cameroun: l\u2019urgence d\u2019une modification de la forme de l\u2019Etat"},{"@type":"BreadcrumbList","@id":"https:\/\/www.africa-press.net\/cameroun\/dossiers\/crise-au-cameroun-lurgence-dune-modification-de-la-forme-de-letat#breadcrumb","itemListElement":[{"@type":"ListItem","position":1,"name":"Accueil","item":"https:\/\/www.africa-press.net\/cameroun\/"},{"@type":"ListItem","position":2,"name":"Crise au Cameroun: l\u2019urgence d\u2019une modification de la forme de l\u2019Etat"}]},{"@type":"WebSite","@id":"https:\/\/www.africa-press.net\/cameroun\/#website","url":"https:\/\/www.africa-press.net\/cameroun\/","name":"Cameroun","description":"Just another Africa News Agency Sites site","potentialAction":[{"@type":"SearchAction","target":{"@type":"EntryPoint","urlTemplate":"https:\/\/www.africa-press.net\/cameroun\/?s={search_term_string}"},"query-input":{"@type":"PropertyValueSpecification","valueRequired":true,"valueName":"search_term_string"}}],"inLanguage":"fr-FR"},{"@type":"Person","@id":"https:\/\/www.africa-press.net\/cameroun\/#\/schema\/person\/2b1cf3cd81a31e3cd26889ca66d677f1","name":"cfeditorfr"}]}},"_links":{"self":[{"href":"https:\/\/www.africa-press.net\/cameroun\/wp-json\/wp\/v2\/posts\/1248","targetHints":{"allow":["GET"]}}],"collection":[{"href":"https:\/\/www.africa-press.net\/cameroun\/wp-json\/wp\/v2\/posts"}],"about":[{"href":"https:\/\/www.africa-press.net\/cameroun\/wp-json\/wp\/v2\/types\/post"}],"author":[{"embeddable":true,"href":"https:\/\/www.africa-press.net\/cameroun\/wp-json\/wp\/v2\/users\/82"}],"replies":[{"embeddable":true,"href":"https:\/\/www.africa-press.net\/cameroun\/wp-json\/wp\/v2\/comments?post=1248"}],"version-history":[{"count":0,"href":"https:\/\/www.africa-press.net\/cameroun\/wp-json\/wp\/v2\/posts\/1248\/revisions"}],"wp:featuredmedia":[{"embeddable":true,"href":"https:\/\/www.africa-press.net\/cameroun\/wp-json\/wp\/v2\/media\/1247"}],"wp:attachment":[{"href":"https:\/\/www.africa-press.net\/cameroun\/wp-json\/wp\/v2\/media?parent=1248"}],"wp:term":[{"taxonomy":"category","embeddable":true,"href":"https:\/\/www.africa-press.net\/cameroun\/wp-json\/wp\/v2\/categories?post=1248"},{"taxonomy":"post_tag","embeddable":true,"href":"https:\/\/www.africa-press.net\/cameroun\/wp-json\/wp\/v2\/tags?post=1248"}],"curies":[{"name":"wp","href":"https:\/\/api.w.org\/{rel}","templated":true}]}}