{"id":1260,"date":"2021-03-18T21:24:54","date_gmt":"2021-03-18T21:24:54","guid":{"rendered":"https:\/\/www.africa-press.net\/cameroun\/politique\/mouvement-de-liberation-pour-le-cameroun-voici-la-crainte-des-camerounais"},"modified":"2021-03-19T02:06:36","modified_gmt":"2021-03-19T02:06:36","slug":"mouvement-de-liberation-pour-le-cameroun-voici-la-crainte-des-camerounais","status":"publish","type":"post","link":"https:\/\/www.africa-press.net\/cameroun\/politique\/mouvement-de-liberation-pour-le-cameroun-voici-la-crainte-des-camerounais","title":{"rendered":"Mouvement de Lib\u00e9ration pour le Cameroun: voici la crainte des camerounais"},"content":{"rendered":"<p><span style=\"color: #ff6600\"><strong><a href=\"https:\/\/www.africa-press.net\/\">Africa-Press<\/a> &#8211; <a href=\"https:\/\/www.africa-press.net\/cameroun\">Cameroun<\/a>.<\/strong><\/span>Le journal &lsquo;Le Jour&rsquo; a donn\u00e9 la parole \u00e0 des hommes avis\u00e9s de la situation politique au Cameroun sur l&rsquo;apparition du mouvement du Cameroun pour la lib\u00e9ration. Le groupe arm\u00e9 de rebelles qui veut d\u00e9gager Paul Biya d&rsquo;Etoudi. Le journal de Hman Mana a donn\u00e9 la parole \u00e0 un journaliste, un cadre de la soci\u00e9t\u00e9 civile et un commer\u00e7ant sur la question:\u00a0\u00bbQUE VOUS INSPIRE LA VID\u00c9O D\u2019HOMMES ARM\u00c9S SE PR\u00c9SENTANT COMME DES REBELLES \u00a0\u00bb<\/p>\n<p>\u00ab Il s\u2019agit de bandits de grand chemin \u00bb : Abdouramane Ousmane, journaliste<\/p>\n<p>Je pense que le gouvernement doit prendre ces rebelles au s\u00e9rieux. Et en m\u00eame temps les autorit\u00e9s militaires doivent se d\u00e9ployer pour traquer ces hors-la-loi et les mettre hors d\u2019\u00e9tat de nuire. Il s\u2019agit de bandits de grand chemin qui cr\u00e9ent une sorte de psychose et la peur au sein de la population. A l\u2019\u00e9coute de cette vid\u00e9o, je pense que c&rsquo;est un groupe de bandits organis\u00e9s qui \u00e9cument la fronti\u00e8re camerounaise dans le d\u00e9partement du Faro et D\u00e9o. Ils veulent profiter des r\u00e9seaux sociaux pour se faire une publicit\u00e9. Sinon comment comprendre que le pr\u00e9sident de la R\u00e9publique Paul Biya est \u00e0 Yaound\u00e9 et eux c\u2019est dans brousse qu\u2019ils disent vouloir aller le d\u00e9loger. Les populations des r\u00e9gions septentrionales doivent \u00eatre prudentes. Parce que ces gens parlent pour leur propre compte et non pour la population. Ils sont \u00e0 la recherche de l\u2019argent.<\/p>\n<p>\u00ab Cette vid\u00e9o fait peur \u00bb : Mohamadou Abdoulaye, commer\u00e7ant \u00e0 Tign\u00e8re<\/p>\n<p>Nous sommes confus par cette situation depuis quelques mois. Cette vid\u00e9o fait peur, personne ne conna\u00eet avec exactitude la force de mobilisation et de nuisance de cette r\u00e9bellion. Les responsables de l\u2019arm\u00e9e sont venus nous rassurer de leur pr\u00e9sence. Ils nous parlent de bandits, de preneurs d\u2019otages et autres. Est-ce que c\u2019est suffisant ? On se pose tous des questions ici dans le Faro et D\u00e9o surtout avec la fronti\u00e8re qui n\u2019est pas prot\u00e9g\u00e9e avec le Nig\u00e9ria. Il faudra que notre gouvernement trouve une solution tr\u00e8s rapidement avant que ces hors-la-loi ne commencent \u00e0 agir. Nous souffrons d\u00e9j\u00e0 assez avec les prises d\u2019otages, les attaques contre les bergers Bororos\u2026<\/p>\n<p>\u00ab Connaissance de la r\u00e9alit\u00e9 de notre pays \u00bb : Hamadjallo Yaya, leader de la soci\u00e9t\u00e9 civile<\/p>\n<p>\u00c0 mon humble avis et vu la situation s\u00e9curitaire plus que pr\u00e9caire dans plusieurs zones de notre pays notamment \u00e0 l\u2019Extr\u00eame-Nord avec Boko Haram, au Noso et \u00e0 la fronti\u00e8re est de notre pays depuis la r\u00e9surgence de la crise en R\u00e9publique centrafricaine voisine, notre gouvernement ne doit pas prendre \u00e0 la l\u00e9g\u00e8re un quelconque front qui s\u2019ouvrirait \u00e0 l\u2019ouest de la r\u00e9gion de l\u2019Adamaoua. Cela peut co\u00fbter des vies \u00e0 des concitoyens et c\u2019est inacceptable. Mais \u00e0 premi\u00e8re vue, c\u2019est juste une bande de coupeurs de routes qui s\u2019expriment dans un fran\u00e7ais tr\u00e8s approximatif et vers la fin de leur message dans un fulfulde qui ne laisse pas croire qu\u2019ils sont Camerounais. Dans la vid\u00e9o, rien n\u2019indique que c\u2019est vraiment dans le d\u00e9partement du Faro et Deo ou m\u00eame au Cameroun. La seule chose qu\u2019ils ont c\u2019est une connaissance un peu approfondie de la r\u00e9alit\u00e9 politique de notre pays. Comme j\u2019ai dit au d\u00e9part, nos autorit\u00e9s ne doivent pas prendre cela \u00e0 la l\u00e9g\u00e8re parce qu\u2019il faut mettre hors d\u2019\u00e9tat de nuire tout bandit de grand chemin qui s\u2019\u00e9garerait \u00e0 mettre en danger la vie de paisibles citoyens.<\/p>\n","protected":false},"excerpt":{"rendered":"<p>Africa-Press &#8211; Cameroun.Le journal &lsquo;Le Jour&rsquo; a donn\u00e9 la parole \u00e0 des hommes avis\u00e9s de la situation politique au Cameroun sur l&rsquo;apparition du mouvement du Cameroun pour la lib\u00e9ration. Le groupe arm\u00e9 de rebelles qui veut d\u00e9gager Paul Biya d&rsquo;Etoudi. Le journal de Hman Mana a donn\u00e9 la parole \u00e0 un journaliste, un cadre de [&hellip;]<\/p>\n","protected":false},"author":82,"featured_media":1259,"comment_status":"open","ping_status":"closed","sticky":false,"template":"","format":"standard","meta":{"footnotes":""},"categories":[11,2,10],"tags":[36,50,49],"class_list":["post-1260","post","type-post","status-publish","format-standard","has-post-thumbnail","hentry","category-homepage-french","category-politique","category-toutes-les-actualites","tag-africa-press","tag-africa-press-cameroun","tag-cameroun"],"yoast_head":"<!-- This site is optimized with the Yoast SEO Premium plugin v26.1 (Yoast SEO v27.0) - https:\/\/yoast.com\/product\/yoast-seo-premium-wordpress\/ -->\n<title>Mouvement de Lib\u00e9ration pour le Cameroun: voici la crainte des camerounais - Cameroun<\/title>\n<meta name=\"description\" content=\"...\" \/>\n<meta name=\"robots\" content=\"index, follow, max-snippet:-1, max-image-preview:large, max-video-preview:-1\" \/>\n<link rel=\"canonical\" href=\"https:\/\/www.africa-press.net\/cameroun\/politique\/mouvement-de-liberation-pour-le-cameroun-voici-la-crainte-des-camerounais\" \/>\n<meta property=\"og:locale\" content=\"fr_FR\" \/>\n<meta property=\"og:type\" content=\"article\" \/>\n<meta property=\"og:title\" content=\"Mouvement de Lib\u00e9ration pour le Cameroun: voici la crainte des camerounais\" \/>\n<meta property=\"og:description\" content=\"...\" \/>\n<meta property=\"og:url\" content=\"https:\/\/www.africa-press.net\/cameroun\/politique\/mouvement-de-liberation-pour-le-cameroun-voici-la-crainte-des-camerounais\" \/>\n<meta property=\"og:site_name\" content=\"Cameroun\" \/>\n<meta property=\"article:published_time\" content=\"2021-03-18T21:24:54+00:00\" \/>\n<meta property=\"article:modified_time\" content=\"2021-03-19T02:06:36+00:00\" \/>\n<meta property=\"og:image\" content=\"https:\/\/static.africa-press.net\/cameroun\/sites\/57\/2021\/03\/img-6053f708443f2.jpg\" \/>\n\t<meta property=\"og:image:width\" content=\"720\" \/>\n\t<meta property=\"og:image:height\" content=\"463\" \/>\n\t<meta property=\"og:image:type\" content=\"image\/jpeg\" \/>\n<meta name=\"author\" content=\"cfeditorfr\" \/>\n<meta name=\"twitter:card\" content=\"summary_large_image\" \/>\n<meta name=\"twitter:label1\" content=\"\u00c9crit par\" \/>\n\t<meta name=\"twitter:data1\" content=\"cfeditorfr\" \/>\n\t<meta name=\"twitter:label2\" content=\"Dur\u00e9e de lecture estim\u00e9e\" \/>\n\t<meta name=\"twitter:data2\" content=\"3 minutes\" \/>\n<script type=\"application\/ld+json\" class=\"yoast-schema-graph\">{\"@context\":\"https:\/\/schema.org\",\"@graph\":[{\"@type\":\"Article\",\"@id\":\"https:\/\/www.africa-press.net\/cameroun\/politique\/mouvement-de-liberation-pour-le-cameroun-voici-la-crainte-des-camerounais#article\",\"isPartOf\":{\"@id\":\"https:\/\/www.africa-press.net\/cameroun\/politique\/mouvement-de-liberation-pour-le-cameroun-voici-la-crainte-des-camerounais\"},\"author\":{\"name\":\"cfeditorfr\",\"@id\":\"https:\/\/www.africa-press.net\/cameroun\/#\/schema\/person\/2b1cf3cd81a31e3cd26889ca66d677f1\"},\"headline\":\"Mouvement de Lib\u00e9ration pour le Cameroun: voici la crainte des camerounais\",\"datePublished\":\"2021-03-18T21:24:54+00:00\",\"dateModified\":\"2021-03-19T02:06:36+00:00\",\"mainEntityOfPage\":{\"@id\":\"https:\/\/www.africa-press.net\/cameroun\/politique\/mouvement-de-liberation-pour-le-cameroun-voici-la-crainte-des-camerounais\"},\"wordCount\":641,\"commentCount\":0,\"image\":{\"@id\":\"https:\/\/www.africa-press.net\/cameroun\/politique\/mouvement-de-liberation-pour-le-cameroun-voici-la-crainte-des-camerounais#primaryimage\"},\"thumbnailUrl\":\"https:\/\/static.africa-press.net\/cameroun\/sites\/57\/2021\/03\/img-6053f708443f2.jpg\",\"keywords\":[\"Africa Press\",\"Africa Press-Cameroun\",\"Cameroun\"],\"articleSection\":[\"homepage-french\",\"Politique\",\"Toutes les actualit\u00e9s\"],\"inLanguage\":\"fr-FR\",\"potentialAction\":[{\"@type\":\"CommentAction\",\"name\":\"Comment\",\"target\":[\"https:\/\/www.africa-press.net\/cameroun\/politique\/mouvement-de-liberation-pour-le-cameroun-voici-la-crainte-des-camerounais#respond\"]}]},{\"@type\":\"WebPage\",\"@id\":\"https:\/\/www.africa-press.net\/cameroun\/politique\/mouvement-de-liberation-pour-le-cameroun-voici-la-crainte-des-camerounais\",\"url\":\"https:\/\/www.africa-press.net\/cameroun\/politique\/mouvement-de-liberation-pour-le-cameroun-voici-la-crainte-des-camerounais\",\"name\":\"Mouvement de Lib\u00e9ration pour le Cameroun: voici la crainte des camerounais - Cameroun\",\"isPartOf\":{\"@id\":\"https:\/\/www.africa-press.net\/cameroun\/#website\"},\"primaryImageOfPage\":{\"@id\":\"https:\/\/www.africa-press.net\/cameroun\/politique\/mouvement-de-liberation-pour-le-cameroun-voici-la-crainte-des-camerounais#primaryimage\"},\"image\":{\"@id\":\"https:\/\/www.africa-press.net\/cameroun\/politique\/mouvement-de-liberation-pour-le-cameroun-voici-la-crainte-des-camerounais#primaryimage\"},\"thumbnailUrl\":\"https:\/\/static.africa-press.net\/cameroun\/sites\/57\/2021\/03\/img-6053f708443f2.jpg\",\"datePublished\":\"2021-03-18T21:24:54+00:00\",\"dateModified\":\"2021-03-19T02:06:36+00:00\",\"author\":{\"@id\":\"https:\/\/www.africa-press.net\/cameroun\/#\/schema\/person\/2b1cf3cd81a31e3cd26889ca66d677f1\"},\"description\":\"...\",\"breadcrumb\":{\"@id\":\"https:\/\/www.africa-press.net\/cameroun\/politique\/mouvement-de-liberation-pour-le-cameroun-voici-la-crainte-des-camerounais#breadcrumb\"},\"inLanguage\":\"fr-FR\",\"potentialAction\":[{\"@type\":\"ReadAction\",\"target\":[\"https:\/\/www.africa-press.net\/cameroun\/politique\/mouvement-de-liberation-pour-le-cameroun-voici-la-crainte-des-camerounais\"]}]},{\"@type\":\"ImageObject\",\"inLanguage\":\"fr-FR\",\"@id\":\"https:\/\/www.africa-press.net\/cameroun\/politique\/mouvement-de-liberation-pour-le-cameroun-voici-la-crainte-des-camerounais#primaryimage\",\"url\":\"https:\/\/static.africa-press.net\/cameroun\/sites\/57\/2021\/03\/img-6053f708443f2.jpg\",\"contentUrl\":\"https:\/\/static.africa-press.net\/cameroun\/sites\/57\/2021\/03\/img-6053f708443f2.jpg\",\"width\":720,\"height\":463,\"caption\":\"Mouvement de Lib\u00e9ration pour le Cameroun: voici la crainte des camerounais\"},{\"@type\":\"BreadcrumbList\",\"@id\":\"https:\/\/www.africa-press.net\/cameroun\/politique\/mouvement-de-liberation-pour-le-cameroun-voici-la-crainte-des-camerounais#breadcrumb\",\"itemListElement\":[{\"@type\":\"ListItem\",\"position\":1,\"name\":\"Accueil\",\"item\":\"https:\/\/www.africa-press.net\/cameroun\/\"},{\"@type\":\"ListItem\",\"position\":2,\"name\":\"Mouvement de Lib\u00e9ration pour le Cameroun: voici la crainte des camerounais\"}]},{\"@type\":\"WebSite\",\"@id\":\"https:\/\/www.africa-press.net\/cameroun\/#website\",\"url\":\"https:\/\/www.africa-press.net\/cameroun\/\",\"name\":\"Cameroun\",\"description\":\"Just another Africa News Agency Sites site\",\"potentialAction\":[{\"@type\":\"SearchAction\",\"target\":{\"@type\":\"EntryPoint\",\"urlTemplate\":\"https:\/\/www.africa-press.net\/cameroun\/?s={search_term_string}\"},\"query-input\":{\"@type\":\"PropertyValueSpecification\",\"valueRequired\":true,\"valueName\":\"search_term_string\"}}],\"inLanguage\":\"fr-FR\"},{\"@type\":\"Person\",\"@id\":\"https:\/\/www.africa-press.net\/cameroun\/#\/schema\/person\/2b1cf3cd81a31e3cd26889ca66d677f1\",\"name\":\"cfeditorfr\"}]}<\/script>\n<!-- \/ Yoast SEO Premium plugin. -->","yoast_head_json":{"title":"Mouvement de Lib\u00e9ration pour le Cameroun: voici la crainte des camerounais - Cameroun","description":"...","robots":{"index":"index","follow":"follow","max-snippet":"max-snippet:-1","max-image-preview":"max-image-preview:large","max-video-preview":"max-video-preview:-1"},"canonical":"https:\/\/www.africa-press.net\/cameroun\/politique\/mouvement-de-liberation-pour-le-cameroun-voici-la-crainte-des-camerounais","og_locale":"fr_FR","og_type":"article","og_title":"Mouvement de Lib\u00e9ration pour le Cameroun: voici la crainte des camerounais","og_description":"...","og_url":"https:\/\/www.africa-press.net\/cameroun\/politique\/mouvement-de-liberation-pour-le-cameroun-voici-la-crainte-des-camerounais","og_site_name":"Cameroun","article_published_time":"2021-03-18T21:24:54+00:00","article_modified_time":"2021-03-19T02:06:36+00:00","og_image":[{"width":720,"height":463,"url":"https:\/\/static.africa-press.net\/cameroun\/sites\/57\/2021\/03\/img-6053f708443f2.jpg","type":"image\/jpeg"}],"author":"cfeditorfr","twitter_card":"summary_large_image","twitter_misc":{"\u00c9crit par":"cfeditorfr","Dur\u00e9e de lecture estim\u00e9e":"3 minutes"},"schema":{"@context":"https:\/\/schema.org","@graph":[{"@type":"Article","@id":"https:\/\/www.africa-press.net\/cameroun\/politique\/mouvement-de-liberation-pour-le-cameroun-voici-la-crainte-des-camerounais#article","isPartOf":{"@id":"https:\/\/www.africa-press.net\/cameroun\/politique\/mouvement-de-liberation-pour-le-cameroun-voici-la-crainte-des-camerounais"},"author":{"name":"cfeditorfr","@id":"https:\/\/www.africa-press.net\/cameroun\/#\/schema\/person\/2b1cf3cd81a31e3cd26889ca66d677f1"},"headline":"Mouvement de Lib\u00e9ration pour le Cameroun: voici la crainte des camerounais","datePublished":"2021-03-18T21:24:54+00:00","dateModified":"2021-03-19T02:06:36+00:00","mainEntityOfPage":{"@id":"https:\/\/www.africa-press.net\/cameroun\/politique\/mouvement-de-liberation-pour-le-cameroun-voici-la-crainte-des-camerounais"},"wordCount":641,"commentCount":0,"image":{"@id":"https:\/\/www.africa-press.net\/cameroun\/politique\/mouvement-de-liberation-pour-le-cameroun-voici-la-crainte-des-camerounais#primaryimage"},"thumbnailUrl":"https:\/\/static.africa-press.net\/cameroun\/sites\/57\/2021\/03\/img-6053f708443f2.jpg","keywords":["Africa Press","Africa Press-Cameroun","Cameroun"],"articleSection":["homepage-french","Politique","Toutes les actualit\u00e9s"],"inLanguage":"fr-FR","potentialAction":[{"@type":"CommentAction","name":"Comment","target":["https:\/\/www.africa-press.net\/cameroun\/politique\/mouvement-de-liberation-pour-le-cameroun-voici-la-crainte-des-camerounais#respond"]}]},{"@type":"WebPage","@id":"https:\/\/www.africa-press.net\/cameroun\/politique\/mouvement-de-liberation-pour-le-cameroun-voici-la-crainte-des-camerounais","url":"https:\/\/www.africa-press.net\/cameroun\/politique\/mouvement-de-liberation-pour-le-cameroun-voici-la-crainte-des-camerounais","name":"Mouvement de Lib\u00e9ration pour le Cameroun: voici la crainte des camerounais - Cameroun","isPartOf":{"@id":"https:\/\/www.africa-press.net\/cameroun\/#website"},"primaryImageOfPage":{"@id":"https:\/\/www.africa-press.net\/cameroun\/politique\/mouvement-de-liberation-pour-le-cameroun-voici-la-crainte-des-camerounais#primaryimage"},"image":{"@id":"https:\/\/www.africa-press.net\/cameroun\/politique\/mouvement-de-liberation-pour-le-cameroun-voici-la-crainte-des-camerounais#primaryimage"},"thumbnailUrl":"https:\/\/static.africa-press.net\/cameroun\/sites\/57\/2021\/03\/img-6053f708443f2.jpg","datePublished":"2021-03-18T21:24:54+00:00","dateModified":"2021-03-19T02:06:36+00:00","author":{"@id":"https:\/\/www.africa-press.net\/cameroun\/#\/schema\/person\/2b1cf3cd81a31e3cd26889ca66d677f1"},"description":"...","breadcrumb":{"@id":"https:\/\/www.africa-press.net\/cameroun\/politique\/mouvement-de-liberation-pour-le-cameroun-voici-la-crainte-des-camerounais#breadcrumb"},"inLanguage":"fr-FR","potentialAction":[{"@type":"ReadAction","target":["https:\/\/www.africa-press.net\/cameroun\/politique\/mouvement-de-liberation-pour-le-cameroun-voici-la-crainte-des-camerounais"]}]},{"@type":"ImageObject","inLanguage":"fr-FR","@id":"https:\/\/www.africa-press.net\/cameroun\/politique\/mouvement-de-liberation-pour-le-cameroun-voici-la-crainte-des-camerounais#primaryimage","url":"https:\/\/static.africa-press.net\/cameroun\/sites\/57\/2021\/03\/img-6053f708443f2.jpg","contentUrl":"https:\/\/static.africa-press.net\/cameroun\/sites\/57\/2021\/03\/img-6053f708443f2.jpg","width":720,"height":463,"caption":"Mouvement de Lib\u00e9ration pour le Cameroun: voici la crainte des camerounais"},{"@type":"BreadcrumbList","@id":"https:\/\/www.africa-press.net\/cameroun\/politique\/mouvement-de-liberation-pour-le-cameroun-voici-la-crainte-des-camerounais#breadcrumb","itemListElement":[{"@type":"ListItem","position":1,"name":"Accueil","item":"https:\/\/www.africa-press.net\/cameroun\/"},{"@type":"ListItem","position":2,"name":"Mouvement de Lib\u00e9ration pour le Cameroun: voici la crainte des camerounais"}]},{"@type":"WebSite","@id":"https:\/\/www.africa-press.net\/cameroun\/#website","url":"https:\/\/www.africa-press.net\/cameroun\/","name":"Cameroun","description":"Just another Africa News Agency Sites site","potentialAction":[{"@type":"SearchAction","target":{"@type":"EntryPoint","urlTemplate":"https:\/\/www.africa-press.net\/cameroun\/?s={search_term_string}"},"query-input":{"@type":"PropertyValueSpecification","valueRequired":true,"valueName":"search_term_string"}}],"inLanguage":"fr-FR"},{"@type":"Person","@id":"https:\/\/www.africa-press.net\/cameroun\/#\/schema\/person\/2b1cf3cd81a31e3cd26889ca66d677f1","name":"cfeditorfr"}]}},"_links":{"self":[{"href":"https:\/\/www.africa-press.net\/cameroun\/wp-json\/wp\/v2\/posts\/1260","targetHints":{"allow":["GET"]}}],"collection":[{"href":"https:\/\/www.africa-press.net\/cameroun\/wp-json\/wp\/v2\/posts"}],"about":[{"href":"https:\/\/www.africa-press.net\/cameroun\/wp-json\/wp\/v2\/types\/post"}],"author":[{"embeddable":true,"href":"https:\/\/www.africa-press.net\/cameroun\/wp-json\/wp\/v2\/users\/82"}],"replies":[{"embeddable":true,"href":"https:\/\/www.africa-press.net\/cameroun\/wp-json\/wp\/v2\/comments?post=1260"}],"version-history":[{"count":0,"href":"https:\/\/www.africa-press.net\/cameroun\/wp-json\/wp\/v2\/posts\/1260\/revisions"}],"wp:featuredmedia":[{"embeddable":true,"href":"https:\/\/www.africa-press.net\/cameroun\/wp-json\/wp\/v2\/media\/1259"}],"wp:attachment":[{"href":"https:\/\/www.africa-press.net\/cameroun\/wp-json\/wp\/v2\/media?parent=1260"}],"wp:term":[{"taxonomy":"category","embeddable":true,"href":"https:\/\/www.africa-press.net\/cameroun\/wp-json\/wp\/v2\/categories?post=1260"},{"taxonomy":"post_tag","embeddable":true,"href":"https:\/\/www.africa-press.net\/cameroun\/wp-json\/wp\/v2\/tags?post=1260"}],"curies":[{"name":"wp","href":"https:\/\/api.w.org\/{rel}","templated":true}]}}