{"id":1263,"date":"2021-03-18T21:29:27","date_gmt":"2021-03-18T21:29:27","guid":{"rendered":"https:\/\/www.africa-press.net\/cameroun\/politique\/cameroun-linventable-accession-au-pouvoir-de-franck-biya"},"modified":"2021-03-19T02:06:52","modified_gmt":"2021-03-19T02:06:52","slug":"cameroun-linventable-accession-au-pouvoir-de-franck-biya","status":"publish","type":"post","link":"https:\/\/www.africa-press.net\/cameroun\/politique\/cameroun-linventable-accession-au-pouvoir-de-franck-biya","title":{"rendered":"Cameroun : l\u2019inventable accession au pouvoir de Franck Biya"},"content":{"rendered":"<p><span style=\"color: #ff6600\"><strong><a href=\"https:\/\/www.africa-press.net\/\">Africa-Press<\/a> &#8211; <a href=\"https:\/\/www.africa-press.net\/cameroun\">Cameroun<\/a>.<\/strong><\/span>Des fanatiques se mobilisent pour l\u00e9 positionnement du fils de Paul Biya \u00e0 la magistrature supr\u00eame.<\/p>\n<p>Opportunistes ou id\u00e9ologues, convaincus \u00ab les frankistes\u00bb du nom de leur mouvement se mettent en branle pour pr\u00e9parer l\u2019opinion \u00e0 une certaine ascension de Emmanuel Franck Biya fils du pr\u00e9sident de la R\u00e9publique, qu\u2019ils d\u00e9fendent .avec pour ambition la prise du pouvoir par cet homme plut\u00f4t discret et effac\u00e9 de la sc\u00e8ne politique. L\u2019\u00e9ch\u00e9ance de 2025 date pr\u00e9vue pour la prochaine \u00e9lection pr\u00e9sidentielle se pr\u00e9pare.<\/p>\n<p>Entre les fid\u00e8les de Paul Biya et les nouveaux soutiens de son fils le myst\u00e8re demeure tant il est vrai qu\u2019une validation que pourrait accorder le chef de l\u2019\u00c9tat \u00e0 son enfant va provoquer un malaise profond dans le cercle restreint du pouvoir o\u00f9 les uns et les autres caressent le r\u00eave de devenir \u00e0 leur tour pr\u00e9sident de la R\u00e9publique. Une ambition l\u00e9gitime du moment o\u00f9 le combat politique d\u00e9mocratique permet \u00e0 chaque citoyen soucieux de prenne les r\u00eanes du pays de se lancer dans la bataille et de se faire valoir, quitte \u00e0 ce qu\u2019il soit vaincu. Mais ce jeu politique n\u00e9cessite une r\u00e9flexion.<\/p>\n<p>Le frankisme ne serait-il pas un mouvement cr\u00e9\u00e9 par le s\u00e9rail pour faire obstruction \u00e0 l\u2019opposition ? Franck Biya ne serait-il pas une \u00ab cr\u00e9ature\u00bb propos\u00e9e aux populations pour diriger le pays en rupture avec la vieille garde du pouvoir vomie par les camerounais ? Dans ce cas le r\u00f4le de Franck Biya servirait d\u2019une part \u00e0 emp\u00eacher les adversaires du r\u00e9gime \u00e0 prendre les commandes et \u00bb \u00e0 couper le pont avec les caciques oligarques d\u2019autre part. Serait-il r\u00e9ellement une alternative \u00e0 la transition d\u00e9mocratique telle que voulue par une large majorit\u00e9 des camerounais ?<\/p>\n<p>Paul Biya reconnu comme un redoutable sphinx ne calculerait- il pas de faire porter son fils vers le sommet de l\u2019Etat et de mener une retraite paisible \u00e0 l\u2019abri de son entourage peu fid\u00e8le et moins loyal \u00e0 qui la fonction pr\u00e9sidentielle si elle lui a accord\u00e9 le conduirait \u00e0 se lancer dans une volte-face contre le \u00ab cr\u00e9ateur\u00bb d\u2019hier ? Toutes les possibilit\u00e9s sont envisageables. L\u2019histoire de l\u2019Afrique contemporaine nous expose les voltes- faces des camarades et proches jadis du m\u00eame clan devenus des pires ennemis se livrant \u00e0 une guerre sanglante au centre de laquelle le contr\u00f4le du pouvoir s\u00e9duit obsessionnellement les conqu\u00e9rants du tr\u00f4ne.<\/p>\n<p>M\u00eame si Emmanuel Franck .Biya le personnage principal de cette s\u00e9rie politique r\u00e9aliste s\u2019est montr\u00e9 d\u00e9favorable face \u00e0 ce groupe de soutien Alain Fid\u00e8le Owona le coordonnateur du mouvement Frankiste invit\u00e9 sur un plateau t\u00e9l\u00e9 le weekend dernier a soutenu \u00ab avoir choisi Franck Biya que nous avons identifi\u00e9 dans le cadre de I\u2019 alternance g\u00e9n\u00e9rationnelle dont le chef de l\u2019\u00c9tat parle \u00bb. Ceci d\u00e9montre la t\u00e9m\u00e9rit\u00e9 des frankistes de m\u00eame que leur libert\u00e9 de voir leur probable candidat se hisser \u00e0 la t\u00eate du pays. Toutefois une possibilit\u00e9 du fils du pr\u00e9sident au pouvoir renforcerait l\u2019id\u00e9e de quelques critiques sur une dictature voire une monarchie mise en \u0153uvre par Paul Biya. Toute similitude sera faite avec le Gabon o\u00f9 le pouvoir du feu Bongo p\u00e8re se poursuit avec son fils Ali Bongo.<\/p>\n<p>Cette illustration marquerait le recul de la d\u00e9mocratie et le retour \u00e0 la principaut\u00e9 observ\u00e9e dans la M\u00e9diterran\u00e9e antique. Approch\u00e9s par notre r\u00e9daction sept habitants del\u00e0 ville de Yaound\u00e9 sur dix se sont montr\u00e9s contre une imaginaire prise de pouvoir par Franck Biya. \u00ab C\u2019est un camerounais il a le droit de se pr\u00e9senter \u00e0 une \u00e9lection pr\u00e9sidentielle \u00bb. L\u2019avis mod\u00e9r\u00e9 de ce citadin croise le fer de plusieurs hommes de la rue. \u00ab Le Cameroun n\u2019est pas un royaume. Si Paul Biya quitte le pouvoir quelqu\u2019un doit le remplacer. Nous disons non \u00e0 son fils \u00bb.<\/p>\n","protected":false},"excerpt":{"rendered":"<p>Africa-Press &#8211; Cameroun.Des fanatiques se mobilisent pour l\u00e9 positionnement du fils de Paul Biya \u00e0 la magistrature supr\u00eame. Opportunistes ou id\u00e9ologues, convaincus \u00ab les frankistes\u00bb du nom de leur mouvement se mettent en branle pour pr\u00e9parer l\u2019opinion \u00e0 une certaine ascension de Emmanuel Franck Biya fils du pr\u00e9sident de la R\u00e9publique, qu\u2019ils d\u00e9fendent .avec pour [&hellip;]<\/p>\n","protected":false},"author":82,"featured_media":1262,"comment_status":"open","ping_status":"closed","sticky":false,"template":"","format":"standard","meta":{"footnotes":""},"categories":[11,2,10],"tags":[36,50,49],"class_list":["post-1263","post","type-post","status-publish","format-standard","has-post-thumbnail","hentry","category-homepage-french","category-politique","category-toutes-les-actualites","tag-africa-press","tag-africa-press-cameroun","tag-cameroun"],"yoast_head":"<!-- This site is optimized with the Yoast SEO Premium plugin v26.1 (Yoast SEO v27.0) - https:\/\/yoast.com\/product\/yoast-seo-premium-wordpress\/ -->\n<title>Cameroun : l\u2019inventable accession au pouvoir de Franck Biya - Cameroun<\/title>\n<meta name=\"description\" content=\"...\" \/>\n<meta name=\"robots\" content=\"index, follow, max-snippet:-1, max-image-preview:large, max-video-preview:-1\" \/>\n<link rel=\"canonical\" href=\"https:\/\/www.africa-press.net\/cameroun\/politique\/cameroun-linventable-accession-au-pouvoir-de-franck-biya\" \/>\n<meta property=\"og:locale\" content=\"fr_FR\" \/>\n<meta property=\"og:type\" content=\"article\" \/>\n<meta property=\"og:title\" content=\"Cameroun : l\u2019inventable accession au pouvoir de Franck Biya\" \/>\n<meta property=\"og:description\" content=\"...\" \/>\n<meta property=\"og:url\" content=\"https:\/\/www.africa-press.net\/cameroun\/politique\/cameroun-linventable-accession-au-pouvoir-de-franck-biya\" \/>\n<meta property=\"og:site_name\" content=\"Cameroun\" \/>\n<meta property=\"article:published_time\" content=\"2021-03-18T21:29:27+00:00\" \/>\n<meta property=\"article:modified_time\" content=\"2021-03-19T02:06:52+00:00\" \/>\n<meta property=\"og:image\" content=\"https:\/\/static.africa-press.net\/cameroun\/sites\/57\/2021\/03\/img-6053f728a74e2.jpg\" \/>\n\t<meta property=\"og:image:width\" content=\"720\" \/>\n\t<meta property=\"og:image:height\" content=\"553\" \/>\n\t<meta property=\"og:image:type\" content=\"image\/jpeg\" \/>\n<meta name=\"author\" content=\"cfeditorfr\" \/>\n<meta name=\"twitter:card\" content=\"summary_large_image\" \/>\n<meta name=\"twitter:label1\" content=\"\u00c9crit par\" \/>\n\t<meta name=\"twitter:data1\" content=\"cfeditorfr\" \/>\n\t<meta name=\"twitter:label2\" content=\"Dur\u00e9e de lecture estim\u00e9e\" \/>\n\t<meta name=\"twitter:data2\" content=\"3 minutes\" \/>\n<script type=\"application\/ld+json\" class=\"yoast-schema-graph\">{\"@context\":\"https:\/\/schema.org\",\"@graph\":[{\"@type\":\"Article\",\"@id\":\"https:\/\/www.africa-press.net\/cameroun\/politique\/cameroun-linventable-accession-au-pouvoir-de-franck-biya#article\",\"isPartOf\":{\"@id\":\"https:\/\/www.africa-press.net\/cameroun\/politique\/cameroun-linventable-accession-au-pouvoir-de-franck-biya\"},\"author\":{\"name\":\"cfeditorfr\",\"@id\":\"https:\/\/www.africa-press.net\/cameroun\/#\/schema\/person\/2b1cf3cd81a31e3cd26889ca66d677f1\"},\"headline\":\"Cameroun : l\u2019inventable accession au pouvoir de Franck Biya\",\"datePublished\":\"2021-03-18T21:29:27+00:00\",\"dateModified\":\"2021-03-19T02:06:52+00:00\",\"mainEntityOfPage\":{\"@id\":\"https:\/\/www.africa-press.net\/cameroun\/politique\/cameroun-linventable-accession-au-pouvoir-de-franck-biya\"},\"wordCount\":683,\"commentCount\":0,\"image\":{\"@id\":\"https:\/\/www.africa-press.net\/cameroun\/politique\/cameroun-linventable-accession-au-pouvoir-de-franck-biya#primaryimage\"},\"thumbnailUrl\":\"https:\/\/static.africa-press.net\/cameroun\/sites\/57\/2021\/03\/img-6053f728a74e2.jpg\",\"keywords\":[\"Africa Press\",\"Africa Press-Cameroun\",\"Cameroun\"],\"articleSection\":[\"homepage-french\",\"Politique\",\"Toutes les actualit\u00e9s\"],\"inLanguage\":\"fr-FR\",\"potentialAction\":[{\"@type\":\"CommentAction\",\"name\":\"Comment\",\"target\":[\"https:\/\/www.africa-press.net\/cameroun\/politique\/cameroun-linventable-accession-au-pouvoir-de-franck-biya#respond\"]}]},{\"@type\":\"WebPage\",\"@id\":\"https:\/\/www.africa-press.net\/cameroun\/politique\/cameroun-linventable-accession-au-pouvoir-de-franck-biya\",\"url\":\"https:\/\/www.africa-press.net\/cameroun\/politique\/cameroun-linventable-accession-au-pouvoir-de-franck-biya\",\"name\":\"Cameroun : l\u2019inventable accession au pouvoir de Franck Biya - Cameroun\",\"isPartOf\":{\"@id\":\"https:\/\/www.africa-press.net\/cameroun\/#website\"},\"primaryImageOfPage\":{\"@id\":\"https:\/\/www.africa-press.net\/cameroun\/politique\/cameroun-linventable-accession-au-pouvoir-de-franck-biya#primaryimage\"},\"image\":{\"@id\":\"https:\/\/www.africa-press.net\/cameroun\/politique\/cameroun-linventable-accession-au-pouvoir-de-franck-biya#primaryimage\"},\"thumbnailUrl\":\"https:\/\/static.africa-press.net\/cameroun\/sites\/57\/2021\/03\/img-6053f728a74e2.jpg\",\"datePublished\":\"2021-03-18T21:29:27+00:00\",\"dateModified\":\"2021-03-19T02:06:52+00:00\",\"author\":{\"@id\":\"https:\/\/www.africa-press.net\/cameroun\/#\/schema\/person\/2b1cf3cd81a31e3cd26889ca66d677f1\"},\"description\":\"...\",\"breadcrumb\":{\"@id\":\"https:\/\/www.africa-press.net\/cameroun\/politique\/cameroun-linventable-accession-au-pouvoir-de-franck-biya#breadcrumb\"},\"inLanguage\":\"fr-FR\",\"potentialAction\":[{\"@type\":\"ReadAction\",\"target\":[\"https:\/\/www.africa-press.net\/cameroun\/politique\/cameroun-linventable-accession-au-pouvoir-de-franck-biya\"]}]},{\"@type\":\"ImageObject\",\"inLanguage\":\"fr-FR\",\"@id\":\"https:\/\/www.africa-press.net\/cameroun\/politique\/cameroun-linventable-accession-au-pouvoir-de-franck-biya#primaryimage\",\"url\":\"https:\/\/static.africa-press.net\/cameroun\/sites\/57\/2021\/03\/img-6053f728a74e2.jpg\",\"contentUrl\":\"https:\/\/static.africa-press.net\/cameroun\/sites\/57\/2021\/03\/img-6053f728a74e2.jpg\",\"width\":720,\"height\":553,\"caption\":\"Cameroun : l\u2019inventable accession au pouvoir de Franck Biya\"},{\"@type\":\"BreadcrumbList\",\"@id\":\"https:\/\/www.africa-press.net\/cameroun\/politique\/cameroun-linventable-accession-au-pouvoir-de-franck-biya#breadcrumb\",\"itemListElement\":[{\"@type\":\"ListItem\",\"position\":1,\"name\":\"Accueil\",\"item\":\"https:\/\/www.africa-press.net\/cameroun\/\"},{\"@type\":\"ListItem\",\"position\":2,\"name\":\"Cameroun : l\u2019inventable accession au pouvoir de Franck Biya\"}]},{\"@type\":\"WebSite\",\"@id\":\"https:\/\/www.africa-press.net\/cameroun\/#website\",\"url\":\"https:\/\/www.africa-press.net\/cameroun\/\",\"name\":\"Cameroun\",\"description\":\"Just another Africa News Agency Sites site\",\"potentialAction\":[{\"@type\":\"SearchAction\",\"target\":{\"@type\":\"EntryPoint\",\"urlTemplate\":\"https:\/\/www.africa-press.net\/cameroun\/?s={search_term_string}\"},\"query-input\":{\"@type\":\"PropertyValueSpecification\",\"valueRequired\":true,\"valueName\":\"search_term_string\"}}],\"inLanguage\":\"fr-FR\"},{\"@type\":\"Person\",\"@id\":\"https:\/\/www.africa-press.net\/cameroun\/#\/schema\/person\/2b1cf3cd81a31e3cd26889ca66d677f1\",\"name\":\"cfeditorfr\"}]}<\/script>\n<!-- \/ Yoast SEO Premium plugin. -->","yoast_head_json":{"title":"Cameroun : l\u2019inventable accession au pouvoir de Franck Biya - Cameroun","description":"...","robots":{"index":"index","follow":"follow","max-snippet":"max-snippet:-1","max-image-preview":"max-image-preview:large","max-video-preview":"max-video-preview:-1"},"canonical":"https:\/\/www.africa-press.net\/cameroun\/politique\/cameroun-linventable-accession-au-pouvoir-de-franck-biya","og_locale":"fr_FR","og_type":"article","og_title":"Cameroun : l\u2019inventable accession au pouvoir de Franck Biya","og_description":"...","og_url":"https:\/\/www.africa-press.net\/cameroun\/politique\/cameroun-linventable-accession-au-pouvoir-de-franck-biya","og_site_name":"Cameroun","article_published_time":"2021-03-18T21:29:27+00:00","article_modified_time":"2021-03-19T02:06:52+00:00","og_image":[{"width":720,"height":553,"url":"https:\/\/static.africa-press.net\/cameroun\/sites\/57\/2021\/03\/img-6053f728a74e2.jpg","type":"image\/jpeg"}],"author":"cfeditorfr","twitter_card":"summary_large_image","twitter_misc":{"\u00c9crit par":"cfeditorfr","Dur\u00e9e de lecture estim\u00e9e":"3 minutes"},"schema":{"@context":"https:\/\/schema.org","@graph":[{"@type":"Article","@id":"https:\/\/www.africa-press.net\/cameroun\/politique\/cameroun-linventable-accession-au-pouvoir-de-franck-biya#article","isPartOf":{"@id":"https:\/\/www.africa-press.net\/cameroun\/politique\/cameroun-linventable-accession-au-pouvoir-de-franck-biya"},"author":{"name":"cfeditorfr","@id":"https:\/\/www.africa-press.net\/cameroun\/#\/schema\/person\/2b1cf3cd81a31e3cd26889ca66d677f1"},"headline":"Cameroun : l\u2019inventable accession au pouvoir de Franck Biya","datePublished":"2021-03-18T21:29:27+00:00","dateModified":"2021-03-19T02:06:52+00:00","mainEntityOfPage":{"@id":"https:\/\/www.africa-press.net\/cameroun\/politique\/cameroun-linventable-accession-au-pouvoir-de-franck-biya"},"wordCount":683,"commentCount":0,"image":{"@id":"https:\/\/www.africa-press.net\/cameroun\/politique\/cameroun-linventable-accession-au-pouvoir-de-franck-biya#primaryimage"},"thumbnailUrl":"https:\/\/static.africa-press.net\/cameroun\/sites\/57\/2021\/03\/img-6053f728a74e2.jpg","keywords":["Africa Press","Africa Press-Cameroun","Cameroun"],"articleSection":["homepage-french","Politique","Toutes les actualit\u00e9s"],"inLanguage":"fr-FR","potentialAction":[{"@type":"CommentAction","name":"Comment","target":["https:\/\/www.africa-press.net\/cameroun\/politique\/cameroun-linventable-accession-au-pouvoir-de-franck-biya#respond"]}]},{"@type":"WebPage","@id":"https:\/\/www.africa-press.net\/cameroun\/politique\/cameroun-linventable-accession-au-pouvoir-de-franck-biya","url":"https:\/\/www.africa-press.net\/cameroun\/politique\/cameroun-linventable-accession-au-pouvoir-de-franck-biya","name":"Cameroun : l\u2019inventable accession au pouvoir de Franck Biya - Cameroun","isPartOf":{"@id":"https:\/\/www.africa-press.net\/cameroun\/#website"},"primaryImageOfPage":{"@id":"https:\/\/www.africa-press.net\/cameroun\/politique\/cameroun-linventable-accession-au-pouvoir-de-franck-biya#primaryimage"},"image":{"@id":"https:\/\/www.africa-press.net\/cameroun\/politique\/cameroun-linventable-accession-au-pouvoir-de-franck-biya#primaryimage"},"thumbnailUrl":"https:\/\/static.africa-press.net\/cameroun\/sites\/57\/2021\/03\/img-6053f728a74e2.jpg","datePublished":"2021-03-18T21:29:27+00:00","dateModified":"2021-03-19T02:06:52+00:00","author":{"@id":"https:\/\/www.africa-press.net\/cameroun\/#\/schema\/person\/2b1cf3cd81a31e3cd26889ca66d677f1"},"description":"...","breadcrumb":{"@id":"https:\/\/www.africa-press.net\/cameroun\/politique\/cameroun-linventable-accession-au-pouvoir-de-franck-biya#breadcrumb"},"inLanguage":"fr-FR","potentialAction":[{"@type":"ReadAction","target":["https:\/\/www.africa-press.net\/cameroun\/politique\/cameroun-linventable-accession-au-pouvoir-de-franck-biya"]}]},{"@type":"ImageObject","inLanguage":"fr-FR","@id":"https:\/\/www.africa-press.net\/cameroun\/politique\/cameroun-linventable-accession-au-pouvoir-de-franck-biya#primaryimage","url":"https:\/\/static.africa-press.net\/cameroun\/sites\/57\/2021\/03\/img-6053f728a74e2.jpg","contentUrl":"https:\/\/static.africa-press.net\/cameroun\/sites\/57\/2021\/03\/img-6053f728a74e2.jpg","width":720,"height":553,"caption":"Cameroun : l\u2019inventable accession au pouvoir de Franck Biya"},{"@type":"BreadcrumbList","@id":"https:\/\/www.africa-press.net\/cameroun\/politique\/cameroun-linventable-accession-au-pouvoir-de-franck-biya#breadcrumb","itemListElement":[{"@type":"ListItem","position":1,"name":"Accueil","item":"https:\/\/www.africa-press.net\/cameroun\/"},{"@type":"ListItem","position":2,"name":"Cameroun : l\u2019inventable accession au pouvoir de Franck Biya"}]},{"@type":"WebSite","@id":"https:\/\/www.africa-press.net\/cameroun\/#website","url":"https:\/\/www.africa-press.net\/cameroun\/","name":"Cameroun","description":"Just another Africa News Agency Sites site","potentialAction":[{"@type":"SearchAction","target":{"@type":"EntryPoint","urlTemplate":"https:\/\/www.africa-press.net\/cameroun\/?s={search_term_string}"},"query-input":{"@type":"PropertyValueSpecification","valueRequired":true,"valueName":"search_term_string"}}],"inLanguage":"fr-FR"},{"@type":"Person","@id":"https:\/\/www.africa-press.net\/cameroun\/#\/schema\/person\/2b1cf3cd81a31e3cd26889ca66d677f1","name":"cfeditorfr"}]}},"_links":{"self":[{"href":"https:\/\/www.africa-press.net\/cameroun\/wp-json\/wp\/v2\/posts\/1263","targetHints":{"allow":["GET"]}}],"collection":[{"href":"https:\/\/www.africa-press.net\/cameroun\/wp-json\/wp\/v2\/posts"}],"about":[{"href":"https:\/\/www.africa-press.net\/cameroun\/wp-json\/wp\/v2\/types\/post"}],"author":[{"embeddable":true,"href":"https:\/\/www.africa-press.net\/cameroun\/wp-json\/wp\/v2\/users\/82"}],"replies":[{"embeddable":true,"href":"https:\/\/www.africa-press.net\/cameroun\/wp-json\/wp\/v2\/comments?post=1263"}],"version-history":[{"count":0,"href":"https:\/\/www.africa-press.net\/cameroun\/wp-json\/wp\/v2\/posts\/1263\/revisions"}],"wp:featuredmedia":[{"embeddable":true,"href":"https:\/\/www.africa-press.net\/cameroun\/wp-json\/wp\/v2\/media\/1262"}],"wp:attachment":[{"href":"https:\/\/www.africa-press.net\/cameroun\/wp-json\/wp\/v2\/media?parent=1263"}],"wp:term":[{"taxonomy":"category","embeddable":true,"href":"https:\/\/www.africa-press.net\/cameroun\/wp-json\/wp\/v2\/categories?post=1263"},{"taxonomy":"post_tag","embeddable":true,"href":"https:\/\/www.africa-press.net\/cameroun\/wp-json\/wp\/v2\/tags?post=1263"}],"curies":[{"name":"wp","href":"https:\/\/api.w.org\/{rel}","templated":true}]}}