{"id":1269,"date":"2021-03-18T21:43:35","date_gmt":"2021-03-18T21:43:35","guid":{"rendered":"https:\/\/www.africa-press.net\/cameroun\/politique\/le-cameroun-va-mettre-50-milliards-dans-le-financement-du-cacao-et-du-cafe"},"modified":"2021-03-19T02:07:50","modified_gmt":"2021-03-19T02:07:50","slug":"le-cameroun-va-mettre-50-milliards-dans-le-financement-du-cacao-et-du-cafe","status":"publish","type":"post","link":"https:\/\/www.africa-press.net\/cameroun\/economie\/le-cameroun-va-mettre-50-milliards-dans-le-financement-du-cacao-et-du-cafe","title":{"rendered":"Le Cameroun va mettre 50 milliards dans le financement du cacao et du caf\u00e9"},"content":{"rendered":"<p><span style=\"color: #ff6600\"><strong><a href=\"https:\/\/www.africa-press.net\/\">Africa-Press<\/a> &#8211; <a href=\"https:\/\/www.africa-press.net\/cameroun\">Cameroun<\/a>.<\/strong><\/span>L\u2019Etat du Cameroun s\u2019appr\u00eate \u00e0 mettre 50 milliards, sur cinq ans, au profit de producteurs de cacao et caf\u00e9 nationaux. Administrateur du Fonds de d\u00e9veloppement des fili\u00e8res caf\u00e9 et cacao (FODECC), Samuel Donatien Nengue d\u00e9voile les lignes de force de ce nouveau v\u00e9hicule de financement.<\/p>\n<p><strong>Quelle est l\u2019origine des subventions qui vont \u00eatre allou\u00e9s aux producteurs ?<\/strong><\/p>\n<p>Pr\u00e9cisons d\u2019embl\u00e9e que les ressources du Fonds proviennent de la redevance \u00e0 l\u2019exportation du cacao et du caf\u00e9, des produits issus des amendes r\u00e9sultant de l\u2019exportation des produits de mauvaise qualit\u00e9, des contributions diverses, des dons et legs de toute nature. Ces ressources sont collect\u00e9es par le Fonds ou des interm\u00e9diaires, vers\u00e9es totalement et directement au compte du FODECC ouvert aupr\u00e8s de la Banque des Etat d\u2019Afrique centrale (BEAC). Ajoutons que les paiements, par le Fonds, s\u2019effectuent \u00e0 partir des comptes ouverts par l\u2019Administrateur que je suis aupr\u00e8s des \u00e9tablissements bancaires agr\u00e9\u00e9s. C\u2019est le lieu de signaler que le Fonds ne peut contracter d\u2019emprunt et que sa gestion est soumise \u00e0 des audits techniques, comptables et financiers. Le montant global des subventions n\u2019est pas encore fix\u00e9. Mais nous savons d\u00e9j\u00e0 que le Cameroun va mettre 50 milliards de FCFA, sur 5 ans, dans le financement du cacao et du caf\u00e9. Il est important de souligner que les subventions donn\u00e9es dans le cadre du \u00abGuichet Producteurs\u00bb ne se font pas en num\u00e9raire. C\u2019est la conversion d\u2019une donation publique en faveur du producteur, mais \u00e0 travers des intrants agricoles, fertilisants et autres besoins de production exprim\u00e9s par les producteurs eux-m\u00eames. Les infrastructures ne sont pas concern\u00e9es dans un premier temps, mais il est pr\u00e9vu qu\u2019on aille jusqu\u2019\u00e0 leur subventionnement. Le FODECC s\u2019\u00e9vertue \u00e0 mettre directement \u00e0 la disposition du producteur des subventions sans aucune interm\u00e9diation. Il gagne en temps, on le responsabilise, il prend confiance, \u00e7a co\u00fbte moins cher et il a plus de produits.<\/p>\n<p><strong>La t\u00e9l\u00e9phonie mobile aura assur\u00e9ment un r\u00f4le majeur \u00e0 y jouer ?<\/strong><\/p>\n<p>Nous allons effectivement connecter l\u2019agriculture de seconde g\u00e9n\u00e9ration aux technologies de l\u2019information et de la communication. Notre objectif est d\u2019\u00eatre au plus pr\u00e8s des besoins du producteur. A cet effet, le FODECC va mettre en place un num\u00e9ro vert permettant \u00e0 tout producteur, o\u00f9 qu\u2019il se trouve, et dot\u00e9 d\u2019un smartphone et d\u2019une puce fonctionnelle, de notifier, d\u2019informer et de signaler. Il est tr\u00e8s important de souligner que ce num\u00e9ro vert installe progressivement ce qui, demain, sera probablement port\u00e9 par plusieurs administrations sectorielles en termes de centres d\u2019appel avec pour objectif cl\u00e9 d\u2019apporter des premi\u00e8res r\u00e9ponses en cas de sollicitation et d\u2019interventions d\u2019urgence. Avec le num\u00e9ro vert, on s\u2019inscrit r\u00e9solument dans une d\u00e9marche qualit\u00e9. En clair, nous pr\u00e9parons tout ce qui peut b\u00e9n\u00e9ficier au producteur.<\/p>\n<p><strong>On parle d\u2019environ 15 \u00e9tablissements bancaires mobilis\u00e9s autour du projet\u2026 ?<\/strong><\/p>\n<p>C\u2019est exact ! Et les \u00e9tablissements de microfinance (EMF) ne sont pas en reste. Nous avons huit bassins de production et les EMF sont parfois install\u00e9s sur un bassin ou plusieurs. Donc, tous les EMF qui en ont la qualit\u00e9 seront mobilis\u00e9s d\u00e8s lors qu\u2019ils appartiennent \u00e0 un r\u00e9seau encadr\u00e9 par une banque de premier ordre. L\u2019enjeu est de rapprocher les subventions du producteur. D\u2019o\u00f9 la concertation avec les op\u00e9rateurs de t\u00e9l\u00e9phonie mobile, pour les transferts d\u2019argent et l\u2019\u00e9change de donn\u00e9es avec notre plateforme. Je pr\u00e9cise, \u00e0 toutes fins utiles, que les ressources mobilis\u00e9es par le \u00ab Guichet Producteurs \u00bb proviennent de la redevance \u00e0 l\u2019exportation du cacao et du caf\u00e9, des produits issus des amendes r\u00e9sultant de l\u2019exportation des produits de mauvaise qualit\u00e9, des contributions diverses, des dons et legs de toute nature.<\/p>\n<p><strong>Y a-t-il lieu d\u2019affronter une concurrence dans l\u2019obtention des subventions ?<\/strong><\/p>\n<p>Je vais \u00eatre tr\u00e8s clair : la concurrence ne peut pas exister en mati\u00e8re de subventions de premi\u00e8re cat\u00e9gorie. Mais l\u2019enveloppe est limit\u00e9e annuellement. Ce qui veut dire concr\u00e8tement que le premier venu sera le premier servi. Graduellement, le m\u00e9canisme de subvention voudrait qu\u2019on progresse dans le cadre des aides qu\u2019on accorde pour que la subvention b\u00e9n\u00e9ficie de mani\u00e8re \u00e9quitable \u00e0 tous les producteurs, tout au moins la subvention de cat\u00e9gorie 1. On est oblig\u00e9 de jouer habilement pour que les m\u00eames ne per\u00e7oivent pas la subvention d\u2019une ann\u00e9e \u00e0 l\u2019autre. On a un m\u00e9canisme d\u2019extension progressive de la subvention pour que si elle a servi \u00e0 un l\u2019ann\u00e9e n, qu\u2019elle serve \u00e0 un autre en n+1. Et ainsi de suite. Nous nous appuierons sur l\u2019\u00e9lectronique et la gestion des bases de donn\u00e9es pour assurer le respect de cette \u00e9quit\u00e9. A l\u2019arriv\u00e9e, nous avons un m\u00e9canisme de suivi-\u00e9valuation-audit pour \u00e9viter les doublons.<\/p>\n<p><strong>Comment va concr\u00e8tement fonctionner ce \u00ab Guichet Producteurs \u00bb ?<\/strong><\/p>\n<p>Nous avons une communaut\u00e9 de banquiers avec laquelle nous n\u00e9gocions la bancarisation du monde paysan, en la mettant autour des \u00e9tablissements de microfinance et du syst\u00e8me bancaire. On leur ouvre ainsi la voie \u00e0 des opportunit\u00e9s d\u2019affaires multiples. Une fois consid\u00e9r\u00e9s comme des agents \u00e9conomiques \u00e0 part enti\u00e8re, on sait que les producteurs \u00e9ligibles \u00e0 d\u2019autres types de financements pourront couvrir leurs besoins comme n\u2019importe quel op\u00e9rateur \u00e9conomique de la vie nationale. Nous n\u00e9gocions avec des agro-dealers qui sont des pourvoyeurs d\u2019intrants agricoles, de petits \u00e9quipements agricoles et qui vont participer au processus de mobilisation des \u00e9quipements et des intrants autoris\u00e9s par les subventions. Le producteur n\u2019aura plus besoin de se d\u00e9placer sur de longues distances pour avoir droit et b\u00e9n\u00e9fice \u00e0 ce dont sa plantation a besoin. A terme, l\u2019id\u00e9e est que les services d\u00e9concentr\u00e9s participent, \u00e0 nos c\u00f4t\u00e9s, \u00e0 l\u2019analyse de l\u2019opportunit\u00e9 de financer le producteur notamment pour les questions li\u00e9es aux plans d\u2019affaires. Au surplus, il s\u2019agira d\u2019accompagner les producteurs par des appuis-conseils dans le cadre de l\u2019\u00e9pandage des fertilisants, de la lutte antifongique et de l\u2019utilisation du petit \u00e9quipement agricole que les diff\u00e9rents groupes cibles pourront solliciter.<\/p>\n<p><strong>D\u2019un point de vue strat\u00e9gique, quel est l\u2019effet final recherch\u00e9 ?<\/strong><\/p>\n<p>Nous voulons anticiper sur les march\u00e9s. Le rythme des plantations doit \u00eatre suivi et les plants doivent \u00eatre approvisionn\u00e9s pour que le producteur en tire le meilleur b\u00e9n\u00e9fice possible. Tout ce qui est fait ne vise qu\u2019une chose : donner un meilleur avenir au producteur de cacao et de caf\u00e9 qui est au d\u00e9part et \u00e0 la fin de tout le processus. Le but c\u2019est qu\u2019il produise suffisamment, s\u00e9curise la production qui malheureusement est parfois perdue \u00e0 hauteur de 50%. S\u2019il parvient d\u00e9j\u00e0 \u00e0 r\u00e9cup\u00e9rer tout ce qu\u2019il produit, c\u2019est la premi\u00e8re victoire. La deuxi\u00e8me victoire, c\u2019est qu\u2019il faudrait que le dispositif l\u2019accompagne pour am\u00e9liorer la qualit\u00e9 du produit marchand \u00e0 venir.<\/p>\n<p>Aujourd\u2019hui, au prix o\u00f9 il commercialise son cacao ou son caf\u00e9, nous savons qu\u2019il n\u2019est pas le meilleur des agents \u00e9conomiques. L\u2019id\u00e9e est de l\u2019accompagner pour qu\u2019il vende mieux sa production \u00e0 des prix raisonnables. Les indications de prix avec les acteurs qui ont \u00e9t\u00e9 re\u00e7us par les membres du gouvernement ces derniers temps montrent qu\u2019on peut passer de 800 FCFA \u00e0 1600 FCFA le kg de cacao.<\/p>\n","protected":false},"excerpt":{"rendered":"<p>Africa-Press &#8211; Cameroun.L\u2019Etat du Cameroun s\u2019appr\u00eate \u00e0 mettre 50 milliards, sur cinq ans, au profit de producteurs de cacao et caf\u00e9 nationaux. Administrateur du Fonds de d\u00e9veloppement des fili\u00e8res caf\u00e9 et cacao (FODECC), Samuel Donatien Nengue d\u00e9voile les lignes de force de ce nouveau v\u00e9hicule de financement. Quelle est l\u2019origine des subventions qui vont \u00eatre [&hellip;]<\/p>\n","protected":false},"author":82,"featured_media":1268,"comment_status":"open","ping_status":"closed","sticky":false,"template":"","format":"standard","meta":{"footnotes":""},"categories":[3,11,10],"tags":[36,50,49],"class_list":["post-1269","post","type-post","status-publish","format-standard","has-post-thumbnail","hentry","category-economie","category-homepage-french","category-toutes-les-actualites","tag-africa-press","tag-africa-press-cameroun","tag-cameroun"],"yoast_head":"<!-- This site is optimized with the Yoast SEO Premium plugin v26.1 (Yoast SEO v27.0) - https:\/\/yoast.com\/product\/yoast-seo-premium-wordpress\/ -->\n<title>Le Cameroun va mettre 50 milliards dans le financement du cacao et du caf\u00e9 - Cameroun<\/title>\n<meta name=\"description\" content=\"...\" \/>\n<meta name=\"robots\" content=\"index, follow, max-snippet:-1, max-image-preview:large, max-video-preview:-1\" \/>\n<link rel=\"canonical\" href=\"https:\/\/www.africa-press.net\/cameroun\/economie\/le-cameroun-va-mettre-50-milliards-dans-le-financement-du-cacao-et-du-cafe\" \/>\n<meta property=\"og:locale\" content=\"fr_FR\" \/>\n<meta property=\"og:type\" content=\"article\" \/>\n<meta property=\"og:title\" content=\"Le Cameroun va mettre 50 milliards dans le financement du cacao et du caf\u00e9\" \/>\n<meta property=\"og:description\" content=\"...\" \/>\n<meta property=\"og:url\" content=\"https:\/\/www.africa-press.net\/cameroun\/economie\/le-cameroun-va-mettre-50-milliards-dans-le-financement-du-cacao-et-du-cafe\" \/>\n<meta property=\"og:site_name\" content=\"Cameroun\" \/>\n<meta property=\"article:published_time\" content=\"2021-03-18T21:43:35+00:00\" \/>\n<meta property=\"article:modified_time\" content=\"2021-03-19T02:07:50+00:00\" \/>\n<meta property=\"og:image\" content=\"https:\/\/static.africa-press.net\/cameroun\/sites\/57\/2021\/03\/img-6053f76b680c1.jpg\" \/>\n\t<meta property=\"og:image:width\" content=\"1140\" \/>\n\t<meta property=\"og:image:height\" content=\"480\" \/>\n\t<meta property=\"og:image:type\" content=\"image\/jpeg\" \/>\n<meta name=\"author\" content=\"cfeditorfr\" \/>\n<meta name=\"twitter:card\" content=\"summary_large_image\" \/>\n<meta name=\"twitter:label1\" content=\"\u00c9crit par\" \/>\n\t<meta name=\"twitter:data1\" content=\"cfeditorfr\" \/>\n\t<meta name=\"twitter:label2\" content=\"Dur\u00e9e de lecture estim\u00e9e\" \/>\n\t<meta name=\"twitter:data2\" content=\"5 minutes\" \/>\n<script type=\"application\/ld+json\" class=\"yoast-schema-graph\">{\"@context\":\"https:\/\/schema.org\",\"@graph\":[{\"@type\":\"Article\",\"@id\":\"https:\/\/www.africa-press.net\/cameroun\/economie\/le-cameroun-va-mettre-50-milliards-dans-le-financement-du-cacao-et-du-cafe#article\",\"isPartOf\":{\"@id\":\"https:\/\/www.africa-press.net\/cameroun\/economie\/le-cameroun-va-mettre-50-milliards-dans-le-financement-du-cacao-et-du-cafe\"},\"author\":{\"name\":\"cfeditorfr\",\"@id\":\"https:\/\/www.africa-press.net\/cameroun\/#\/schema\/person\/2b1cf3cd81a31e3cd26889ca66d677f1\"},\"headline\":\"Le Cameroun va mettre 50 milliards dans le financement du cacao et du caf\u00e9\",\"datePublished\":\"2021-03-18T21:43:35+00:00\",\"dateModified\":\"2021-03-19T02:07:50+00:00\",\"mainEntityOfPage\":{\"@id\":\"https:\/\/www.africa-press.net\/cameroun\/economie\/le-cameroun-va-mettre-50-milliards-dans-le-financement-du-cacao-et-du-cafe\"},\"wordCount\":1303,\"commentCount\":0,\"image\":{\"@id\":\"https:\/\/www.africa-press.net\/cameroun\/economie\/le-cameroun-va-mettre-50-milliards-dans-le-financement-du-cacao-et-du-cafe#primaryimage\"},\"thumbnailUrl\":\"https:\/\/static.africa-press.net\/cameroun\/sites\/57\/2021\/03\/img-6053f76b680c1.jpg\",\"keywords\":[\"Africa Press\",\"Africa Press-Cameroun\",\"Cameroun\"],\"articleSection\":[\"\u00c9conomie\",\"homepage-french\",\"Toutes les actualit\u00e9s\"],\"inLanguage\":\"fr-FR\",\"potentialAction\":[{\"@type\":\"CommentAction\",\"name\":\"Comment\",\"target\":[\"https:\/\/www.africa-press.net\/cameroun\/economie\/le-cameroun-va-mettre-50-milliards-dans-le-financement-du-cacao-et-du-cafe#respond\"]}]},{\"@type\":\"WebPage\",\"@id\":\"https:\/\/www.africa-press.net\/cameroun\/economie\/le-cameroun-va-mettre-50-milliards-dans-le-financement-du-cacao-et-du-cafe\",\"url\":\"https:\/\/www.africa-press.net\/cameroun\/economie\/le-cameroun-va-mettre-50-milliards-dans-le-financement-du-cacao-et-du-cafe\",\"name\":\"Le Cameroun va mettre 50 milliards dans le financement du cacao et du caf\u00e9 - Cameroun\",\"isPartOf\":{\"@id\":\"https:\/\/www.africa-press.net\/cameroun\/#website\"},\"primaryImageOfPage\":{\"@id\":\"https:\/\/www.africa-press.net\/cameroun\/economie\/le-cameroun-va-mettre-50-milliards-dans-le-financement-du-cacao-et-du-cafe#primaryimage\"},\"image\":{\"@id\":\"https:\/\/www.africa-press.net\/cameroun\/economie\/le-cameroun-va-mettre-50-milliards-dans-le-financement-du-cacao-et-du-cafe#primaryimage\"},\"thumbnailUrl\":\"https:\/\/static.africa-press.net\/cameroun\/sites\/57\/2021\/03\/img-6053f76b680c1.jpg\",\"datePublished\":\"2021-03-18T21:43:35+00:00\",\"dateModified\":\"2021-03-19T02:07:50+00:00\",\"author\":{\"@id\":\"https:\/\/www.africa-press.net\/cameroun\/#\/schema\/person\/2b1cf3cd81a31e3cd26889ca66d677f1\"},\"description\":\"...\",\"breadcrumb\":{\"@id\":\"https:\/\/www.africa-press.net\/cameroun\/economie\/le-cameroun-va-mettre-50-milliards-dans-le-financement-du-cacao-et-du-cafe#breadcrumb\"},\"inLanguage\":\"fr-FR\",\"potentialAction\":[{\"@type\":\"ReadAction\",\"target\":[\"https:\/\/www.africa-press.net\/cameroun\/economie\/le-cameroun-va-mettre-50-milliards-dans-le-financement-du-cacao-et-du-cafe\"]}]},{\"@type\":\"ImageObject\",\"inLanguage\":\"fr-FR\",\"@id\":\"https:\/\/www.africa-press.net\/cameroun\/economie\/le-cameroun-va-mettre-50-milliards-dans-le-financement-du-cacao-et-du-cafe#primaryimage\",\"url\":\"https:\/\/static.africa-press.net\/cameroun\/sites\/57\/2021\/03\/img-6053f76b680c1.jpg\",\"contentUrl\":\"https:\/\/static.africa-press.net\/cameroun\/sites\/57\/2021\/03\/img-6053f76b680c1.jpg\",\"width\":1140,\"height\":480,\"caption\":\"Le Cameroun va mettre 50 milliards dans le financement du cacao et du caf\u00e9\"},{\"@type\":\"BreadcrumbList\",\"@id\":\"https:\/\/www.africa-press.net\/cameroun\/economie\/le-cameroun-va-mettre-50-milliards-dans-le-financement-du-cacao-et-du-cafe#breadcrumb\",\"itemListElement\":[{\"@type\":\"ListItem\",\"position\":1,\"name\":\"Accueil\",\"item\":\"https:\/\/www.africa-press.net\/cameroun\/\"},{\"@type\":\"ListItem\",\"position\":2,\"name\":\"Le Cameroun va mettre 50 milliards dans le financement du cacao et du caf\u00e9\"}]},{\"@type\":\"WebSite\",\"@id\":\"https:\/\/www.africa-press.net\/cameroun\/#website\",\"url\":\"https:\/\/www.africa-press.net\/cameroun\/\",\"name\":\"Cameroun\",\"description\":\"Just another Africa News Agency Sites site\",\"potentialAction\":[{\"@type\":\"SearchAction\",\"target\":{\"@type\":\"EntryPoint\",\"urlTemplate\":\"https:\/\/www.africa-press.net\/cameroun\/?s={search_term_string}\"},\"query-input\":{\"@type\":\"PropertyValueSpecification\",\"valueRequired\":true,\"valueName\":\"search_term_string\"}}],\"inLanguage\":\"fr-FR\"},{\"@type\":\"Person\",\"@id\":\"https:\/\/www.africa-press.net\/cameroun\/#\/schema\/person\/2b1cf3cd81a31e3cd26889ca66d677f1\",\"name\":\"cfeditorfr\"}]}<\/script>\n<!-- \/ Yoast SEO Premium plugin. -->","yoast_head_json":{"title":"Le Cameroun va mettre 50 milliards dans le financement du cacao et du caf\u00e9 - Cameroun","description":"...","robots":{"index":"index","follow":"follow","max-snippet":"max-snippet:-1","max-image-preview":"max-image-preview:large","max-video-preview":"max-video-preview:-1"},"canonical":"https:\/\/www.africa-press.net\/cameroun\/economie\/le-cameroun-va-mettre-50-milliards-dans-le-financement-du-cacao-et-du-cafe","og_locale":"fr_FR","og_type":"article","og_title":"Le Cameroun va mettre 50 milliards dans le financement du cacao et du caf\u00e9","og_description":"...","og_url":"https:\/\/www.africa-press.net\/cameroun\/economie\/le-cameroun-va-mettre-50-milliards-dans-le-financement-du-cacao-et-du-cafe","og_site_name":"Cameroun","article_published_time":"2021-03-18T21:43:35+00:00","article_modified_time":"2021-03-19T02:07:50+00:00","og_image":[{"width":1140,"height":480,"url":"https:\/\/static.africa-press.net\/cameroun\/sites\/57\/2021\/03\/img-6053f76b680c1.jpg","type":"image\/jpeg"}],"author":"cfeditorfr","twitter_card":"summary_large_image","twitter_misc":{"\u00c9crit par":"cfeditorfr","Dur\u00e9e de lecture estim\u00e9e":"5 minutes"},"schema":{"@context":"https:\/\/schema.org","@graph":[{"@type":"Article","@id":"https:\/\/www.africa-press.net\/cameroun\/economie\/le-cameroun-va-mettre-50-milliards-dans-le-financement-du-cacao-et-du-cafe#article","isPartOf":{"@id":"https:\/\/www.africa-press.net\/cameroun\/economie\/le-cameroun-va-mettre-50-milliards-dans-le-financement-du-cacao-et-du-cafe"},"author":{"name":"cfeditorfr","@id":"https:\/\/www.africa-press.net\/cameroun\/#\/schema\/person\/2b1cf3cd81a31e3cd26889ca66d677f1"},"headline":"Le Cameroun va mettre 50 milliards dans le financement du cacao et du caf\u00e9","datePublished":"2021-03-18T21:43:35+00:00","dateModified":"2021-03-19T02:07:50+00:00","mainEntityOfPage":{"@id":"https:\/\/www.africa-press.net\/cameroun\/economie\/le-cameroun-va-mettre-50-milliards-dans-le-financement-du-cacao-et-du-cafe"},"wordCount":1303,"commentCount":0,"image":{"@id":"https:\/\/www.africa-press.net\/cameroun\/economie\/le-cameroun-va-mettre-50-milliards-dans-le-financement-du-cacao-et-du-cafe#primaryimage"},"thumbnailUrl":"https:\/\/static.africa-press.net\/cameroun\/sites\/57\/2021\/03\/img-6053f76b680c1.jpg","keywords":["Africa Press","Africa Press-Cameroun","Cameroun"],"articleSection":["\u00c9conomie","homepage-french","Toutes les actualit\u00e9s"],"inLanguage":"fr-FR","potentialAction":[{"@type":"CommentAction","name":"Comment","target":["https:\/\/www.africa-press.net\/cameroun\/economie\/le-cameroun-va-mettre-50-milliards-dans-le-financement-du-cacao-et-du-cafe#respond"]}]},{"@type":"WebPage","@id":"https:\/\/www.africa-press.net\/cameroun\/economie\/le-cameroun-va-mettre-50-milliards-dans-le-financement-du-cacao-et-du-cafe","url":"https:\/\/www.africa-press.net\/cameroun\/economie\/le-cameroun-va-mettre-50-milliards-dans-le-financement-du-cacao-et-du-cafe","name":"Le Cameroun va mettre 50 milliards dans le financement du cacao et du caf\u00e9 - Cameroun","isPartOf":{"@id":"https:\/\/www.africa-press.net\/cameroun\/#website"},"primaryImageOfPage":{"@id":"https:\/\/www.africa-press.net\/cameroun\/economie\/le-cameroun-va-mettre-50-milliards-dans-le-financement-du-cacao-et-du-cafe#primaryimage"},"image":{"@id":"https:\/\/www.africa-press.net\/cameroun\/economie\/le-cameroun-va-mettre-50-milliards-dans-le-financement-du-cacao-et-du-cafe#primaryimage"},"thumbnailUrl":"https:\/\/static.africa-press.net\/cameroun\/sites\/57\/2021\/03\/img-6053f76b680c1.jpg","datePublished":"2021-03-18T21:43:35+00:00","dateModified":"2021-03-19T02:07:50+00:00","author":{"@id":"https:\/\/www.africa-press.net\/cameroun\/#\/schema\/person\/2b1cf3cd81a31e3cd26889ca66d677f1"},"description":"...","breadcrumb":{"@id":"https:\/\/www.africa-press.net\/cameroun\/economie\/le-cameroun-va-mettre-50-milliards-dans-le-financement-du-cacao-et-du-cafe#breadcrumb"},"inLanguage":"fr-FR","potentialAction":[{"@type":"ReadAction","target":["https:\/\/www.africa-press.net\/cameroun\/economie\/le-cameroun-va-mettre-50-milliards-dans-le-financement-du-cacao-et-du-cafe"]}]},{"@type":"ImageObject","inLanguage":"fr-FR","@id":"https:\/\/www.africa-press.net\/cameroun\/economie\/le-cameroun-va-mettre-50-milliards-dans-le-financement-du-cacao-et-du-cafe#primaryimage","url":"https:\/\/static.africa-press.net\/cameroun\/sites\/57\/2021\/03\/img-6053f76b680c1.jpg","contentUrl":"https:\/\/static.africa-press.net\/cameroun\/sites\/57\/2021\/03\/img-6053f76b680c1.jpg","width":1140,"height":480,"caption":"Le Cameroun va mettre 50 milliards dans le financement du cacao et du caf\u00e9"},{"@type":"BreadcrumbList","@id":"https:\/\/www.africa-press.net\/cameroun\/economie\/le-cameroun-va-mettre-50-milliards-dans-le-financement-du-cacao-et-du-cafe#breadcrumb","itemListElement":[{"@type":"ListItem","position":1,"name":"Accueil","item":"https:\/\/www.africa-press.net\/cameroun\/"},{"@type":"ListItem","position":2,"name":"Le Cameroun va mettre 50 milliards dans le financement du cacao et du caf\u00e9"}]},{"@type":"WebSite","@id":"https:\/\/www.africa-press.net\/cameroun\/#website","url":"https:\/\/www.africa-press.net\/cameroun\/","name":"Cameroun","description":"Just another Africa News Agency Sites site","potentialAction":[{"@type":"SearchAction","target":{"@type":"EntryPoint","urlTemplate":"https:\/\/www.africa-press.net\/cameroun\/?s={search_term_string}"},"query-input":{"@type":"PropertyValueSpecification","valueRequired":true,"valueName":"search_term_string"}}],"inLanguage":"fr-FR"},{"@type":"Person","@id":"https:\/\/www.africa-press.net\/cameroun\/#\/schema\/person\/2b1cf3cd81a31e3cd26889ca66d677f1","name":"cfeditorfr"}]}},"_links":{"self":[{"href":"https:\/\/www.africa-press.net\/cameroun\/wp-json\/wp\/v2\/posts\/1269","targetHints":{"allow":["GET"]}}],"collection":[{"href":"https:\/\/www.africa-press.net\/cameroun\/wp-json\/wp\/v2\/posts"}],"about":[{"href":"https:\/\/www.africa-press.net\/cameroun\/wp-json\/wp\/v2\/types\/post"}],"author":[{"embeddable":true,"href":"https:\/\/www.africa-press.net\/cameroun\/wp-json\/wp\/v2\/users\/82"}],"replies":[{"embeddable":true,"href":"https:\/\/www.africa-press.net\/cameroun\/wp-json\/wp\/v2\/comments?post=1269"}],"version-history":[{"count":0,"href":"https:\/\/www.africa-press.net\/cameroun\/wp-json\/wp\/v2\/posts\/1269\/revisions"}],"wp:featuredmedia":[{"embeddable":true,"href":"https:\/\/www.africa-press.net\/cameroun\/wp-json\/wp\/v2\/media\/1268"}],"wp:attachment":[{"href":"https:\/\/www.africa-press.net\/cameroun\/wp-json\/wp\/v2\/media?parent=1269"}],"wp:term":[{"taxonomy":"category","embeddable":true,"href":"https:\/\/www.africa-press.net\/cameroun\/wp-json\/wp\/v2\/categories?post=1269"},{"taxonomy":"post_tag","embeddable":true,"href":"https:\/\/www.africa-press.net\/cameroun\/wp-json\/wp\/v2\/tags?post=1269"}],"curies":[{"name":"wp","href":"https:\/\/api.w.org\/{rel}","templated":true}]}}