{"id":1272,"date":"2021-03-18T21:47:06","date_gmt":"2021-03-18T21:47:06","guid":{"rendered":"https:\/\/www.africa-press.net\/cameroun\/politique\/cameroun-nouvelle-petition-contre-le-vaccin-astrazeneca"},"modified":"2021-03-19T02:09:53","modified_gmt":"2021-03-19T02:09:53","slug":"cameroun-nouvelle-petition-contre-le-vaccin-astrazeneca","status":"publish","type":"post","link":"https:\/\/www.africa-press.net\/cameroun\/politique\/cameroun-nouvelle-petition-contre-le-vaccin-astrazeneca","title":{"rendered":"Cameroun : nouvelle p\u00e9tition contre le vaccin AstraZeneca"},"content":{"rendered":"<p><span style=\"color: #ff6600\"><strong><a href=\"https:\/\/www.africa-press.net\/\">Africa-Press<\/a> &#8211; <a href=\"https:\/\/www.africa-press.net\/cameroun\">Cameroun<\/a>.<\/strong><\/span>Le Cameroun n\u2019a pas encore d\u00e9marr\u00e9 sa campagne de vaccination contre le Covid-19 cependant des voix s\u2019\u00e9l\u00e8vent pour emp\u00eacher le d\u00e9marrage de l\u2019op\u00e9ration. Paul ELLA est le pr\u00e9sident de l\u2019Association African Revival. Il estime qu\u2019aucune raison ne justifie la pr\u00e9cipitation du Cameroun. Selon lui, le taux de mortalit\u00e9 du coronavirus au Cameroun est de \u00ab 0,0024% dont les 95% repr\u00e9sentent les plus de 80 ans \u00bb. La p\u00e9tition est d\u00e9j\u00e0 sign\u00e9e par plus de 750 <a href=\"https:\/\/www.mesopinions.com\/petition\/sante\/aux-vaccins-covid-cameroun\/130315\">personnes sous ce lien :\u00a0<\/a><\/p>\n<p>Lettre ouverte au Ministre de la Sant\u00e9 Publique du Cameroun<\/p>\n<p>Je d\u00e9nonce !<\/p>\n<p>Monsieur le Ministre,<\/p>\n<p>J\u2019ai pris connaissance, sous r\u00e9serve d\u2019information contraire, de votre annonce par m\u00e9dias sociaux interpos\u00e9s, de la tr\u00e8s prochaine r\u00e9ception de 1,76 millions de doses de vaccins de la firme britannique AstraZeneca contre le Covid19, dans le cadre du programme Covax.<\/p>\n<p>Monsieur le Ministre, permettez-moi de vous porter le message d\u2019inqui\u00e9tudes, d\u2019\u00e9tonnements et m\u00eame de consternation largement justifi\u00e9s de millions de camerounais, soit l\u2019\u00e9crasante majorit\u00e9, \u00e0 votre endroit, en tant que personnalit\u00e9 la plus autoris\u00e9e en mati\u00e8re sanitaire dans notre pays.<\/p>\n<p>D\u2019o\u00f9 vient-il que le Cameroun se retrouve dans l\u2019urgence d\u2019administrer un vaccin aux camerounais, pour moins de 600 cas de d\u00e9c\u00e8s pr\u00e9tendument du fait du Corona virus, soit un taux de mortalit\u00e9 d\u2019\u00e0 peine 0,0024% dont les 95% repr\u00e9sentent les plus de 80 ans ?<\/p>\n<p>O\u00f9 est l\u2019urgence d\u2019une telle op\u00e9ration de masse pour notre pays quand on sait que ces vaccins sont :<\/p>\n<p>\u2022Dans une phase exp\u00e9rimentale d\u2019un proc\u00e9d\u00e9 scientifique jamais test\u00e9 sur l\u2019Homme auparavant ;<\/p>\n<p>\u2022Sans garantie d\u2019immunit\u00e9 au-del\u00e0 de quelques mois ;<\/p>\n<p>\u2022Sans effets contre la transmission du virus \u00e0 d\u2019autres ;<\/p>\n<p>\u2022Sans garantie de non contraction \u00e0 nouveau du virus ;<\/p>\n<p>\u2022Potentiellement inefficaces face aux mutations actuelles et \u00e0 venir ;<\/p>\n<p>\u2022A l\u2019origine de plusieurs effets secondaires et complications s\u00e9v\u00e8res, ainsi que de milliers de d\u00e9c\u00e8s av\u00e9r\u00e9s et souvent dissimul\u00e9s \u00e0 travers le monde ;<\/p>\n<p>\u2022Sans incidence sur les mesures dites barri\u00e8re qui seront malgr\u00e9 tout maintenues ;<\/p>\n<p>\u2022Sans aucune visibilit\u00e9 autonome sur la fin des restrictions de la vie quotidienne qui plombent notre \u00e9conomie et p\u00e9nalisent principalement les couches les plus vuln\u00e9rables telles que les personnes \u00e0 faibles revenus et les PMEs sans v\u00e9ritables mesures d\u2019accompagnement \u00e0 la hauteur du pr\u00e9judice ;<\/p>\n<p>Fort de toutes ces interrogations l\u00e9gitimes des camerounais, Monsieur le Ministre, je d\u00e9nonce :<\/p>\n<p>\u2022L\u2019obsession \u00e0 faire vacciner une population contre un virus dont les chiffres officiels rapportent que plus de 90% des malades en gu\u00e9rissent sans vaccin ;<\/p>\n<p>\u2022Un mim\u00e9tisme servile des m\u00e9thodes et pratiques \u00e9trang\u00e8res \u00e0 nos r\u00e9alit\u00e9s locales ;<\/p>\n<p>\u2022Une abdication facile et regrettable face aux injonctions imp\u00e9rialistes de l\u2019Occident dont les priorit\u00e9s ne sont pas les n\u00f4tres ;<\/p>\n<p>\u2022Une non-prise en compte de nos propres urgences au profit des sir\u00e8nes ext\u00e9rieures ;<\/p>\n<p>\u2022Un suivisme de la mouvance mondiale qui sacrifie les int\u00e9r\u00eats et restreint les libert\u00e9s de vos concitoyens.<\/p>\n<p>Monsieur le Ministre,<\/p>\n<p>Tout en esp\u00e9rant vivement que vous prenez toute la mesure du risque d\u2019\u00e9bullition sociale si jamais cette vaccination inopportune venait \u00e0 \u00eatre rendue obligatoire au Cameroun, je souhaiterais que vous \u00e9clairiez par voie officielle la lanterne des camerounais en cas de la seule option tol\u00e9rable de son caract\u00e8re volontaire. Car nous craignons, de fa\u00e7on l\u00e9gitime, le caract\u00e8re indirect de l\u2019obligation \u00e0 ce vaccin, par des contraintes similaires au passeport vaccinal en cours de pr\u00e9paration sous d\u2019autres cieux. Rien ne nous dit que cette fois encore, comme souvent, l\u2019Afrique et le Cameroun ne suivront pas docilement. Mais aussi, comment parviendrez-vous \u00e0 atteindre l\u2019objectif des 80% des vaccin\u00e9s que l\u2019OMS a instruit et auquel vous avez souscrit dans le cadre de l\u2019action concert\u00e9e au niveau de la CEMAC ? Vous avez par ailleurs annonc\u00e9 que le personnel m\u00e9dical et les personnes du troisi\u00e8me \u00e2ge seront prioritaires. Mais certaines interrogations demeurent. Pourquoi avoir command\u00e9 des doses de ce vaccin avant d\u2019avoir proc\u00e9d\u00e9 \u00e0 une \u00e9valuation des candidats \u00e9ventuels en vue de calibrer les quantit\u00e9s n\u00e9cessaires, au risque de gaspillages ou de p\u00e9nuries ? Pour le personnel m\u00e9dical, et toutes les autres personnes qui ne voudront pas se faire vacciner, pouvez-vous garantir \u00e0 l\u2019\u00e9crasante majorit\u00e9 des camerounais concern\u00e9s qu\u2019ils ne subiront ni stigmatisations, ni discriminations, ni sanctions, ni repr\u00e9sailles de quelque nature que ce soit ? Pourriez-vous organiser, avant l\u2019administration du vaccin aux \u00e9ventuels volontaires, une s\u00e9ance d\u2019information publique avec nos plus \u00e9minents immunologues, virologues et autres professeurs de m\u00e9decine, visant entre autres, la clarification sur la composition d\u00e9taill\u00e9e de ce vaccin anti-covid, ses risques, le bien-fond\u00e9 de se faire vacciner malgr\u00e9 les tr\u00e8s insignifiants taux de l\u00e9talit\u00e9, de morbidit\u00e9 et de mortalit\u00e9 au Cameroun, et comment vous comptez vous ravitailler par la suite pour assurer une succession des doses dans le respect des intervalles prescrits par les fabricants, sans qu\u2019une \u00e9ventuelle rupture d\u2019approvisionnements ne rende inutiles ces premi\u00e8res injections, et comment \u00e9viter la transmission et la retransmission du virus une fois les volontaires vaccin\u00e9s ? Autant de questions auxquelles les camerounais sont en droit d\u2019avoir des r\u00e9ponses pr\u00e9alables, d\u00e9pourvues de toute ambig\u00fcit\u00e9.<\/p>\n<p>Enfin, il me para\u00eet imp\u00e9ratif, avant l\u2019administration de ce vaccin dont l\u2019innocuit\u00e9 reste hautement douteuse, de faire savoir aux camerounais volontaires, quels sont les termes du contrat entre le Gouvernement camerounais, la CEMAC, l\u2019Union Africaine, les firmes pharmaceutiques, l\u2019Union Europ\u00e9enne, l\u2019OMS et toutes les parties prenantes r\u00e9elles ou suppos\u00e9es, mais aussi et surtout quelles sont les responsabilit\u00e9s du Gouvernement camerounais en cas d\u2019effets secondaires. Votre clarification \u00e0 ces sujets est hautement attendue des camerounais.<\/p>\n<p>Monsieur le Ministre,<\/p>\n<p>Je d\u00e9nonce le d\u00e9laissement des v\u00e9ritables probl\u00e9matiques sanitaires au Cameroun au profit des sir\u00e8nes de distraction sous forme d\u2019injonctions venues d\u2019ailleurs.<\/p>\n<p>Je d\u00e9nonce que le Cameroun fasse le jeu d\u2019une vaste mafia mondiale organis\u00e9e par la haute finance internationale et le Big Pharma.<\/p>\n<p>Je d\u00e9nonce que le Cameroun ne se concentre pas sur ses priorit\u00e9s sanitaires et choisisse d\u2019importer des paniques virtuelles.<\/p>\n<p>Je d\u00e9nonce que le Cameroun c\u00e8de \u00e0 une psychose fictive et import\u00e9e quand les morts du paludisme se comptent par milliers chaque ann\u00e9e sans aucune solution endog\u00e8ne d\u00e9finitive depuis des d\u00e9cennies.<\/p>\n<p>Je d\u00e9nonce que la mobilisation des efforts, des ressources financi\u00e8res, mat\u00e9rielles et humaines soient prioritairement orient\u00e9es vers une pseudo urgence qu\u2019on nous impose et qui, de fait, dilue les attentions sur des probl\u00e9matiques sanitaires les plus pr\u00e9occupantes pour notre pays.<\/p>\n<p>Je d\u00e9nonce plus globalement une Afrique qui calque ses urgences sur des probl\u00e9matiques qui lui sont lointaines au d\u00e9triment des dossiers internes br\u00fblants et pourtant d\u00e9laiss\u00e9s, tels que les mutilations, les assassinats et l\u2019extr\u00eame mis\u00e8re \u00e0 l\u2019Est de la RDC aux Nord et Sud Kivu depuis plus de 20 ans aujourd\u2019hui du fait du Coltan que les entreprises occidentales et chinoises pillent all\u00e8grement, les irradiations d\u2019enfants et les catastrophes \u00e9cologiques au Niger du fait de l\u2019exploitation anarchique de l\u2019Uranium par les multinationales telles qu\u2019Orano-Areva, les millions de cas de maladies d\u2019enfants, de femmes et d\u2019hommes ainsi que les millions de d\u00e9plac\u00e9s dans les zones de conflits en Afrique, entretenus \u00e0 desseins par des int\u00e9r\u00eats \u00e9trangers, et j\u2019en passe.<\/p>\n<p>Monsieur le Ministre,<\/p>\n<p>Les \u00ab\u00a0sanctions\u00a0\u00bb occidentales contre les dissidents \u00e0 la campagne vaccinale injustifi\u00e9e qui se profile au Cameroun ne concernent pas les 99,99% des camerounais qui ne craignent pas de ne plus pouvoir voyager pour l\u2019\u00e9tranger, soit parce que cela ne figure pas dans leurs projets de vie, soit parce que leurs vies ne d\u00e9pendent pas de cette forme de chantages ubuesques. Monsieur le Ministre, prenez le parti de votre peuple. C\u2019est pour servir ses int\u00e9r\u00eats et garantir son bien-\u00eatre que vous \u00eates en fonction \u00e0 la t\u00eate de l\u2019un des d\u00e9partements minist\u00e9riels les plus importants d\u2019un pays, et pas pour ceux de l\u2019industrie pharmaceutique, quelle que soit leur force d\u2019influence.<\/p>\n<p>Monsieur le Ministre,<\/p>\n<p>L\u2019Afrique doit cesser de se d\u00e9finir et de se projeter sous le prisme d\u00e9formant et trompeur de l\u2019Occident.<\/p>\n<p>Le Cameroun doit imposer sa vision du monde et son ordre de priorit\u00e9s, selon son propre agenda et ses propres objectifs. C\u2019est un imp\u00e9ratif aussi bien dans le domaine sanitaire que dans tout autre domaine.<\/p>\n<p>Monsieur le Ministre, ce que j\u2019implore ici, enfin, c\u2019est que l\u2019Afrique et le Cameroun sortent d\u00e9finitivement du statut avilissant de simple caisse de r\u00e9sonnance des sir\u00e8nes occidentales.<\/p>\n<p>Nous n\u2019avons de le\u00e7ons \u00e0 recevoir de personne. Nous n\u2019avons peur de personne. C\u2019est l\u2019Occident, la Chine et le reste du monde qui ont besoin de l\u2019Afrique, pas l\u2019inverse.<\/p>\n<p>Monsieur le Ministre, ce dont les camerounais ont besoin, ce n\u2019est pas du vaccin anti-covid. Les camerounais ont besoin d\u2019emplois, d\u2019eau potable, d\u2019\u00e9lectricit\u00e9 sans coupures intempestives, d\u2019h\u00f4pitaux et de plateaux techniques fournis et \u00e0 la pointe des derni\u00e8res technologies, de l\u2019acc\u00e8s aux soins de sant\u00e9, de la garantie de se nourrir, de se loger, de se v\u00eatir, de se d\u00e9placer et de s\u2019\u00e9duquer d\u00e9cemment. Les camerounais ne veulent pas se laisser distraire par des fictions sanitaires venues d\u2019ailleurs.<\/p>\n","protected":false},"excerpt":{"rendered":"<p>Africa-Press &#8211; Cameroun.Le Cameroun n\u2019a pas encore d\u00e9marr\u00e9 sa campagne de vaccination contre le Covid-19 cependant des voix s\u2019\u00e9l\u00e8vent pour emp\u00eacher le d\u00e9marrage de l\u2019op\u00e9ration. Paul ELLA est le pr\u00e9sident de l\u2019Association African Revival. Il estime qu\u2019aucune raison ne justifie la pr\u00e9cipitation du Cameroun. Selon lui, le taux de mortalit\u00e9 du coronavirus au Cameroun est [&hellip;]<\/p>\n","protected":false},"author":82,"featured_media":1271,"comment_status":"open","ping_status":"closed","sticky":false,"template":"","format":"standard","meta":{"footnotes":""},"categories":[11,2,10],"tags":[36,50,49],"class_list":["post-1272","post","type-post","status-publish","format-standard","has-post-thumbnail","hentry","category-homepage-french","category-politique","category-toutes-les-actualites","tag-africa-press","tag-africa-press-cameroun","tag-cameroun"],"yoast_head":"<!-- This site is optimized with the Yoast SEO Premium plugin v26.1 (Yoast SEO v27.0) - https:\/\/yoast.com\/product\/yoast-seo-premium-wordpress\/ -->\n<title>Cameroun : nouvelle p\u00e9tition contre le vaccin AstraZeneca - Cameroun<\/title>\n<meta name=\"description\" content=\"...\" \/>\n<meta name=\"robots\" content=\"index, follow, max-snippet:-1, max-image-preview:large, max-video-preview:-1\" \/>\n<link rel=\"canonical\" href=\"https:\/\/www.africa-press.net\/cameroun\/politique\/cameroun-nouvelle-petition-contre-le-vaccin-astrazeneca\" \/>\n<meta property=\"og:locale\" content=\"fr_FR\" \/>\n<meta property=\"og:type\" content=\"article\" \/>\n<meta property=\"og:title\" content=\"Cameroun : nouvelle p\u00e9tition contre le vaccin AstraZeneca\" \/>\n<meta property=\"og:description\" content=\"...\" \/>\n<meta property=\"og:url\" content=\"https:\/\/www.africa-press.net\/cameroun\/politique\/cameroun-nouvelle-petition-contre-le-vaccin-astrazeneca\" \/>\n<meta property=\"og:site_name\" content=\"Cameroun\" \/>\n<meta property=\"article:published_time\" content=\"2021-03-18T21:47:06+00:00\" \/>\n<meta property=\"article:modified_time\" content=\"2021-03-19T02:09:53+00:00\" \/>\n<meta property=\"og:image\" content=\"https:\/\/static.africa-press.net\/cameroun\/sites\/57\/2021\/03\/img-6053f78d524de.jpg\" \/>\n\t<meta property=\"og:image:width\" content=\"720\" \/>\n\t<meta property=\"og:image:height\" content=\"385\" \/>\n\t<meta property=\"og:image:type\" content=\"image\/jpeg\" \/>\n<meta name=\"author\" content=\"cfeditorfr\" \/>\n<meta name=\"twitter:card\" content=\"summary_large_image\" \/>\n<meta name=\"twitter:label1\" content=\"\u00c9crit par\" \/>\n\t<meta name=\"twitter:data1\" content=\"cfeditorfr\" \/>\n\t<meta name=\"twitter:label2\" content=\"Dur\u00e9e de lecture estim\u00e9e\" \/>\n\t<meta name=\"twitter:data2\" content=\"7 minutes\" \/>\n<script type=\"application\/ld+json\" class=\"yoast-schema-graph\">{\"@context\":\"https:\/\/schema.org\",\"@graph\":[{\"@type\":\"Article\",\"@id\":\"https:\/\/www.africa-press.net\/cameroun\/politique\/cameroun-nouvelle-petition-contre-le-vaccin-astrazeneca#article\",\"isPartOf\":{\"@id\":\"https:\/\/www.africa-press.net\/cameroun\/politique\/cameroun-nouvelle-petition-contre-le-vaccin-astrazeneca\"},\"author\":{\"name\":\"cfeditorfr\",\"@id\":\"https:\/\/www.africa-press.net\/cameroun\/#\/schema\/person\/2b1cf3cd81a31e3cd26889ca66d677f1\"},\"headline\":\"Cameroun : nouvelle p\u00e9tition contre le vaccin AstraZeneca\",\"datePublished\":\"2021-03-18T21:47:06+00:00\",\"dateModified\":\"2021-03-19T02:09:53+00:00\",\"mainEntityOfPage\":{\"@id\":\"https:\/\/www.africa-press.net\/cameroun\/politique\/cameroun-nouvelle-petition-contre-le-vaccin-astrazeneca\"},\"wordCount\":1646,\"commentCount\":0,\"image\":{\"@id\":\"https:\/\/www.africa-press.net\/cameroun\/politique\/cameroun-nouvelle-petition-contre-le-vaccin-astrazeneca#primaryimage\"},\"thumbnailUrl\":\"https:\/\/static.africa-press.net\/cameroun\/sites\/57\/2021\/03\/img-6053f78d524de.jpg\",\"keywords\":[\"Africa Press\",\"Africa Press-Cameroun\",\"Cameroun\"],\"articleSection\":[\"homepage-french\",\"Politique\",\"Toutes les actualit\u00e9s\"],\"inLanguage\":\"fr-FR\",\"potentialAction\":[{\"@type\":\"CommentAction\",\"name\":\"Comment\",\"target\":[\"https:\/\/www.africa-press.net\/cameroun\/politique\/cameroun-nouvelle-petition-contre-le-vaccin-astrazeneca#respond\"]}]},{\"@type\":\"WebPage\",\"@id\":\"https:\/\/www.africa-press.net\/cameroun\/politique\/cameroun-nouvelle-petition-contre-le-vaccin-astrazeneca\",\"url\":\"https:\/\/www.africa-press.net\/cameroun\/politique\/cameroun-nouvelle-petition-contre-le-vaccin-astrazeneca\",\"name\":\"Cameroun : nouvelle p\u00e9tition contre le vaccin AstraZeneca - Cameroun\",\"isPartOf\":{\"@id\":\"https:\/\/www.africa-press.net\/cameroun\/#website\"},\"primaryImageOfPage\":{\"@id\":\"https:\/\/www.africa-press.net\/cameroun\/politique\/cameroun-nouvelle-petition-contre-le-vaccin-astrazeneca#primaryimage\"},\"image\":{\"@id\":\"https:\/\/www.africa-press.net\/cameroun\/politique\/cameroun-nouvelle-petition-contre-le-vaccin-astrazeneca#primaryimage\"},\"thumbnailUrl\":\"https:\/\/static.africa-press.net\/cameroun\/sites\/57\/2021\/03\/img-6053f78d524de.jpg\",\"datePublished\":\"2021-03-18T21:47:06+00:00\",\"dateModified\":\"2021-03-19T02:09:53+00:00\",\"author\":{\"@id\":\"https:\/\/www.africa-press.net\/cameroun\/#\/schema\/person\/2b1cf3cd81a31e3cd26889ca66d677f1\"},\"description\":\"...\",\"breadcrumb\":{\"@id\":\"https:\/\/www.africa-press.net\/cameroun\/politique\/cameroun-nouvelle-petition-contre-le-vaccin-astrazeneca#breadcrumb\"},\"inLanguage\":\"fr-FR\",\"potentialAction\":[{\"@type\":\"ReadAction\",\"target\":[\"https:\/\/www.africa-press.net\/cameroun\/politique\/cameroun-nouvelle-petition-contre-le-vaccin-astrazeneca\"]}]},{\"@type\":\"ImageObject\",\"inLanguage\":\"fr-FR\",\"@id\":\"https:\/\/www.africa-press.net\/cameroun\/politique\/cameroun-nouvelle-petition-contre-le-vaccin-astrazeneca#primaryimage\",\"url\":\"https:\/\/static.africa-press.net\/cameroun\/sites\/57\/2021\/03\/img-6053f78d524de.jpg\",\"contentUrl\":\"https:\/\/static.africa-press.net\/cameroun\/sites\/57\/2021\/03\/img-6053f78d524de.jpg\",\"width\":720,\"height\":385,\"caption\":\"Cameroun : nouvelle p\u00e9tition contre le vaccin AstraZeneca\"},{\"@type\":\"BreadcrumbList\",\"@id\":\"https:\/\/www.africa-press.net\/cameroun\/politique\/cameroun-nouvelle-petition-contre-le-vaccin-astrazeneca#breadcrumb\",\"itemListElement\":[{\"@type\":\"ListItem\",\"position\":1,\"name\":\"Accueil\",\"item\":\"https:\/\/www.africa-press.net\/cameroun\/\"},{\"@type\":\"ListItem\",\"position\":2,\"name\":\"Cameroun : nouvelle p\u00e9tition contre le vaccin AstraZeneca\"}]},{\"@type\":\"WebSite\",\"@id\":\"https:\/\/www.africa-press.net\/cameroun\/#website\",\"url\":\"https:\/\/www.africa-press.net\/cameroun\/\",\"name\":\"Cameroun\",\"description\":\"Just another Africa News Agency Sites site\",\"potentialAction\":[{\"@type\":\"SearchAction\",\"target\":{\"@type\":\"EntryPoint\",\"urlTemplate\":\"https:\/\/www.africa-press.net\/cameroun\/?s={search_term_string}\"},\"query-input\":{\"@type\":\"PropertyValueSpecification\",\"valueRequired\":true,\"valueName\":\"search_term_string\"}}],\"inLanguage\":\"fr-FR\"},{\"@type\":\"Person\",\"@id\":\"https:\/\/www.africa-press.net\/cameroun\/#\/schema\/person\/2b1cf3cd81a31e3cd26889ca66d677f1\",\"name\":\"cfeditorfr\"}]}<\/script>\n<!-- \/ Yoast SEO Premium plugin. -->","yoast_head_json":{"title":"Cameroun : nouvelle p\u00e9tition contre le vaccin AstraZeneca - Cameroun","description":"...","robots":{"index":"index","follow":"follow","max-snippet":"max-snippet:-1","max-image-preview":"max-image-preview:large","max-video-preview":"max-video-preview:-1"},"canonical":"https:\/\/www.africa-press.net\/cameroun\/politique\/cameroun-nouvelle-petition-contre-le-vaccin-astrazeneca","og_locale":"fr_FR","og_type":"article","og_title":"Cameroun : nouvelle p\u00e9tition contre le vaccin AstraZeneca","og_description":"...","og_url":"https:\/\/www.africa-press.net\/cameroun\/politique\/cameroun-nouvelle-petition-contre-le-vaccin-astrazeneca","og_site_name":"Cameroun","article_published_time":"2021-03-18T21:47:06+00:00","article_modified_time":"2021-03-19T02:09:53+00:00","og_image":[{"width":720,"height":385,"url":"https:\/\/static.africa-press.net\/cameroun\/sites\/57\/2021\/03\/img-6053f78d524de.jpg","type":"image\/jpeg"}],"author":"cfeditorfr","twitter_card":"summary_large_image","twitter_misc":{"\u00c9crit par":"cfeditorfr","Dur\u00e9e de lecture estim\u00e9e":"7 minutes"},"schema":{"@context":"https:\/\/schema.org","@graph":[{"@type":"Article","@id":"https:\/\/www.africa-press.net\/cameroun\/politique\/cameroun-nouvelle-petition-contre-le-vaccin-astrazeneca#article","isPartOf":{"@id":"https:\/\/www.africa-press.net\/cameroun\/politique\/cameroun-nouvelle-petition-contre-le-vaccin-astrazeneca"},"author":{"name":"cfeditorfr","@id":"https:\/\/www.africa-press.net\/cameroun\/#\/schema\/person\/2b1cf3cd81a31e3cd26889ca66d677f1"},"headline":"Cameroun : nouvelle p\u00e9tition contre le vaccin AstraZeneca","datePublished":"2021-03-18T21:47:06+00:00","dateModified":"2021-03-19T02:09:53+00:00","mainEntityOfPage":{"@id":"https:\/\/www.africa-press.net\/cameroun\/politique\/cameroun-nouvelle-petition-contre-le-vaccin-astrazeneca"},"wordCount":1646,"commentCount":0,"image":{"@id":"https:\/\/www.africa-press.net\/cameroun\/politique\/cameroun-nouvelle-petition-contre-le-vaccin-astrazeneca#primaryimage"},"thumbnailUrl":"https:\/\/static.africa-press.net\/cameroun\/sites\/57\/2021\/03\/img-6053f78d524de.jpg","keywords":["Africa Press","Africa Press-Cameroun","Cameroun"],"articleSection":["homepage-french","Politique","Toutes les actualit\u00e9s"],"inLanguage":"fr-FR","potentialAction":[{"@type":"CommentAction","name":"Comment","target":["https:\/\/www.africa-press.net\/cameroun\/politique\/cameroun-nouvelle-petition-contre-le-vaccin-astrazeneca#respond"]}]},{"@type":"WebPage","@id":"https:\/\/www.africa-press.net\/cameroun\/politique\/cameroun-nouvelle-petition-contre-le-vaccin-astrazeneca","url":"https:\/\/www.africa-press.net\/cameroun\/politique\/cameroun-nouvelle-petition-contre-le-vaccin-astrazeneca","name":"Cameroun : nouvelle p\u00e9tition contre le vaccin AstraZeneca - Cameroun","isPartOf":{"@id":"https:\/\/www.africa-press.net\/cameroun\/#website"},"primaryImageOfPage":{"@id":"https:\/\/www.africa-press.net\/cameroun\/politique\/cameroun-nouvelle-petition-contre-le-vaccin-astrazeneca#primaryimage"},"image":{"@id":"https:\/\/www.africa-press.net\/cameroun\/politique\/cameroun-nouvelle-petition-contre-le-vaccin-astrazeneca#primaryimage"},"thumbnailUrl":"https:\/\/static.africa-press.net\/cameroun\/sites\/57\/2021\/03\/img-6053f78d524de.jpg","datePublished":"2021-03-18T21:47:06+00:00","dateModified":"2021-03-19T02:09:53+00:00","author":{"@id":"https:\/\/www.africa-press.net\/cameroun\/#\/schema\/person\/2b1cf3cd81a31e3cd26889ca66d677f1"},"description":"...","breadcrumb":{"@id":"https:\/\/www.africa-press.net\/cameroun\/politique\/cameroun-nouvelle-petition-contre-le-vaccin-astrazeneca#breadcrumb"},"inLanguage":"fr-FR","potentialAction":[{"@type":"ReadAction","target":["https:\/\/www.africa-press.net\/cameroun\/politique\/cameroun-nouvelle-petition-contre-le-vaccin-astrazeneca"]}]},{"@type":"ImageObject","inLanguage":"fr-FR","@id":"https:\/\/www.africa-press.net\/cameroun\/politique\/cameroun-nouvelle-petition-contre-le-vaccin-astrazeneca#primaryimage","url":"https:\/\/static.africa-press.net\/cameroun\/sites\/57\/2021\/03\/img-6053f78d524de.jpg","contentUrl":"https:\/\/static.africa-press.net\/cameroun\/sites\/57\/2021\/03\/img-6053f78d524de.jpg","width":720,"height":385,"caption":"Cameroun : nouvelle p\u00e9tition contre le vaccin AstraZeneca"},{"@type":"BreadcrumbList","@id":"https:\/\/www.africa-press.net\/cameroun\/politique\/cameroun-nouvelle-petition-contre-le-vaccin-astrazeneca#breadcrumb","itemListElement":[{"@type":"ListItem","position":1,"name":"Accueil","item":"https:\/\/www.africa-press.net\/cameroun\/"},{"@type":"ListItem","position":2,"name":"Cameroun : nouvelle p\u00e9tition contre le vaccin AstraZeneca"}]},{"@type":"WebSite","@id":"https:\/\/www.africa-press.net\/cameroun\/#website","url":"https:\/\/www.africa-press.net\/cameroun\/","name":"Cameroun","description":"Just another Africa News Agency Sites site","potentialAction":[{"@type":"SearchAction","target":{"@type":"EntryPoint","urlTemplate":"https:\/\/www.africa-press.net\/cameroun\/?s={search_term_string}"},"query-input":{"@type":"PropertyValueSpecification","valueRequired":true,"valueName":"search_term_string"}}],"inLanguage":"fr-FR"},{"@type":"Person","@id":"https:\/\/www.africa-press.net\/cameroun\/#\/schema\/person\/2b1cf3cd81a31e3cd26889ca66d677f1","name":"cfeditorfr"}]}},"_links":{"self":[{"href":"https:\/\/www.africa-press.net\/cameroun\/wp-json\/wp\/v2\/posts\/1272","targetHints":{"allow":["GET"]}}],"collection":[{"href":"https:\/\/www.africa-press.net\/cameroun\/wp-json\/wp\/v2\/posts"}],"about":[{"href":"https:\/\/www.africa-press.net\/cameroun\/wp-json\/wp\/v2\/types\/post"}],"author":[{"embeddable":true,"href":"https:\/\/www.africa-press.net\/cameroun\/wp-json\/wp\/v2\/users\/82"}],"replies":[{"embeddable":true,"href":"https:\/\/www.africa-press.net\/cameroun\/wp-json\/wp\/v2\/comments?post=1272"}],"version-history":[{"count":0,"href":"https:\/\/www.africa-press.net\/cameroun\/wp-json\/wp\/v2\/posts\/1272\/revisions"}],"wp:featuredmedia":[{"embeddable":true,"href":"https:\/\/www.africa-press.net\/cameroun\/wp-json\/wp\/v2\/media\/1271"}],"wp:attachment":[{"href":"https:\/\/www.africa-press.net\/cameroun\/wp-json\/wp\/v2\/media?parent=1272"}],"wp:term":[{"taxonomy":"category","embeddable":true,"href":"https:\/\/www.africa-press.net\/cameroun\/wp-json\/wp\/v2\/categories?post=1272"},{"taxonomy":"post_tag","embeddable":true,"href":"https:\/\/www.africa-press.net\/cameroun\/wp-json\/wp\/v2\/tags?post=1272"}],"curies":[{"name":"wp","href":"https:\/\/api.w.org\/{rel}","templated":true}]}}