{"id":1275,"date":"2021-03-18T21:50:42","date_gmt":"2021-03-18T21:50:42","guid":{"rendered":"https:\/\/www.africa-press.net\/cameroun\/politique\/le-vibrant-hommage-dakere-muna-au-president-tanzanien"},"modified":"2021-03-19T01:56:11","modified_gmt":"2021-03-19T01:56:11","slug":"le-vibrant-hommage-dakere-muna-au-president-tanzanien","status":"publish","type":"post","link":"https:\/\/www.africa-press.net\/cameroun\/politique\/le-vibrant-hommage-dakere-muna-au-president-tanzanien","title":{"rendered":"Le vibrant hommage d\u2019Akere Muna au pr\u00e9sident Tanzanien"},"content":{"rendered":"<p><span style=\"color: #ff6600\"><strong><a href=\"https:\/\/www.africa-press.net\/\">Africa-Press<\/a> &#8211; <a href=\"https:\/\/www.africa-press.net\/cameroun\">Cameroun<\/a>.<\/strong><\/span>Saluant la m\u00e9moire du d\u00e9funt, l\u2019avocat international a indiqu\u00e9 qu\u2019il fut un homme qui a men\u00e9 une lutte sans merci contre la corruption.<\/p>\n<p>Le d\u00e9c\u00e8s du d\u00e9c\u00e8s du pr\u00e9sident tanzanien John Magufuli a suscit\u00e9 de la consternation au sein de la classe politique. R\u00e9agissant suite \u00e0 cette mauvaise nouvelle, l\u2019ancien b\u00e2tonnier Akere Muna a indiqu\u00e9 que \u00ab l\u2019annonce du d\u00e9c\u00e8s du pr\u00e9sident tanzanien John Magufuli, 61 ans, est affligeante. Il \u00e9tait simple et a men\u00e9 une guerre totale contre la corruption. C&rsquo;\u00e9tait un panafricain. Le conna\u00eetre \u00e9tait un privil\u00e8ge. Mes condol\u00e9ances au peuple tanzanien et \u00e0 la famille du Pr\u00e9sident. Puisse-t-il reposer en paix \u00bb, a affirm\u00e9 l\u2019avocat qui dit avoir travaill\u00e9 avec le d\u00e9funt dans plusieurs dossiers de lutte contre la corruption. John Magufuli meurt \u00e0 61 ans des suites d\u2019un arr\u00eat cardiaque alors qu\u2019il n\u2019avait pas encore achev\u00e9 son combat.<\/p>\n<p><strong>Opposition \u00e0 la vaccination anti covid-19<\/strong><\/p>\n<p>Apr\u00e8s le burundais Pierre Nkurunziza, le Dr John Pombe Magufuli est le deuxi\u00e8me Chef d&rsquo;\u00c9tat africain- en fonction- \u00e0 mourir de la Covid-19.<\/p>\n<p>Le mois dernier, faisant une sortie sur le sujet, le pr\u00e9sident tanzanien affirmait explicitement que les vaccinations sont dangereuses pour le noir. En all\u00e9guant que si l&rsquo;homme blanc pouvait trouver des vaccins, il en aurait d\u00e9j\u00e0 trouv\u00e9 pour le Sida, la tuberculose, le paludisme et surtout pour le cancer.<\/p>\n<p>S&rsquo;agissant de la Covid-19, il avait enjoint au ministre de la sant\u00e9 de ne souscrire \u00e0 aucun m\u00e9canisme de vaccination, au pr\u00e9texte que la nation enti\u00e8re ne devrait que se remettre \u00e0 Dieu. D\u00e9c\u00e9d\u00e9 le mercredi 17 Mars 2021, le d\u00e9funt \u00e9tait \u00e2g\u00e9 de 61 ans au moment de sa mort.<\/p>\n","protected":false},"excerpt":{"rendered":"<p>Africa-Press &#8211; Cameroun.Saluant la m\u00e9moire du d\u00e9funt, l\u2019avocat international a indiqu\u00e9 qu\u2019il fut un homme qui a men\u00e9 une lutte sans merci contre la corruption. Le d\u00e9c\u00e8s du d\u00e9c\u00e8s du pr\u00e9sident tanzanien John Magufuli a suscit\u00e9 de la consternation au sein de la classe politique. R\u00e9agissant suite \u00e0 cette mauvaise nouvelle, l\u2019ancien b\u00e2tonnier Akere Muna [&hellip;]<\/p>\n","protected":false},"author":82,"featured_media":1274,"comment_status":"open","ping_status":"closed","sticky":false,"template":"","format":"standard","meta":{"footnotes":""},"categories":[11,2,10],"tags":[36,50,49],"class_list":["post-1275","post","type-post","status-publish","format-standard","has-post-thumbnail","hentry","category-homepage-french","category-politique","category-toutes-les-actualites","tag-africa-press","tag-africa-press-cameroun","tag-cameroun"],"yoast_head":"<!-- This site is optimized with the Yoast SEO Premium plugin v26.1 (Yoast SEO v27.0) - https:\/\/yoast.com\/product\/yoast-seo-premium-wordpress\/ -->\n<title>Le vibrant hommage d\u2019Akere Muna au pr\u00e9sident Tanzanien - Cameroun<\/title>\n<meta name=\"description\" content=\"...\" \/>\n<meta name=\"robots\" content=\"index, follow, max-snippet:-1, max-image-preview:large, max-video-preview:-1\" \/>\n<link rel=\"canonical\" href=\"https:\/\/www.africa-press.net\/cameroun\/politique\/le-vibrant-hommage-dakere-muna-au-president-tanzanien\" \/>\n<meta property=\"og:locale\" content=\"fr_FR\" \/>\n<meta property=\"og:type\" content=\"article\" \/>\n<meta property=\"og:title\" content=\"Le vibrant hommage d\u2019Akere Muna au pr\u00e9sident Tanzanien\" \/>\n<meta property=\"og:description\" content=\"...\" \/>\n<meta property=\"og:url\" content=\"https:\/\/www.africa-press.net\/cameroun\/politique\/le-vibrant-hommage-dakere-muna-au-president-tanzanien\" \/>\n<meta property=\"og:site_name\" content=\"Cameroun\" \/>\n<meta property=\"article:published_time\" content=\"2021-03-18T21:50:42+00:00\" \/>\n<meta property=\"article:modified_time\" content=\"2021-03-19T01:56:11+00:00\" \/>\n<meta property=\"og:image\" content=\"https:\/\/static.africa-press.net\/cameroun\/sites\/57\/2021\/03\/img-6053f7b0d0565.jpg\" \/>\n\t<meta property=\"og:image:width\" content=\"720\" \/>\n\t<meta property=\"og:image:height\" content=\"393\" \/>\n\t<meta property=\"og:image:type\" content=\"image\/jpeg\" \/>\n<meta name=\"author\" content=\"cfeditorfr\" \/>\n<meta name=\"twitter:card\" content=\"summary_large_image\" \/>\n<meta name=\"twitter:label1\" content=\"\u00c9crit par\" \/>\n\t<meta name=\"twitter:data1\" content=\"cfeditorfr\" \/>\n\t<meta name=\"twitter:label2\" content=\"Dur\u00e9e de lecture estim\u00e9e\" \/>\n\t<meta name=\"twitter:data2\" content=\"2 minutes\" \/>\n<script type=\"application\/ld+json\" class=\"yoast-schema-graph\">{\"@context\":\"https:\/\/schema.org\",\"@graph\":[{\"@type\":\"Article\",\"@id\":\"https:\/\/www.africa-press.net\/cameroun\/politique\/le-vibrant-hommage-dakere-muna-au-president-tanzanien#article\",\"isPartOf\":{\"@id\":\"https:\/\/www.africa-press.net\/cameroun\/politique\/le-vibrant-hommage-dakere-muna-au-president-tanzanien\"},\"author\":{\"name\":\"cfeditorfr\",\"@id\":\"https:\/\/www.africa-press.net\/cameroun\/#\/schema\/person\/2b1cf3cd81a31e3cd26889ca66d677f1\"},\"headline\":\"Le vibrant hommage d\u2019Akere Muna au pr\u00e9sident Tanzanien\",\"datePublished\":\"2021-03-18T21:50:42+00:00\",\"dateModified\":\"2021-03-19T01:56:11+00:00\",\"mainEntityOfPage\":{\"@id\":\"https:\/\/www.africa-press.net\/cameroun\/politique\/le-vibrant-hommage-dakere-muna-au-president-tanzanien\"},\"wordCount\":311,\"commentCount\":0,\"image\":{\"@id\":\"https:\/\/www.africa-press.net\/cameroun\/politique\/le-vibrant-hommage-dakere-muna-au-president-tanzanien#primaryimage\"},\"thumbnailUrl\":\"https:\/\/static.africa-press.net\/cameroun\/sites\/57\/2021\/03\/img-6053f7b0d0565.jpg\",\"keywords\":[\"Africa Press\",\"Africa Press-Cameroun\",\"Cameroun\"],\"articleSection\":[\"homepage-french\",\"Politique\",\"Toutes les actualit\u00e9s\"],\"inLanguage\":\"fr-FR\",\"potentialAction\":[{\"@type\":\"CommentAction\",\"name\":\"Comment\",\"target\":[\"https:\/\/www.africa-press.net\/cameroun\/politique\/le-vibrant-hommage-dakere-muna-au-president-tanzanien#respond\"]}]},{\"@type\":\"WebPage\",\"@id\":\"https:\/\/www.africa-press.net\/cameroun\/politique\/le-vibrant-hommage-dakere-muna-au-president-tanzanien\",\"url\":\"https:\/\/www.africa-press.net\/cameroun\/politique\/le-vibrant-hommage-dakere-muna-au-president-tanzanien\",\"name\":\"Le vibrant hommage d\u2019Akere Muna au pr\u00e9sident Tanzanien - Cameroun\",\"isPartOf\":{\"@id\":\"https:\/\/www.africa-press.net\/cameroun\/#website\"},\"primaryImageOfPage\":{\"@id\":\"https:\/\/www.africa-press.net\/cameroun\/politique\/le-vibrant-hommage-dakere-muna-au-president-tanzanien#primaryimage\"},\"image\":{\"@id\":\"https:\/\/www.africa-press.net\/cameroun\/politique\/le-vibrant-hommage-dakere-muna-au-president-tanzanien#primaryimage\"},\"thumbnailUrl\":\"https:\/\/static.africa-press.net\/cameroun\/sites\/57\/2021\/03\/img-6053f7b0d0565.jpg\",\"datePublished\":\"2021-03-18T21:50:42+00:00\",\"dateModified\":\"2021-03-19T01:56:11+00:00\",\"author\":{\"@id\":\"https:\/\/www.africa-press.net\/cameroun\/#\/schema\/person\/2b1cf3cd81a31e3cd26889ca66d677f1\"},\"description\":\"...\",\"breadcrumb\":{\"@id\":\"https:\/\/www.africa-press.net\/cameroun\/politique\/le-vibrant-hommage-dakere-muna-au-president-tanzanien#breadcrumb\"},\"inLanguage\":\"fr-FR\",\"potentialAction\":[{\"@type\":\"ReadAction\",\"target\":[\"https:\/\/www.africa-press.net\/cameroun\/politique\/le-vibrant-hommage-dakere-muna-au-president-tanzanien\"]}]},{\"@type\":\"ImageObject\",\"inLanguage\":\"fr-FR\",\"@id\":\"https:\/\/www.africa-press.net\/cameroun\/politique\/le-vibrant-hommage-dakere-muna-au-president-tanzanien#primaryimage\",\"url\":\"https:\/\/static.africa-press.net\/cameroun\/sites\/57\/2021\/03\/img-6053f7b0d0565.jpg\",\"contentUrl\":\"https:\/\/static.africa-press.net\/cameroun\/sites\/57\/2021\/03\/img-6053f7b0d0565.jpg\",\"width\":720,\"height\":393,\"caption\":\"Le vibrant hommage d\u2019Akere Muna au pr\u00e9sident Tanzanien\"},{\"@type\":\"BreadcrumbList\",\"@id\":\"https:\/\/www.africa-press.net\/cameroun\/politique\/le-vibrant-hommage-dakere-muna-au-president-tanzanien#breadcrumb\",\"itemListElement\":[{\"@type\":\"ListItem\",\"position\":1,\"name\":\"Accueil\",\"item\":\"https:\/\/www.africa-press.net\/cameroun\/\"},{\"@type\":\"ListItem\",\"position\":2,\"name\":\"Le vibrant hommage d\u2019Akere Muna au pr\u00e9sident Tanzanien\"}]},{\"@type\":\"WebSite\",\"@id\":\"https:\/\/www.africa-press.net\/cameroun\/#website\",\"url\":\"https:\/\/www.africa-press.net\/cameroun\/\",\"name\":\"Cameroun\",\"description\":\"Just another Africa News Agency Sites site\",\"potentialAction\":[{\"@type\":\"SearchAction\",\"target\":{\"@type\":\"EntryPoint\",\"urlTemplate\":\"https:\/\/www.africa-press.net\/cameroun\/?s={search_term_string}\"},\"query-input\":{\"@type\":\"PropertyValueSpecification\",\"valueRequired\":true,\"valueName\":\"search_term_string\"}}],\"inLanguage\":\"fr-FR\"},{\"@type\":\"Person\",\"@id\":\"https:\/\/www.africa-press.net\/cameroun\/#\/schema\/person\/2b1cf3cd81a31e3cd26889ca66d677f1\",\"name\":\"cfeditorfr\"}]}<\/script>\n<!-- \/ Yoast SEO Premium plugin. -->","yoast_head_json":{"title":"Le vibrant hommage d\u2019Akere Muna au pr\u00e9sident Tanzanien - Cameroun","description":"...","robots":{"index":"index","follow":"follow","max-snippet":"max-snippet:-1","max-image-preview":"max-image-preview:large","max-video-preview":"max-video-preview:-1"},"canonical":"https:\/\/www.africa-press.net\/cameroun\/politique\/le-vibrant-hommage-dakere-muna-au-president-tanzanien","og_locale":"fr_FR","og_type":"article","og_title":"Le vibrant hommage d\u2019Akere Muna au pr\u00e9sident Tanzanien","og_description":"...","og_url":"https:\/\/www.africa-press.net\/cameroun\/politique\/le-vibrant-hommage-dakere-muna-au-president-tanzanien","og_site_name":"Cameroun","article_published_time":"2021-03-18T21:50:42+00:00","article_modified_time":"2021-03-19T01:56:11+00:00","og_image":[{"width":720,"height":393,"url":"https:\/\/static.africa-press.net\/cameroun\/sites\/57\/2021\/03\/img-6053f7b0d0565.jpg","type":"image\/jpeg"}],"author":"cfeditorfr","twitter_card":"summary_large_image","twitter_misc":{"\u00c9crit par":"cfeditorfr","Dur\u00e9e de lecture estim\u00e9e":"2 minutes"},"schema":{"@context":"https:\/\/schema.org","@graph":[{"@type":"Article","@id":"https:\/\/www.africa-press.net\/cameroun\/politique\/le-vibrant-hommage-dakere-muna-au-president-tanzanien#article","isPartOf":{"@id":"https:\/\/www.africa-press.net\/cameroun\/politique\/le-vibrant-hommage-dakere-muna-au-president-tanzanien"},"author":{"name":"cfeditorfr","@id":"https:\/\/www.africa-press.net\/cameroun\/#\/schema\/person\/2b1cf3cd81a31e3cd26889ca66d677f1"},"headline":"Le vibrant hommage d\u2019Akere Muna au pr\u00e9sident Tanzanien","datePublished":"2021-03-18T21:50:42+00:00","dateModified":"2021-03-19T01:56:11+00:00","mainEntityOfPage":{"@id":"https:\/\/www.africa-press.net\/cameroun\/politique\/le-vibrant-hommage-dakere-muna-au-president-tanzanien"},"wordCount":311,"commentCount":0,"image":{"@id":"https:\/\/www.africa-press.net\/cameroun\/politique\/le-vibrant-hommage-dakere-muna-au-president-tanzanien#primaryimage"},"thumbnailUrl":"https:\/\/static.africa-press.net\/cameroun\/sites\/57\/2021\/03\/img-6053f7b0d0565.jpg","keywords":["Africa Press","Africa Press-Cameroun","Cameroun"],"articleSection":["homepage-french","Politique","Toutes les actualit\u00e9s"],"inLanguage":"fr-FR","potentialAction":[{"@type":"CommentAction","name":"Comment","target":["https:\/\/www.africa-press.net\/cameroun\/politique\/le-vibrant-hommage-dakere-muna-au-president-tanzanien#respond"]}]},{"@type":"WebPage","@id":"https:\/\/www.africa-press.net\/cameroun\/politique\/le-vibrant-hommage-dakere-muna-au-president-tanzanien","url":"https:\/\/www.africa-press.net\/cameroun\/politique\/le-vibrant-hommage-dakere-muna-au-president-tanzanien","name":"Le vibrant hommage d\u2019Akere Muna au pr\u00e9sident Tanzanien - Cameroun","isPartOf":{"@id":"https:\/\/www.africa-press.net\/cameroun\/#website"},"primaryImageOfPage":{"@id":"https:\/\/www.africa-press.net\/cameroun\/politique\/le-vibrant-hommage-dakere-muna-au-president-tanzanien#primaryimage"},"image":{"@id":"https:\/\/www.africa-press.net\/cameroun\/politique\/le-vibrant-hommage-dakere-muna-au-president-tanzanien#primaryimage"},"thumbnailUrl":"https:\/\/static.africa-press.net\/cameroun\/sites\/57\/2021\/03\/img-6053f7b0d0565.jpg","datePublished":"2021-03-18T21:50:42+00:00","dateModified":"2021-03-19T01:56:11+00:00","author":{"@id":"https:\/\/www.africa-press.net\/cameroun\/#\/schema\/person\/2b1cf3cd81a31e3cd26889ca66d677f1"},"description":"...","breadcrumb":{"@id":"https:\/\/www.africa-press.net\/cameroun\/politique\/le-vibrant-hommage-dakere-muna-au-president-tanzanien#breadcrumb"},"inLanguage":"fr-FR","potentialAction":[{"@type":"ReadAction","target":["https:\/\/www.africa-press.net\/cameroun\/politique\/le-vibrant-hommage-dakere-muna-au-president-tanzanien"]}]},{"@type":"ImageObject","inLanguage":"fr-FR","@id":"https:\/\/www.africa-press.net\/cameroun\/politique\/le-vibrant-hommage-dakere-muna-au-president-tanzanien#primaryimage","url":"https:\/\/static.africa-press.net\/cameroun\/sites\/57\/2021\/03\/img-6053f7b0d0565.jpg","contentUrl":"https:\/\/static.africa-press.net\/cameroun\/sites\/57\/2021\/03\/img-6053f7b0d0565.jpg","width":720,"height":393,"caption":"Le vibrant hommage d\u2019Akere Muna au pr\u00e9sident Tanzanien"},{"@type":"BreadcrumbList","@id":"https:\/\/www.africa-press.net\/cameroun\/politique\/le-vibrant-hommage-dakere-muna-au-president-tanzanien#breadcrumb","itemListElement":[{"@type":"ListItem","position":1,"name":"Accueil","item":"https:\/\/www.africa-press.net\/cameroun\/"},{"@type":"ListItem","position":2,"name":"Le vibrant hommage d\u2019Akere Muna au pr\u00e9sident Tanzanien"}]},{"@type":"WebSite","@id":"https:\/\/www.africa-press.net\/cameroun\/#website","url":"https:\/\/www.africa-press.net\/cameroun\/","name":"Cameroun","description":"Just another Africa News Agency Sites site","potentialAction":[{"@type":"SearchAction","target":{"@type":"EntryPoint","urlTemplate":"https:\/\/www.africa-press.net\/cameroun\/?s={search_term_string}"},"query-input":{"@type":"PropertyValueSpecification","valueRequired":true,"valueName":"search_term_string"}}],"inLanguage":"fr-FR"},{"@type":"Person","@id":"https:\/\/www.africa-press.net\/cameroun\/#\/schema\/person\/2b1cf3cd81a31e3cd26889ca66d677f1","name":"cfeditorfr"}]}},"_links":{"self":[{"href":"https:\/\/www.africa-press.net\/cameroun\/wp-json\/wp\/v2\/posts\/1275","targetHints":{"allow":["GET"]}}],"collection":[{"href":"https:\/\/www.africa-press.net\/cameroun\/wp-json\/wp\/v2\/posts"}],"about":[{"href":"https:\/\/www.africa-press.net\/cameroun\/wp-json\/wp\/v2\/types\/post"}],"author":[{"embeddable":true,"href":"https:\/\/www.africa-press.net\/cameroun\/wp-json\/wp\/v2\/users\/82"}],"replies":[{"embeddable":true,"href":"https:\/\/www.africa-press.net\/cameroun\/wp-json\/wp\/v2\/comments?post=1275"}],"version-history":[{"count":0,"href":"https:\/\/www.africa-press.net\/cameroun\/wp-json\/wp\/v2\/posts\/1275\/revisions"}],"wp:featuredmedia":[{"embeddable":true,"href":"https:\/\/www.africa-press.net\/cameroun\/wp-json\/wp\/v2\/media\/1274"}],"wp:attachment":[{"href":"https:\/\/www.africa-press.net\/cameroun\/wp-json\/wp\/v2\/media?parent=1275"}],"wp:term":[{"taxonomy":"category","embeddable":true,"href":"https:\/\/www.africa-press.net\/cameroun\/wp-json\/wp\/v2\/categories?post=1275"},{"taxonomy":"post_tag","embeddable":true,"href":"https:\/\/www.africa-press.net\/cameroun\/wp-json\/wp\/v2\/tags?post=1275"}],"curies":[{"name":"wp","href":"https:\/\/api.w.org\/{rel}","templated":true}]}}