{"id":1293,"date":"2021-03-18T22:26:34","date_gmt":"2021-03-18T22:26:34","guid":{"rendered":"https:\/\/www.africa-press.net\/cameroun\/politique\/cameroun-querelle-le-maire-sdf-de-loum-desavoue-joshua-osih-et-jean-michel-nintcheu"},"modified":"2021-03-22T05:19:33","modified_gmt":"2021-03-22T05:19:33","slug":"cameroun-querelle-le-maire-sdf-de-loum-desavoue-joshua-osih-et-jean-michel-nintcheu","status":"publish","type":"post","link":"https:\/\/www.africa-press.net\/cameroun\/politique\/cameroun-querelle-le-maire-sdf-de-loum-desavoue-joshua-osih-et-jean-michel-nintcheu","title":{"rendered":"Querelle: Le maire SDF de Loum d\u00e9savoue Joshua Osih et Jean Michel Nintcheu"},"content":{"rendered":"<p><span style=\"color: #ff6600\"><strong><a href=\"https:\/\/www.africa-press.net\/\">Africa-Press<\/a> &#8211; <a href=\"https:\/\/www.africa-press.net\/cameroun\">Cameroun<\/a>. <\/strong><\/span>Dans la guerre que se livrent les d\u00e9pit\u00e9s du Social Democratic Front (SDF) Joshua Osih et Jean Michel Nintcheu par m\u00e9dias interpos\u00e9s, le maire de Loum ne prend pas parti. Mieux, il fustige les bellig\u00e9rants. Guy Mesmin Kuat\u00e9 Wambo a livr\u00e9 son opinion sur cette querelle dans un message \u00e9crit adress\u00e9 ce 17 Mars 2021 aux autres militants du parti. L\u2019\u00e9lu est particuli\u00e8rement virulent. Il parle de \u00abjoutes verbales dont les origines sont essentiellement renti\u00e8res\u00bb, ajoutant qu\u2019il a toujours d\u00e9nonc\u00e9 et continue \u00e0 d\u00e9noncer \u00abdes comportements mercantiles, opportunistes, \u00e9go\u00efstes, activistes et incestueux de la part de certains politicards qui entachent l\u2019image du parti et le discr\u00e9ditent aux yeux de nos concitoyens\u00bb.<\/p>\n<p>Guy Mesmin Kuate Wambo d\u00e9nonce une lutte de positionnement exacerb\u00e9e par les derni\u00e8res d\u00e9clarations de Ni John Fru Ndi, le pr\u00e9sident national du SDF. Il pr\u00e9sente Nintcheu et Osih comme \u00abdes usurpateurs \u00e0 plus d\u2019un titre et m\u00eame des tricheurs\u00bb et assure que \u00abde telles forfaitures ne peuvent \u00eatre admises\u00bb. Il poursuit: \u00abvotre attitude irresponsable d\u00e9montre \u00e0 souhait votre avidit\u00e9 du pouvoir et vous ne m\u00e9ritez en aucun cas notre confiance\u00bb.<\/p>\n<p>Kuat\u00e9 Wambo pr\u00e9sente, au nom de la base, ses excuses aux nombreux sympathisants du SDF et \u00e0 l\u2019ensemble des Camerounais \u00abpour ce d\u00e9sagr\u00e9ment\u00bb, tout en promettant \u00abun jour nouveau et pour bient\u00f4t au SDF\u00bb. Cela dit, il appelle les r\u00e9formateurs, responsables, militants et sympathisants du SDF \u00e0 une mobilisation g\u00e9n\u00e9rale autour de la convocation d\u2019un congr\u00e8s extraordinaire \u00abd\u00e8s que les conditions sanitaires le permettront pour un retour au SDF originel\u00bb, car, ajoute-t-il, \u00abc\u2019est ensemble que nous pouvons\u00bb.<\/p>\n<p>L\u2019affrontement entre Joshua Osih et Nintcheu a \u00e9t\u00e9 d\u00e9clench\u00e9e par une p\u00e9tition envoy\u00e9e aux s\u00e9nateurs am\u00e9ricains par 62 d\u00e9put\u00e9s camerounais dont Joshua Osih. C\u2019\u00e9tait une r\u00e9ponse aux Am\u00e9ricains qui, quelques semaines plus t\u00f4t, avaient \u00e9crit au pr\u00e9sident am\u00e9ricain Joe Biden pour plaider en faveur des Camerounais en passe d&rsquo;\u00eatre rapatri\u00e9s pour immigration clandestine. Dans leur r\u00e9action, les parlementaires camerounais avaient exig\u00e9 le rapatriement de leurs compatriotes install\u00e9s aux Etats-Unis et coupables selon eux, d\u2019entretenir le conflit au Nord-Ouest et au Sud-Ouest. L\u2019association de Joshua Osih \u00e0 ce projet n\u2019avait pas plus \u00e0 Jean Michel Nintcheu. Depuis, celui-ci s\u2019en prend \u00e0 son coll\u00e8gue d\u00e9put\u00e9 et camarade de parti l\u2019accusant notamment de trahison et de collaboration avec le pouvoir de Yaound\u00e9.<\/p>\n<p>Joshua Osih a d\u00e9j\u00e0 eu \u00e0 lui r\u00e9pondre.\u00e0 plusieurs reprises. \u00abC\u2019est un peu naus\u00e9abond d\u2019utiliser une guerre o\u00f9 il y a eu autant de morts d\u2019hommes pour se positionner politiquement par rapport \u00e0 des \u00e9ch\u00e9ances futures en interne. Je pense qu\u2019il y a une certaine dignit\u00e9 dans la politique qui ne me permet pas d\u2019aller si bas. Maintenant, si des gens veulent donner des coups en dessous de la ceinture et utiliser ce drame pour se faire du buzz ou se faire conna\u00eetre ou se donner une position, je ne suis personnellement pas concern\u00e9 par ce genre d\u2019approche qu\u2019on a de la politique\u00bb, r\u00e9agissait-il le 2 mars 2021 sur Radio Equinoxe \u00e9mettant de Douala.<\/p>\n","protected":false},"excerpt":{"rendered":"<p>Africa-Press &#8211; Cameroun. Dans la guerre que se livrent les d\u00e9pit\u00e9s du Social Democratic Front (SDF) Joshua Osih et Jean Michel Nintcheu par m\u00e9dias interpos\u00e9s, le maire de Loum ne prend pas parti. Mieux, il fustige les bellig\u00e9rants. Guy Mesmin Kuat\u00e9 Wambo a livr\u00e9 son opinion sur cette querelle dans un message \u00e9crit adress\u00e9 ce [&hellip;]<\/p>\n","protected":false},"author":82,"featured_media":1292,"comment_status":"open","ping_status":"closed","sticky":false,"template":"","format":"standard","meta":{"footnotes":""},"categories":[11,2,10],"tags":[36,50,49],"class_list":["post-1293","post","type-post","status-publish","format-standard","has-post-thumbnail","hentry","category-homepage-french","category-politique","category-toutes-les-actualites","tag-africa-press","tag-africa-press-cameroun","tag-cameroun"],"yoast_head":"<!-- This site is optimized with the Yoast SEO Premium plugin v26.1 (Yoast SEO v27.0) - https:\/\/yoast.com\/product\/yoast-seo-premium-wordpress\/ -->\n<title>Querelle: Le maire SDF de Loum d\u00e9savoue Joshua Osih et Jean Michel Nintcheu - Cameroun<\/title>\n<meta name=\"description\" content=\"Dans la guerre que se livrent les d\u00e9pit\u00e9s du Social Democratic Front (SDF) Joshua Osih et Jean Michel Nintcheu par m\u00e9dia ...\" \/>\n<meta name=\"robots\" content=\"index, follow, max-snippet:-1, max-image-preview:large, max-video-preview:-1\" \/>\n<link rel=\"canonical\" href=\"https:\/\/www.africa-press.net\/cameroun\/politique\/cameroun-querelle-le-maire-sdf-de-loum-desavoue-joshua-osih-et-jean-michel-nintcheu\" \/>\n<meta property=\"og:locale\" content=\"fr_FR\" \/>\n<meta property=\"og:type\" content=\"article\" \/>\n<meta property=\"og:title\" content=\"Querelle: Le maire SDF de Loum d\u00e9savoue Joshua Osih et Jean Michel Nintcheu\" \/>\n<meta property=\"og:description\" content=\"Dans la guerre que se livrent les d\u00e9pit\u00e9s du Social Democratic Front (SDF) Joshua Osih et Jean Michel Nintcheu par m\u00e9dia ...\" \/>\n<meta property=\"og:url\" content=\"https:\/\/www.africa-press.net\/cameroun\/politique\/cameroun-querelle-le-maire-sdf-de-loum-desavoue-joshua-osih-et-jean-michel-nintcheu\" \/>\n<meta property=\"og:site_name\" content=\"Cameroun\" \/>\n<meta property=\"article:published_time\" content=\"2021-03-18T22:26:34+00:00\" \/>\n<meta property=\"article:modified_time\" content=\"2021-03-22T05:19:33+00:00\" \/>\n<meta property=\"og:image\" content=\"https:\/\/static.africa-press.net\/cameroun\/sites\/57\/2021\/03\/img-6053f896a43c0.jpg\" \/>\n\t<meta property=\"og:image:width\" content=\"800\" \/>\n\t<meta property=\"og:image:height\" content=\"533\" \/>\n\t<meta property=\"og:image:type\" content=\"image\/jpeg\" \/>\n<meta name=\"author\" content=\"cfeditorfr\" \/>\n<meta name=\"twitter:card\" content=\"summary_large_image\" \/>\n<meta name=\"twitter:label1\" content=\"\u00c9crit par\" \/>\n\t<meta name=\"twitter:data1\" content=\"cfeditorfr\" \/>\n\t<meta name=\"twitter:label2\" content=\"Dur\u00e9e de lecture estim\u00e9e\" \/>\n\t<meta name=\"twitter:data2\" content=\"3 minutes\" \/>\n<script type=\"application\/ld+json\" class=\"yoast-schema-graph\">{\"@context\":\"https:\/\/schema.org\",\"@graph\":[{\"@type\":\"Article\",\"@id\":\"https:\/\/www.africa-press.net\/cameroun\/politique\/cameroun-querelle-le-maire-sdf-de-loum-desavoue-joshua-osih-et-jean-michel-nintcheu#article\",\"isPartOf\":{\"@id\":\"https:\/\/www.africa-press.net\/cameroun\/politique\/cameroun-querelle-le-maire-sdf-de-loum-desavoue-joshua-osih-et-jean-michel-nintcheu\"},\"author\":{\"name\":\"cfeditorfr\",\"@id\":\"https:\/\/www.africa-press.net\/cameroun\/#\/schema\/person\/2b1cf3cd81a31e3cd26889ca66d677f1\"},\"headline\":\"Querelle: Le maire SDF de Loum d\u00e9savoue Joshua Osih et Jean Michel Nintcheu\",\"datePublished\":\"2021-03-18T22:26:34+00:00\",\"dateModified\":\"2021-03-22T05:19:33+00:00\",\"mainEntityOfPage\":{\"@id\":\"https:\/\/www.africa-press.net\/cameroun\/politique\/cameroun-querelle-le-maire-sdf-de-loum-desavoue-joshua-osih-et-jean-michel-nintcheu\"},\"wordCount\":569,\"commentCount\":0,\"image\":{\"@id\":\"https:\/\/www.africa-press.net\/cameroun\/politique\/cameroun-querelle-le-maire-sdf-de-loum-desavoue-joshua-osih-et-jean-michel-nintcheu#primaryimage\"},\"thumbnailUrl\":\"https:\/\/static.africa-press.net\/cameroun\/sites\/57\/2021\/03\/img-6053f896a43c0.jpg\",\"keywords\":[\"Africa Press\",\"Africa Press-Cameroun\",\"Cameroun\"],\"articleSection\":[\"homepage-french\",\"Politique\",\"Toutes les actualit\u00e9s\"],\"inLanguage\":\"fr-FR\",\"potentialAction\":[{\"@type\":\"CommentAction\",\"name\":\"Comment\",\"target\":[\"https:\/\/www.africa-press.net\/cameroun\/politique\/cameroun-querelle-le-maire-sdf-de-loum-desavoue-joshua-osih-et-jean-michel-nintcheu#respond\"]}]},{\"@type\":\"WebPage\",\"@id\":\"https:\/\/www.africa-press.net\/cameroun\/politique\/cameroun-querelle-le-maire-sdf-de-loum-desavoue-joshua-osih-et-jean-michel-nintcheu\",\"url\":\"https:\/\/www.africa-press.net\/cameroun\/politique\/cameroun-querelle-le-maire-sdf-de-loum-desavoue-joshua-osih-et-jean-michel-nintcheu\",\"name\":\"Querelle: Le maire SDF de Loum d\u00e9savoue Joshua Osih et Jean Michel Nintcheu - Cameroun\",\"isPartOf\":{\"@id\":\"https:\/\/www.africa-press.net\/cameroun\/#website\"},\"primaryImageOfPage\":{\"@id\":\"https:\/\/www.africa-press.net\/cameroun\/politique\/cameroun-querelle-le-maire-sdf-de-loum-desavoue-joshua-osih-et-jean-michel-nintcheu#primaryimage\"},\"image\":{\"@id\":\"https:\/\/www.africa-press.net\/cameroun\/politique\/cameroun-querelle-le-maire-sdf-de-loum-desavoue-joshua-osih-et-jean-michel-nintcheu#primaryimage\"},\"thumbnailUrl\":\"https:\/\/static.africa-press.net\/cameroun\/sites\/57\/2021\/03\/img-6053f896a43c0.jpg\",\"datePublished\":\"2021-03-18T22:26:34+00:00\",\"dateModified\":\"2021-03-22T05:19:33+00:00\",\"author\":{\"@id\":\"https:\/\/www.africa-press.net\/cameroun\/#\/schema\/person\/2b1cf3cd81a31e3cd26889ca66d677f1\"},\"description\":\"Dans la guerre que se livrent les d\u00e9pit\u00e9s du Social Democratic Front (SDF) Joshua Osih et Jean Michel Nintcheu par m\u00e9dia ...\",\"breadcrumb\":{\"@id\":\"https:\/\/www.africa-press.net\/cameroun\/politique\/cameroun-querelle-le-maire-sdf-de-loum-desavoue-joshua-osih-et-jean-michel-nintcheu#breadcrumb\"},\"inLanguage\":\"fr-FR\",\"potentialAction\":[{\"@type\":\"ReadAction\",\"target\":[\"https:\/\/www.africa-press.net\/cameroun\/politique\/cameroun-querelle-le-maire-sdf-de-loum-desavoue-joshua-osih-et-jean-michel-nintcheu\"]}]},{\"@type\":\"ImageObject\",\"inLanguage\":\"fr-FR\",\"@id\":\"https:\/\/www.africa-press.net\/cameroun\/politique\/cameroun-querelle-le-maire-sdf-de-loum-desavoue-joshua-osih-et-jean-michel-nintcheu#primaryimage\",\"url\":\"https:\/\/static.africa-press.net\/cameroun\/sites\/57\/2021\/03\/img-6053f896a43c0.jpg\",\"contentUrl\":\"https:\/\/static.africa-press.net\/cameroun\/sites\/57\/2021\/03\/img-6053f896a43c0.jpg\",\"width\":800,\"height\":533,\"caption\":\"Cameroun - Querelle: Le maire SDF de Loum d\u00e9savoue Joshua Osih et Jean Michel Nintcheu\"},{\"@type\":\"BreadcrumbList\",\"@id\":\"https:\/\/www.africa-press.net\/cameroun\/politique\/cameroun-querelle-le-maire-sdf-de-loum-desavoue-joshua-osih-et-jean-michel-nintcheu#breadcrumb\",\"itemListElement\":[{\"@type\":\"ListItem\",\"position\":1,\"name\":\"Accueil\",\"item\":\"https:\/\/www.africa-press.net\/cameroun\/\"},{\"@type\":\"ListItem\",\"position\":2,\"name\":\"Querelle: Le maire SDF de Loum d\u00e9savoue Joshua Osih et Jean Michel Nintcheu\"}]},{\"@type\":\"WebSite\",\"@id\":\"https:\/\/www.africa-press.net\/cameroun\/#website\",\"url\":\"https:\/\/www.africa-press.net\/cameroun\/\",\"name\":\"Cameroun\",\"description\":\"Just another Africa News Agency Sites site\",\"potentialAction\":[{\"@type\":\"SearchAction\",\"target\":{\"@type\":\"EntryPoint\",\"urlTemplate\":\"https:\/\/www.africa-press.net\/cameroun\/?s={search_term_string}\"},\"query-input\":{\"@type\":\"PropertyValueSpecification\",\"valueRequired\":true,\"valueName\":\"search_term_string\"}}],\"inLanguage\":\"fr-FR\"},{\"@type\":\"Person\",\"@id\":\"https:\/\/www.africa-press.net\/cameroun\/#\/schema\/person\/2b1cf3cd81a31e3cd26889ca66d677f1\",\"name\":\"cfeditorfr\"}]}<\/script>\n<!-- \/ Yoast SEO Premium plugin. -->","yoast_head_json":{"title":"Querelle: Le maire SDF de Loum d\u00e9savoue Joshua Osih et Jean Michel Nintcheu - Cameroun","description":"Dans la guerre que se livrent les d\u00e9pit\u00e9s du Social Democratic Front (SDF) Joshua Osih et Jean Michel Nintcheu par m\u00e9dia ...","robots":{"index":"index","follow":"follow","max-snippet":"max-snippet:-1","max-image-preview":"max-image-preview:large","max-video-preview":"max-video-preview:-1"},"canonical":"https:\/\/www.africa-press.net\/cameroun\/politique\/cameroun-querelle-le-maire-sdf-de-loum-desavoue-joshua-osih-et-jean-michel-nintcheu","og_locale":"fr_FR","og_type":"article","og_title":"Querelle: Le maire SDF de Loum d\u00e9savoue Joshua Osih et Jean Michel Nintcheu","og_description":"Dans la guerre que se livrent les d\u00e9pit\u00e9s du Social Democratic Front (SDF) Joshua Osih et Jean Michel Nintcheu par m\u00e9dia ...","og_url":"https:\/\/www.africa-press.net\/cameroun\/politique\/cameroun-querelle-le-maire-sdf-de-loum-desavoue-joshua-osih-et-jean-michel-nintcheu","og_site_name":"Cameroun","article_published_time":"2021-03-18T22:26:34+00:00","article_modified_time":"2021-03-22T05:19:33+00:00","og_image":[{"width":800,"height":533,"url":"https:\/\/static.africa-press.net\/cameroun\/sites\/57\/2021\/03\/img-6053f896a43c0.jpg","type":"image\/jpeg"}],"author":"cfeditorfr","twitter_card":"summary_large_image","twitter_misc":{"\u00c9crit par":"cfeditorfr","Dur\u00e9e de lecture estim\u00e9e":"3 minutes"},"schema":{"@context":"https:\/\/schema.org","@graph":[{"@type":"Article","@id":"https:\/\/www.africa-press.net\/cameroun\/politique\/cameroun-querelle-le-maire-sdf-de-loum-desavoue-joshua-osih-et-jean-michel-nintcheu#article","isPartOf":{"@id":"https:\/\/www.africa-press.net\/cameroun\/politique\/cameroun-querelle-le-maire-sdf-de-loum-desavoue-joshua-osih-et-jean-michel-nintcheu"},"author":{"name":"cfeditorfr","@id":"https:\/\/www.africa-press.net\/cameroun\/#\/schema\/person\/2b1cf3cd81a31e3cd26889ca66d677f1"},"headline":"Querelle: Le maire SDF de Loum d\u00e9savoue Joshua Osih et Jean Michel Nintcheu","datePublished":"2021-03-18T22:26:34+00:00","dateModified":"2021-03-22T05:19:33+00:00","mainEntityOfPage":{"@id":"https:\/\/www.africa-press.net\/cameroun\/politique\/cameroun-querelle-le-maire-sdf-de-loum-desavoue-joshua-osih-et-jean-michel-nintcheu"},"wordCount":569,"commentCount":0,"image":{"@id":"https:\/\/www.africa-press.net\/cameroun\/politique\/cameroun-querelle-le-maire-sdf-de-loum-desavoue-joshua-osih-et-jean-michel-nintcheu#primaryimage"},"thumbnailUrl":"https:\/\/static.africa-press.net\/cameroun\/sites\/57\/2021\/03\/img-6053f896a43c0.jpg","keywords":["Africa Press","Africa Press-Cameroun","Cameroun"],"articleSection":["homepage-french","Politique","Toutes les actualit\u00e9s"],"inLanguage":"fr-FR","potentialAction":[{"@type":"CommentAction","name":"Comment","target":["https:\/\/www.africa-press.net\/cameroun\/politique\/cameroun-querelle-le-maire-sdf-de-loum-desavoue-joshua-osih-et-jean-michel-nintcheu#respond"]}]},{"@type":"WebPage","@id":"https:\/\/www.africa-press.net\/cameroun\/politique\/cameroun-querelle-le-maire-sdf-de-loum-desavoue-joshua-osih-et-jean-michel-nintcheu","url":"https:\/\/www.africa-press.net\/cameroun\/politique\/cameroun-querelle-le-maire-sdf-de-loum-desavoue-joshua-osih-et-jean-michel-nintcheu","name":"Querelle: Le maire SDF de Loum d\u00e9savoue Joshua Osih et Jean Michel Nintcheu - Cameroun","isPartOf":{"@id":"https:\/\/www.africa-press.net\/cameroun\/#website"},"primaryImageOfPage":{"@id":"https:\/\/www.africa-press.net\/cameroun\/politique\/cameroun-querelle-le-maire-sdf-de-loum-desavoue-joshua-osih-et-jean-michel-nintcheu#primaryimage"},"image":{"@id":"https:\/\/www.africa-press.net\/cameroun\/politique\/cameroun-querelle-le-maire-sdf-de-loum-desavoue-joshua-osih-et-jean-michel-nintcheu#primaryimage"},"thumbnailUrl":"https:\/\/static.africa-press.net\/cameroun\/sites\/57\/2021\/03\/img-6053f896a43c0.jpg","datePublished":"2021-03-18T22:26:34+00:00","dateModified":"2021-03-22T05:19:33+00:00","author":{"@id":"https:\/\/www.africa-press.net\/cameroun\/#\/schema\/person\/2b1cf3cd81a31e3cd26889ca66d677f1"},"description":"Dans la guerre que se livrent les d\u00e9pit\u00e9s du Social Democratic Front (SDF) Joshua Osih et Jean Michel Nintcheu par m\u00e9dia ...","breadcrumb":{"@id":"https:\/\/www.africa-press.net\/cameroun\/politique\/cameroun-querelle-le-maire-sdf-de-loum-desavoue-joshua-osih-et-jean-michel-nintcheu#breadcrumb"},"inLanguage":"fr-FR","potentialAction":[{"@type":"ReadAction","target":["https:\/\/www.africa-press.net\/cameroun\/politique\/cameroun-querelle-le-maire-sdf-de-loum-desavoue-joshua-osih-et-jean-michel-nintcheu"]}]},{"@type":"ImageObject","inLanguage":"fr-FR","@id":"https:\/\/www.africa-press.net\/cameroun\/politique\/cameroun-querelle-le-maire-sdf-de-loum-desavoue-joshua-osih-et-jean-michel-nintcheu#primaryimage","url":"https:\/\/static.africa-press.net\/cameroun\/sites\/57\/2021\/03\/img-6053f896a43c0.jpg","contentUrl":"https:\/\/static.africa-press.net\/cameroun\/sites\/57\/2021\/03\/img-6053f896a43c0.jpg","width":800,"height":533,"caption":"Cameroun - Querelle: Le maire SDF de Loum d\u00e9savoue Joshua Osih et Jean Michel Nintcheu"},{"@type":"BreadcrumbList","@id":"https:\/\/www.africa-press.net\/cameroun\/politique\/cameroun-querelle-le-maire-sdf-de-loum-desavoue-joshua-osih-et-jean-michel-nintcheu#breadcrumb","itemListElement":[{"@type":"ListItem","position":1,"name":"Accueil","item":"https:\/\/www.africa-press.net\/cameroun\/"},{"@type":"ListItem","position":2,"name":"Querelle: Le maire SDF de Loum d\u00e9savoue Joshua Osih et Jean Michel Nintcheu"}]},{"@type":"WebSite","@id":"https:\/\/www.africa-press.net\/cameroun\/#website","url":"https:\/\/www.africa-press.net\/cameroun\/","name":"Cameroun","description":"Just another Africa News Agency Sites site","potentialAction":[{"@type":"SearchAction","target":{"@type":"EntryPoint","urlTemplate":"https:\/\/www.africa-press.net\/cameroun\/?s={search_term_string}"},"query-input":{"@type":"PropertyValueSpecification","valueRequired":true,"valueName":"search_term_string"}}],"inLanguage":"fr-FR"},{"@type":"Person","@id":"https:\/\/www.africa-press.net\/cameroun\/#\/schema\/person\/2b1cf3cd81a31e3cd26889ca66d677f1","name":"cfeditorfr"}]}},"_links":{"self":[{"href":"https:\/\/www.africa-press.net\/cameroun\/wp-json\/wp\/v2\/posts\/1293","targetHints":{"allow":["GET"]}}],"collection":[{"href":"https:\/\/www.africa-press.net\/cameroun\/wp-json\/wp\/v2\/posts"}],"about":[{"href":"https:\/\/www.africa-press.net\/cameroun\/wp-json\/wp\/v2\/types\/post"}],"author":[{"embeddable":true,"href":"https:\/\/www.africa-press.net\/cameroun\/wp-json\/wp\/v2\/users\/82"}],"replies":[{"embeddable":true,"href":"https:\/\/www.africa-press.net\/cameroun\/wp-json\/wp\/v2\/comments?post=1293"}],"version-history":[{"count":0,"href":"https:\/\/www.africa-press.net\/cameroun\/wp-json\/wp\/v2\/posts\/1293\/revisions"}],"wp:featuredmedia":[{"embeddable":true,"href":"https:\/\/www.africa-press.net\/cameroun\/wp-json\/wp\/v2\/media\/1292"}],"wp:attachment":[{"href":"https:\/\/www.africa-press.net\/cameroun\/wp-json\/wp\/v2\/media?parent=1293"}],"wp:term":[{"taxonomy":"category","embeddable":true,"href":"https:\/\/www.africa-press.net\/cameroun\/wp-json\/wp\/v2\/categories?post=1293"},{"taxonomy":"post_tag","embeddable":true,"href":"https:\/\/www.africa-press.net\/cameroun\/wp-json\/wp\/v2\/tags?post=1293"}],"curies":[{"name":"wp","href":"https:\/\/api.w.org\/{rel}","templated":true}]}}