{"id":1296,"date":"2021-03-18T22:30:10","date_gmt":"2021-03-18T22:30:10","guid":{"rendered":"https:\/\/www.africa-press.net\/cameroun\/politique\/cameroun-justice-affaire-daoussa-deby-frere-aine-du-president-tchadien-contre-etat-du-cameroun-le-tribunal-administratif-du-centre-se-declare-incompetent-pour-juger-ses-deux-recours"},"modified":"2021-03-22T05:19:29","modified_gmt":"2021-03-22T05:19:29","slug":"cameroun-justice-affaire-daoussa-deby-frere-aine-du-president-tchadien-contre-etat-du-cameroun-le-tribunal-administratif-du-centre-se-declare-incompetent-pour-juger-ses-deux-recours","status":"publish","type":"post","link":"https:\/\/www.africa-press.net\/cameroun\/politique\/cameroun-justice-affaire-daoussa-deby-frere-aine-du-president-tchadien-contre-etat-du-cameroun-le-tribunal-administratif-du-centre-se-declare-incompetent-pour-juger-ses-deux-recours","title":{"rendered":"Justice\/Affaire Daoussa D\u00e9by (fr\u00e8re ain\u00e9 du pr\u00e9sident tchadien) contre Etat du Cameroun: Le tribunal Administratif du Centre se d\u00e9clare incomp\u00e9tent pour juger ses deux recours"},"content":{"rendered":"<p><span style=\"color: #ff6600\"><strong><a href=\"https:\/\/www.africa-press.net\/\">Africa-Press<\/a> &#8211; <a href=\"https:\/\/www.africa-press.net\/cameroun\">Cameroun<\/a>. <\/strong><\/span>Le Tribunal administratif du Centre s\u2019est d\u00e9clar\u00e9 incomp\u00e9tent, le mardi 16 mars 2021, pour juger les deux recours introduits par l\u2019homme d\u2019affaires Daoussa D\u00e9by, fr\u00e8re ain\u00e9 du pr\u00e9sident Idriss D\u00e9by Itno du Tchad, et pr\u00e9sident-directeur g\u00e9n\u00e9ral de l\u2019entreprise tchadienne Soci\u00e9t\u00e9 nouvelle d\u2019\u00e9tudes et des r\u00e9alisations (SNER).<\/p>\n<p>Lesdits recours portaient sur: l\u2019annulation du message port\u00e9 radio du 20 juillet 2017 interdisant Daoussa Deby de s\u00e9journer sur le territoire camerounais assortis des dommages et int\u00e9r\u00eats d\u2019un montant de 4,8 milliards de francs CFA pour les pr\u00e9judices subis et, l\u2019annulation de l\u2019acte de refoulement de Daoussa Deby de l\u2019a\u00e9roport international de Douala.<\/p>\n<p>Apr\u00e8s les d\u00e9bats, qui ont oppos\u00e9 d\u2019une part le collectif des avocats de Daoussa Deby et les repr\u00e9sentants de la DGSN d\u2019autre part, \u00abAlexandre Mbo Anaba, le pr\u00e9sident de l\u2019audience, par ailleurs pr\u00e9sident du tribunal administratif du Centre, a pris en compte la nature de l\u2019affaire, la qualit\u00e9 des justiciables, l\u2019implication des trait\u00e9s et des accords qui lient le Cameroun \u00e0 la CEMAC avant de vider sa saisine en qualifiant l\u2019institution judiciaire \u00abincomp\u00e9tente pour les deux affaires dans le fond\u00bb, renseigne le journal Le Messager dans son \u00e9dition du 18 mars 2021.<\/p>\n<p>D\u2019apr\u00e8s le journal, le requ\u00e9rant devra tout simplement solliciter une autre juridiction pour obtenir r\u00e9paration. \u00abCe qui n\u2019inqui\u00e8te pas ses avocats qui s\u2019estiment pr\u00eats \u00e0 saisir la Cour Communautaire de la CEMAC, une juridiction comp\u00e9tente pour des telles affaires\u00bb, peut-on lire.<\/p>\n<p>Pour rappel, Daoussa D\u00e9by avait \u00e9t\u00e9 refoul\u00e9 le 30 janvier 2017 de l\u2019a\u00e9roport international de Douala alors qu\u2019il venait \u00abau Cameroun dans le but de signer des contrats relatifs \u00e0 plusieurs march\u00e9s \u00e0 savoir: la construction du march\u00e9 Congo \u00e0 Douala, les logements sociaux de Nyassa \u00e0 Douala, la r\u00e9habilitation de la route Maroua-Bogo entre autres\u00bb.<\/p>\n<p>Face \u00e0 ce qu\u2019il avait qualifi\u00e9 \u00abd\u2019humiliation\u00bb, l\u2019homme d\u2019affaires avait saisi, en vain, le d\u00e9l\u00e9gu\u00e9 g\u00e9n\u00e9ral \u00e0 la S\u00fbret\u00e9 Nationale (DGSN), le minist\u00e8re de l\u2019Administration Territoriale, l\u2019ambassade du Tchad au Cameroun et la police des fronti\u00e8res. C\u2019est alors qu\u2019il avait d\u00e9cid\u00e9 de d\u00e9poser une plainte au Tribunal administratif de Yaound\u00e9 le 11 septembre 2018 \u00abafin d\u2019\u00eatre r\u00e9tabli dans son droit et son honorabilit\u00e9\u00bb. La Cour Supr\u00eame, apr\u00e8s examen du dossier, lui avait donn\u00e9 raison le 5 aout 2020.<\/p>\n","protected":false},"excerpt":{"rendered":"<p>Africa-Press &#8211; Cameroun. Le Tribunal administratif du Centre s\u2019est d\u00e9clar\u00e9 incomp\u00e9tent, le mardi 16 mars 2021, pour juger les deux recours introduits par l\u2019homme d\u2019affaires Daoussa D\u00e9by, fr\u00e8re ain\u00e9 du pr\u00e9sident Idriss D\u00e9by Itno du Tchad, et pr\u00e9sident-directeur g\u00e9n\u00e9ral de l\u2019entreprise tchadienne Soci\u00e9t\u00e9 nouvelle d\u2019\u00e9tudes et des r\u00e9alisations (SNER). Lesdits recours portaient sur: l\u2019annulation du [&hellip;]<\/p>\n","protected":false},"author":82,"featured_media":1295,"comment_status":"open","ping_status":"closed","sticky":false,"template":"","format":"standard","meta":{"footnotes":""},"categories":[11,2,10],"tags":[36,50,49],"class_list":["post-1296","post","type-post","status-publish","format-standard","has-post-thumbnail","hentry","category-homepage-french","category-politique","category-toutes-les-actualites","tag-africa-press","tag-africa-press-cameroun","tag-cameroun"],"yoast_head":"<!-- This site is optimized with the Yoast SEO Premium plugin v26.1 (Yoast SEO v27.0) - https:\/\/yoast.com\/product\/yoast-seo-premium-wordpress\/ -->\n<title>Justice\/Affaire Daoussa D\u00e9by (fr\u00e8re ain\u00e9 du pr\u00e9sident tchadien) contre Etat du Cameroun: Le tribunal Administratif du Centre se d\u00e9clare incomp\u00e9tent pour juger ses deux recours - Cameroun<\/title>\n<meta name=\"description\" content=\"Le Tribunal administratif du Centre s\u2019est d\u00e9clar\u00e9 incomp\u00e9tent, le mardi 16 mars 2021, pour juger les deux recours introd ...\" \/>\n<meta name=\"robots\" content=\"index, follow, max-snippet:-1, max-image-preview:large, max-video-preview:-1\" \/>\n<link rel=\"canonical\" href=\"https:\/\/www.africa-press.net\/cameroun\/politique\/cameroun-justice-affaire-daoussa-deby-frere-aine-du-president-tchadien-contre-etat-du-cameroun-le-tribunal-administratif-du-centre-se-declare-incompetent-pour-juger-ses-deux-recours\" \/>\n<meta property=\"og:locale\" content=\"fr_FR\" \/>\n<meta property=\"og:type\" content=\"article\" \/>\n<meta property=\"og:title\" content=\"Justice\/Affaire Daoussa D\u00e9by (fr\u00e8re ain\u00e9 du pr\u00e9sident tchadien) contre Etat du Cameroun: Le tribunal Administratif du Centre se d\u00e9clare incomp\u00e9tent pour juger ses deux recours\" \/>\n<meta property=\"og:description\" content=\"Le Tribunal administratif du Centre s\u2019est d\u00e9clar\u00e9 incomp\u00e9tent, le mardi 16 mars 2021, pour juger les deux recours introd ...\" \/>\n<meta property=\"og:url\" content=\"https:\/\/www.africa-press.net\/cameroun\/politique\/cameroun-justice-affaire-daoussa-deby-frere-aine-du-president-tchadien-contre-etat-du-cameroun-le-tribunal-administratif-du-centre-se-declare-incompetent-pour-juger-ses-deux-recours\" \/>\n<meta property=\"og:site_name\" content=\"Cameroun\" \/>\n<meta property=\"article:published_time\" content=\"2021-03-18T22:30:10+00:00\" \/>\n<meta property=\"article:modified_time\" content=\"2021-03-22T05:19:29+00:00\" \/>\n<meta property=\"og:image\" content=\"https:\/\/static.africa-press.net\/cameroun\/sites\/57\/2021\/03\/img-6053f8bb21899.jpg\" \/>\n\t<meta property=\"og:image:width\" content=\"800\" \/>\n\t<meta property=\"og:image:height\" content=\"492\" \/>\n\t<meta property=\"og:image:type\" content=\"image\/jpeg\" \/>\n<meta name=\"author\" content=\"cfeditorfr\" \/>\n<meta name=\"twitter:card\" content=\"summary_large_image\" \/>\n<meta name=\"twitter:label1\" content=\"\u00c9crit par\" \/>\n\t<meta name=\"twitter:data1\" content=\"cfeditorfr\" \/>\n\t<meta name=\"twitter:label2\" content=\"Dur\u00e9e de lecture estim\u00e9e\" \/>\n\t<meta name=\"twitter:data2\" content=\"2 minutes\" \/>\n<script type=\"application\/ld+json\" class=\"yoast-schema-graph\">{\"@context\":\"https:\/\/schema.org\",\"@graph\":[{\"@type\":\"Article\",\"@id\":\"https:\/\/www.africa-press.net\/cameroun\/politique\/cameroun-justice-affaire-daoussa-deby-frere-aine-du-president-tchadien-contre-etat-du-cameroun-le-tribunal-administratif-du-centre-se-declare-incompetent-pour-juger-ses-deux-recours#article\",\"isPartOf\":{\"@id\":\"https:\/\/www.africa-press.net\/cameroun\/politique\/cameroun-justice-affaire-daoussa-deby-frere-aine-du-president-tchadien-contre-etat-du-cameroun-le-tribunal-administratif-du-centre-se-declare-incompetent-pour-juger-ses-deux-recours\"},\"author\":{\"name\":\"cfeditorfr\",\"@id\":\"https:\/\/www.africa-press.net\/cameroun\/#\/schema\/person\/2b1cf3cd81a31e3cd26889ca66d677f1\"},\"headline\":\"Justice\/Affaire Daoussa D\u00e9by (fr\u00e8re ain\u00e9 du pr\u00e9sident tchadien) contre Etat du Cameroun: Le tribunal Administratif du Centre se d\u00e9clare incomp\u00e9tent pour juger ses deux recours\",\"datePublished\":\"2021-03-18T22:30:10+00:00\",\"dateModified\":\"2021-03-22T05:19:29+00:00\",\"mainEntityOfPage\":{\"@id\":\"https:\/\/www.africa-press.net\/cameroun\/politique\/cameroun-justice-affaire-daoussa-deby-frere-aine-du-president-tchadien-contre-etat-du-cameroun-le-tribunal-administratif-du-centre-se-declare-incompetent-pour-juger-ses-deux-recours\"},\"wordCount\":454,\"commentCount\":0,\"image\":{\"@id\":\"https:\/\/www.africa-press.net\/cameroun\/politique\/cameroun-justice-affaire-daoussa-deby-frere-aine-du-president-tchadien-contre-etat-du-cameroun-le-tribunal-administratif-du-centre-se-declare-incompetent-pour-juger-ses-deux-recours#primaryimage\"},\"thumbnailUrl\":\"https:\/\/static.africa-press.net\/cameroun\/sites\/57\/2021\/03\/img-6053f8bb21899.jpg\",\"keywords\":[\"Africa Press\",\"Africa Press-Cameroun\",\"Cameroun\"],\"articleSection\":[\"homepage-french\",\"Politique\",\"Toutes les actualit\u00e9s\"],\"inLanguage\":\"fr-FR\",\"potentialAction\":[{\"@type\":\"CommentAction\",\"name\":\"Comment\",\"target\":[\"https:\/\/www.africa-press.net\/cameroun\/politique\/cameroun-justice-affaire-daoussa-deby-frere-aine-du-president-tchadien-contre-etat-du-cameroun-le-tribunal-administratif-du-centre-se-declare-incompetent-pour-juger-ses-deux-recours#respond\"]}]},{\"@type\":\"WebPage\",\"@id\":\"https:\/\/www.africa-press.net\/cameroun\/politique\/cameroun-justice-affaire-daoussa-deby-frere-aine-du-president-tchadien-contre-etat-du-cameroun-le-tribunal-administratif-du-centre-se-declare-incompetent-pour-juger-ses-deux-recours\",\"url\":\"https:\/\/www.africa-press.net\/cameroun\/politique\/cameroun-justice-affaire-daoussa-deby-frere-aine-du-president-tchadien-contre-etat-du-cameroun-le-tribunal-administratif-du-centre-se-declare-incompetent-pour-juger-ses-deux-recours\",\"name\":\"Justice\/Affaire Daoussa D\u00e9by (fr\u00e8re ain\u00e9 du pr\u00e9sident tchadien) contre Etat du Cameroun: Le tribunal Administratif du Centre se d\u00e9clare incomp\u00e9tent pour juger ses deux recours - Cameroun\",\"isPartOf\":{\"@id\":\"https:\/\/www.africa-press.net\/cameroun\/#website\"},\"primaryImageOfPage\":{\"@id\":\"https:\/\/www.africa-press.net\/cameroun\/politique\/cameroun-justice-affaire-daoussa-deby-frere-aine-du-president-tchadien-contre-etat-du-cameroun-le-tribunal-administratif-du-centre-se-declare-incompetent-pour-juger-ses-deux-recours#primaryimage\"},\"image\":{\"@id\":\"https:\/\/www.africa-press.net\/cameroun\/politique\/cameroun-justice-affaire-daoussa-deby-frere-aine-du-president-tchadien-contre-etat-du-cameroun-le-tribunal-administratif-du-centre-se-declare-incompetent-pour-juger-ses-deux-recours#primaryimage\"},\"thumbnailUrl\":\"https:\/\/static.africa-press.net\/cameroun\/sites\/57\/2021\/03\/img-6053f8bb21899.jpg\",\"datePublished\":\"2021-03-18T22:30:10+00:00\",\"dateModified\":\"2021-03-22T05:19:29+00:00\",\"author\":{\"@id\":\"https:\/\/www.africa-press.net\/cameroun\/#\/schema\/person\/2b1cf3cd81a31e3cd26889ca66d677f1\"},\"description\":\"Le Tribunal administratif du Centre s\u2019est d\u00e9clar\u00e9 incomp\u00e9tent, le mardi 16 mars 2021, pour juger les deux recours introd ...\",\"breadcrumb\":{\"@id\":\"https:\/\/www.africa-press.net\/cameroun\/politique\/cameroun-justice-affaire-daoussa-deby-frere-aine-du-president-tchadien-contre-etat-du-cameroun-le-tribunal-administratif-du-centre-se-declare-incompetent-pour-juger-ses-deux-recours#breadcrumb\"},\"inLanguage\":\"fr-FR\",\"potentialAction\":[{\"@type\":\"ReadAction\",\"target\":[\"https:\/\/www.africa-press.net\/cameroun\/politique\/cameroun-justice-affaire-daoussa-deby-frere-aine-du-president-tchadien-contre-etat-du-cameroun-le-tribunal-administratif-du-centre-se-declare-incompetent-pour-juger-ses-deux-recours\"]}]},{\"@type\":\"ImageObject\",\"inLanguage\":\"fr-FR\",\"@id\":\"https:\/\/www.africa-press.net\/cameroun\/politique\/cameroun-justice-affaire-daoussa-deby-frere-aine-du-president-tchadien-contre-etat-du-cameroun-le-tribunal-administratif-du-centre-se-declare-incompetent-pour-juger-ses-deux-recours#primaryimage\",\"url\":\"https:\/\/static.africa-press.net\/cameroun\/sites\/57\/2021\/03\/img-6053f8bb21899.jpg\",\"contentUrl\":\"https:\/\/static.africa-press.net\/cameroun\/sites\/57\/2021\/03\/img-6053f8bb21899.jpg\",\"width\":800,\"height\":492,\"caption\":\"Cameroun - Justice\/Affaire Daoussa D\u00e9by (fr\u00e8re ain\u00e9 du pr\u00e9sident tchadien) contre Etat du Cameroun: Le tribunal Administratif du Centre se d\u00e9clare incomp\u00e9tent pour juger ses deux recours\"},{\"@type\":\"BreadcrumbList\",\"@id\":\"https:\/\/www.africa-press.net\/cameroun\/politique\/cameroun-justice-affaire-daoussa-deby-frere-aine-du-president-tchadien-contre-etat-du-cameroun-le-tribunal-administratif-du-centre-se-declare-incompetent-pour-juger-ses-deux-recours#breadcrumb\",\"itemListElement\":[{\"@type\":\"ListItem\",\"position\":1,\"name\":\"Accueil\",\"item\":\"https:\/\/www.africa-press.net\/cameroun\/\"},{\"@type\":\"ListItem\",\"position\":2,\"name\":\"Justice\/Affaire Daoussa D\u00e9by (fr\u00e8re ain\u00e9 du pr\u00e9sident tchadien) contre Etat du Cameroun: Le tribunal Administratif du Centre se d\u00e9clare incomp\u00e9tent pour juger ses deux recours\"}]},{\"@type\":\"WebSite\",\"@id\":\"https:\/\/www.africa-press.net\/cameroun\/#website\",\"url\":\"https:\/\/www.africa-press.net\/cameroun\/\",\"name\":\"Cameroun\",\"description\":\"Just another Africa News Agency Sites site\",\"potentialAction\":[{\"@type\":\"SearchAction\",\"target\":{\"@type\":\"EntryPoint\",\"urlTemplate\":\"https:\/\/www.africa-press.net\/cameroun\/?s={search_term_string}\"},\"query-input\":{\"@type\":\"PropertyValueSpecification\",\"valueRequired\":true,\"valueName\":\"search_term_string\"}}],\"inLanguage\":\"fr-FR\"},{\"@type\":\"Person\",\"@id\":\"https:\/\/www.africa-press.net\/cameroun\/#\/schema\/person\/2b1cf3cd81a31e3cd26889ca66d677f1\",\"name\":\"cfeditorfr\"}]}<\/script>\n<!-- \/ Yoast SEO Premium plugin. -->","yoast_head_json":{"title":"Justice\/Affaire Daoussa D\u00e9by (fr\u00e8re ain\u00e9 du pr\u00e9sident tchadien) contre Etat du Cameroun: Le tribunal Administratif du Centre se d\u00e9clare incomp\u00e9tent pour juger ses deux recours - Cameroun","description":"Le Tribunal administratif du Centre s\u2019est d\u00e9clar\u00e9 incomp\u00e9tent, le mardi 16 mars 2021, pour juger les deux recours introd ...","robots":{"index":"index","follow":"follow","max-snippet":"max-snippet:-1","max-image-preview":"max-image-preview:large","max-video-preview":"max-video-preview:-1"},"canonical":"https:\/\/www.africa-press.net\/cameroun\/politique\/cameroun-justice-affaire-daoussa-deby-frere-aine-du-president-tchadien-contre-etat-du-cameroun-le-tribunal-administratif-du-centre-se-declare-incompetent-pour-juger-ses-deux-recours","og_locale":"fr_FR","og_type":"article","og_title":"Justice\/Affaire Daoussa D\u00e9by (fr\u00e8re ain\u00e9 du pr\u00e9sident tchadien) contre Etat du Cameroun: Le tribunal Administratif du Centre se d\u00e9clare incomp\u00e9tent pour juger ses deux recours","og_description":"Le Tribunal administratif du Centre s\u2019est d\u00e9clar\u00e9 incomp\u00e9tent, le mardi 16 mars 2021, pour juger les deux recours introd ...","og_url":"https:\/\/www.africa-press.net\/cameroun\/politique\/cameroun-justice-affaire-daoussa-deby-frere-aine-du-president-tchadien-contre-etat-du-cameroun-le-tribunal-administratif-du-centre-se-declare-incompetent-pour-juger-ses-deux-recours","og_site_name":"Cameroun","article_published_time":"2021-03-18T22:30:10+00:00","article_modified_time":"2021-03-22T05:19:29+00:00","og_image":[{"width":800,"height":492,"url":"https:\/\/static.africa-press.net\/cameroun\/sites\/57\/2021\/03\/img-6053f8bb21899.jpg","type":"image\/jpeg"}],"author":"cfeditorfr","twitter_card":"summary_large_image","twitter_misc":{"\u00c9crit par":"cfeditorfr","Dur\u00e9e de lecture estim\u00e9e":"2 minutes"},"schema":{"@context":"https:\/\/schema.org","@graph":[{"@type":"Article","@id":"https:\/\/www.africa-press.net\/cameroun\/politique\/cameroun-justice-affaire-daoussa-deby-frere-aine-du-president-tchadien-contre-etat-du-cameroun-le-tribunal-administratif-du-centre-se-declare-incompetent-pour-juger-ses-deux-recours#article","isPartOf":{"@id":"https:\/\/www.africa-press.net\/cameroun\/politique\/cameroun-justice-affaire-daoussa-deby-frere-aine-du-president-tchadien-contre-etat-du-cameroun-le-tribunal-administratif-du-centre-se-declare-incompetent-pour-juger-ses-deux-recours"},"author":{"name":"cfeditorfr","@id":"https:\/\/www.africa-press.net\/cameroun\/#\/schema\/person\/2b1cf3cd81a31e3cd26889ca66d677f1"},"headline":"Justice\/Affaire Daoussa D\u00e9by (fr\u00e8re ain\u00e9 du pr\u00e9sident tchadien) contre Etat du Cameroun: Le tribunal Administratif du Centre se d\u00e9clare incomp\u00e9tent pour juger ses deux recours","datePublished":"2021-03-18T22:30:10+00:00","dateModified":"2021-03-22T05:19:29+00:00","mainEntityOfPage":{"@id":"https:\/\/www.africa-press.net\/cameroun\/politique\/cameroun-justice-affaire-daoussa-deby-frere-aine-du-president-tchadien-contre-etat-du-cameroun-le-tribunal-administratif-du-centre-se-declare-incompetent-pour-juger-ses-deux-recours"},"wordCount":454,"commentCount":0,"image":{"@id":"https:\/\/www.africa-press.net\/cameroun\/politique\/cameroun-justice-affaire-daoussa-deby-frere-aine-du-president-tchadien-contre-etat-du-cameroun-le-tribunal-administratif-du-centre-se-declare-incompetent-pour-juger-ses-deux-recours#primaryimage"},"thumbnailUrl":"https:\/\/static.africa-press.net\/cameroun\/sites\/57\/2021\/03\/img-6053f8bb21899.jpg","keywords":["Africa Press","Africa Press-Cameroun","Cameroun"],"articleSection":["homepage-french","Politique","Toutes les actualit\u00e9s"],"inLanguage":"fr-FR","potentialAction":[{"@type":"CommentAction","name":"Comment","target":["https:\/\/www.africa-press.net\/cameroun\/politique\/cameroun-justice-affaire-daoussa-deby-frere-aine-du-president-tchadien-contre-etat-du-cameroun-le-tribunal-administratif-du-centre-se-declare-incompetent-pour-juger-ses-deux-recours#respond"]}]},{"@type":"WebPage","@id":"https:\/\/www.africa-press.net\/cameroun\/politique\/cameroun-justice-affaire-daoussa-deby-frere-aine-du-president-tchadien-contre-etat-du-cameroun-le-tribunal-administratif-du-centre-se-declare-incompetent-pour-juger-ses-deux-recours","url":"https:\/\/www.africa-press.net\/cameroun\/politique\/cameroun-justice-affaire-daoussa-deby-frere-aine-du-president-tchadien-contre-etat-du-cameroun-le-tribunal-administratif-du-centre-se-declare-incompetent-pour-juger-ses-deux-recours","name":"Justice\/Affaire Daoussa D\u00e9by (fr\u00e8re ain\u00e9 du pr\u00e9sident tchadien) contre Etat du Cameroun: Le tribunal Administratif du Centre se d\u00e9clare incomp\u00e9tent pour juger ses deux recours - Cameroun","isPartOf":{"@id":"https:\/\/www.africa-press.net\/cameroun\/#website"},"primaryImageOfPage":{"@id":"https:\/\/www.africa-press.net\/cameroun\/politique\/cameroun-justice-affaire-daoussa-deby-frere-aine-du-president-tchadien-contre-etat-du-cameroun-le-tribunal-administratif-du-centre-se-declare-incompetent-pour-juger-ses-deux-recours#primaryimage"},"image":{"@id":"https:\/\/www.africa-press.net\/cameroun\/politique\/cameroun-justice-affaire-daoussa-deby-frere-aine-du-president-tchadien-contre-etat-du-cameroun-le-tribunal-administratif-du-centre-se-declare-incompetent-pour-juger-ses-deux-recours#primaryimage"},"thumbnailUrl":"https:\/\/static.africa-press.net\/cameroun\/sites\/57\/2021\/03\/img-6053f8bb21899.jpg","datePublished":"2021-03-18T22:30:10+00:00","dateModified":"2021-03-22T05:19:29+00:00","author":{"@id":"https:\/\/www.africa-press.net\/cameroun\/#\/schema\/person\/2b1cf3cd81a31e3cd26889ca66d677f1"},"description":"Le Tribunal administratif du Centre s\u2019est d\u00e9clar\u00e9 incomp\u00e9tent, le mardi 16 mars 2021, pour juger les deux recours introd ...","breadcrumb":{"@id":"https:\/\/www.africa-press.net\/cameroun\/politique\/cameroun-justice-affaire-daoussa-deby-frere-aine-du-president-tchadien-contre-etat-du-cameroun-le-tribunal-administratif-du-centre-se-declare-incompetent-pour-juger-ses-deux-recours#breadcrumb"},"inLanguage":"fr-FR","potentialAction":[{"@type":"ReadAction","target":["https:\/\/www.africa-press.net\/cameroun\/politique\/cameroun-justice-affaire-daoussa-deby-frere-aine-du-president-tchadien-contre-etat-du-cameroun-le-tribunal-administratif-du-centre-se-declare-incompetent-pour-juger-ses-deux-recours"]}]},{"@type":"ImageObject","inLanguage":"fr-FR","@id":"https:\/\/www.africa-press.net\/cameroun\/politique\/cameroun-justice-affaire-daoussa-deby-frere-aine-du-president-tchadien-contre-etat-du-cameroun-le-tribunal-administratif-du-centre-se-declare-incompetent-pour-juger-ses-deux-recours#primaryimage","url":"https:\/\/static.africa-press.net\/cameroun\/sites\/57\/2021\/03\/img-6053f8bb21899.jpg","contentUrl":"https:\/\/static.africa-press.net\/cameroun\/sites\/57\/2021\/03\/img-6053f8bb21899.jpg","width":800,"height":492,"caption":"Cameroun - Justice\/Affaire Daoussa D\u00e9by (fr\u00e8re ain\u00e9 du pr\u00e9sident tchadien) contre Etat du Cameroun: Le tribunal Administratif du Centre se d\u00e9clare incomp\u00e9tent pour juger ses deux recours"},{"@type":"BreadcrumbList","@id":"https:\/\/www.africa-press.net\/cameroun\/politique\/cameroun-justice-affaire-daoussa-deby-frere-aine-du-president-tchadien-contre-etat-du-cameroun-le-tribunal-administratif-du-centre-se-declare-incompetent-pour-juger-ses-deux-recours#breadcrumb","itemListElement":[{"@type":"ListItem","position":1,"name":"Accueil","item":"https:\/\/www.africa-press.net\/cameroun\/"},{"@type":"ListItem","position":2,"name":"Justice\/Affaire Daoussa D\u00e9by (fr\u00e8re ain\u00e9 du pr\u00e9sident tchadien) contre Etat du Cameroun: Le tribunal Administratif du Centre se d\u00e9clare incomp\u00e9tent pour juger ses deux recours"}]},{"@type":"WebSite","@id":"https:\/\/www.africa-press.net\/cameroun\/#website","url":"https:\/\/www.africa-press.net\/cameroun\/","name":"Cameroun","description":"Just another Africa News Agency Sites site","potentialAction":[{"@type":"SearchAction","target":{"@type":"EntryPoint","urlTemplate":"https:\/\/www.africa-press.net\/cameroun\/?s={search_term_string}"},"query-input":{"@type":"PropertyValueSpecification","valueRequired":true,"valueName":"search_term_string"}}],"inLanguage":"fr-FR"},{"@type":"Person","@id":"https:\/\/www.africa-press.net\/cameroun\/#\/schema\/person\/2b1cf3cd81a31e3cd26889ca66d677f1","name":"cfeditorfr"}]}},"_links":{"self":[{"href":"https:\/\/www.africa-press.net\/cameroun\/wp-json\/wp\/v2\/posts\/1296","targetHints":{"allow":["GET"]}}],"collection":[{"href":"https:\/\/www.africa-press.net\/cameroun\/wp-json\/wp\/v2\/posts"}],"about":[{"href":"https:\/\/www.africa-press.net\/cameroun\/wp-json\/wp\/v2\/types\/post"}],"author":[{"embeddable":true,"href":"https:\/\/www.africa-press.net\/cameroun\/wp-json\/wp\/v2\/users\/82"}],"replies":[{"embeddable":true,"href":"https:\/\/www.africa-press.net\/cameroun\/wp-json\/wp\/v2\/comments?post=1296"}],"version-history":[{"count":0,"href":"https:\/\/www.africa-press.net\/cameroun\/wp-json\/wp\/v2\/posts\/1296\/revisions"}],"wp:featuredmedia":[{"embeddable":true,"href":"https:\/\/www.africa-press.net\/cameroun\/wp-json\/wp\/v2\/media\/1295"}],"wp:attachment":[{"href":"https:\/\/www.africa-press.net\/cameroun\/wp-json\/wp\/v2\/media?parent=1296"}],"wp:term":[{"taxonomy":"category","embeddable":true,"href":"https:\/\/www.africa-press.net\/cameroun\/wp-json\/wp\/v2\/categories?post=1296"},{"taxonomy":"post_tag","embeddable":true,"href":"https:\/\/www.africa-press.net\/cameroun\/wp-json\/wp\/v2\/tags?post=1296"}],"curies":[{"name":"wp","href":"https:\/\/api.w.org\/{rel}","templated":true}]}}