{"id":1299,"date":"2021-03-18T22:35:51","date_gmt":"2021-03-18T22:35:51","guid":{"rendered":"https:\/\/www.africa-press.net\/cameroun\/politique\/cameroun-parlement-lelection-du-bureau-des-deux-chambres-est-prevue-ce-jeudi-18-mars-2021"},"modified":"2021-03-22T05:19:22","modified_gmt":"2021-03-22T05:19:22","slug":"cameroun-parlement-lelection-du-bureau-des-deux-chambres-est-prevue-ce-jeudi-18-mars-2021","status":"publish","type":"post","link":"https:\/\/www.africa-press.net\/cameroun\/politique\/cameroun-parlement-lelection-du-bureau-des-deux-chambres-est-prevue-ce-jeudi-18-mars-2021","title":{"rendered":"Parlement: L\u2019\u00e9lection du bureau des deux chambres est pr\u00e9vue ce jeudi 18 mars 2021"},"content":{"rendered":"<p><span style=\"color: #ff6600\"><strong><a href=\"https:\/\/www.africa-press.net\/\">Africa-Press<\/a> &#8211; <a href=\"https:\/\/www.africa-press.net\/cameroun\">Cameroun<\/a>. <\/strong><\/span>C\u2019est depuis exactement une semaine que d\u00e9put\u00e9s et s\u00e9nateurs sont r\u00e9unis au palais des congr\u00e8s de Yaound\u00e9 pour la session ordinaire de mars 2021. Les travaux sont pr\u00e9sid\u00e9s par les doyens d\u2019\u00e2ge, notamment Laurentine Koa Mfegue \u00e9pse Mbede \u00e0 l\u2019Assembl\u00e9e nationale et Chief Victor Mukete au Senat.<\/p>\n<p>Mais, ils vont bient\u00f4t passer le Marteau de pr\u00e9sident aux parlementaires qui seront \u00e9lus pour diriger chacun, l\u2019une des deux chambres, pendant l\u2019ann\u00e9e l\u00e9gislative 2021.<\/p>\n<p>En effet, l\u2019\u00e9lection du pr\u00e9sident de l\u2019Assembl\u00e9e nationale et son bureau aura lieu ce jeudi 18 mars au palais des Congres \u00e0 partir de 11h30 lors d\u2019une s\u00e9ance pl\u00e9ni\u00e8re. Le m\u00eame exercice sera fait au Senat ce jeudi \u00e0 partir de 16 heures. Les Etats-Majors des partis politiques repr\u00e9sent\u00e9s dans les deux institutions s\u2019appr\u00eatent \u00e0 lever le voile sur les noms de leurs candidats aux diff\u00e9rents postes.<\/p>\n<p>Le Rassemblement d\u00e9mocratique du peuple camerounais, le parti majoritaire dans les deux chambres, a convoqu\u00e9 par la voix de son Secr\u00e9taire g\u00e9n\u00e9ral, Jean Nkuete, les groupes parlementaires du RDPC \u00e0 une s\u00e9ance de travail pr\u00e9vue ce jeudi matin au palais des congr\u00e8s de Yaound\u00e9. Il sera question de transmettre \u00e0 ces groupes, les consignes de vote du parti dirig\u00e9 par Paul Biya. Pour le poste le plus convoit\u00e9 \u00e0 l\u2019Assembl\u00e9e nationale, celui du Pr\u00e9sident, nos sources indiquent que le RDPC aurait choisi de reconduire, Cavaye Yeguie Djribril, en poste depuis 29 ans. Idem au Senat o\u00f9 le parti majoritaire aurait jet\u00e9 son d\u00e9volu sur Marcel Niat Njifenji, en poste depuis la cr\u00e9ation de la chambre haute en 2013.<\/p>\n<p>Bien qu\u2019\u00e9tant dans un Parlement multipartite, les choix du RDPC passent comme lettre \u00e0 la poste pendant les \u00e9lections, compte tenu du poids du parti au pouvoir qui compte 152 d\u00e9put\u00e9s sur 180 et plus de la moiti\u00e9 des 100 s\u00e9nateurs.<\/p>\n","protected":false},"excerpt":{"rendered":"<p>Africa-Press &#8211; Cameroun. C\u2019est depuis exactement une semaine que d\u00e9put\u00e9s et s\u00e9nateurs sont r\u00e9unis au palais des congr\u00e8s de Yaound\u00e9 pour la session ordinaire de mars 2021. Les travaux sont pr\u00e9sid\u00e9s par les doyens d\u2019\u00e2ge, notamment Laurentine Koa Mfegue \u00e9pse Mbede \u00e0 l\u2019Assembl\u00e9e nationale et Chief Victor Mukete au Senat. Mais, ils vont bient\u00f4t passer [&hellip;]<\/p>\n","protected":false},"author":82,"featured_media":1298,"comment_status":"open","ping_status":"closed","sticky":false,"template":"","format":"standard","meta":{"footnotes":""},"categories":[11,2,20,10],"tags":[36,50,49],"class_list":["post-1299","post","type-post","status-publish","format-standard","has-post-thumbnail","hentry","category-homepage-french","category-politique","category-top-nouvelles","category-toutes-les-actualites","tag-africa-press","tag-africa-press-cameroun","tag-cameroun"],"yoast_head":"<!-- This site is optimized with the Yoast SEO Premium plugin v26.1 (Yoast SEO v27.0) - https:\/\/yoast.com\/product\/yoast-seo-premium-wordpress\/ -->\n<title>Parlement: L\u2019\u00e9lection du bureau des deux chambres est pr\u00e9vue ce jeudi 18 mars 2021 - Cameroun<\/title>\n<meta name=\"description\" content=\"C\u2019est depuis exactement une semaine que d\u00e9put\u00e9s et s\u00e9nateurs sont r\u00e9unis au palais des congr\u00e8s de Yaound\u00e9 pour la sessio ...\" \/>\n<meta name=\"robots\" content=\"index, follow, max-snippet:-1, max-image-preview:large, max-video-preview:-1\" \/>\n<link rel=\"canonical\" href=\"https:\/\/www.africa-press.net\/cameroun\/politique\/cameroun-parlement-lelection-du-bureau-des-deux-chambres-est-prevue-ce-jeudi-18-mars-2021\" \/>\n<meta property=\"og:locale\" content=\"fr_FR\" \/>\n<meta property=\"og:type\" content=\"article\" \/>\n<meta property=\"og:title\" content=\"Parlement: L\u2019\u00e9lection du bureau des deux chambres est pr\u00e9vue ce jeudi 18 mars 2021\" \/>\n<meta property=\"og:description\" content=\"C\u2019est depuis exactement une semaine que d\u00e9put\u00e9s et s\u00e9nateurs sont r\u00e9unis au palais des congr\u00e8s de Yaound\u00e9 pour la sessio ...\" \/>\n<meta property=\"og:url\" content=\"https:\/\/www.africa-press.net\/cameroun\/politique\/cameroun-parlement-lelection-du-bureau-des-deux-chambres-est-prevue-ce-jeudi-18-mars-2021\" \/>\n<meta property=\"og:site_name\" content=\"Cameroun\" \/>\n<meta property=\"article:published_time\" content=\"2021-03-18T22:35:51+00:00\" \/>\n<meta property=\"article:modified_time\" content=\"2021-03-22T05:19:22+00:00\" \/>\n<meta property=\"og:image\" content=\"https:\/\/static.africa-press.net\/cameroun\/sites\/57\/2021\/03\/img-6053f8e31ce0c.jpg\" \/>\n\t<meta property=\"og:image:width\" content=\"800\" \/>\n\t<meta property=\"og:image:height\" content=\"529\" \/>\n\t<meta property=\"og:image:type\" content=\"image\/jpeg\" \/>\n<meta name=\"author\" content=\"cfeditorfr\" \/>\n<meta name=\"twitter:card\" content=\"summary_large_image\" \/>\n<meta name=\"twitter:label1\" content=\"\u00c9crit par\" \/>\n\t<meta name=\"twitter:data1\" content=\"cfeditorfr\" \/>\n\t<meta name=\"twitter:label2\" content=\"Dur\u00e9e de lecture estim\u00e9e\" \/>\n\t<meta name=\"twitter:data2\" content=\"2 minutes\" \/>\n<script type=\"application\/ld+json\" class=\"yoast-schema-graph\">{\"@context\":\"https:\/\/schema.org\",\"@graph\":[{\"@type\":\"Article\",\"@id\":\"https:\/\/www.africa-press.net\/cameroun\/politique\/cameroun-parlement-lelection-du-bureau-des-deux-chambres-est-prevue-ce-jeudi-18-mars-2021#article\",\"isPartOf\":{\"@id\":\"https:\/\/www.africa-press.net\/cameroun\/politique\/cameroun-parlement-lelection-du-bureau-des-deux-chambres-est-prevue-ce-jeudi-18-mars-2021\"},\"author\":{\"name\":\"cfeditorfr\",\"@id\":\"https:\/\/www.africa-press.net\/cameroun\/#\/schema\/person\/2b1cf3cd81a31e3cd26889ca66d677f1\"},\"headline\":\"Parlement: L\u2019\u00e9lection du bureau des deux chambres est pr\u00e9vue ce jeudi 18 mars 2021\",\"datePublished\":\"2021-03-18T22:35:51+00:00\",\"dateModified\":\"2021-03-22T05:19:22+00:00\",\"mainEntityOfPage\":{\"@id\":\"https:\/\/www.africa-press.net\/cameroun\/politique\/cameroun-parlement-lelection-du-bureau-des-deux-chambres-est-prevue-ce-jeudi-18-mars-2021\"},\"wordCount\":345,\"commentCount\":0,\"image\":{\"@id\":\"https:\/\/www.africa-press.net\/cameroun\/politique\/cameroun-parlement-lelection-du-bureau-des-deux-chambres-est-prevue-ce-jeudi-18-mars-2021#primaryimage\"},\"thumbnailUrl\":\"https:\/\/static.africa-press.net\/cameroun\/sites\/57\/2021\/03\/img-6053f8e31ce0c.jpg\",\"keywords\":[\"Africa Press\",\"Africa Press-Cameroun\",\"Cameroun\"],\"articleSection\":[\"homepage-french\",\"Politique\",\"Top Nouvelles\",\"Toutes les actualit\u00e9s\"],\"inLanguage\":\"fr-FR\",\"potentialAction\":[{\"@type\":\"CommentAction\",\"name\":\"Comment\",\"target\":[\"https:\/\/www.africa-press.net\/cameroun\/politique\/cameroun-parlement-lelection-du-bureau-des-deux-chambres-est-prevue-ce-jeudi-18-mars-2021#respond\"]}]},{\"@type\":\"WebPage\",\"@id\":\"https:\/\/www.africa-press.net\/cameroun\/politique\/cameroun-parlement-lelection-du-bureau-des-deux-chambres-est-prevue-ce-jeudi-18-mars-2021\",\"url\":\"https:\/\/www.africa-press.net\/cameroun\/politique\/cameroun-parlement-lelection-du-bureau-des-deux-chambres-est-prevue-ce-jeudi-18-mars-2021\",\"name\":\"Parlement: L\u2019\u00e9lection du bureau des deux chambres est pr\u00e9vue ce jeudi 18 mars 2021 - Cameroun\",\"isPartOf\":{\"@id\":\"https:\/\/www.africa-press.net\/cameroun\/#website\"},\"primaryImageOfPage\":{\"@id\":\"https:\/\/www.africa-press.net\/cameroun\/politique\/cameroun-parlement-lelection-du-bureau-des-deux-chambres-est-prevue-ce-jeudi-18-mars-2021#primaryimage\"},\"image\":{\"@id\":\"https:\/\/www.africa-press.net\/cameroun\/politique\/cameroun-parlement-lelection-du-bureau-des-deux-chambres-est-prevue-ce-jeudi-18-mars-2021#primaryimage\"},\"thumbnailUrl\":\"https:\/\/static.africa-press.net\/cameroun\/sites\/57\/2021\/03\/img-6053f8e31ce0c.jpg\",\"datePublished\":\"2021-03-18T22:35:51+00:00\",\"dateModified\":\"2021-03-22T05:19:22+00:00\",\"author\":{\"@id\":\"https:\/\/www.africa-press.net\/cameroun\/#\/schema\/person\/2b1cf3cd81a31e3cd26889ca66d677f1\"},\"description\":\"C\u2019est depuis exactement une semaine que d\u00e9put\u00e9s et s\u00e9nateurs sont r\u00e9unis au palais des congr\u00e8s de Yaound\u00e9 pour la sessio ...\",\"breadcrumb\":{\"@id\":\"https:\/\/www.africa-press.net\/cameroun\/politique\/cameroun-parlement-lelection-du-bureau-des-deux-chambres-est-prevue-ce-jeudi-18-mars-2021#breadcrumb\"},\"inLanguage\":\"fr-FR\",\"potentialAction\":[{\"@type\":\"ReadAction\",\"target\":[\"https:\/\/www.africa-press.net\/cameroun\/politique\/cameroun-parlement-lelection-du-bureau-des-deux-chambres-est-prevue-ce-jeudi-18-mars-2021\"]}]},{\"@type\":\"ImageObject\",\"inLanguage\":\"fr-FR\",\"@id\":\"https:\/\/www.africa-press.net\/cameroun\/politique\/cameroun-parlement-lelection-du-bureau-des-deux-chambres-est-prevue-ce-jeudi-18-mars-2021#primaryimage\",\"url\":\"https:\/\/static.africa-press.net\/cameroun\/sites\/57\/2021\/03\/img-6053f8e31ce0c.jpg\",\"contentUrl\":\"https:\/\/static.africa-press.net\/cameroun\/sites\/57\/2021\/03\/img-6053f8e31ce0c.jpg\",\"width\":800,\"height\":529,\"caption\":\"Cameroun - Parlement: L\u2019\u00e9lection du bureau des deux chambres est pr\u00e9vue ce jeudi 18 mars 2021\"},{\"@type\":\"BreadcrumbList\",\"@id\":\"https:\/\/www.africa-press.net\/cameroun\/politique\/cameroun-parlement-lelection-du-bureau-des-deux-chambres-est-prevue-ce-jeudi-18-mars-2021#breadcrumb\",\"itemListElement\":[{\"@type\":\"ListItem\",\"position\":1,\"name\":\"Accueil\",\"item\":\"https:\/\/www.africa-press.net\/cameroun\/\"},{\"@type\":\"ListItem\",\"position\":2,\"name\":\"Parlement: L\u2019\u00e9lection du bureau des deux chambres est pr\u00e9vue ce jeudi 18 mars 2021\"}]},{\"@type\":\"WebSite\",\"@id\":\"https:\/\/www.africa-press.net\/cameroun\/#website\",\"url\":\"https:\/\/www.africa-press.net\/cameroun\/\",\"name\":\"Cameroun\",\"description\":\"Just another Africa News Agency Sites site\",\"potentialAction\":[{\"@type\":\"SearchAction\",\"target\":{\"@type\":\"EntryPoint\",\"urlTemplate\":\"https:\/\/www.africa-press.net\/cameroun\/?s={search_term_string}\"},\"query-input\":{\"@type\":\"PropertyValueSpecification\",\"valueRequired\":true,\"valueName\":\"search_term_string\"}}],\"inLanguage\":\"fr-FR\"},{\"@type\":\"Person\",\"@id\":\"https:\/\/www.africa-press.net\/cameroun\/#\/schema\/person\/2b1cf3cd81a31e3cd26889ca66d677f1\",\"name\":\"cfeditorfr\"}]}<\/script>\n<!-- \/ Yoast SEO Premium plugin. -->","yoast_head_json":{"title":"Parlement: L\u2019\u00e9lection du bureau des deux chambres est pr\u00e9vue ce jeudi 18 mars 2021 - Cameroun","description":"C\u2019est depuis exactement une semaine que d\u00e9put\u00e9s et s\u00e9nateurs sont r\u00e9unis au palais des congr\u00e8s de Yaound\u00e9 pour la sessio ...","robots":{"index":"index","follow":"follow","max-snippet":"max-snippet:-1","max-image-preview":"max-image-preview:large","max-video-preview":"max-video-preview:-1"},"canonical":"https:\/\/www.africa-press.net\/cameroun\/politique\/cameroun-parlement-lelection-du-bureau-des-deux-chambres-est-prevue-ce-jeudi-18-mars-2021","og_locale":"fr_FR","og_type":"article","og_title":"Parlement: L\u2019\u00e9lection du bureau des deux chambres est pr\u00e9vue ce jeudi 18 mars 2021","og_description":"C\u2019est depuis exactement une semaine que d\u00e9put\u00e9s et s\u00e9nateurs sont r\u00e9unis au palais des congr\u00e8s de Yaound\u00e9 pour la sessio ...","og_url":"https:\/\/www.africa-press.net\/cameroun\/politique\/cameroun-parlement-lelection-du-bureau-des-deux-chambres-est-prevue-ce-jeudi-18-mars-2021","og_site_name":"Cameroun","article_published_time":"2021-03-18T22:35:51+00:00","article_modified_time":"2021-03-22T05:19:22+00:00","og_image":[{"width":800,"height":529,"url":"https:\/\/static.africa-press.net\/cameroun\/sites\/57\/2021\/03\/img-6053f8e31ce0c.jpg","type":"image\/jpeg"}],"author":"cfeditorfr","twitter_card":"summary_large_image","twitter_misc":{"\u00c9crit par":"cfeditorfr","Dur\u00e9e de lecture estim\u00e9e":"2 minutes"},"schema":{"@context":"https:\/\/schema.org","@graph":[{"@type":"Article","@id":"https:\/\/www.africa-press.net\/cameroun\/politique\/cameroun-parlement-lelection-du-bureau-des-deux-chambres-est-prevue-ce-jeudi-18-mars-2021#article","isPartOf":{"@id":"https:\/\/www.africa-press.net\/cameroun\/politique\/cameroun-parlement-lelection-du-bureau-des-deux-chambres-est-prevue-ce-jeudi-18-mars-2021"},"author":{"name":"cfeditorfr","@id":"https:\/\/www.africa-press.net\/cameroun\/#\/schema\/person\/2b1cf3cd81a31e3cd26889ca66d677f1"},"headline":"Parlement: L\u2019\u00e9lection du bureau des deux chambres est pr\u00e9vue ce jeudi 18 mars 2021","datePublished":"2021-03-18T22:35:51+00:00","dateModified":"2021-03-22T05:19:22+00:00","mainEntityOfPage":{"@id":"https:\/\/www.africa-press.net\/cameroun\/politique\/cameroun-parlement-lelection-du-bureau-des-deux-chambres-est-prevue-ce-jeudi-18-mars-2021"},"wordCount":345,"commentCount":0,"image":{"@id":"https:\/\/www.africa-press.net\/cameroun\/politique\/cameroun-parlement-lelection-du-bureau-des-deux-chambres-est-prevue-ce-jeudi-18-mars-2021#primaryimage"},"thumbnailUrl":"https:\/\/static.africa-press.net\/cameroun\/sites\/57\/2021\/03\/img-6053f8e31ce0c.jpg","keywords":["Africa Press","Africa Press-Cameroun","Cameroun"],"articleSection":["homepage-french","Politique","Top Nouvelles","Toutes les actualit\u00e9s"],"inLanguage":"fr-FR","potentialAction":[{"@type":"CommentAction","name":"Comment","target":["https:\/\/www.africa-press.net\/cameroun\/politique\/cameroun-parlement-lelection-du-bureau-des-deux-chambres-est-prevue-ce-jeudi-18-mars-2021#respond"]}]},{"@type":"WebPage","@id":"https:\/\/www.africa-press.net\/cameroun\/politique\/cameroun-parlement-lelection-du-bureau-des-deux-chambres-est-prevue-ce-jeudi-18-mars-2021","url":"https:\/\/www.africa-press.net\/cameroun\/politique\/cameroun-parlement-lelection-du-bureau-des-deux-chambres-est-prevue-ce-jeudi-18-mars-2021","name":"Parlement: L\u2019\u00e9lection du bureau des deux chambres est pr\u00e9vue ce jeudi 18 mars 2021 - Cameroun","isPartOf":{"@id":"https:\/\/www.africa-press.net\/cameroun\/#website"},"primaryImageOfPage":{"@id":"https:\/\/www.africa-press.net\/cameroun\/politique\/cameroun-parlement-lelection-du-bureau-des-deux-chambres-est-prevue-ce-jeudi-18-mars-2021#primaryimage"},"image":{"@id":"https:\/\/www.africa-press.net\/cameroun\/politique\/cameroun-parlement-lelection-du-bureau-des-deux-chambres-est-prevue-ce-jeudi-18-mars-2021#primaryimage"},"thumbnailUrl":"https:\/\/static.africa-press.net\/cameroun\/sites\/57\/2021\/03\/img-6053f8e31ce0c.jpg","datePublished":"2021-03-18T22:35:51+00:00","dateModified":"2021-03-22T05:19:22+00:00","author":{"@id":"https:\/\/www.africa-press.net\/cameroun\/#\/schema\/person\/2b1cf3cd81a31e3cd26889ca66d677f1"},"description":"C\u2019est depuis exactement une semaine que d\u00e9put\u00e9s et s\u00e9nateurs sont r\u00e9unis au palais des congr\u00e8s de Yaound\u00e9 pour la sessio ...","breadcrumb":{"@id":"https:\/\/www.africa-press.net\/cameroun\/politique\/cameroun-parlement-lelection-du-bureau-des-deux-chambres-est-prevue-ce-jeudi-18-mars-2021#breadcrumb"},"inLanguage":"fr-FR","potentialAction":[{"@type":"ReadAction","target":["https:\/\/www.africa-press.net\/cameroun\/politique\/cameroun-parlement-lelection-du-bureau-des-deux-chambres-est-prevue-ce-jeudi-18-mars-2021"]}]},{"@type":"ImageObject","inLanguage":"fr-FR","@id":"https:\/\/www.africa-press.net\/cameroun\/politique\/cameroun-parlement-lelection-du-bureau-des-deux-chambres-est-prevue-ce-jeudi-18-mars-2021#primaryimage","url":"https:\/\/static.africa-press.net\/cameroun\/sites\/57\/2021\/03\/img-6053f8e31ce0c.jpg","contentUrl":"https:\/\/static.africa-press.net\/cameroun\/sites\/57\/2021\/03\/img-6053f8e31ce0c.jpg","width":800,"height":529,"caption":"Cameroun - Parlement: L\u2019\u00e9lection du bureau des deux chambres est pr\u00e9vue ce jeudi 18 mars 2021"},{"@type":"BreadcrumbList","@id":"https:\/\/www.africa-press.net\/cameroun\/politique\/cameroun-parlement-lelection-du-bureau-des-deux-chambres-est-prevue-ce-jeudi-18-mars-2021#breadcrumb","itemListElement":[{"@type":"ListItem","position":1,"name":"Accueil","item":"https:\/\/www.africa-press.net\/cameroun\/"},{"@type":"ListItem","position":2,"name":"Parlement: L\u2019\u00e9lection du bureau des deux chambres est pr\u00e9vue ce jeudi 18 mars 2021"}]},{"@type":"WebSite","@id":"https:\/\/www.africa-press.net\/cameroun\/#website","url":"https:\/\/www.africa-press.net\/cameroun\/","name":"Cameroun","description":"Just another Africa News Agency Sites site","potentialAction":[{"@type":"SearchAction","target":{"@type":"EntryPoint","urlTemplate":"https:\/\/www.africa-press.net\/cameroun\/?s={search_term_string}"},"query-input":{"@type":"PropertyValueSpecification","valueRequired":true,"valueName":"search_term_string"}}],"inLanguage":"fr-FR"},{"@type":"Person","@id":"https:\/\/www.africa-press.net\/cameroun\/#\/schema\/person\/2b1cf3cd81a31e3cd26889ca66d677f1","name":"cfeditorfr"}]}},"_links":{"self":[{"href":"https:\/\/www.africa-press.net\/cameroun\/wp-json\/wp\/v2\/posts\/1299","targetHints":{"allow":["GET"]}}],"collection":[{"href":"https:\/\/www.africa-press.net\/cameroun\/wp-json\/wp\/v2\/posts"}],"about":[{"href":"https:\/\/www.africa-press.net\/cameroun\/wp-json\/wp\/v2\/types\/post"}],"author":[{"embeddable":true,"href":"https:\/\/www.africa-press.net\/cameroun\/wp-json\/wp\/v2\/users\/82"}],"replies":[{"embeddable":true,"href":"https:\/\/www.africa-press.net\/cameroun\/wp-json\/wp\/v2\/comments?post=1299"}],"version-history":[{"count":0,"href":"https:\/\/www.africa-press.net\/cameroun\/wp-json\/wp\/v2\/posts\/1299\/revisions"}],"wp:featuredmedia":[{"embeddable":true,"href":"https:\/\/www.africa-press.net\/cameroun\/wp-json\/wp\/v2\/media\/1298"}],"wp:attachment":[{"href":"https:\/\/www.africa-press.net\/cameroun\/wp-json\/wp\/v2\/media?parent=1299"}],"wp:term":[{"taxonomy":"category","embeddable":true,"href":"https:\/\/www.africa-press.net\/cameroun\/wp-json\/wp\/v2\/categories?post=1299"},{"taxonomy":"post_tag","embeddable":true,"href":"https:\/\/www.africa-press.net\/cameroun\/wp-json\/wp\/v2\/tags?post=1299"}],"curies":[{"name":"wp","href":"https:\/\/api.w.org\/{rel}","templated":true}]}}