{"id":1302,"date":"2021-03-18T22:44:29","date_gmt":"2021-03-18T22:44:29","guid":{"rendered":"https:\/\/www.africa-press.net\/cameroun\/politique\/cameroun-riposte-anti-covid-le-ministre-de-la-sante-publique-engage-des-consultations-sur-la-thematique-de-la-vaccination-au-cameroun"},"modified":"2021-03-22T05:19:17","modified_gmt":"2021-03-22T05:19:17","slug":"cameroun-riposte-anti-covid-le-ministre-de-la-sante-publique-engage-des-consultations-sur-la-thematique-de-la-vaccination-au-cameroun","status":"publish","type":"post","link":"https:\/\/www.africa-press.net\/cameroun\/politique\/cameroun-riposte-anti-covid-le-ministre-de-la-sante-publique-engage-des-consultations-sur-la-thematique-de-la-vaccination-au-cameroun","title":{"rendered":"Riposte anti-Covid: Le Ministre de la Sant\u00e9 Publique engage des consultations sur la th\u00e9matique de la vaccination au Cameroun"},"content":{"rendered":"<p><span style=\"color: #ff6600\"><strong><a href=\"https:\/\/www.africa-press.net\/\">Africa-Press<\/a> &#8211; <a href=\"https:\/\/www.africa-press.net\/cameroun\">Cameroun<\/a>. <\/strong><\/span>Les premi\u00e8res doses du vaccin anti Covid-19 d\u2019AstraZeneca \u00e9taient attendues au pays de Paul Biya cette semaine. Mais, l\u2019arriv\u00e9e de ce vaccin est retard\u00e9e en raison de son rejet par plusieurs pays europ\u00e9ens dont la France, l\u2019Italie, l\u2019Allemagne, l\u2019Espagne. Tous mettent en cause l\u2019efficacit\u00e9 du vaccin d\u2019AstraZeneca apr\u00e8s des essais cliniques. La suspension du vaccin AstraZeneca sur le vieux continent, a d\u00e9cupl\u00e9 la d\u00e9fiance des camerounais vis-\u00e0-vis des vaccins antiCovid19 qui sont tous en phase exp\u00e9rimentale.<\/p>\n<p>Cependant, quoi qu\u2019il advienne, le gouvernement Cameroun pense qu\u2019il faut absolument se faire vacciner pour lutter efficacement contre la redoutable pand\u00e9mie. \u00abAu-del\u00e0 des mesures barri\u00e8res, la vaccination constitue ind\u00e9niablement le moyen le plus efficace pour atteindre l\u2019immunit\u00e9 collective et freiner d\u00e9finitivement la propagation de la pand\u00e9mie\u00bb, a d\u00e9clar\u00e9 le Pr\u00e9sident Paul Biya dans son discours du 16 mars 2021 \u00e0 l\u2019occasion de la comm\u00e9moration de la douzi\u00e8me \u00e9dition de la journ\u00e9e de la Communaut\u00e9 Economique et Mon\u00e9taire de l\u2019Afrique Centrale (CEMAC).<\/p>\n<p>C\u2019est donc pour pr\u00e9parer le d\u00e9ploiement d\u2019un vaccin contre le coronavirus au Cameroun que le Ministre de la Sant\u00e9 Publique, Manaouda Malachie, rencontre dans l\u2019apr\u00e8s-midi de ce jeudi 18 mars 2021 dans la salle de conf\u00e9rences de son d\u00e9partement minist\u00e9riel, les acteurs de la m\u00e9decine traditionnelle, les membres des soci\u00e9t\u00e9s savantes et les Ordres professionnels.<\/p>\n<p>Les concertations vont se poursuivent dans la salle des banquets de la croix rouge \u00e0 Yaound\u00e9 par une Table ronde sur la th\u00e9matique de la vaccination au Cameroun. Cette rencontre, initialement pr\u00e9vue le mercredi 17 mars 2021, a \u00e9t\u00e9 report\u00e9e \u00e0 une date non encore fix\u00e9e par les organisateurs du Minist\u00e8re de la Sant\u00e9 Publique.<\/p>\n<p>Ces diff\u00e9rentes r\u00e9unions visent \u00ab\u00e0 mettre en synergie toutes les expertises permettant de comprendre les enjeux de la nouvelle orientation strat\u00e9gique du plan national de riposte contre le Covid19 dans un contexte marqu\u00e9 \u00e0 la fois par la r\u00e9surgence de la pand\u00e9mie, la propagation des rumeurs sur la maladie, son traitement th\u00e9rapeutique et son vaccin\u00bb, a expliqu\u00e9 Claver Nken, Chef de la cellule de communication du MINSANTE.<\/p>\n","protected":false},"excerpt":{"rendered":"<p>Africa-Press &#8211; Cameroun. Les premi\u00e8res doses du vaccin anti Covid-19 d\u2019AstraZeneca \u00e9taient attendues au pays de Paul Biya cette semaine. Mais, l\u2019arriv\u00e9e de ce vaccin est retard\u00e9e en raison de son rejet par plusieurs pays europ\u00e9ens dont la France, l\u2019Italie, l\u2019Allemagne, l\u2019Espagne. Tous mettent en cause l\u2019efficacit\u00e9 du vaccin d\u2019AstraZeneca apr\u00e8s des essais cliniques. La [&hellip;]<\/p>\n","protected":false},"author":82,"featured_media":1301,"comment_status":"open","ping_status":"closed","sticky":false,"template":"","format":"standard","meta":{"footnotes":""},"categories":[11,2,10],"tags":[36,50,49],"class_list":["post-1302","post","type-post","status-publish","format-standard","has-post-thumbnail","hentry","category-homepage-french","category-politique","category-toutes-les-actualites","tag-africa-press","tag-africa-press-cameroun","tag-cameroun"],"yoast_head":"<!-- This site is optimized with the Yoast SEO Premium plugin v26.1 (Yoast SEO v27.0) - https:\/\/yoast.com\/product\/yoast-seo-premium-wordpress\/ -->\n<title>Riposte anti-Covid: Le Ministre de la Sant\u00e9 Publique engage des consultations sur la th\u00e9matique de la vaccination au Cameroun - Cameroun<\/title>\n<meta name=\"description\" content=\"Les premi\u00e8res doses du vaccin anti Covid-19 d\u2019AstraZeneca \u00e9taient attendues au pays de Paul Biya cette semaine. Mais, l\u2019 ...\" \/>\n<meta name=\"robots\" content=\"index, follow, max-snippet:-1, max-image-preview:large, max-video-preview:-1\" \/>\n<link rel=\"canonical\" href=\"https:\/\/www.africa-press.net\/cameroun\/politique\/cameroun-riposte-anti-covid-le-ministre-de-la-sante-publique-engage-des-consultations-sur-la-thematique-de-la-vaccination-au-cameroun\" \/>\n<meta property=\"og:locale\" content=\"fr_FR\" \/>\n<meta property=\"og:type\" content=\"article\" \/>\n<meta property=\"og:title\" content=\"Riposte anti-Covid: Le Ministre de la Sant\u00e9 Publique engage des consultations sur la th\u00e9matique de la vaccination au Cameroun\" \/>\n<meta property=\"og:description\" content=\"Les premi\u00e8res doses du vaccin anti Covid-19 d\u2019AstraZeneca \u00e9taient attendues au pays de Paul Biya cette semaine. Mais, l\u2019 ...\" \/>\n<meta property=\"og:url\" content=\"https:\/\/www.africa-press.net\/cameroun\/politique\/cameroun-riposte-anti-covid-le-ministre-de-la-sante-publique-engage-des-consultations-sur-la-thematique-de-la-vaccination-au-cameroun\" \/>\n<meta property=\"og:site_name\" content=\"Cameroun\" \/>\n<meta property=\"article:published_time\" content=\"2021-03-18T22:44:29+00:00\" \/>\n<meta property=\"article:modified_time\" content=\"2021-03-22T05:19:17+00:00\" \/>\n<meta property=\"og:image\" content=\"https:\/\/static.africa-press.net\/cameroun\/sites\/57\/2021\/03\/img-6053f90a48d8a.jpg\" \/>\n\t<meta property=\"og:image:width\" content=\"800\" \/>\n\t<meta property=\"og:image:height\" content=\"450\" \/>\n\t<meta property=\"og:image:type\" content=\"image\/jpeg\" \/>\n<meta name=\"author\" content=\"cfeditorfr\" \/>\n<meta name=\"twitter:card\" content=\"summary_large_image\" \/>\n<meta name=\"twitter:label1\" content=\"\u00c9crit par\" \/>\n\t<meta name=\"twitter:data1\" content=\"cfeditorfr\" \/>\n\t<meta name=\"twitter:label2\" content=\"Dur\u00e9e de lecture estim\u00e9e\" \/>\n\t<meta name=\"twitter:data2\" content=\"2 minutes\" \/>\n<script type=\"application\/ld+json\" class=\"yoast-schema-graph\">{\"@context\":\"https:\/\/schema.org\",\"@graph\":[{\"@type\":\"Article\",\"@id\":\"https:\/\/www.africa-press.net\/cameroun\/politique\/cameroun-riposte-anti-covid-le-ministre-de-la-sante-publique-engage-des-consultations-sur-la-thematique-de-la-vaccination-au-cameroun#article\",\"isPartOf\":{\"@id\":\"https:\/\/www.africa-press.net\/cameroun\/politique\/cameroun-riposte-anti-covid-le-ministre-de-la-sante-publique-engage-des-consultations-sur-la-thematique-de-la-vaccination-au-cameroun\"},\"author\":{\"name\":\"cfeditorfr\",\"@id\":\"https:\/\/www.africa-press.net\/cameroun\/#\/schema\/person\/2b1cf3cd81a31e3cd26889ca66d677f1\"},\"headline\":\"Riposte anti-Covid: Le Ministre de la Sant\u00e9 Publique engage des consultations sur la th\u00e9matique de la vaccination au Cameroun\",\"datePublished\":\"2021-03-18T22:44:29+00:00\",\"dateModified\":\"2021-03-22T05:19:17+00:00\",\"mainEntityOfPage\":{\"@id\":\"https:\/\/www.africa-press.net\/cameroun\/politique\/cameroun-riposte-anti-covid-le-ministre-de-la-sante-publique-engage-des-consultations-sur-la-thematique-de-la-vaccination-au-cameroun\"},\"wordCount\":401,\"commentCount\":0,\"image\":{\"@id\":\"https:\/\/www.africa-press.net\/cameroun\/politique\/cameroun-riposte-anti-covid-le-ministre-de-la-sante-publique-engage-des-consultations-sur-la-thematique-de-la-vaccination-au-cameroun#primaryimage\"},\"thumbnailUrl\":\"https:\/\/static.africa-press.net\/cameroun\/sites\/57\/2021\/03\/img-6053f90a48d8a.jpg\",\"keywords\":[\"Africa Press\",\"Africa Press-Cameroun\",\"Cameroun\"],\"articleSection\":[\"homepage-french\",\"Politique\",\"Toutes les actualit\u00e9s\"],\"inLanguage\":\"fr-FR\",\"potentialAction\":[{\"@type\":\"CommentAction\",\"name\":\"Comment\",\"target\":[\"https:\/\/www.africa-press.net\/cameroun\/politique\/cameroun-riposte-anti-covid-le-ministre-de-la-sante-publique-engage-des-consultations-sur-la-thematique-de-la-vaccination-au-cameroun#respond\"]}]},{\"@type\":\"WebPage\",\"@id\":\"https:\/\/www.africa-press.net\/cameroun\/politique\/cameroun-riposte-anti-covid-le-ministre-de-la-sante-publique-engage-des-consultations-sur-la-thematique-de-la-vaccination-au-cameroun\",\"url\":\"https:\/\/www.africa-press.net\/cameroun\/politique\/cameroun-riposte-anti-covid-le-ministre-de-la-sante-publique-engage-des-consultations-sur-la-thematique-de-la-vaccination-au-cameroun\",\"name\":\"Riposte anti-Covid: Le Ministre de la Sant\u00e9 Publique engage des consultations sur la th\u00e9matique de la vaccination au Cameroun - Cameroun\",\"isPartOf\":{\"@id\":\"https:\/\/www.africa-press.net\/cameroun\/#website\"},\"primaryImageOfPage\":{\"@id\":\"https:\/\/www.africa-press.net\/cameroun\/politique\/cameroun-riposte-anti-covid-le-ministre-de-la-sante-publique-engage-des-consultations-sur-la-thematique-de-la-vaccination-au-cameroun#primaryimage\"},\"image\":{\"@id\":\"https:\/\/www.africa-press.net\/cameroun\/politique\/cameroun-riposte-anti-covid-le-ministre-de-la-sante-publique-engage-des-consultations-sur-la-thematique-de-la-vaccination-au-cameroun#primaryimage\"},\"thumbnailUrl\":\"https:\/\/static.africa-press.net\/cameroun\/sites\/57\/2021\/03\/img-6053f90a48d8a.jpg\",\"datePublished\":\"2021-03-18T22:44:29+00:00\",\"dateModified\":\"2021-03-22T05:19:17+00:00\",\"author\":{\"@id\":\"https:\/\/www.africa-press.net\/cameroun\/#\/schema\/person\/2b1cf3cd81a31e3cd26889ca66d677f1\"},\"description\":\"Les premi\u00e8res doses du vaccin anti Covid-19 d\u2019AstraZeneca \u00e9taient attendues au pays de Paul Biya cette semaine. Mais, l\u2019 ...\",\"breadcrumb\":{\"@id\":\"https:\/\/www.africa-press.net\/cameroun\/politique\/cameroun-riposte-anti-covid-le-ministre-de-la-sante-publique-engage-des-consultations-sur-la-thematique-de-la-vaccination-au-cameroun#breadcrumb\"},\"inLanguage\":\"fr-FR\",\"potentialAction\":[{\"@type\":\"ReadAction\",\"target\":[\"https:\/\/www.africa-press.net\/cameroun\/politique\/cameroun-riposte-anti-covid-le-ministre-de-la-sante-publique-engage-des-consultations-sur-la-thematique-de-la-vaccination-au-cameroun\"]}]},{\"@type\":\"ImageObject\",\"inLanguage\":\"fr-FR\",\"@id\":\"https:\/\/www.africa-press.net\/cameroun\/politique\/cameroun-riposte-anti-covid-le-ministre-de-la-sante-publique-engage-des-consultations-sur-la-thematique-de-la-vaccination-au-cameroun#primaryimage\",\"url\":\"https:\/\/static.africa-press.net\/cameroun\/sites\/57\/2021\/03\/img-6053f90a48d8a.jpg\",\"contentUrl\":\"https:\/\/static.africa-press.net\/cameroun\/sites\/57\/2021\/03\/img-6053f90a48d8a.jpg\",\"width\":800,\"height\":450,\"caption\":\"Cameroun - Riposte anti-Covid: Le Ministre de la Sant\u00e9 Publique engage des consultations sur la th\u00e9matique de la vaccination au Cameroun\"},{\"@type\":\"BreadcrumbList\",\"@id\":\"https:\/\/www.africa-press.net\/cameroun\/politique\/cameroun-riposte-anti-covid-le-ministre-de-la-sante-publique-engage-des-consultations-sur-la-thematique-de-la-vaccination-au-cameroun#breadcrumb\",\"itemListElement\":[{\"@type\":\"ListItem\",\"position\":1,\"name\":\"Accueil\",\"item\":\"https:\/\/www.africa-press.net\/cameroun\/\"},{\"@type\":\"ListItem\",\"position\":2,\"name\":\"Riposte anti-Covid: Le Ministre de la Sant\u00e9 Publique engage des consultations sur la th\u00e9matique de la vaccination au Cameroun\"}]},{\"@type\":\"WebSite\",\"@id\":\"https:\/\/www.africa-press.net\/cameroun\/#website\",\"url\":\"https:\/\/www.africa-press.net\/cameroun\/\",\"name\":\"Cameroun\",\"description\":\"Just another Africa News Agency Sites site\",\"potentialAction\":[{\"@type\":\"SearchAction\",\"target\":{\"@type\":\"EntryPoint\",\"urlTemplate\":\"https:\/\/www.africa-press.net\/cameroun\/?s={search_term_string}\"},\"query-input\":{\"@type\":\"PropertyValueSpecification\",\"valueRequired\":true,\"valueName\":\"search_term_string\"}}],\"inLanguage\":\"fr-FR\"},{\"@type\":\"Person\",\"@id\":\"https:\/\/www.africa-press.net\/cameroun\/#\/schema\/person\/2b1cf3cd81a31e3cd26889ca66d677f1\",\"name\":\"cfeditorfr\"}]}<\/script>\n<!-- \/ Yoast SEO Premium plugin. -->","yoast_head_json":{"title":"Riposte anti-Covid: Le Ministre de la Sant\u00e9 Publique engage des consultations sur la th\u00e9matique de la vaccination au Cameroun - Cameroun","description":"Les premi\u00e8res doses du vaccin anti Covid-19 d\u2019AstraZeneca \u00e9taient attendues au pays de Paul Biya cette semaine. Mais, l\u2019 ...","robots":{"index":"index","follow":"follow","max-snippet":"max-snippet:-1","max-image-preview":"max-image-preview:large","max-video-preview":"max-video-preview:-1"},"canonical":"https:\/\/www.africa-press.net\/cameroun\/politique\/cameroun-riposte-anti-covid-le-ministre-de-la-sante-publique-engage-des-consultations-sur-la-thematique-de-la-vaccination-au-cameroun","og_locale":"fr_FR","og_type":"article","og_title":"Riposte anti-Covid: Le Ministre de la Sant\u00e9 Publique engage des consultations sur la th\u00e9matique de la vaccination au Cameroun","og_description":"Les premi\u00e8res doses du vaccin anti Covid-19 d\u2019AstraZeneca \u00e9taient attendues au pays de Paul Biya cette semaine. Mais, l\u2019 ...","og_url":"https:\/\/www.africa-press.net\/cameroun\/politique\/cameroun-riposte-anti-covid-le-ministre-de-la-sante-publique-engage-des-consultations-sur-la-thematique-de-la-vaccination-au-cameroun","og_site_name":"Cameroun","article_published_time":"2021-03-18T22:44:29+00:00","article_modified_time":"2021-03-22T05:19:17+00:00","og_image":[{"width":800,"height":450,"url":"https:\/\/static.africa-press.net\/cameroun\/sites\/57\/2021\/03\/img-6053f90a48d8a.jpg","type":"image\/jpeg"}],"author":"cfeditorfr","twitter_card":"summary_large_image","twitter_misc":{"\u00c9crit par":"cfeditorfr","Dur\u00e9e de lecture estim\u00e9e":"2 minutes"},"schema":{"@context":"https:\/\/schema.org","@graph":[{"@type":"Article","@id":"https:\/\/www.africa-press.net\/cameroun\/politique\/cameroun-riposte-anti-covid-le-ministre-de-la-sante-publique-engage-des-consultations-sur-la-thematique-de-la-vaccination-au-cameroun#article","isPartOf":{"@id":"https:\/\/www.africa-press.net\/cameroun\/politique\/cameroun-riposte-anti-covid-le-ministre-de-la-sante-publique-engage-des-consultations-sur-la-thematique-de-la-vaccination-au-cameroun"},"author":{"name":"cfeditorfr","@id":"https:\/\/www.africa-press.net\/cameroun\/#\/schema\/person\/2b1cf3cd81a31e3cd26889ca66d677f1"},"headline":"Riposte anti-Covid: Le Ministre de la Sant\u00e9 Publique engage des consultations sur la th\u00e9matique de la vaccination au Cameroun","datePublished":"2021-03-18T22:44:29+00:00","dateModified":"2021-03-22T05:19:17+00:00","mainEntityOfPage":{"@id":"https:\/\/www.africa-press.net\/cameroun\/politique\/cameroun-riposte-anti-covid-le-ministre-de-la-sante-publique-engage-des-consultations-sur-la-thematique-de-la-vaccination-au-cameroun"},"wordCount":401,"commentCount":0,"image":{"@id":"https:\/\/www.africa-press.net\/cameroun\/politique\/cameroun-riposte-anti-covid-le-ministre-de-la-sante-publique-engage-des-consultations-sur-la-thematique-de-la-vaccination-au-cameroun#primaryimage"},"thumbnailUrl":"https:\/\/static.africa-press.net\/cameroun\/sites\/57\/2021\/03\/img-6053f90a48d8a.jpg","keywords":["Africa Press","Africa Press-Cameroun","Cameroun"],"articleSection":["homepage-french","Politique","Toutes les actualit\u00e9s"],"inLanguage":"fr-FR","potentialAction":[{"@type":"CommentAction","name":"Comment","target":["https:\/\/www.africa-press.net\/cameroun\/politique\/cameroun-riposte-anti-covid-le-ministre-de-la-sante-publique-engage-des-consultations-sur-la-thematique-de-la-vaccination-au-cameroun#respond"]}]},{"@type":"WebPage","@id":"https:\/\/www.africa-press.net\/cameroun\/politique\/cameroun-riposte-anti-covid-le-ministre-de-la-sante-publique-engage-des-consultations-sur-la-thematique-de-la-vaccination-au-cameroun","url":"https:\/\/www.africa-press.net\/cameroun\/politique\/cameroun-riposte-anti-covid-le-ministre-de-la-sante-publique-engage-des-consultations-sur-la-thematique-de-la-vaccination-au-cameroun","name":"Riposte anti-Covid: Le Ministre de la Sant\u00e9 Publique engage des consultations sur la th\u00e9matique de la vaccination au Cameroun - Cameroun","isPartOf":{"@id":"https:\/\/www.africa-press.net\/cameroun\/#website"},"primaryImageOfPage":{"@id":"https:\/\/www.africa-press.net\/cameroun\/politique\/cameroun-riposte-anti-covid-le-ministre-de-la-sante-publique-engage-des-consultations-sur-la-thematique-de-la-vaccination-au-cameroun#primaryimage"},"image":{"@id":"https:\/\/www.africa-press.net\/cameroun\/politique\/cameroun-riposte-anti-covid-le-ministre-de-la-sante-publique-engage-des-consultations-sur-la-thematique-de-la-vaccination-au-cameroun#primaryimage"},"thumbnailUrl":"https:\/\/static.africa-press.net\/cameroun\/sites\/57\/2021\/03\/img-6053f90a48d8a.jpg","datePublished":"2021-03-18T22:44:29+00:00","dateModified":"2021-03-22T05:19:17+00:00","author":{"@id":"https:\/\/www.africa-press.net\/cameroun\/#\/schema\/person\/2b1cf3cd81a31e3cd26889ca66d677f1"},"description":"Les premi\u00e8res doses du vaccin anti Covid-19 d\u2019AstraZeneca \u00e9taient attendues au pays de Paul Biya cette semaine. Mais, l\u2019 ...","breadcrumb":{"@id":"https:\/\/www.africa-press.net\/cameroun\/politique\/cameroun-riposte-anti-covid-le-ministre-de-la-sante-publique-engage-des-consultations-sur-la-thematique-de-la-vaccination-au-cameroun#breadcrumb"},"inLanguage":"fr-FR","potentialAction":[{"@type":"ReadAction","target":["https:\/\/www.africa-press.net\/cameroun\/politique\/cameroun-riposte-anti-covid-le-ministre-de-la-sante-publique-engage-des-consultations-sur-la-thematique-de-la-vaccination-au-cameroun"]}]},{"@type":"ImageObject","inLanguage":"fr-FR","@id":"https:\/\/www.africa-press.net\/cameroun\/politique\/cameroun-riposte-anti-covid-le-ministre-de-la-sante-publique-engage-des-consultations-sur-la-thematique-de-la-vaccination-au-cameroun#primaryimage","url":"https:\/\/static.africa-press.net\/cameroun\/sites\/57\/2021\/03\/img-6053f90a48d8a.jpg","contentUrl":"https:\/\/static.africa-press.net\/cameroun\/sites\/57\/2021\/03\/img-6053f90a48d8a.jpg","width":800,"height":450,"caption":"Cameroun - Riposte anti-Covid: Le Ministre de la Sant\u00e9 Publique engage des consultations sur la th\u00e9matique de la vaccination au Cameroun"},{"@type":"BreadcrumbList","@id":"https:\/\/www.africa-press.net\/cameroun\/politique\/cameroun-riposte-anti-covid-le-ministre-de-la-sante-publique-engage-des-consultations-sur-la-thematique-de-la-vaccination-au-cameroun#breadcrumb","itemListElement":[{"@type":"ListItem","position":1,"name":"Accueil","item":"https:\/\/www.africa-press.net\/cameroun\/"},{"@type":"ListItem","position":2,"name":"Riposte anti-Covid: Le Ministre de la Sant\u00e9 Publique engage des consultations sur la th\u00e9matique de la vaccination au Cameroun"}]},{"@type":"WebSite","@id":"https:\/\/www.africa-press.net\/cameroun\/#website","url":"https:\/\/www.africa-press.net\/cameroun\/","name":"Cameroun","description":"Just another Africa News Agency Sites site","potentialAction":[{"@type":"SearchAction","target":{"@type":"EntryPoint","urlTemplate":"https:\/\/www.africa-press.net\/cameroun\/?s={search_term_string}"},"query-input":{"@type":"PropertyValueSpecification","valueRequired":true,"valueName":"search_term_string"}}],"inLanguage":"fr-FR"},{"@type":"Person","@id":"https:\/\/www.africa-press.net\/cameroun\/#\/schema\/person\/2b1cf3cd81a31e3cd26889ca66d677f1","name":"cfeditorfr"}]}},"_links":{"self":[{"href":"https:\/\/www.africa-press.net\/cameroun\/wp-json\/wp\/v2\/posts\/1302","targetHints":{"allow":["GET"]}}],"collection":[{"href":"https:\/\/www.africa-press.net\/cameroun\/wp-json\/wp\/v2\/posts"}],"about":[{"href":"https:\/\/www.africa-press.net\/cameroun\/wp-json\/wp\/v2\/types\/post"}],"author":[{"embeddable":true,"href":"https:\/\/www.africa-press.net\/cameroun\/wp-json\/wp\/v2\/users\/82"}],"replies":[{"embeddable":true,"href":"https:\/\/www.africa-press.net\/cameroun\/wp-json\/wp\/v2\/comments?post=1302"}],"version-history":[{"count":0,"href":"https:\/\/www.africa-press.net\/cameroun\/wp-json\/wp\/v2\/posts\/1302\/revisions"}],"wp:featuredmedia":[{"embeddable":true,"href":"https:\/\/www.africa-press.net\/cameroun\/wp-json\/wp\/v2\/media\/1301"}],"wp:attachment":[{"href":"https:\/\/www.africa-press.net\/cameroun\/wp-json\/wp\/v2\/media?parent=1302"}],"wp:term":[{"taxonomy":"category","embeddable":true,"href":"https:\/\/www.africa-press.net\/cameroun\/wp-json\/wp\/v2\/categories?post=1302"},{"taxonomy":"post_tag","embeddable":true,"href":"https:\/\/www.africa-press.net\/cameroun\/wp-json\/wp\/v2\/tags?post=1302"}],"curies":[{"name":"wp","href":"https:\/\/api.w.org\/{rel}","templated":true}]}}