{"id":1315,"date":"2021-03-18T23:02:30","date_gmt":"2021-03-18T23:02:30","guid":{"rendered":"https:\/\/www.africa-press.net\/cameroun\/politique\/cameroun-sud-base-navale-de-kribi-le-capitaine-de-vaisseau-joseph-ambassa-ayissi-prend-fonction"},"modified":"2021-03-22T05:18:10","modified_gmt":"2021-03-22T05:18:10","slug":"cameroun-sud-base-navale-de-kribi-le-capitaine-de-vaisseau-joseph-ambassa-ayissi-prend-fonction","status":"publish","type":"post","link":"https:\/\/www.africa-press.net\/cameroun\/politique\/cameroun-sud-base-navale-de-kribi-le-capitaine-de-vaisseau-joseph-ambassa-ayissi-prend-fonction","title":{"rendered":"Sud\/Base navale de Kribi: Le Capitaine de vaisseau Joseph Ambassa Ayissi prend fonction"},"content":{"rendered":"<p><span style=\"color: #ff6600\"><strong><a href=\"https:\/\/www.africa-press.net\/\">Africa-Press<\/a> &#8211; <a href=\"https:\/\/www.africa-press.net\/cameroun\">Cameroun<\/a>. <\/strong><\/span>Le 17 mars 2021 dans la r\u00e9gion du Sud, le capitaine de vaisseau Joseph Ambassa Ayissi, a pris fonction comme nouveau commandant de la base navale de Kribi. Le nouvel homme fort de l\u2019arm\u00e9e de cette ville c\u00f4ti\u00e8re doit f\u00e9d\u00e9rer toutes les forces de d\u00e9fense qui s\u2019y trouvent, pour assurer la s\u00e9curit\u00e9 des personnes et des biens.<\/p>\n<p>Dans son \u00e9dition en kiosque ce 18 mars 2021, le quotidien national bilingue Cameroon Tribune informe que le capitaine de vaisseau Joseph Ambassa Ayissi a \u00e9t\u00e9 install\u00e9 dans ses nouvelles fonctions par le g\u00e9n\u00e9ral de brigade Simon Ezo\u2019o Mvondo, commandant la Premi\u00e8re R\u00e9gion militaire interarm\u00e9es (RMIA1).<\/p>\n<p>La c\u00e9r\u00e9monie d\u2019installation de ce marin aguerri a \u00e9t\u00e9 particuli\u00e8re \u00e0 cause de la pand\u00e9mie du coronavirus qui bat son plein dans le monde en g\u00e9n\u00e9ral et au Cameroun en particulier. La c\u00e9r\u00e9monie s\u2019est tenue \u00abdans une salle o\u00f9 toutes les mesures barri\u00e8res ont \u00e9t\u00e9 respect\u00e9es au moindre d\u00e9tail, et en pr\u00e9sence des commandants de diff\u00e9rentes unit\u00e9s des forces de d\u00e9fense install\u00e9es \u00e0 Kribi et du pr\u00e9fet de l\u2019Oc\u00e9an\u00bb, lit-on.<\/p>\n<p>C\u2019est en pr\u00e9sence de tout ce monde que le g\u00e9n\u00e9ral Simon Ezo\u2019o Mvondo a prononc\u00e9 la phrase rituelle de prise de commandement: \u00abCapitaine de vaisseau Ambassa Ayissi Joseph, prenez le commandement !\u00bb.<\/p>\n<p>Ainsi, \u00e9tant commandant de la base navale de Kribi, cet officier sup\u00e9rieur de la marine nationale camerounaise, \u00aba sous sa responsabilit\u00e9 la surveillance, la protection et la d\u00e9fense des espaces maritimes nationaux et fluviaux dans la zone maritime d\u2019action allant de l\u2019embouchure de la Sanaga jusqu\u2019\u00e0 l\u2019\u00eele de Dipikar par Campo\u00bb, peut-on lire dans les colonnes du journal.<\/p>\n<p>Le nouveau commandant de la base navale de Kribi a fait ses classes dans plusieurs \u00e9coles navales \u00e0 travers le monde dont celle de Brest en France. Apr\u00e8s avoir pris le commandement, il a d\u00e9clar\u00e9 que: \u00abje n\u2019ai pas droit \u00e0 l\u2019erreur\u00bb, note le reporter.<\/p>\n<p>Enfin pour le g\u00e9n\u00e9ral de brigade Simon Ezo\u2019o Mvondo, Kribi \u00abest une ville qui monte en puissance. Elle est au c\u0153ur du commandement militaire. De grandes flottilles ont \u00e9t\u00e9 d\u00e9ploy\u00e9es dans la zone\u00bb, rel\u00e8ve le journal.<\/p>\n<p><b>Wilfried ONDOA<\/b><\/p>\n","protected":false},"excerpt":{"rendered":"<p>Africa-Press &#8211; Cameroun. Le 17 mars 2021 dans la r\u00e9gion du Sud, le capitaine de vaisseau Joseph Ambassa Ayissi, a pris fonction comme nouveau commandant de la base navale de Kribi. Le nouvel homme fort de l\u2019arm\u00e9e de cette ville c\u00f4ti\u00e8re doit f\u00e9d\u00e9rer toutes les forces de d\u00e9fense qui s\u2019y trouvent, pour assurer la s\u00e9curit\u00e9 [&hellip;]<\/p>\n","protected":false},"author":82,"featured_media":1313,"comment_status":"open","ping_status":"closed","sticky":false,"template":"","format":"standard","meta":{"footnotes":""},"categories":[11,2,10],"tags":[36,50,49],"class_list":["post-1315","post","type-post","status-publish","format-standard","has-post-thumbnail","hentry","category-homepage-french","category-politique","category-toutes-les-actualites","tag-africa-press","tag-africa-press-cameroun","tag-cameroun"],"yoast_head":"<!-- This site is optimized with the Yoast SEO Premium plugin v26.1 (Yoast SEO v27.0) - https:\/\/yoast.com\/product\/yoast-seo-premium-wordpress\/ -->\n<title>Sud\/Base navale de Kribi: Le Capitaine de vaisseau Joseph Ambassa Ayissi prend fonction - Cameroun<\/title>\n<meta name=\"description\" content=\"Le 17 mars 2021 dans la r\u00e9gion du Sud, le capitaine de vaisseau Joseph Ambassa Ayissi, a pris fonction comme nouveau com ...\" \/>\n<meta name=\"robots\" content=\"index, follow, max-snippet:-1, max-image-preview:large, max-video-preview:-1\" \/>\n<link rel=\"canonical\" href=\"https:\/\/www.africa-press.net\/cameroun\/politique\/cameroun-sud-base-navale-de-kribi-le-capitaine-de-vaisseau-joseph-ambassa-ayissi-prend-fonction\" \/>\n<meta property=\"og:locale\" content=\"fr_FR\" \/>\n<meta property=\"og:type\" content=\"article\" \/>\n<meta property=\"og:title\" content=\"Sud\/Base navale de Kribi: Le Capitaine de vaisseau Joseph Ambassa Ayissi prend fonction\" \/>\n<meta property=\"og:description\" content=\"Le 17 mars 2021 dans la r\u00e9gion du Sud, le capitaine de vaisseau Joseph Ambassa Ayissi, a pris fonction comme nouveau com ...\" \/>\n<meta property=\"og:url\" content=\"https:\/\/www.africa-press.net\/cameroun\/politique\/cameroun-sud-base-navale-de-kribi-le-capitaine-de-vaisseau-joseph-ambassa-ayissi-prend-fonction\" \/>\n<meta property=\"og:site_name\" content=\"Cameroun\" \/>\n<meta property=\"article:published_time\" content=\"2021-03-18T23:02:30+00:00\" \/>\n<meta property=\"article:modified_time\" content=\"2021-03-22T05:18:10+00:00\" \/>\n<meta property=\"og:image\" content=\"https:\/\/static.africa-press.net\/cameroun\/sites\/57\/2021\/03\/img-6053f982b1c68.jpg\" \/>\n\t<meta property=\"og:image:width\" content=\"800\" \/>\n\t<meta property=\"og:image:height\" content=\"602\" \/>\n\t<meta property=\"og:image:type\" content=\"image\/jpeg\" \/>\n<meta name=\"author\" content=\"cfeditorfr\" \/>\n<meta name=\"twitter:card\" content=\"summary_large_image\" \/>\n<meta name=\"twitter:label1\" content=\"\u00c9crit par\" \/>\n\t<meta name=\"twitter:data1\" content=\"cfeditorfr\" \/>\n\t<meta name=\"twitter:label2\" content=\"Dur\u00e9e de lecture estim\u00e9e\" \/>\n\t<meta name=\"twitter:data2\" content=\"2 minutes\" \/>\n<script type=\"application\/ld+json\" class=\"yoast-schema-graph\">{\"@context\":\"https:\/\/schema.org\",\"@graph\":[{\"@type\":\"Article\",\"@id\":\"https:\/\/www.africa-press.net\/cameroun\/politique\/cameroun-sud-base-navale-de-kribi-le-capitaine-de-vaisseau-joseph-ambassa-ayissi-prend-fonction#article\",\"isPartOf\":{\"@id\":\"https:\/\/www.africa-press.net\/cameroun\/politique\/cameroun-sud-base-navale-de-kribi-le-capitaine-de-vaisseau-joseph-ambassa-ayissi-prend-fonction\"},\"author\":{\"name\":\"cfeditorfr\",\"@id\":\"https:\/\/www.africa-press.net\/cameroun\/#\/schema\/person\/2b1cf3cd81a31e3cd26889ca66d677f1\"},\"headline\":\"Sud\/Base navale de Kribi: Le Capitaine de vaisseau Joseph Ambassa Ayissi prend fonction\",\"datePublished\":\"2021-03-18T23:02:30+00:00\",\"dateModified\":\"2021-03-22T05:18:10+00:00\",\"mainEntityOfPage\":{\"@id\":\"https:\/\/www.africa-press.net\/cameroun\/politique\/cameroun-sud-base-navale-de-kribi-le-capitaine-de-vaisseau-joseph-ambassa-ayissi-prend-fonction\"},\"wordCount\":412,\"commentCount\":0,\"image\":{\"@id\":\"https:\/\/www.africa-press.net\/cameroun\/politique\/cameroun-sud-base-navale-de-kribi-le-capitaine-de-vaisseau-joseph-ambassa-ayissi-prend-fonction#primaryimage\"},\"thumbnailUrl\":\"https:\/\/static.africa-press.net\/cameroun\/sites\/57\/2021\/03\/img-6053f982b1c68.jpg\",\"keywords\":[\"Africa Press\",\"Africa Press-Cameroun\",\"Cameroun\"],\"articleSection\":[\"homepage-french\",\"Politique\",\"Toutes les actualit\u00e9s\"],\"inLanguage\":\"fr-FR\",\"potentialAction\":[{\"@type\":\"CommentAction\",\"name\":\"Comment\",\"target\":[\"https:\/\/www.africa-press.net\/cameroun\/politique\/cameroun-sud-base-navale-de-kribi-le-capitaine-de-vaisseau-joseph-ambassa-ayissi-prend-fonction#respond\"]}]},{\"@type\":\"WebPage\",\"@id\":\"https:\/\/www.africa-press.net\/cameroun\/politique\/cameroun-sud-base-navale-de-kribi-le-capitaine-de-vaisseau-joseph-ambassa-ayissi-prend-fonction\",\"url\":\"https:\/\/www.africa-press.net\/cameroun\/politique\/cameroun-sud-base-navale-de-kribi-le-capitaine-de-vaisseau-joseph-ambassa-ayissi-prend-fonction\",\"name\":\"Sud\/Base navale de Kribi: Le Capitaine de vaisseau Joseph Ambassa Ayissi prend fonction - Cameroun\",\"isPartOf\":{\"@id\":\"https:\/\/www.africa-press.net\/cameroun\/#website\"},\"primaryImageOfPage\":{\"@id\":\"https:\/\/www.africa-press.net\/cameroun\/politique\/cameroun-sud-base-navale-de-kribi-le-capitaine-de-vaisseau-joseph-ambassa-ayissi-prend-fonction#primaryimage\"},\"image\":{\"@id\":\"https:\/\/www.africa-press.net\/cameroun\/politique\/cameroun-sud-base-navale-de-kribi-le-capitaine-de-vaisseau-joseph-ambassa-ayissi-prend-fonction#primaryimage\"},\"thumbnailUrl\":\"https:\/\/static.africa-press.net\/cameroun\/sites\/57\/2021\/03\/img-6053f982b1c68.jpg\",\"datePublished\":\"2021-03-18T23:02:30+00:00\",\"dateModified\":\"2021-03-22T05:18:10+00:00\",\"author\":{\"@id\":\"https:\/\/www.africa-press.net\/cameroun\/#\/schema\/person\/2b1cf3cd81a31e3cd26889ca66d677f1\"},\"description\":\"Le 17 mars 2021 dans la r\u00e9gion du Sud, le capitaine de vaisseau Joseph Ambassa Ayissi, a pris fonction comme nouveau com ...\",\"breadcrumb\":{\"@id\":\"https:\/\/www.africa-press.net\/cameroun\/politique\/cameroun-sud-base-navale-de-kribi-le-capitaine-de-vaisseau-joseph-ambassa-ayissi-prend-fonction#breadcrumb\"},\"inLanguage\":\"fr-FR\",\"potentialAction\":[{\"@type\":\"ReadAction\",\"target\":[\"https:\/\/www.africa-press.net\/cameroun\/politique\/cameroun-sud-base-navale-de-kribi-le-capitaine-de-vaisseau-joseph-ambassa-ayissi-prend-fonction\"]}]},{\"@type\":\"ImageObject\",\"inLanguage\":\"fr-FR\",\"@id\":\"https:\/\/www.africa-press.net\/cameroun\/politique\/cameroun-sud-base-navale-de-kribi-le-capitaine-de-vaisseau-joseph-ambassa-ayissi-prend-fonction#primaryimage\",\"url\":\"https:\/\/static.africa-press.net\/cameroun\/sites\/57\/2021\/03\/img-6053f982b1c68.jpg\",\"contentUrl\":\"https:\/\/static.africa-press.net\/cameroun\/sites\/57\/2021\/03\/img-6053f982b1c68.jpg\",\"width\":800,\"height\":602,\"caption\":\"Cameroun - Sud\/Base navale de Kribi: Le Capitaine de vaisseau Joseph Ambassa Ayissi prend fonction\"},{\"@type\":\"BreadcrumbList\",\"@id\":\"https:\/\/www.africa-press.net\/cameroun\/politique\/cameroun-sud-base-navale-de-kribi-le-capitaine-de-vaisseau-joseph-ambassa-ayissi-prend-fonction#breadcrumb\",\"itemListElement\":[{\"@type\":\"ListItem\",\"position\":1,\"name\":\"Accueil\",\"item\":\"https:\/\/www.africa-press.net\/cameroun\/\"},{\"@type\":\"ListItem\",\"position\":2,\"name\":\"Sud\/Base navale de Kribi: Le Capitaine de vaisseau Joseph Ambassa Ayissi prend fonction\"}]},{\"@type\":\"WebSite\",\"@id\":\"https:\/\/www.africa-press.net\/cameroun\/#website\",\"url\":\"https:\/\/www.africa-press.net\/cameroun\/\",\"name\":\"Cameroun\",\"description\":\"Just another Africa News Agency Sites site\",\"potentialAction\":[{\"@type\":\"SearchAction\",\"target\":{\"@type\":\"EntryPoint\",\"urlTemplate\":\"https:\/\/www.africa-press.net\/cameroun\/?s={search_term_string}\"},\"query-input\":{\"@type\":\"PropertyValueSpecification\",\"valueRequired\":true,\"valueName\":\"search_term_string\"}}],\"inLanguage\":\"fr-FR\"},{\"@type\":\"Person\",\"@id\":\"https:\/\/www.africa-press.net\/cameroun\/#\/schema\/person\/2b1cf3cd81a31e3cd26889ca66d677f1\",\"name\":\"cfeditorfr\"}]}<\/script>\n<!-- \/ Yoast SEO Premium plugin. -->","yoast_head_json":{"title":"Sud\/Base navale de Kribi: Le Capitaine de vaisseau Joseph Ambassa Ayissi prend fonction - Cameroun","description":"Le 17 mars 2021 dans la r\u00e9gion du Sud, le capitaine de vaisseau Joseph Ambassa Ayissi, a pris fonction comme nouveau com ...","robots":{"index":"index","follow":"follow","max-snippet":"max-snippet:-1","max-image-preview":"max-image-preview:large","max-video-preview":"max-video-preview:-1"},"canonical":"https:\/\/www.africa-press.net\/cameroun\/politique\/cameroun-sud-base-navale-de-kribi-le-capitaine-de-vaisseau-joseph-ambassa-ayissi-prend-fonction","og_locale":"fr_FR","og_type":"article","og_title":"Sud\/Base navale de Kribi: Le Capitaine de vaisseau Joseph Ambassa Ayissi prend fonction","og_description":"Le 17 mars 2021 dans la r\u00e9gion du Sud, le capitaine de vaisseau Joseph Ambassa Ayissi, a pris fonction comme nouveau com ...","og_url":"https:\/\/www.africa-press.net\/cameroun\/politique\/cameroun-sud-base-navale-de-kribi-le-capitaine-de-vaisseau-joseph-ambassa-ayissi-prend-fonction","og_site_name":"Cameroun","article_published_time":"2021-03-18T23:02:30+00:00","article_modified_time":"2021-03-22T05:18:10+00:00","og_image":[{"width":800,"height":602,"url":"https:\/\/static.africa-press.net\/cameroun\/sites\/57\/2021\/03\/img-6053f982b1c68.jpg","type":"image\/jpeg"}],"author":"cfeditorfr","twitter_card":"summary_large_image","twitter_misc":{"\u00c9crit par":"cfeditorfr","Dur\u00e9e de lecture estim\u00e9e":"2 minutes"},"schema":{"@context":"https:\/\/schema.org","@graph":[{"@type":"Article","@id":"https:\/\/www.africa-press.net\/cameroun\/politique\/cameroun-sud-base-navale-de-kribi-le-capitaine-de-vaisseau-joseph-ambassa-ayissi-prend-fonction#article","isPartOf":{"@id":"https:\/\/www.africa-press.net\/cameroun\/politique\/cameroun-sud-base-navale-de-kribi-le-capitaine-de-vaisseau-joseph-ambassa-ayissi-prend-fonction"},"author":{"name":"cfeditorfr","@id":"https:\/\/www.africa-press.net\/cameroun\/#\/schema\/person\/2b1cf3cd81a31e3cd26889ca66d677f1"},"headline":"Sud\/Base navale de Kribi: Le Capitaine de vaisseau Joseph Ambassa Ayissi prend fonction","datePublished":"2021-03-18T23:02:30+00:00","dateModified":"2021-03-22T05:18:10+00:00","mainEntityOfPage":{"@id":"https:\/\/www.africa-press.net\/cameroun\/politique\/cameroun-sud-base-navale-de-kribi-le-capitaine-de-vaisseau-joseph-ambassa-ayissi-prend-fonction"},"wordCount":412,"commentCount":0,"image":{"@id":"https:\/\/www.africa-press.net\/cameroun\/politique\/cameroun-sud-base-navale-de-kribi-le-capitaine-de-vaisseau-joseph-ambassa-ayissi-prend-fonction#primaryimage"},"thumbnailUrl":"https:\/\/static.africa-press.net\/cameroun\/sites\/57\/2021\/03\/img-6053f982b1c68.jpg","keywords":["Africa Press","Africa Press-Cameroun","Cameroun"],"articleSection":["homepage-french","Politique","Toutes les actualit\u00e9s"],"inLanguage":"fr-FR","potentialAction":[{"@type":"CommentAction","name":"Comment","target":["https:\/\/www.africa-press.net\/cameroun\/politique\/cameroun-sud-base-navale-de-kribi-le-capitaine-de-vaisseau-joseph-ambassa-ayissi-prend-fonction#respond"]}]},{"@type":"WebPage","@id":"https:\/\/www.africa-press.net\/cameroun\/politique\/cameroun-sud-base-navale-de-kribi-le-capitaine-de-vaisseau-joseph-ambassa-ayissi-prend-fonction","url":"https:\/\/www.africa-press.net\/cameroun\/politique\/cameroun-sud-base-navale-de-kribi-le-capitaine-de-vaisseau-joseph-ambassa-ayissi-prend-fonction","name":"Sud\/Base navale de Kribi: Le Capitaine de vaisseau Joseph Ambassa Ayissi prend fonction - Cameroun","isPartOf":{"@id":"https:\/\/www.africa-press.net\/cameroun\/#website"},"primaryImageOfPage":{"@id":"https:\/\/www.africa-press.net\/cameroun\/politique\/cameroun-sud-base-navale-de-kribi-le-capitaine-de-vaisseau-joseph-ambassa-ayissi-prend-fonction#primaryimage"},"image":{"@id":"https:\/\/www.africa-press.net\/cameroun\/politique\/cameroun-sud-base-navale-de-kribi-le-capitaine-de-vaisseau-joseph-ambassa-ayissi-prend-fonction#primaryimage"},"thumbnailUrl":"https:\/\/static.africa-press.net\/cameroun\/sites\/57\/2021\/03\/img-6053f982b1c68.jpg","datePublished":"2021-03-18T23:02:30+00:00","dateModified":"2021-03-22T05:18:10+00:00","author":{"@id":"https:\/\/www.africa-press.net\/cameroun\/#\/schema\/person\/2b1cf3cd81a31e3cd26889ca66d677f1"},"description":"Le 17 mars 2021 dans la r\u00e9gion du Sud, le capitaine de vaisseau Joseph Ambassa Ayissi, a pris fonction comme nouveau com ...","breadcrumb":{"@id":"https:\/\/www.africa-press.net\/cameroun\/politique\/cameroun-sud-base-navale-de-kribi-le-capitaine-de-vaisseau-joseph-ambassa-ayissi-prend-fonction#breadcrumb"},"inLanguage":"fr-FR","potentialAction":[{"@type":"ReadAction","target":["https:\/\/www.africa-press.net\/cameroun\/politique\/cameroun-sud-base-navale-de-kribi-le-capitaine-de-vaisseau-joseph-ambassa-ayissi-prend-fonction"]}]},{"@type":"ImageObject","inLanguage":"fr-FR","@id":"https:\/\/www.africa-press.net\/cameroun\/politique\/cameroun-sud-base-navale-de-kribi-le-capitaine-de-vaisseau-joseph-ambassa-ayissi-prend-fonction#primaryimage","url":"https:\/\/static.africa-press.net\/cameroun\/sites\/57\/2021\/03\/img-6053f982b1c68.jpg","contentUrl":"https:\/\/static.africa-press.net\/cameroun\/sites\/57\/2021\/03\/img-6053f982b1c68.jpg","width":800,"height":602,"caption":"Cameroun - Sud\/Base navale de Kribi: Le Capitaine de vaisseau Joseph Ambassa Ayissi prend fonction"},{"@type":"BreadcrumbList","@id":"https:\/\/www.africa-press.net\/cameroun\/politique\/cameroun-sud-base-navale-de-kribi-le-capitaine-de-vaisseau-joseph-ambassa-ayissi-prend-fonction#breadcrumb","itemListElement":[{"@type":"ListItem","position":1,"name":"Accueil","item":"https:\/\/www.africa-press.net\/cameroun\/"},{"@type":"ListItem","position":2,"name":"Sud\/Base navale de Kribi: Le Capitaine de vaisseau Joseph Ambassa Ayissi prend fonction"}]},{"@type":"WebSite","@id":"https:\/\/www.africa-press.net\/cameroun\/#website","url":"https:\/\/www.africa-press.net\/cameroun\/","name":"Cameroun","description":"Just another Africa News Agency Sites site","potentialAction":[{"@type":"SearchAction","target":{"@type":"EntryPoint","urlTemplate":"https:\/\/www.africa-press.net\/cameroun\/?s={search_term_string}"},"query-input":{"@type":"PropertyValueSpecification","valueRequired":true,"valueName":"search_term_string"}}],"inLanguage":"fr-FR"},{"@type":"Person","@id":"https:\/\/www.africa-press.net\/cameroun\/#\/schema\/person\/2b1cf3cd81a31e3cd26889ca66d677f1","name":"cfeditorfr"}]}},"_links":{"self":[{"href":"https:\/\/www.africa-press.net\/cameroun\/wp-json\/wp\/v2\/posts\/1315","targetHints":{"allow":["GET"]}}],"collection":[{"href":"https:\/\/www.africa-press.net\/cameroun\/wp-json\/wp\/v2\/posts"}],"about":[{"href":"https:\/\/www.africa-press.net\/cameroun\/wp-json\/wp\/v2\/types\/post"}],"author":[{"embeddable":true,"href":"https:\/\/www.africa-press.net\/cameroun\/wp-json\/wp\/v2\/users\/82"}],"replies":[{"embeddable":true,"href":"https:\/\/www.africa-press.net\/cameroun\/wp-json\/wp\/v2\/comments?post=1315"}],"version-history":[{"count":0,"href":"https:\/\/www.africa-press.net\/cameroun\/wp-json\/wp\/v2\/posts\/1315\/revisions"}],"wp:featuredmedia":[{"embeddable":true,"href":"https:\/\/www.africa-press.net\/cameroun\/wp-json\/wp\/v2\/media\/1313"}],"wp:attachment":[{"href":"https:\/\/www.africa-press.net\/cameroun\/wp-json\/wp\/v2\/media?parent=1315"}],"wp:term":[{"taxonomy":"category","embeddable":true,"href":"https:\/\/www.africa-press.net\/cameroun\/wp-json\/wp\/v2\/categories?post=1315"},{"taxonomy":"post_tag","embeddable":true,"href":"https:\/\/www.africa-press.net\/cameroun\/wp-json\/wp\/v2\/tags?post=1315"}],"curies":[{"name":"wp","href":"https:\/\/api.w.org\/{rel}","templated":true}]}}