{"id":1318,"date":"2021-03-18T23:05:08","date_gmt":"2021-03-18T23:05:08","guid":{"rendered":"https:\/\/www.africa-press.net\/cameroun\/politique\/cameroun-adamaoua-les-chinois-quittent-leggal-goro-au-lendemain-des-affrontements-avec-les-populations-de-la-localite-au-sujet-de-lexploitation-dune-mine-dor"},"modified":"2021-03-22T05:18:05","modified_gmt":"2021-03-22T05:18:05","slug":"cameroun-adamaoua-les-chinois-quittent-leggal-goro-au-lendemain-des-affrontements-avec-les-populations-de-la-localite-au-sujet-de-lexploitation-dune-mine-dor","status":"publish","type":"post","link":"https:\/\/www.africa-press.net\/cameroun\/toutes-les-actualites\/cameroun-adamaoua-les-chinois-quittent-leggal-goro-au-lendemain-des-affrontements-avec-les-populations-de-la-localite-au-sujet-de-lexploitation-dune-mine-dor","title":{"rendered":"Adamaoua: Les chinois quittent Leggal-Goro au lendemain des affrontements avec les populations de la localit\u00e9 au sujet de l\u2019exploitation d\u2019une mine d\u2019or"},"content":{"rendered":"<p><span style=\"color: #ff6600\"><strong><a href=\"https:\/\/www.africa-press.net\/\">Africa-Press<\/a> &#8211; <a href=\"https:\/\/www.africa-press.net\/cameroun\">Cameroun<\/a>. <\/strong><\/span>Pr\u00e8s d\u2019une semaine apr\u00e8s les affrontements entre les populations de Leggal-Goro, une localit\u00e9 dans l\u2019arrondissement de Galim-Tign\u00e8re, d\u00e9partement du Faro et D\u00e9o dans la r\u00e9gion de l\u2019Adamaoua, et les Chinois de la soci\u00e9t\u00e9 Eteng Sarl, au sujet de l\u2019exploitation d\u2019une mine d\u2019or, les tensions restent perceptibles sur le terrain, rapporte le journal Le Jour de ce jeudi 18 mars 2021. Les populations ne d\u00e9col\u00e8rent pas, et entendent reprendre le contr\u00f4le de la mine.<\/p>\n<p>\u00abLes populations exigent le d\u00e9guerpissement du site par l\u2019entreprise. Une r\u00e9union de crise tenue lundi dernier par le pr\u00e9fet du Faro et D\u00e9o n\u2019a pas permis de calmer les esprits. Les populations campent sur leur position. Elles exigent le d\u00e9part des chinois du village Leggal-Goro\u00bb, renseigne le tablo\u00efd de Haman Mana.<\/p>\n<p>Une situation qui a contraint les Chinois \u00e0 commencer \u00e0 quitter progressivement la localit\u00e9, apr\u00e8s que leur base vie a \u00e9t\u00e9 compl\u00e8tement d\u00e9truite et les installations incendi\u00e9es. \u00abLes employ\u00e9s de l\u2019entreprise Edeng Sarl quittent la localit\u00e9 par petit groupe en direction de Tign\u00e8re et Ngaound\u00e9r\u00e9. Ils craignent pour leur s\u00e9curit\u00e9 apr\u00e8s avoir perdu tout leur mat\u00e9riel et une partie de leur maison d\u2019habitation. L\u2019un d\u2019entre eux, tortur\u00e9 par un groupe de jeunes du village Leggal-Goro est sorti de l\u2019h\u00f4pital\u00bb, ajoutent nos confr\u00e8res.<\/p>\n<p>Les positions se radicaliseraient davantage en raison de la posture du Sous-pr\u00e9fet de Galim-Tign\u00e8re, Marcellin Nnanga Syr, qui tient absolument \u00e0 garantir \u00e0 l\u2019entreprise chinoise sa comp\u00e9tence l\u00e9gale pour exercer sur la mine, au d\u00e9triment des populations qui l\u2019accusent d\u2019\u00eatre complice de l\u2019expropriation de leurs terres au profit des ressortissants chinois.<\/p>\n","protected":false},"excerpt":{"rendered":"<p>Africa-Press &#8211; Cameroun. Pr\u00e8s d\u2019une semaine apr\u00e8s les affrontements entre les populations de Leggal-Goro, une localit\u00e9 dans l\u2019arrondissement de Galim-Tign\u00e8re, d\u00e9partement du Faro et D\u00e9o dans la r\u00e9gion de l\u2019Adamaoua, et les Chinois de la soci\u00e9t\u00e9 Eteng Sarl, au sujet de l\u2019exploitation d\u2019une mine d\u2019or, les tensions restent perceptibles sur le terrain, rapporte le journal [&hellip;]<\/p>\n","protected":false},"author":82,"featured_media":1317,"comment_status":"open","ping_status":"closed","sticky":false,"template":"","format":"standard","meta":{"footnotes":""},"categories":[21,11,10],"tags":[36,50,49],"class_list":["post-1318","post","type-post","status-publish","format-standard","has-post-thumbnail","hentry","category-communaute","category-homepage-french","category-toutes-les-actualites","tag-africa-press","tag-africa-press-cameroun","tag-cameroun"],"yoast_head":"<!-- This site is optimized with the Yoast SEO Premium plugin v26.1 (Yoast SEO v27.0) - https:\/\/yoast.com\/product\/yoast-seo-premium-wordpress\/ -->\n<title>Adamaoua: Les chinois quittent Leggal-Goro au lendemain des affrontements avec les populations de la localit\u00e9 au sujet de l\u2019exploitation d\u2019une mine d\u2019or - Cameroun<\/title>\n<meta name=\"description\" content=\"Pr\u00e8s d\u2019une semaine apr\u00e8s les affrontements entre les populations de Leggal-Goro, une localit\u00e9 dans l\u2019arrondissement de G ...\" \/>\n<meta name=\"robots\" content=\"index, follow, max-snippet:-1, max-image-preview:large, max-video-preview:-1\" \/>\n<link rel=\"canonical\" href=\"https:\/\/www.africa-press.net\/cameroun\/toutes-les-actualites\/cameroun-adamaoua-les-chinois-quittent-leggal-goro-au-lendemain-des-affrontements-avec-les-populations-de-la-localite-au-sujet-de-lexploitation-dune-mine-dor\" \/>\n<meta property=\"og:locale\" content=\"fr_FR\" \/>\n<meta property=\"og:type\" content=\"article\" \/>\n<meta property=\"og:title\" content=\"Adamaoua: Les chinois quittent Leggal-Goro au lendemain des affrontements avec les populations de la localit\u00e9 au sujet de l\u2019exploitation d\u2019une mine d\u2019or\" \/>\n<meta property=\"og:description\" content=\"Pr\u00e8s d\u2019une semaine apr\u00e8s les affrontements entre les populations de Leggal-Goro, une localit\u00e9 dans l\u2019arrondissement de G ...\" \/>\n<meta property=\"og:url\" content=\"https:\/\/www.africa-press.net\/cameroun\/toutes-les-actualites\/cameroun-adamaoua-les-chinois-quittent-leggal-goro-au-lendemain-des-affrontements-avec-les-populations-de-la-localite-au-sujet-de-lexploitation-dune-mine-dor\" \/>\n<meta property=\"og:site_name\" content=\"Cameroun\" \/>\n<meta property=\"article:published_time\" content=\"2021-03-18T23:05:08+00:00\" \/>\n<meta property=\"article:modified_time\" content=\"2021-03-22T05:18:05+00:00\" \/>\n<meta property=\"og:image\" content=\"https:\/\/static.africa-press.net\/cameroun\/sites\/57\/2021\/03\/img-6053f9a823c90.jpg\" \/>\n\t<meta property=\"og:image:width\" content=\"800\" \/>\n\t<meta property=\"og:image:height\" content=\"459\" \/>\n\t<meta property=\"og:image:type\" content=\"image\/jpeg\" \/>\n<meta name=\"author\" content=\"cfeditorfr\" \/>\n<meta name=\"twitter:card\" content=\"summary_large_image\" \/>\n<meta name=\"twitter:label1\" content=\"\u00c9crit par\" \/>\n\t<meta name=\"twitter:data1\" content=\"cfeditorfr\" \/>\n\t<meta name=\"twitter:label2\" content=\"Dur\u00e9e de lecture estim\u00e9e\" \/>\n\t<meta name=\"twitter:data2\" content=\"2 minutes\" \/>\n<script type=\"application\/ld+json\" class=\"yoast-schema-graph\">{\"@context\":\"https:\/\/schema.org\",\"@graph\":[{\"@type\":\"Article\",\"@id\":\"https:\/\/www.africa-press.net\/cameroun\/toutes-les-actualites\/cameroun-adamaoua-les-chinois-quittent-leggal-goro-au-lendemain-des-affrontements-avec-les-populations-de-la-localite-au-sujet-de-lexploitation-dune-mine-dor#article\",\"isPartOf\":{\"@id\":\"https:\/\/www.africa-press.net\/cameroun\/toutes-les-actualites\/cameroun-adamaoua-les-chinois-quittent-leggal-goro-au-lendemain-des-affrontements-avec-les-populations-de-la-localite-au-sujet-de-lexploitation-dune-mine-dor\"},\"author\":{\"name\":\"cfeditorfr\",\"@id\":\"https:\/\/www.africa-press.net\/cameroun\/#\/schema\/person\/2b1cf3cd81a31e3cd26889ca66d677f1\"},\"headline\":\"Adamaoua: Les chinois quittent Leggal-Goro au lendemain des affrontements avec les populations de la localit\u00e9 au sujet de l\u2019exploitation d\u2019une mine d\u2019or\",\"datePublished\":\"2021-03-18T23:05:08+00:00\",\"dateModified\":\"2021-03-22T05:18:05+00:00\",\"mainEntityOfPage\":{\"@id\":\"https:\/\/www.africa-press.net\/cameroun\/toutes-les-actualites\/cameroun-adamaoua-les-chinois-quittent-leggal-goro-au-lendemain-des-affrontements-avec-les-populations-de-la-localite-au-sujet-de-lexploitation-dune-mine-dor\"},\"wordCount\":329,\"commentCount\":0,\"image\":{\"@id\":\"https:\/\/www.africa-press.net\/cameroun\/toutes-les-actualites\/cameroun-adamaoua-les-chinois-quittent-leggal-goro-au-lendemain-des-affrontements-avec-les-populations-de-la-localite-au-sujet-de-lexploitation-dune-mine-dor#primaryimage\"},\"thumbnailUrl\":\"https:\/\/static.africa-press.net\/cameroun\/sites\/57\/2021\/03\/img-6053f9a823c90.jpg\",\"keywords\":[\"Africa Press\",\"Africa Press-Cameroun\",\"Cameroun\"],\"articleSection\":[\"Communaut\u00e9\",\"homepage-french\",\"Toutes les actualit\u00e9s\"],\"inLanguage\":\"fr-FR\",\"potentialAction\":[{\"@type\":\"CommentAction\",\"name\":\"Comment\",\"target\":[\"https:\/\/www.africa-press.net\/cameroun\/toutes-les-actualites\/cameroun-adamaoua-les-chinois-quittent-leggal-goro-au-lendemain-des-affrontements-avec-les-populations-de-la-localite-au-sujet-de-lexploitation-dune-mine-dor#respond\"]}]},{\"@type\":\"WebPage\",\"@id\":\"https:\/\/www.africa-press.net\/cameroun\/toutes-les-actualites\/cameroun-adamaoua-les-chinois-quittent-leggal-goro-au-lendemain-des-affrontements-avec-les-populations-de-la-localite-au-sujet-de-lexploitation-dune-mine-dor\",\"url\":\"https:\/\/www.africa-press.net\/cameroun\/toutes-les-actualites\/cameroun-adamaoua-les-chinois-quittent-leggal-goro-au-lendemain-des-affrontements-avec-les-populations-de-la-localite-au-sujet-de-lexploitation-dune-mine-dor\",\"name\":\"Adamaoua: Les chinois quittent Leggal-Goro au lendemain des affrontements avec les populations de la localit\u00e9 au sujet de l\u2019exploitation d\u2019une mine d\u2019or - Cameroun\",\"isPartOf\":{\"@id\":\"https:\/\/www.africa-press.net\/cameroun\/#website\"},\"primaryImageOfPage\":{\"@id\":\"https:\/\/www.africa-press.net\/cameroun\/toutes-les-actualites\/cameroun-adamaoua-les-chinois-quittent-leggal-goro-au-lendemain-des-affrontements-avec-les-populations-de-la-localite-au-sujet-de-lexploitation-dune-mine-dor#primaryimage\"},\"image\":{\"@id\":\"https:\/\/www.africa-press.net\/cameroun\/toutes-les-actualites\/cameroun-adamaoua-les-chinois-quittent-leggal-goro-au-lendemain-des-affrontements-avec-les-populations-de-la-localite-au-sujet-de-lexploitation-dune-mine-dor#primaryimage\"},\"thumbnailUrl\":\"https:\/\/static.africa-press.net\/cameroun\/sites\/57\/2021\/03\/img-6053f9a823c90.jpg\",\"datePublished\":\"2021-03-18T23:05:08+00:00\",\"dateModified\":\"2021-03-22T05:18:05+00:00\",\"author\":{\"@id\":\"https:\/\/www.africa-press.net\/cameroun\/#\/schema\/person\/2b1cf3cd81a31e3cd26889ca66d677f1\"},\"description\":\"Pr\u00e8s d\u2019une semaine apr\u00e8s les affrontements entre les populations de Leggal-Goro, une localit\u00e9 dans l\u2019arrondissement de G ...\",\"breadcrumb\":{\"@id\":\"https:\/\/www.africa-press.net\/cameroun\/toutes-les-actualites\/cameroun-adamaoua-les-chinois-quittent-leggal-goro-au-lendemain-des-affrontements-avec-les-populations-de-la-localite-au-sujet-de-lexploitation-dune-mine-dor#breadcrumb\"},\"inLanguage\":\"fr-FR\",\"potentialAction\":[{\"@type\":\"ReadAction\",\"target\":[\"https:\/\/www.africa-press.net\/cameroun\/toutes-les-actualites\/cameroun-adamaoua-les-chinois-quittent-leggal-goro-au-lendemain-des-affrontements-avec-les-populations-de-la-localite-au-sujet-de-lexploitation-dune-mine-dor\"]}]},{\"@type\":\"ImageObject\",\"inLanguage\":\"fr-FR\",\"@id\":\"https:\/\/www.africa-press.net\/cameroun\/toutes-les-actualites\/cameroun-adamaoua-les-chinois-quittent-leggal-goro-au-lendemain-des-affrontements-avec-les-populations-de-la-localite-au-sujet-de-lexploitation-dune-mine-dor#primaryimage\",\"url\":\"https:\/\/static.africa-press.net\/cameroun\/sites\/57\/2021\/03\/img-6053f9a823c90.jpg\",\"contentUrl\":\"https:\/\/static.africa-press.net\/cameroun\/sites\/57\/2021\/03\/img-6053f9a823c90.jpg\",\"width\":800,\"height\":459,\"caption\":\"Cameroun - Adamaoua: Les chinois quittent Leggal-Goro au lendemain des affrontements avec les populations de la localit\u00e9 au sujet de l\u2019exploitation d\u2019une mine d\u2019or\"},{\"@type\":\"BreadcrumbList\",\"@id\":\"https:\/\/www.africa-press.net\/cameroun\/toutes-les-actualites\/cameroun-adamaoua-les-chinois-quittent-leggal-goro-au-lendemain-des-affrontements-avec-les-populations-de-la-localite-au-sujet-de-lexploitation-dune-mine-dor#breadcrumb\",\"itemListElement\":[{\"@type\":\"ListItem\",\"position\":1,\"name\":\"Accueil\",\"item\":\"https:\/\/www.africa-press.net\/cameroun\/\"},{\"@type\":\"ListItem\",\"position\":2,\"name\":\"Adamaoua: Les chinois quittent Leggal-Goro au lendemain des affrontements avec les populations de la localit\u00e9 au sujet de l\u2019exploitation d\u2019une mine d\u2019or\"}]},{\"@type\":\"WebSite\",\"@id\":\"https:\/\/www.africa-press.net\/cameroun\/#website\",\"url\":\"https:\/\/www.africa-press.net\/cameroun\/\",\"name\":\"Cameroun\",\"description\":\"Just another Africa News Agency Sites site\",\"potentialAction\":[{\"@type\":\"SearchAction\",\"target\":{\"@type\":\"EntryPoint\",\"urlTemplate\":\"https:\/\/www.africa-press.net\/cameroun\/?s={search_term_string}\"},\"query-input\":{\"@type\":\"PropertyValueSpecification\",\"valueRequired\":true,\"valueName\":\"search_term_string\"}}],\"inLanguage\":\"fr-FR\"},{\"@type\":\"Person\",\"@id\":\"https:\/\/www.africa-press.net\/cameroun\/#\/schema\/person\/2b1cf3cd81a31e3cd26889ca66d677f1\",\"name\":\"cfeditorfr\"}]}<\/script>\n<!-- \/ Yoast SEO Premium plugin. -->","yoast_head_json":{"title":"Adamaoua: Les chinois quittent Leggal-Goro au lendemain des affrontements avec les populations de la localit\u00e9 au sujet de l\u2019exploitation d\u2019une mine d\u2019or - Cameroun","description":"Pr\u00e8s d\u2019une semaine apr\u00e8s les affrontements entre les populations de Leggal-Goro, une localit\u00e9 dans l\u2019arrondissement de G ...","robots":{"index":"index","follow":"follow","max-snippet":"max-snippet:-1","max-image-preview":"max-image-preview:large","max-video-preview":"max-video-preview:-1"},"canonical":"https:\/\/www.africa-press.net\/cameroun\/toutes-les-actualites\/cameroun-adamaoua-les-chinois-quittent-leggal-goro-au-lendemain-des-affrontements-avec-les-populations-de-la-localite-au-sujet-de-lexploitation-dune-mine-dor","og_locale":"fr_FR","og_type":"article","og_title":"Adamaoua: Les chinois quittent Leggal-Goro au lendemain des affrontements avec les populations de la localit\u00e9 au sujet de l\u2019exploitation d\u2019une mine d\u2019or","og_description":"Pr\u00e8s d\u2019une semaine apr\u00e8s les affrontements entre les populations de Leggal-Goro, une localit\u00e9 dans l\u2019arrondissement de G ...","og_url":"https:\/\/www.africa-press.net\/cameroun\/toutes-les-actualites\/cameroun-adamaoua-les-chinois-quittent-leggal-goro-au-lendemain-des-affrontements-avec-les-populations-de-la-localite-au-sujet-de-lexploitation-dune-mine-dor","og_site_name":"Cameroun","article_published_time":"2021-03-18T23:05:08+00:00","article_modified_time":"2021-03-22T05:18:05+00:00","og_image":[{"width":800,"height":459,"url":"https:\/\/static.africa-press.net\/cameroun\/sites\/57\/2021\/03\/img-6053f9a823c90.jpg","type":"image\/jpeg"}],"author":"cfeditorfr","twitter_card":"summary_large_image","twitter_misc":{"\u00c9crit par":"cfeditorfr","Dur\u00e9e de lecture estim\u00e9e":"2 minutes"},"schema":{"@context":"https:\/\/schema.org","@graph":[{"@type":"Article","@id":"https:\/\/www.africa-press.net\/cameroun\/toutes-les-actualites\/cameroun-adamaoua-les-chinois-quittent-leggal-goro-au-lendemain-des-affrontements-avec-les-populations-de-la-localite-au-sujet-de-lexploitation-dune-mine-dor#article","isPartOf":{"@id":"https:\/\/www.africa-press.net\/cameroun\/toutes-les-actualites\/cameroun-adamaoua-les-chinois-quittent-leggal-goro-au-lendemain-des-affrontements-avec-les-populations-de-la-localite-au-sujet-de-lexploitation-dune-mine-dor"},"author":{"name":"cfeditorfr","@id":"https:\/\/www.africa-press.net\/cameroun\/#\/schema\/person\/2b1cf3cd81a31e3cd26889ca66d677f1"},"headline":"Adamaoua: Les chinois quittent Leggal-Goro au lendemain des affrontements avec les populations de la localit\u00e9 au sujet de l\u2019exploitation d\u2019une mine d\u2019or","datePublished":"2021-03-18T23:05:08+00:00","dateModified":"2021-03-22T05:18:05+00:00","mainEntityOfPage":{"@id":"https:\/\/www.africa-press.net\/cameroun\/toutes-les-actualites\/cameroun-adamaoua-les-chinois-quittent-leggal-goro-au-lendemain-des-affrontements-avec-les-populations-de-la-localite-au-sujet-de-lexploitation-dune-mine-dor"},"wordCount":329,"commentCount":0,"image":{"@id":"https:\/\/www.africa-press.net\/cameroun\/toutes-les-actualites\/cameroun-adamaoua-les-chinois-quittent-leggal-goro-au-lendemain-des-affrontements-avec-les-populations-de-la-localite-au-sujet-de-lexploitation-dune-mine-dor#primaryimage"},"thumbnailUrl":"https:\/\/static.africa-press.net\/cameroun\/sites\/57\/2021\/03\/img-6053f9a823c90.jpg","keywords":["Africa Press","Africa Press-Cameroun","Cameroun"],"articleSection":["Communaut\u00e9","homepage-french","Toutes les actualit\u00e9s"],"inLanguage":"fr-FR","potentialAction":[{"@type":"CommentAction","name":"Comment","target":["https:\/\/www.africa-press.net\/cameroun\/toutes-les-actualites\/cameroun-adamaoua-les-chinois-quittent-leggal-goro-au-lendemain-des-affrontements-avec-les-populations-de-la-localite-au-sujet-de-lexploitation-dune-mine-dor#respond"]}]},{"@type":"WebPage","@id":"https:\/\/www.africa-press.net\/cameroun\/toutes-les-actualites\/cameroun-adamaoua-les-chinois-quittent-leggal-goro-au-lendemain-des-affrontements-avec-les-populations-de-la-localite-au-sujet-de-lexploitation-dune-mine-dor","url":"https:\/\/www.africa-press.net\/cameroun\/toutes-les-actualites\/cameroun-adamaoua-les-chinois-quittent-leggal-goro-au-lendemain-des-affrontements-avec-les-populations-de-la-localite-au-sujet-de-lexploitation-dune-mine-dor","name":"Adamaoua: Les chinois quittent Leggal-Goro au lendemain des affrontements avec les populations de la localit\u00e9 au sujet de l\u2019exploitation d\u2019une mine d\u2019or - Cameroun","isPartOf":{"@id":"https:\/\/www.africa-press.net\/cameroun\/#website"},"primaryImageOfPage":{"@id":"https:\/\/www.africa-press.net\/cameroun\/toutes-les-actualites\/cameroun-adamaoua-les-chinois-quittent-leggal-goro-au-lendemain-des-affrontements-avec-les-populations-de-la-localite-au-sujet-de-lexploitation-dune-mine-dor#primaryimage"},"image":{"@id":"https:\/\/www.africa-press.net\/cameroun\/toutes-les-actualites\/cameroun-adamaoua-les-chinois-quittent-leggal-goro-au-lendemain-des-affrontements-avec-les-populations-de-la-localite-au-sujet-de-lexploitation-dune-mine-dor#primaryimage"},"thumbnailUrl":"https:\/\/static.africa-press.net\/cameroun\/sites\/57\/2021\/03\/img-6053f9a823c90.jpg","datePublished":"2021-03-18T23:05:08+00:00","dateModified":"2021-03-22T05:18:05+00:00","author":{"@id":"https:\/\/www.africa-press.net\/cameroun\/#\/schema\/person\/2b1cf3cd81a31e3cd26889ca66d677f1"},"description":"Pr\u00e8s d\u2019une semaine apr\u00e8s les affrontements entre les populations de Leggal-Goro, une localit\u00e9 dans l\u2019arrondissement de G ...","breadcrumb":{"@id":"https:\/\/www.africa-press.net\/cameroun\/toutes-les-actualites\/cameroun-adamaoua-les-chinois-quittent-leggal-goro-au-lendemain-des-affrontements-avec-les-populations-de-la-localite-au-sujet-de-lexploitation-dune-mine-dor#breadcrumb"},"inLanguage":"fr-FR","potentialAction":[{"@type":"ReadAction","target":["https:\/\/www.africa-press.net\/cameroun\/toutes-les-actualites\/cameroun-adamaoua-les-chinois-quittent-leggal-goro-au-lendemain-des-affrontements-avec-les-populations-de-la-localite-au-sujet-de-lexploitation-dune-mine-dor"]}]},{"@type":"ImageObject","inLanguage":"fr-FR","@id":"https:\/\/www.africa-press.net\/cameroun\/toutes-les-actualites\/cameroun-adamaoua-les-chinois-quittent-leggal-goro-au-lendemain-des-affrontements-avec-les-populations-de-la-localite-au-sujet-de-lexploitation-dune-mine-dor#primaryimage","url":"https:\/\/static.africa-press.net\/cameroun\/sites\/57\/2021\/03\/img-6053f9a823c90.jpg","contentUrl":"https:\/\/static.africa-press.net\/cameroun\/sites\/57\/2021\/03\/img-6053f9a823c90.jpg","width":800,"height":459,"caption":"Cameroun - Adamaoua: Les chinois quittent Leggal-Goro au lendemain des affrontements avec les populations de la localit\u00e9 au sujet de l\u2019exploitation d\u2019une mine d\u2019or"},{"@type":"BreadcrumbList","@id":"https:\/\/www.africa-press.net\/cameroun\/toutes-les-actualites\/cameroun-adamaoua-les-chinois-quittent-leggal-goro-au-lendemain-des-affrontements-avec-les-populations-de-la-localite-au-sujet-de-lexploitation-dune-mine-dor#breadcrumb","itemListElement":[{"@type":"ListItem","position":1,"name":"Accueil","item":"https:\/\/www.africa-press.net\/cameroun\/"},{"@type":"ListItem","position":2,"name":"Adamaoua: Les chinois quittent Leggal-Goro au lendemain des affrontements avec les populations de la localit\u00e9 au sujet de l\u2019exploitation d\u2019une mine d\u2019or"}]},{"@type":"WebSite","@id":"https:\/\/www.africa-press.net\/cameroun\/#website","url":"https:\/\/www.africa-press.net\/cameroun\/","name":"Cameroun","description":"Just another Africa News Agency Sites site","potentialAction":[{"@type":"SearchAction","target":{"@type":"EntryPoint","urlTemplate":"https:\/\/www.africa-press.net\/cameroun\/?s={search_term_string}"},"query-input":{"@type":"PropertyValueSpecification","valueRequired":true,"valueName":"search_term_string"}}],"inLanguage":"fr-FR"},{"@type":"Person","@id":"https:\/\/www.africa-press.net\/cameroun\/#\/schema\/person\/2b1cf3cd81a31e3cd26889ca66d677f1","name":"cfeditorfr"}]}},"_links":{"self":[{"href":"https:\/\/www.africa-press.net\/cameroun\/wp-json\/wp\/v2\/posts\/1318","targetHints":{"allow":["GET"]}}],"collection":[{"href":"https:\/\/www.africa-press.net\/cameroun\/wp-json\/wp\/v2\/posts"}],"about":[{"href":"https:\/\/www.africa-press.net\/cameroun\/wp-json\/wp\/v2\/types\/post"}],"author":[{"embeddable":true,"href":"https:\/\/www.africa-press.net\/cameroun\/wp-json\/wp\/v2\/users\/82"}],"replies":[{"embeddable":true,"href":"https:\/\/www.africa-press.net\/cameroun\/wp-json\/wp\/v2\/comments?post=1318"}],"version-history":[{"count":0,"href":"https:\/\/www.africa-press.net\/cameroun\/wp-json\/wp\/v2\/posts\/1318\/revisions"}],"wp:featuredmedia":[{"embeddable":true,"href":"https:\/\/www.africa-press.net\/cameroun\/wp-json\/wp\/v2\/media\/1317"}],"wp:attachment":[{"href":"https:\/\/www.africa-press.net\/cameroun\/wp-json\/wp\/v2\/media?parent=1318"}],"wp:term":[{"taxonomy":"category","embeddable":true,"href":"https:\/\/www.africa-press.net\/cameroun\/wp-json\/wp\/v2\/categories?post=1318"},{"taxonomy":"post_tag","embeddable":true,"href":"https:\/\/www.africa-press.net\/cameroun\/wp-json\/wp\/v2\/tags?post=1318"}],"curies":[{"name":"wp","href":"https:\/\/api.w.org\/{rel}","templated":true}]}}