{"id":1321,"date":"2021-03-18T23:10:47","date_gmt":"2021-03-18T23:10:47","guid":{"rendered":"https:\/\/www.africa-press.net\/cameroun\/politique\/cameroun-cooperation-le-cameroun-et-la-france-evaluent-le-contrat-de-desendettement-et-de-developpement"},"modified":"2021-03-22T05:17:59","modified_gmt":"2021-03-22T05:17:59","slug":"cameroun-cooperation-le-cameroun-et-la-france-evaluent-le-contrat-de-desendettement-et-de-developpement","status":"publish","type":"post","link":"https:\/\/www.africa-press.net\/cameroun\/economie\/cameroun-cooperation-le-cameroun-et-la-france-evaluent-le-contrat-de-desendettement-et-de-developpement","title":{"rendered":"Coop\u00e9ration: Le Cameroun et la France \u00e9valuent le Contrat de d\u00e9sendettement et de d\u00e9veloppement"},"content":{"rendered":"<p><span style=\"color: #ff6600\"><strong><a href=\"https:\/\/www.africa-press.net\/\">Africa-Press<\/a> &#8211; <a href=\"https:\/\/www.africa-press.net\/cameroun\">Cameroun<\/a>. <\/strong><\/span>La 14eme session du Comit\u00e9 d\u2019orientation et de suivi (COS) du Contrat de d\u00e9sendettement et de d\u00e9veloppement (C2D) s\u2019est tenue le 16 mars 2021 \u00e0 Yaound\u00e9. Les travaux, co-pr\u00e9sid\u00e9s par le ministre des Finances, le ministre de l\u2019Economie, de la Planification et de l\u2019Am\u00e9nagement du Territoire et l\u2019Ambassadeur de France au Cameroun, ont permis de passer en revue l\u2019ex\u00e9cution du C2D et les r\u00e9sultats atteints.<\/p>\n<p>Selon des informations relay\u00e9es dans Le Messager de ce 18 mars 2021, depuis le 13 d\u00e9cembre 2019, date de la derni\u00e8re session, \u00able Compte C2D log\u00e9 \u00e0 la BEAC a b\u00e9n\u00e9fici\u00e9 d\u2019un retour de subvention de 36,06 milliards FCFA. Portant ainsi \u00e0 93,1 milliards FCFA le solde du Compte bilat\u00e9ral au 31 d\u00e9cembre 2019. Aussi, au cours de l\u2019ann\u00e9e 2020, les d\u00e9caissements effectu\u00e9s du compte BEAC au profit des comptes programmes du C2D s\u2019\u00e9l\u00e8vent \u00e0 71,9 milliards FCFA ramenant le solde au 31 d\u00e9cembre 2020 \u00e0 21,2 milliards FCFA. Il convient de rappeler qu\u2019au cours de l\u2019ann\u00e9e 2020, le compte bilat\u00e9ral n\u2019a pas enregistr\u00e9 de retour de subvention\u00bb.<\/p>\n<p>D\u2019apr\u00e8s les explications du ministre des Finances, Louis Paul Motaze, le Cameroun a saisi l\u2019opportunit\u00e9 du moratoire d\u00e9cid\u00e9 par les membres du G20 relativement au remboursement de la dette publique des pays les plus fragiles et les plus expos\u00e9s aux cons\u00e9quences n\u00e9gatives du Covid-19. Dans le m\u00eame temps, le respect de ce moratoire a entrain\u00e9 un changement dans la cadence du remboursement de la dette du C2D. \u00abEn cons\u00e9quence, deux \u00e9ch\u00e9ances de remboursement du contrat C2D n\u2019ont pas \u00e9t\u00e9 honor\u00e9es, entrainant une moins-value de 72,6 milliards FCFA dans le compte bilat\u00e9ral\u00bb, indique le journal.<\/p>\n<p>Au Cameroun, le Contrat de d\u00e9sendettement et de d\u00e9veloppement est \u00e0 sa troisi\u00e8me exp\u00e9rimentation. Les domaines de concentration de ce 3\u00e8me C2D sont: l\u2019agriculture et le d\u00e9veloppement rural; les infrastructures et am\u00e9nagements urbains; les appuis budg\u00e9taires sectoriels en faveur des politiques de d\u00e9veloppement durable et de croissance du Cameroun; la gouvernance et le renforcement des capacit\u00e9s et les appuis transversaux et les partenariats. Le 3\u00e8me C2D se distingue par sa dur\u00e9e plus longue (8 ans) contre cinq (05) ans pour chacun des deux pr\u00e9c\u00e9dents et son montant plus cons\u00e9quent (400 milliards FCFA contre 352,7 milliards pour le premier et 214 milliards pour le second).<\/p>\n<p>Au terme de ce 3\u00e8me C2D, \u00abce sont pr\u00e8s de 1000 milliards de francs CFA qui auront \u00e9t\u00e9 investis dans l&rsquo;\u00e9conomie camerounaise afin de r\u00e9duire la pauvret\u00e9, d&rsquo;assurer une meilleure sant\u00e9 des camerounais, d&rsquo;am\u00e9liorer les infrastructures et d\u2019impulser le d\u00e9veloppement\u00bb, souligne Le Messager.<\/p>\n","protected":false},"excerpt":{"rendered":"<p>Africa-Press &#8211; Cameroun. La 14eme session du Comit\u00e9 d\u2019orientation et de suivi (COS) du Contrat de d\u00e9sendettement et de d\u00e9veloppement (C2D) s\u2019est tenue le 16 mars 2021 \u00e0 Yaound\u00e9. Les travaux, co-pr\u00e9sid\u00e9s par le ministre des Finances, le ministre de l\u2019Economie, de la Planification et de l\u2019Am\u00e9nagement du Territoire et l\u2019Ambassadeur de France au Cameroun, [&hellip;]<\/p>\n","protected":false},"author":82,"featured_media":1320,"comment_status":"open","ping_status":"closed","sticky":false,"template":"","format":"standard","meta":{"footnotes":""},"categories":[3,11,10],"tags":[36,50,49],"class_list":["post-1321","post","type-post","status-publish","format-standard","has-post-thumbnail","hentry","category-economie","category-homepage-french","category-toutes-les-actualites","tag-africa-press","tag-africa-press-cameroun","tag-cameroun"],"yoast_head":"<!-- This site is optimized with the Yoast SEO Premium plugin v26.1 (Yoast SEO v27.0) - https:\/\/yoast.com\/product\/yoast-seo-premium-wordpress\/ -->\n<title>Coop\u00e9ration: Le Cameroun et la France \u00e9valuent le Contrat de d\u00e9sendettement et de d\u00e9veloppement - Cameroun<\/title>\n<meta name=\"description\" content=\"La 14eme session du Comit\u00e9 d\u2019orientation et de suivi (COS) du Contrat de d\u00e9sendettement et de d\u00e9veloppement (C2D) s\u2019est ...\" \/>\n<meta name=\"robots\" content=\"index, follow, max-snippet:-1, max-image-preview:large, max-video-preview:-1\" \/>\n<link rel=\"canonical\" href=\"https:\/\/www.africa-press.net\/cameroun\/economie\/cameroun-cooperation-le-cameroun-et-la-france-evaluent-le-contrat-de-desendettement-et-de-developpement\" \/>\n<meta property=\"og:locale\" content=\"fr_FR\" \/>\n<meta property=\"og:type\" content=\"article\" \/>\n<meta property=\"og:title\" content=\"Coop\u00e9ration: Le Cameroun et la France \u00e9valuent le Contrat de d\u00e9sendettement et de d\u00e9veloppement\" \/>\n<meta property=\"og:description\" content=\"La 14eme session du Comit\u00e9 d\u2019orientation et de suivi (COS) du Contrat de d\u00e9sendettement et de d\u00e9veloppement (C2D) s\u2019est ...\" \/>\n<meta property=\"og:url\" content=\"https:\/\/www.africa-press.net\/cameroun\/economie\/cameroun-cooperation-le-cameroun-et-la-france-evaluent-le-contrat-de-desendettement-et-de-developpement\" \/>\n<meta property=\"og:site_name\" content=\"Cameroun\" \/>\n<meta property=\"article:published_time\" content=\"2021-03-18T23:10:47+00:00\" \/>\n<meta property=\"article:modified_time\" content=\"2021-03-22T05:17:59+00:00\" \/>\n<meta property=\"og:image\" content=\"https:\/\/static.africa-press.net\/cameroun\/sites\/57\/2021\/03\/img-6053f9cf63f3c.jpg\" \/>\n\t<meta property=\"og:image:width\" content=\"800\" \/>\n\t<meta property=\"og:image:height\" content=\"532\" \/>\n\t<meta property=\"og:image:type\" content=\"image\/jpeg\" \/>\n<meta name=\"author\" content=\"cfeditorfr\" \/>\n<meta name=\"twitter:card\" content=\"summary_large_image\" \/>\n<meta name=\"twitter:label1\" content=\"\u00c9crit par\" \/>\n\t<meta name=\"twitter:data1\" content=\"cfeditorfr\" \/>\n\t<meta name=\"twitter:label2\" content=\"Dur\u00e9e de lecture estim\u00e9e\" \/>\n\t<meta name=\"twitter:data2\" content=\"2 minutes\" \/>\n<script type=\"application\/ld+json\" class=\"yoast-schema-graph\">{\"@context\":\"https:\/\/schema.org\",\"@graph\":[{\"@type\":\"Article\",\"@id\":\"https:\/\/www.africa-press.net\/cameroun\/economie\/cameroun-cooperation-le-cameroun-et-la-france-evaluent-le-contrat-de-desendettement-et-de-developpement#article\",\"isPartOf\":{\"@id\":\"https:\/\/www.africa-press.net\/cameroun\/economie\/cameroun-cooperation-le-cameroun-et-la-france-evaluent-le-contrat-de-desendettement-et-de-developpement\"},\"author\":{\"name\":\"cfeditorfr\",\"@id\":\"https:\/\/www.africa-press.net\/cameroun\/#\/schema\/person\/2b1cf3cd81a31e3cd26889ca66d677f1\"},\"headline\":\"Coop\u00e9ration: Le Cameroun et la France \u00e9valuent le Contrat de d\u00e9sendettement et de d\u00e9veloppement\",\"datePublished\":\"2021-03-18T23:10:47+00:00\",\"dateModified\":\"2021-03-22T05:17:59+00:00\",\"mainEntityOfPage\":{\"@id\":\"https:\/\/www.africa-press.net\/cameroun\/economie\/cameroun-cooperation-le-cameroun-et-la-france-evaluent-le-contrat-de-desendettement-et-de-developpement\"},\"wordCount\":482,\"commentCount\":0,\"image\":{\"@id\":\"https:\/\/www.africa-press.net\/cameroun\/economie\/cameroun-cooperation-le-cameroun-et-la-france-evaluent-le-contrat-de-desendettement-et-de-developpement#primaryimage\"},\"thumbnailUrl\":\"https:\/\/static.africa-press.net\/cameroun\/sites\/57\/2021\/03\/img-6053f9cf63f3c.jpg\",\"keywords\":[\"Africa Press\",\"Africa Press-Cameroun\",\"Cameroun\"],\"articleSection\":[\"\u00c9conomie\",\"homepage-french\",\"Toutes les actualit\u00e9s\"],\"inLanguage\":\"fr-FR\",\"potentialAction\":[{\"@type\":\"CommentAction\",\"name\":\"Comment\",\"target\":[\"https:\/\/www.africa-press.net\/cameroun\/economie\/cameroun-cooperation-le-cameroun-et-la-france-evaluent-le-contrat-de-desendettement-et-de-developpement#respond\"]}]},{\"@type\":\"WebPage\",\"@id\":\"https:\/\/www.africa-press.net\/cameroun\/economie\/cameroun-cooperation-le-cameroun-et-la-france-evaluent-le-contrat-de-desendettement-et-de-developpement\",\"url\":\"https:\/\/www.africa-press.net\/cameroun\/economie\/cameroun-cooperation-le-cameroun-et-la-france-evaluent-le-contrat-de-desendettement-et-de-developpement\",\"name\":\"Coop\u00e9ration: Le Cameroun et la France \u00e9valuent le Contrat de d\u00e9sendettement et de d\u00e9veloppement - Cameroun\",\"isPartOf\":{\"@id\":\"https:\/\/www.africa-press.net\/cameroun\/#website\"},\"primaryImageOfPage\":{\"@id\":\"https:\/\/www.africa-press.net\/cameroun\/economie\/cameroun-cooperation-le-cameroun-et-la-france-evaluent-le-contrat-de-desendettement-et-de-developpement#primaryimage\"},\"image\":{\"@id\":\"https:\/\/www.africa-press.net\/cameroun\/economie\/cameroun-cooperation-le-cameroun-et-la-france-evaluent-le-contrat-de-desendettement-et-de-developpement#primaryimage\"},\"thumbnailUrl\":\"https:\/\/static.africa-press.net\/cameroun\/sites\/57\/2021\/03\/img-6053f9cf63f3c.jpg\",\"datePublished\":\"2021-03-18T23:10:47+00:00\",\"dateModified\":\"2021-03-22T05:17:59+00:00\",\"author\":{\"@id\":\"https:\/\/www.africa-press.net\/cameroun\/#\/schema\/person\/2b1cf3cd81a31e3cd26889ca66d677f1\"},\"description\":\"La 14eme session du Comit\u00e9 d\u2019orientation et de suivi (COS) du Contrat de d\u00e9sendettement et de d\u00e9veloppement (C2D) s\u2019est ...\",\"breadcrumb\":{\"@id\":\"https:\/\/www.africa-press.net\/cameroun\/economie\/cameroun-cooperation-le-cameroun-et-la-france-evaluent-le-contrat-de-desendettement-et-de-developpement#breadcrumb\"},\"inLanguage\":\"fr-FR\",\"potentialAction\":[{\"@type\":\"ReadAction\",\"target\":[\"https:\/\/www.africa-press.net\/cameroun\/economie\/cameroun-cooperation-le-cameroun-et-la-france-evaluent-le-contrat-de-desendettement-et-de-developpement\"]}]},{\"@type\":\"ImageObject\",\"inLanguage\":\"fr-FR\",\"@id\":\"https:\/\/www.africa-press.net\/cameroun\/economie\/cameroun-cooperation-le-cameroun-et-la-france-evaluent-le-contrat-de-desendettement-et-de-developpement#primaryimage\",\"url\":\"https:\/\/static.africa-press.net\/cameroun\/sites\/57\/2021\/03\/img-6053f9cf63f3c.jpg\",\"contentUrl\":\"https:\/\/static.africa-press.net\/cameroun\/sites\/57\/2021\/03\/img-6053f9cf63f3c.jpg\",\"width\":800,\"height\":532,\"caption\":\"Cameroun - Coop\u00e9ration: Le Cameroun et la France \u00e9valuent le Contrat de d\u00e9sendettement et de d\u00e9veloppement\"},{\"@type\":\"BreadcrumbList\",\"@id\":\"https:\/\/www.africa-press.net\/cameroun\/economie\/cameroun-cooperation-le-cameroun-et-la-france-evaluent-le-contrat-de-desendettement-et-de-developpement#breadcrumb\",\"itemListElement\":[{\"@type\":\"ListItem\",\"position\":1,\"name\":\"Accueil\",\"item\":\"https:\/\/www.africa-press.net\/cameroun\/\"},{\"@type\":\"ListItem\",\"position\":2,\"name\":\"Coop\u00e9ration: Le Cameroun et la France \u00e9valuent le Contrat de d\u00e9sendettement et de d\u00e9veloppement\"}]},{\"@type\":\"WebSite\",\"@id\":\"https:\/\/www.africa-press.net\/cameroun\/#website\",\"url\":\"https:\/\/www.africa-press.net\/cameroun\/\",\"name\":\"Cameroun\",\"description\":\"Just another Africa News Agency Sites site\",\"potentialAction\":[{\"@type\":\"SearchAction\",\"target\":{\"@type\":\"EntryPoint\",\"urlTemplate\":\"https:\/\/www.africa-press.net\/cameroun\/?s={search_term_string}\"},\"query-input\":{\"@type\":\"PropertyValueSpecification\",\"valueRequired\":true,\"valueName\":\"search_term_string\"}}],\"inLanguage\":\"fr-FR\"},{\"@type\":\"Person\",\"@id\":\"https:\/\/www.africa-press.net\/cameroun\/#\/schema\/person\/2b1cf3cd81a31e3cd26889ca66d677f1\",\"name\":\"cfeditorfr\"}]}<\/script>\n<!-- \/ Yoast SEO Premium plugin. -->","yoast_head_json":{"title":"Coop\u00e9ration: Le Cameroun et la France \u00e9valuent le Contrat de d\u00e9sendettement et de d\u00e9veloppement - Cameroun","description":"La 14eme session du Comit\u00e9 d\u2019orientation et de suivi (COS) du Contrat de d\u00e9sendettement et de d\u00e9veloppement (C2D) s\u2019est ...","robots":{"index":"index","follow":"follow","max-snippet":"max-snippet:-1","max-image-preview":"max-image-preview:large","max-video-preview":"max-video-preview:-1"},"canonical":"https:\/\/www.africa-press.net\/cameroun\/economie\/cameroun-cooperation-le-cameroun-et-la-france-evaluent-le-contrat-de-desendettement-et-de-developpement","og_locale":"fr_FR","og_type":"article","og_title":"Coop\u00e9ration: Le Cameroun et la France \u00e9valuent le Contrat de d\u00e9sendettement et de d\u00e9veloppement","og_description":"La 14eme session du Comit\u00e9 d\u2019orientation et de suivi (COS) du Contrat de d\u00e9sendettement et de d\u00e9veloppement (C2D) s\u2019est ...","og_url":"https:\/\/www.africa-press.net\/cameroun\/economie\/cameroun-cooperation-le-cameroun-et-la-france-evaluent-le-contrat-de-desendettement-et-de-developpement","og_site_name":"Cameroun","article_published_time":"2021-03-18T23:10:47+00:00","article_modified_time":"2021-03-22T05:17:59+00:00","og_image":[{"width":800,"height":532,"url":"https:\/\/static.africa-press.net\/cameroun\/sites\/57\/2021\/03\/img-6053f9cf63f3c.jpg","type":"image\/jpeg"}],"author":"cfeditorfr","twitter_card":"summary_large_image","twitter_misc":{"\u00c9crit par":"cfeditorfr","Dur\u00e9e de lecture estim\u00e9e":"2 minutes"},"schema":{"@context":"https:\/\/schema.org","@graph":[{"@type":"Article","@id":"https:\/\/www.africa-press.net\/cameroun\/economie\/cameroun-cooperation-le-cameroun-et-la-france-evaluent-le-contrat-de-desendettement-et-de-developpement#article","isPartOf":{"@id":"https:\/\/www.africa-press.net\/cameroun\/economie\/cameroun-cooperation-le-cameroun-et-la-france-evaluent-le-contrat-de-desendettement-et-de-developpement"},"author":{"name":"cfeditorfr","@id":"https:\/\/www.africa-press.net\/cameroun\/#\/schema\/person\/2b1cf3cd81a31e3cd26889ca66d677f1"},"headline":"Coop\u00e9ration: Le Cameroun et la France \u00e9valuent le Contrat de d\u00e9sendettement et de d\u00e9veloppement","datePublished":"2021-03-18T23:10:47+00:00","dateModified":"2021-03-22T05:17:59+00:00","mainEntityOfPage":{"@id":"https:\/\/www.africa-press.net\/cameroun\/economie\/cameroun-cooperation-le-cameroun-et-la-france-evaluent-le-contrat-de-desendettement-et-de-developpement"},"wordCount":482,"commentCount":0,"image":{"@id":"https:\/\/www.africa-press.net\/cameroun\/economie\/cameroun-cooperation-le-cameroun-et-la-france-evaluent-le-contrat-de-desendettement-et-de-developpement#primaryimage"},"thumbnailUrl":"https:\/\/static.africa-press.net\/cameroun\/sites\/57\/2021\/03\/img-6053f9cf63f3c.jpg","keywords":["Africa Press","Africa Press-Cameroun","Cameroun"],"articleSection":["\u00c9conomie","homepage-french","Toutes les actualit\u00e9s"],"inLanguage":"fr-FR","potentialAction":[{"@type":"CommentAction","name":"Comment","target":["https:\/\/www.africa-press.net\/cameroun\/economie\/cameroun-cooperation-le-cameroun-et-la-france-evaluent-le-contrat-de-desendettement-et-de-developpement#respond"]}]},{"@type":"WebPage","@id":"https:\/\/www.africa-press.net\/cameroun\/economie\/cameroun-cooperation-le-cameroun-et-la-france-evaluent-le-contrat-de-desendettement-et-de-developpement","url":"https:\/\/www.africa-press.net\/cameroun\/economie\/cameroun-cooperation-le-cameroun-et-la-france-evaluent-le-contrat-de-desendettement-et-de-developpement","name":"Coop\u00e9ration: Le Cameroun et la France \u00e9valuent le Contrat de d\u00e9sendettement et de d\u00e9veloppement - Cameroun","isPartOf":{"@id":"https:\/\/www.africa-press.net\/cameroun\/#website"},"primaryImageOfPage":{"@id":"https:\/\/www.africa-press.net\/cameroun\/economie\/cameroun-cooperation-le-cameroun-et-la-france-evaluent-le-contrat-de-desendettement-et-de-developpement#primaryimage"},"image":{"@id":"https:\/\/www.africa-press.net\/cameroun\/economie\/cameroun-cooperation-le-cameroun-et-la-france-evaluent-le-contrat-de-desendettement-et-de-developpement#primaryimage"},"thumbnailUrl":"https:\/\/static.africa-press.net\/cameroun\/sites\/57\/2021\/03\/img-6053f9cf63f3c.jpg","datePublished":"2021-03-18T23:10:47+00:00","dateModified":"2021-03-22T05:17:59+00:00","author":{"@id":"https:\/\/www.africa-press.net\/cameroun\/#\/schema\/person\/2b1cf3cd81a31e3cd26889ca66d677f1"},"description":"La 14eme session du Comit\u00e9 d\u2019orientation et de suivi (COS) du Contrat de d\u00e9sendettement et de d\u00e9veloppement (C2D) s\u2019est ...","breadcrumb":{"@id":"https:\/\/www.africa-press.net\/cameroun\/economie\/cameroun-cooperation-le-cameroun-et-la-france-evaluent-le-contrat-de-desendettement-et-de-developpement#breadcrumb"},"inLanguage":"fr-FR","potentialAction":[{"@type":"ReadAction","target":["https:\/\/www.africa-press.net\/cameroun\/economie\/cameroun-cooperation-le-cameroun-et-la-france-evaluent-le-contrat-de-desendettement-et-de-developpement"]}]},{"@type":"ImageObject","inLanguage":"fr-FR","@id":"https:\/\/www.africa-press.net\/cameroun\/economie\/cameroun-cooperation-le-cameroun-et-la-france-evaluent-le-contrat-de-desendettement-et-de-developpement#primaryimage","url":"https:\/\/static.africa-press.net\/cameroun\/sites\/57\/2021\/03\/img-6053f9cf63f3c.jpg","contentUrl":"https:\/\/static.africa-press.net\/cameroun\/sites\/57\/2021\/03\/img-6053f9cf63f3c.jpg","width":800,"height":532,"caption":"Cameroun - Coop\u00e9ration: Le Cameroun et la France \u00e9valuent le Contrat de d\u00e9sendettement et de d\u00e9veloppement"},{"@type":"BreadcrumbList","@id":"https:\/\/www.africa-press.net\/cameroun\/economie\/cameroun-cooperation-le-cameroun-et-la-france-evaluent-le-contrat-de-desendettement-et-de-developpement#breadcrumb","itemListElement":[{"@type":"ListItem","position":1,"name":"Accueil","item":"https:\/\/www.africa-press.net\/cameroun\/"},{"@type":"ListItem","position":2,"name":"Coop\u00e9ration: Le Cameroun et la France \u00e9valuent le Contrat de d\u00e9sendettement et de d\u00e9veloppement"}]},{"@type":"WebSite","@id":"https:\/\/www.africa-press.net\/cameroun\/#website","url":"https:\/\/www.africa-press.net\/cameroun\/","name":"Cameroun","description":"Just another Africa News Agency Sites site","potentialAction":[{"@type":"SearchAction","target":{"@type":"EntryPoint","urlTemplate":"https:\/\/www.africa-press.net\/cameroun\/?s={search_term_string}"},"query-input":{"@type":"PropertyValueSpecification","valueRequired":true,"valueName":"search_term_string"}}],"inLanguage":"fr-FR"},{"@type":"Person","@id":"https:\/\/www.africa-press.net\/cameroun\/#\/schema\/person\/2b1cf3cd81a31e3cd26889ca66d677f1","name":"cfeditorfr"}]}},"_links":{"self":[{"href":"https:\/\/www.africa-press.net\/cameroun\/wp-json\/wp\/v2\/posts\/1321","targetHints":{"allow":["GET"]}}],"collection":[{"href":"https:\/\/www.africa-press.net\/cameroun\/wp-json\/wp\/v2\/posts"}],"about":[{"href":"https:\/\/www.africa-press.net\/cameroun\/wp-json\/wp\/v2\/types\/post"}],"author":[{"embeddable":true,"href":"https:\/\/www.africa-press.net\/cameroun\/wp-json\/wp\/v2\/users\/82"}],"replies":[{"embeddable":true,"href":"https:\/\/www.africa-press.net\/cameroun\/wp-json\/wp\/v2\/comments?post=1321"}],"version-history":[{"count":0,"href":"https:\/\/www.africa-press.net\/cameroun\/wp-json\/wp\/v2\/posts\/1321\/revisions"}],"wp:featuredmedia":[{"embeddable":true,"href":"https:\/\/www.africa-press.net\/cameroun\/wp-json\/wp\/v2\/media\/1320"}],"wp:attachment":[{"href":"https:\/\/www.africa-press.net\/cameroun\/wp-json\/wp\/v2\/media?parent=1321"}],"wp:term":[{"taxonomy":"category","embeddable":true,"href":"https:\/\/www.africa-press.net\/cameroun\/wp-json\/wp\/v2\/categories?post=1321"},{"taxonomy":"post_tag","embeddable":true,"href":"https:\/\/www.africa-press.net\/cameroun\/wp-json\/wp\/v2\/tags?post=1321"}],"curies":[{"name":"wp","href":"https:\/\/api.w.org\/{rel}","templated":true}]}}