{"id":1324,"date":"2021-03-18T23:19:27","date_gmt":"2021-03-18T23:19:27","guid":{"rendered":"https:\/\/www.africa-press.net\/cameroun\/politique\/cameroun-urgent-cavaye-yeguie-djibril-est-reelu-a-la-presidence-de-lassemblee-nationale"},"modified":"2021-03-22T05:17:53","modified_gmt":"2021-03-22T05:17:53","slug":"cameroun-urgent-cavaye-yeguie-djibril-est-reelu-a-la-presidence-de-lassemblee-nationale","status":"publish","type":"post","link":"https:\/\/www.africa-press.net\/cameroun\/politique\/cameroun-urgent-cavaye-yeguie-djibril-est-reelu-a-la-presidence-de-lassemblee-nationale","title":{"rendered":"Urgent: Cavaye Yeguie Djibril est r\u00e9\u00e9lu \u00e0 la pr\u00e9sidence de l\u2019Assembl\u00e9e nationale"},"content":{"rendered":"<p><span style=\"color: #ff6600\"><strong><a href=\"https:\/\/www.africa-press.net\/\">Africa-Press<\/a> &#8211; <a href=\"https:\/\/www.africa-press.net\/cameroun\">Cameroun<\/a>. <\/strong><\/span>Son \u00e9tat de sant\u00e9 chancelant n\u2019a pas jou\u00e9 contre lui. Cavaye Yeguie Djibril va demeurer au perchoir de l\u2019Assembl\u00e9e nationale. D\u00e9sign\u00e9 ce jeudi matin par le Comit\u00e9 central du Rassemblement d\u00e9mocratique du peuple camerounais (RDPC) comme candidat de ce parti au pouvoir \u00e0 l\u2019\u00e9lection du pr\u00e9sident de l\u2019Assembl\u00e9e nationale. Un choix pass\u00e9 comme lettre \u00e0 la poste pendant le scrutin, son parti politique \u00e9tant majoritaire.<\/p>\n<p>Cavaye Yeguie Djribril qui a donc \u00e9t\u00e9 r\u00e9\u00e9lu pour pr\u00e9sider aux destin\u00e9es de la chambre basse, \u00e9tait seul candidat \u00e0 sa propre succession.<\/p>\n<p>Au terme d\u2019un scrutin coordonn\u00e9 par la doyenne d\u2019\u00e2ge Laurentine Koa Mfegue \u00e9pse Mbede, le pr\u00e9sident sortant a \u00e9t\u00e9 pl\u00e9biscit\u00e9 avec 147 voix pour et 15 bulletins nuls sur 162 votants.<\/p>\n<p>Comme \u00e0 son habitude, Cavaye Yeguie Djibril, \u00e2g\u00e9 de 81 ans, pr\u00e9sident de l\u2019Assembl\u00e9e nationale depuis bient\u00f4t trois d\u00e9cennies, a exprim\u00e9 de vive voix sa gratitude au Chef de l\u2019Etat, Paul Biya, pr\u00e9sident national du RDPC.<\/p>\n<p>Les d\u00e9put\u00e9s r\u00e9unis en session pl\u00e9ni\u00e8re ce jeudi au palais des Congr\u00e8s de Yaound\u00e9, continuent le scrutin pour l\u2019\u00e9lection des autres membres du nouveau bureau pour l\u2019ann\u00e9e l\u00e9gislative 2021.<\/p>\n","protected":false},"excerpt":{"rendered":"<p>Africa-Press &#8211; Cameroun. Son \u00e9tat de sant\u00e9 chancelant n\u2019a pas jou\u00e9 contre lui. Cavaye Yeguie Djibril va demeurer au perchoir de l\u2019Assembl\u00e9e nationale. D\u00e9sign\u00e9 ce jeudi matin par le Comit\u00e9 central du Rassemblement d\u00e9mocratique du peuple camerounais (RDPC) comme candidat de ce parti au pouvoir \u00e0 l\u2019\u00e9lection du pr\u00e9sident de l\u2019Assembl\u00e9e nationale. Un choix pass\u00e9 [&hellip;]<\/p>\n","protected":false},"author":82,"featured_media":1323,"comment_status":"open","ping_status":"closed","sticky":false,"template":"","format":"standard","meta":{"footnotes":""},"categories":[11,2,20,10],"tags":[36,50,49],"class_list":["post-1324","post","type-post","status-publish","format-standard","has-post-thumbnail","hentry","category-homepage-french","category-politique","category-top-nouvelles","category-toutes-les-actualites","tag-africa-press","tag-africa-press-cameroun","tag-cameroun"],"yoast_head":"<!-- This site is optimized with the Yoast SEO Premium plugin v26.1 (Yoast SEO v27.0) - https:\/\/yoast.com\/product\/yoast-seo-premium-wordpress\/ -->\n<title>Urgent: Cavaye Yeguie Djibril est r\u00e9\u00e9lu \u00e0 la pr\u00e9sidence de l\u2019Assembl\u00e9e nationale - Cameroun<\/title>\n<meta name=\"description\" content=\"Son \u00e9tat de sant\u00e9 chancelant n\u2019a pas jou\u00e9 contre lui. Cavaye Yeguie Djibril va demeurer au perchoir de l\u2019Assembl\u00e9e natio ...\" \/>\n<meta name=\"robots\" content=\"index, follow, max-snippet:-1, max-image-preview:large, max-video-preview:-1\" \/>\n<link rel=\"canonical\" href=\"https:\/\/www.africa-press.net\/cameroun\/politique\/cameroun-urgent-cavaye-yeguie-djibril-est-reelu-a-la-presidence-de-lassemblee-nationale\" \/>\n<meta property=\"og:locale\" content=\"fr_FR\" \/>\n<meta property=\"og:type\" content=\"article\" \/>\n<meta property=\"og:title\" content=\"Urgent: Cavaye Yeguie Djibril est r\u00e9\u00e9lu \u00e0 la pr\u00e9sidence de l\u2019Assembl\u00e9e nationale\" \/>\n<meta property=\"og:description\" content=\"Son \u00e9tat de sant\u00e9 chancelant n\u2019a pas jou\u00e9 contre lui. Cavaye Yeguie Djibril va demeurer au perchoir de l\u2019Assembl\u00e9e natio ...\" \/>\n<meta property=\"og:url\" content=\"https:\/\/www.africa-press.net\/cameroun\/politique\/cameroun-urgent-cavaye-yeguie-djibril-est-reelu-a-la-presidence-de-lassemblee-nationale\" \/>\n<meta property=\"og:site_name\" content=\"Cameroun\" \/>\n<meta property=\"article:published_time\" content=\"2021-03-18T23:19:27+00:00\" \/>\n<meta property=\"article:modified_time\" content=\"2021-03-22T05:17:53+00:00\" \/>\n<meta property=\"og:image\" content=\"https:\/\/static.africa-press.net\/cameroun\/sites\/57\/2021\/03\/img-6053f9f77bd40.jpg\" \/>\n\t<meta property=\"og:image:width\" content=\"800\" \/>\n\t<meta property=\"og:image:height\" content=\"529\" \/>\n\t<meta property=\"og:image:type\" content=\"image\/jpeg\" \/>\n<meta name=\"author\" content=\"cfeditorfr\" \/>\n<meta name=\"twitter:card\" content=\"summary_large_image\" \/>\n<meta name=\"twitter:label1\" content=\"\u00c9crit par\" \/>\n\t<meta name=\"twitter:data1\" content=\"cfeditorfr\" \/>\n\t<meta name=\"twitter:label2\" content=\"Dur\u00e9e de lecture estim\u00e9e\" \/>\n\t<meta name=\"twitter:data2\" content=\"1 minute\" \/>\n<script type=\"application\/ld+json\" class=\"yoast-schema-graph\">{\"@context\":\"https:\/\/schema.org\",\"@graph\":[{\"@type\":\"Article\",\"@id\":\"https:\/\/www.africa-press.net\/cameroun\/politique\/cameroun-urgent-cavaye-yeguie-djibril-est-reelu-a-la-presidence-de-lassemblee-nationale#article\",\"isPartOf\":{\"@id\":\"https:\/\/www.africa-press.net\/cameroun\/politique\/cameroun-urgent-cavaye-yeguie-djibril-est-reelu-a-la-presidence-de-lassemblee-nationale\"},\"author\":{\"name\":\"cfeditorfr\",\"@id\":\"https:\/\/www.africa-press.net\/cameroun\/#\/schema\/person\/2b1cf3cd81a31e3cd26889ca66d677f1\"},\"headline\":\"Urgent: Cavaye Yeguie Djibril est r\u00e9\u00e9lu \u00e0 la pr\u00e9sidence de l\u2019Assembl\u00e9e nationale\",\"datePublished\":\"2021-03-18T23:19:27+00:00\",\"dateModified\":\"2021-03-22T05:17:53+00:00\",\"mainEntityOfPage\":{\"@id\":\"https:\/\/www.africa-press.net\/cameroun\/politique\/cameroun-urgent-cavaye-yeguie-djibril-est-reelu-a-la-presidence-de-lassemblee-nationale\"},\"wordCount\":226,\"commentCount\":0,\"image\":{\"@id\":\"https:\/\/www.africa-press.net\/cameroun\/politique\/cameroun-urgent-cavaye-yeguie-djibril-est-reelu-a-la-presidence-de-lassemblee-nationale#primaryimage\"},\"thumbnailUrl\":\"https:\/\/static.africa-press.net\/cameroun\/sites\/57\/2021\/03\/img-6053f9f77bd40.jpg\",\"keywords\":[\"Africa Press\",\"Africa Press-Cameroun\",\"Cameroun\"],\"articleSection\":[\"homepage-french\",\"Politique\",\"Top Nouvelles\",\"Toutes les actualit\u00e9s\"],\"inLanguage\":\"fr-FR\",\"potentialAction\":[{\"@type\":\"CommentAction\",\"name\":\"Comment\",\"target\":[\"https:\/\/www.africa-press.net\/cameroun\/politique\/cameroun-urgent-cavaye-yeguie-djibril-est-reelu-a-la-presidence-de-lassemblee-nationale#respond\"]}]},{\"@type\":\"WebPage\",\"@id\":\"https:\/\/www.africa-press.net\/cameroun\/politique\/cameroun-urgent-cavaye-yeguie-djibril-est-reelu-a-la-presidence-de-lassemblee-nationale\",\"url\":\"https:\/\/www.africa-press.net\/cameroun\/politique\/cameroun-urgent-cavaye-yeguie-djibril-est-reelu-a-la-presidence-de-lassemblee-nationale\",\"name\":\"Urgent: Cavaye Yeguie Djibril est r\u00e9\u00e9lu \u00e0 la pr\u00e9sidence de l\u2019Assembl\u00e9e nationale - Cameroun\",\"isPartOf\":{\"@id\":\"https:\/\/www.africa-press.net\/cameroun\/#website\"},\"primaryImageOfPage\":{\"@id\":\"https:\/\/www.africa-press.net\/cameroun\/politique\/cameroun-urgent-cavaye-yeguie-djibril-est-reelu-a-la-presidence-de-lassemblee-nationale#primaryimage\"},\"image\":{\"@id\":\"https:\/\/www.africa-press.net\/cameroun\/politique\/cameroun-urgent-cavaye-yeguie-djibril-est-reelu-a-la-presidence-de-lassemblee-nationale#primaryimage\"},\"thumbnailUrl\":\"https:\/\/static.africa-press.net\/cameroun\/sites\/57\/2021\/03\/img-6053f9f77bd40.jpg\",\"datePublished\":\"2021-03-18T23:19:27+00:00\",\"dateModified\":\"2021-03-22T05:17:53+00:00\",\"author\":{\"@id\":\"https:\/\/www.africa-press.net\/cameroun\/#\/schema\/person\/2b1cf3cd81a31e3cd26889ca66d677f1\"},\"description\":\"Son \u00e9tat de sant\u00e9 chancelant n\u2019a pas jou\u00e9 contre lui. Cavaye Yeguie Djibril va demeurer au perchoir de l\u2019Assembl\u00e9e natio ...\",\"breadcrumb\":{\"@id\":\"https:\/\/www.africa-press.net\/cameroun\/politique\/cameroun-urgent-cavaye-yeguie-djibril-est-reelu-a-la-presidence-de-lassemblee-nationale#breadcrumb\"},\"inLanguage\":\"fr-FR\",\"potentialAction\":[{\"@type\":\"ReadAction\",\"target\":[\"https:\/\/www.africa-press.net\/cameroun\/politique\/cameroun-urgent-cavaye-yeguie-djibril-est-reelu-a-la-presidence-de-lassemblee-nationale\"]}]},{\"@type\":\"ImageObject\",\"inLanguage\":\"fr-FR\",\"@id\":\"https:\/\/www.africa-press.net\/cameroun\/politique\/cameroun-urgent-cavaye-yeguie-djibril-est-reelu-a-la-presidence-de-lassemblee-nationale#primaryimage\",\"url\":\"https:\/\/static.africa-press.net\/cameroun\/sites\/57\/2021\/03\/img-6053f9f77bd40.jpg\",\"contentUrl\":\"https:\/\/static.africa-press.net\/cameroun\/sites\/57\/2021\/03\/img-6053f9f77bd40.jpg\",\"width\":800,\"height\":529,\"caption\":\"Cameroun - Urgent: Cavaye Yeguie Djibril est r\u00e9\u00e9lu \u00e0 la pr\u00e9sidence de l\u2019Assembl\u00e9e nationale\"},{\"@type\":\"BreadcrumbList\",\"@id\":\"https:\/\/www.africa-press.net\/cameroun\/politique\/cameroun-urgent-cavaye-yeguie-djibril-est-reelu-a-la-presidence-de-lassemblee-nationale#breadcrumb\",\"itemListElement\":[{\"@type\":\"ListItem\",\"position\":1,\"name\":\"Accueil\",\"item\":\"https:\/\/www.africa-press.net\/cameroun\/\"},{\"@type\":\"ListItem\",\"position\":2,\"name\":\"Urgent: Cavaye Yeguie Djibril est r\u00e9\u00e9lu \u00e0 la pr\u00e9sidence de l\u2019Assembl\u00e9e nationale\"}]},{\"@type\":\"WebSite\",\"@id\":\"https:\/\/www.africa-press.net\/cameroun\/#website\",\"url\":\"https:\/\/www.africa-press.net\/cameroun\/\",\"name\":\"Cameroun\",\"description\":\"Just another Africa News Agency Sites site\",\"potentialAction\":[{\"@type\":\"SearchAction\",\"target\":{\"@type\":\"EntryPoint\",\"urlTemplate\":\"https:\/\/www.africa-press.net\/cameroun\/?s={search_term_string}\"},\"query-input\":{\"@type\":\"PropertyValueSpecification\",\"valueRequired\":true,\"valueName\":\"search_term_string\"}}],\"inLanguage\":\"fr-FR\"},{\"@type\":\"Person\",\"@id\":\"https:\/\/www.africa-press.net\/cameroun\/#\/schema\/person\/2b1cf3cd81a31e3cd26889ca66d677f1\",\"name\":\"cfeditorfr\"}]}<\/script>\n<!-- \/ Yoast SEO Premium plugin. -->","yoast_head_json":{"title":"Urgent: Cavaye Yeguie Djibril est r\u00e9\u00e9lu \u00e0 la pr\u00e9sidence de l\u2019Assembl\u00e9e nationale - Cameroun","description":"Son \u00e9tat de sant\u00e9 chancelant n\u2019a pas jou\u00e9 contre lui. Cavaye Yeguie Djibril va demeurer au perchoir de l\u2019Assembl\u00e9e natio ...","robots":{"index":"index","follow":"follow","max-snippet":"max-snippet:-1","max-image-preview":"max-image-preview:large","max-video-preview":"max-video-preview:-1"},"canonical":"https:\/\/www.africa-press.net\/cameroun\/politique\/cameroun-urgent-cavaye-yeguie-djibril-est-reelu-a-la-presidence-de-lassemblee-nationale","og_locale":"fr_FR","og_type":"article","og_title":"Urgent: Cavaye Yeguie Djibril est r\u00e9\u00e9lu \u00e0 la pr\u00e9sidence de l\u2019Assembl\u00e9e nationale","og_description":"Son \u00e9tat de sant\u00e9 chancelant n\u2019a pas jou\u00e9 contre lui. Cavaye Yeguie Djibril va demeurer au perchoir de l\u2019Assembl\u00e9e natio ...","og_url":"https:\/\/www.africa-press.net\/cameroun\/politique\/cameroun-urgent-cavaye-yeguie-djibril-est-reelu-a-la-presidence-de-lassemblee-nationale","og_site_name":"Cameroun","article_published_time":"2021-03-18T23:19:27+00:00","article_modified_time":"2021-03-22T05:17:53+00:00","og_image":[{"width":800,"height":529,"url":"https:\/\/static.africa-press.net\/cameroun\/sites\/57\/2021\/03\/img-6053f9f77bd40.jpg","type":"image\/jpeg"}],"author":"cfeditorfr","twitter_card":"summary_large_image","twitter_misc":{"\u00c9crit par":"cfeditorfr","Dur\u00e9e de lecture estim\u00e9e":"1 minute"},"schema":{"@context":"https:\/\/schema.org","@graph":[{"@type":"Article","@id":"https:\/\/www.africa-press.net\/cameroun\/politique\/cameroun-urgent-cavaye-yeguie-djibril-est-reelu-a-la-presidence-de-lassemblee-nationale#article","isPartOf":{"@id":"https:\/\/www.africa-press.net\/cameroun\/politique\/cameroun-urgent-cavaye-yeguie-djibril-est-reelu-a-la-presidence-de-lassemblee-nationale"},"author":{"name":"cfeditorfr","@id":"https:\/\/www.africa-press.net\/cameroun\/#\/schema\/person\/2b1cf3cd81a31e3cd26889ca66d677f1"},"headline":"Urgent: Cavaye Yeguie Djibril est r\u00e9\u00e9lu \u00e0 la pr\u00e9sidence de l\u2019Assembl\u00e9e nationale","datePublished":"2021-03-18T23:19:27+00:00","dateModified":"2021-03-22T05:17:53+00:00","mainEntityOfPage":{"@id":"https:\/\/www.africa-press.net\/cameroun\/politique\/cameroun-urgent-cavaye-yeguie-djibril-est-reelu-a-la-presidence-de-lassemblee-nationale"},"wordCount":226,"commentCount":0,"image":{"@id":"https:\/\/www.africa-press.net\/cameroun\/politique\/cameroun-urgent-cavaye-yeguie-djibril-est-reelu-a-la-presidence-de-lassemblee-nationale#primaryimage"},"thumbnailUrl":"https:\/\/static.africa-press.net\/cameroun\/sites\/57\/2021\/03\/img-6053f9f77bd40.jpg","keywords":["Africa Press","Africa Press-Cameroun","Cameroun"],"articleSection":["homepage-french","Politique","Top Nouvelles","Toutes les actualit\u00e9s"],"inLanguage":"fr-FR","potentialAction":[{"@type":"CommentAction","name":"Comment","target":["https:\/\/www.africa-press.net\/cameroun\/politique\/cameroun-urgent-cavaye-yeguie-djibril-est-reelu-a-la-presidence-de-lassemblee-nationale#respond"]}]},{"@type":"WebPage","@id":"https:\/\/www.africa-press.net\/cameroun\/politique\/cameroun-urgent-cavaye-yeguie-djibril-est-reelu-a-la-presidence-de-lassemblee-nationale","url":"https:\/\/www.africa-press.net\/cameroun\/politique\/cameroun-urgent-cavaye-yeguie-djibril-est-reelu-a-la-presidence-de-lassemblee-nationale","name":"Urgent: Cavaye Yeguie Djibril est r\u00e9\u00e9lu \u00e0 la pr\u00e9sidence de l\u2019Assembl\u00e9e nationale - Cameroun","isPartOf":{"@id":"https:\/\/www.africa-press.net\/cameroun\/#website"},"primaryImageOfPage":{"@id":"https:\/\/www.africa-press.net\/cameroun\/politique\/cameroun-urgent-cavaye-yeguie-djibril-est-reelu-a-la-presidence-de-lassemblee-nationale#primaryimage"},"image":{"@id":"https:\/\/www.africa-press.net\/cameroun\/politique\/cameroun-urgent-cavaye-yeguie-djibril-est-reelu-a-la-presidence-de-lassemblee-nationale#primaryimage"},"thumbnailUrl":"https:\/\/static.africa-press.net\/cameroun\/sites\/57\/2021\/03\/img-6053f9f77bd40.jpg","datePublished":"2021-03-18T23:19:27+00:00","dateModified":"2021-03-22T05:17:53+00:00","author":{"@id":"https:\/\/www.africa-press.net\/cameroun\/#\/schema\/person\/2b1cf3cd81a31e3cd26889ca66d677f1"},"description":"Son \u00e9tat de sant\u00e9 chancelant n\u2019a pas jou\u00e9 contre lui. Cavaye Yeguie Djibril va demeurer au perchoir de l\u2019Assembl\u00e9e natio ...","breadcrumb":{"@id":"https:\/\/www.africa-press.net\/cameroun\/politique\/cameroun-urgent-cavaye-yeguie-djibril-est-reelu-a-la-presidence-de-lassemblee-nationale#breadcrumb"},"inLanguage":"fr-FR","potentialAction":[{"@type":"ReadAction","target":["https:\/\/www.africa-press.net\/cameroun\/politique\/cameroun-urgent-cavaye-yeguie-djibril-est-reelu-a-la-presidence-de-lassemblee-nationale"]}]},{"@type":"ImageObject","inLanguage":"fr-FR","@id":"https:\/\/www.africa-press.net\/cameroun\/politique\/cameroun-urgent-cavaye-yeguie-djibril-est-reelu-a-la-presidence-de-lassemblee-nationale#primaryimage","url":"https:\/\/static.africa-press.net\/cameroun\/sites\/57\/2021\/03\/img-6053f9f77bd40.jpg","contentUrl":"https:\/\/static.africa-press.net\/cameroun\/sites\/57\/2021\/03\/img-6053f9f77bd40.jpg","width":800,"height":529,"caption":"Cameroun - Urgent: Cavaye Yeguie Djibril est r\u00e9\u00e9lu \u00e0 la pr\u00e9sidence de l\u2019Assembl\u00e9e nationale"},{"@type":"BreadcrumbList","@id":"https:\/\/www.africa-press.net\/cameroun\/politique\/cameroun-urgent-cavaye-yeguie-djibril-est-reelu-a-la-presidence-de-lassemblee-nationale#breadcrumb","itemListElement":[{"@type":"ListItem","position":1,"name":"Accueil","item":"https:\/\/www.africa-press.net\/cameroun\/"},{"@type":"ListItem","position":2,"name":"Urgent: Cavaye Yeguie Djibril est r\u00e9\u00e9lu \u00e0 la pr\u00e9sidence de l\u2019Assembl\u00e9e nationale"}]},{"@type":"WebSite","@id":"https:\/\/www.africa-press.net\/cameroun\/#website","url":"https:\/\/www.africa-press.net\/cameroun\/","name":"Cameroun","description":"Just another Africa News Agency Sites site","potentialAction":[{"@type":"SearchAction","target":{"@type":"EntryPoint","urlTemplate":"https:\/\/www.africa-press.net\/cameroun\/?s={search_term_string}"},"query-input":{"@type":"PropertyValueSpecification","valueRequired":true,"valueName":"search_term_string"}}],"inLanguage":"fr-FR"},{"@type":"Person","@id":"https:\/\/www.africa-press.net\/cameroun\/#\/schema\/person\/2b1cf3cd81a31e3cd26889ca66d677f1","name":"cfeditorfr"}]}},"_links":{"self":[{"href":"https:\/\/www.africa-press.net\/cameroun\/wp-json\/wp\/v2\/posts\/1324","targetHints":{"allow":["GET"]}}],"collection":[{"href":"https:\/\/www.africa-press.net\/cameroun\/wp-json\/wp\/v2\/posts"}],"about":[{"href":"https:\/\/www.africa-press.net\/cameroun\/wp-json\/wp\/v2\/types\/post"}],"author":[{"embeddable":true,"href":"https:\/\/www.africa-press.net\/cameroun\/wp-json\/wp\/v2\/users\/82"}],"replies":[{"embeddable":true,"href":"https:\/\/www.africa-press.net\/cameroun\/wp-json\/wp\/v2\/comments?post=1324"}],"version-history":[{"count":0,"href":"https:\/\/www.africa-press.net\/cameroun\/wp-json\/wp\/v2\/posts\/1324\/revisions"}],"wp:featuredmedia":[{"embeddable":true,"href":"https:\/\/www.africa-press.net\/cameroun\/wp-json\/wp\/v2\/media\/1323"}],"wp:attachment":[{"href":"https:\/\/www.africa-press.net\/cameroun\/wp-json\/wp\/v2\/media?parent=1324"}],"wp:term":[{"taxonomy":"category","embeddable":true,"href":"https:\/\/www.africa-press.net\/cameroun\/wp-json\/wp\/v2\/categories?post=1324"},{"taxonomy":"post_tag","embeddable":true,"href":"https:\/\/www.africa-press.net\/cameroun\/wp-json\/wp\/v2\/tags?post=1324"}],"curies":[{"name":"wp","href":"https:\/\/api.w.org\/{rel}","templated":true}]}}