{"id":1330,"date":"2021-03-18T23:25:12","date_gmt":"2021-03-18T23:25:12","guid":{"rendered":"https:\/\/www.africa-press.net\/cameroun\/politique\/cameroun-mairie-deseka-le-prefet-du-nyong-et-kelle-interdit-la-session-extraordinaire-convoquee-par-des-conseillers-municipaux-pour-destituer-le-maire-le-19-mars-2021"},"modified":"2021-03-22T05:17:47","modified_gmt":"2021-03-22T05:17:47","slug":"cameroun-mairie-deseka-le-prefet-du-nyong-et-kelle-interdit-la-session-extraordinaire-convoquee-par-des-conseillers-municipaux-pour-destituer-le-maire-le-19-mars-2021","status":"publish","type":"post","link":"https:\/\/www.africa-press.net\/cameroun\/politique\/cameroun-mairie-deseka-le-prefet-du-nyong-et-kelle-interdit-la-session-extraordinaire-convoquee-par-des-conseillers-municipaux-pour-destituer-le-maire-le-19-mars-2021","title":{"rendered":"Mairie d\u2019Eseka: Le pr\u00e9fet du Nyong-et-Kell\u00e9 interdit la session extraordinaire convoqu\u00e9e par des conseillers municipaux pour destituer le maire le 19 mars 2021"},"content":{"rendered":"<p><span style=\"color: #ff6600\"><strong><a href=\"https:\/\/www.africa-press.net\/\">Africa-Press<\/a> &#8211; <a href=\"https:\/\/www.africa-press.net\/cameroun\">Cameroun<\/a>. <\/strong><\/span><b>Sylvain Tjock <\/b>ne sera pas destitu\u00e9 le 19 mars 2021. Le maire d\u2019Eseka, chef-lieu du d\u00e9partement du Nyong-et-Kell\u00e9, r\u00e9gion du Centre, vient de remporter une victoire dans le bras de fer qui l\u2019oppose \u00e0 13 conseillers frondeurs de sa commune. Dans une r\u00e9ponse adress\u00e9e \u00e0 ces derniers ce 18 mars 2021, le pr\u00e9fet du Nyong-et-Kelle, Peter Tieh Nde, vient de surseoir \u00e0 cette session extraordinaire convoqu\u00e9e par les 13 conseillers municipaux. Ils ont adress\u00e9 le 16 mars dernier une lettre d\u2019invitation au pr\u00e9fet \u00e0 cette session ayant pour objet \u00abretrait de confiance au chef de l\u2019ex\u00e9cutif communal d\u2019Es\u00e9ka\u00bb.<\/p>\n<p><b>\u00abJ\u2019ai l\u2019honneur de vous demander de bien vouloir surseoir \u00e0 cette action somme toute d\u00e9pourvue d\u2019un fondement l\u00e9gal en attendant la tenue d\u2019une r\u00e9union de concertation avec tous les conseillers dans les prochains jours\u00bb,<\/b><\/p>\n<p>\u00e9crit Peter Tieh Nde. La r\u00e9ponse de l\u2019autorit\u00e9 administrative intervient au m\u00eame moment o\u00f9 Cabral Libii, le pr\u00e9sident du Parti Camerounais pour la R\u00e9conciliation Nationale (PCRN), dont est issu le maire d\u2019Eseka et les 25 conseillers de la municipalit\u00e9, a d\u00e9p\u00each\u00e9 une d\u00e9l\u00e9gation de cinq cadres du parti \u00e0 Eseka pour s\u2019enqu\u00e9rir de la situation.<\/p>\n<p>Si les motifs de destitution du maire d\u2019Eseka, qui n\u2019a encore pass\u00e9 qu\u2019une ann\u00e9e sur les cinq de son mandat, ne sont pas invoqu\u00e9s par les 13 conseillers, il est \u00e0 subodorer que la tension qui r\u00e8gne entre ces derniers et le maire n&rsquo;est pas favorable \u00e0 la bonne marche de la commune. Cette situation laisse penser que s&rsquo;il ne s&rsquo;agit pas de probl\u00e8me de gestion du maire, c&rsquo;est tout au moins un conflit de personne ou de positionnement au sein du parti entre ce dernier et ces conseillers contestataires.<\/p>\n","protected":false},"excerpt":{"rendered":"<p>Africa-Press &#8211; Cameroun. Sylvain Tjock ne sera pas destitu\u00e9 le 19 mars 2021. Le maire d\u2019Eseka, chef-lieu du d\u00e9partement du Nyong-et-Kell\u00e9, r\u00e9gion du Centre, vient de remporter une victoire dans le bras de fer qui l\u2019oppose \u00e0 13 conseillers frondeurs de sa commune. Dans une r\u00e9ponse adress\u00e9e \u00e0 ces derniers ce 18 mars 2021, le [&hellip;]<\/p>\n","protected":false},"author":82,"featured_media":1328,"comment_status":"open","ping_status":"closed","sticky":false,"template":"","format":"standard","meta":{"footnotes":""},"categories":[11,2,10],"tags":[36,50,49],"class_list":["post-1330","post","type-post","status-publish","format-standard","has-post-thumbnail","hentry","category-homepage-french","category-politique","category-toutes-les-actualites","tag-africa-press","tag-africa-press-cameroun","tag-cameroun"],"yoast_head":"<!-- This site is optimized with the Yoast SEO Premium plugin v26.1 (Yoast SEO v27.0) - https:\/\/yoast.com\/product\/yoast-seo-premium-wordpress\/ -->\n<title>Mairie d\u2019Eseka: Le pr\u00e9fet du Nyong-et-Kell\u00e9 interdit la session extraordinaire convoqu\u00e9e par des conseillers municipaux pour destituer le maire le 19 mars 2021 - Cameroun<\/title>\n<meta name=\"description\" content=\"Sylvain Tjock ne sera pas destitu\u00e9 le 19 mars 2021. Le maire d\u2019Eseka, chef-lieu du d\u00e9partement du Nyong-et-Kell\u00e9 ...\" \/>\n<meta name=\"robots\" content=\"index, follow, max-snippet:-1, max-image-preview:large, max-video-preview:-1\" \/>\n<link rel=\"canonical\" href=\"https:\/\/www.africa-press.net\/cameroun\/politique\/cameroun-mairie-deseka-le-prefet-du-nyong-et-kelle-interdit-la-session-extraordinaire-convoquee-par-des-conseillers-municipaux-pour-destituer-le-maire-le-19-mars-2021\" \/>\n<meta property=\"og:locale\" content=\"fr_FR\" \/>\n<meta property=\"og:type\" content=\"article\" \/>\n<meta property=\"og:title\" content=\"Mairie d\u2019Eseka: Le pr\u00e9fet du Nyong-et-Kell\u00e9 interdit la session extraordinaire convoqu\u00e9e par des conseillers municipaux pour destituer le maire le 19 mars 2021\" \/>\n<meta property=\"og:description\" content=\"Sylvain Tjock ne sera pas destitu\u00e9 le 19 mars 2021. Le maire d\u2019Eseka, chef-lieu du d\u00e9partement du Nyong-et-Kell\u00e9 ...\" \/>\n<meta property=\"og:url\" content=\"https:\/\/www.africa-press.net\/cameroun\/politique\/cameroun-mairie-deseka-le-prefet-du-nyong-et-kelle-interdit-la-session-extraordinaire-convoquee-par-des-conseillers-municipaux-pour-destituer-le-maire-le-19-mars-2021\" \/>\n<meta property=\"og:site_name\" content=\"Cameroun\" \/>\n<meta property=\"article:published_time\" content=\"2021-03-18T23:25:12+00:00\" \/>\n<meta property=\"article:modified_time\" content=\"2021-03-22T05:17:47+00:00\" \/>\n<meta property=\"og:image\" content=\"https:\/\/static.africa-press.net\/cameroun\/sites\/57\/2021\/03\/img-6053fa23cafec.jpg\" \/>\n\t<meta property=\"og:image:width\" content=\"800\" \/>\n\t<meta property=\"og:image:height\" content=\"803\" \/>\n\t<meta property=\"og:image:type\" content=\"image\/jpeg\" \/>\n<meta name=\"author\" content=\"cfeditorfr\" \/>\n<meta name=\"twitter:card\" content=\"summary_large_image\" \/>\n<meta name=\"twitter:label1\" content=\"\u00c9crit par\" \/>\n\t<meta name=\"twitter:data1\" content=\"cfeditorfr\" \/>\n\t<meta name=\"twitter:label2\" content=\"Dur\u00e9e de lecture estim\u00e9e\" \/>\n\t<meta name=\"twitter:data2\" content=\"2 minutes\" \/>\n<script type=\"application\/ld+json\" class=\"yoast-schema-graph\">{\"@context\":\"https:\/\/schema.org\",\"@graph\":[{\"@type\":\"Article\",\"@id\":\"https:\/\/www.africa-press.net\/cameroun\/politique\/cameroun-mairie-deseka-le-prefet-du-nyong-et-kelle-interdit-la-session-extraordinaire-convoquee-par-des-conseillers-municipaux-pour-destituer-le-maire-le-19-mars-2021#article\",\"isPartOf\":{\"@id\":\"https:\/\/www.africa-press.net\/cameroun\/politique\/cameroun-mairie-deseka-le-prefet-du-nyong-et-kelle-interdit-la-session-extraordinaire-convoquee-par-des-conseillers-municipaux-pour-destituer-le-maire-le-19-mars-2021\"},\"author\":{\"name\":\"cfeditorfr\",\"@id\":\"https:\/\/www.africa-press.net\/cameroun\/#\/schema\/person\/2b1cf3cd81a31e3cd26889ca66d677f1\"},\"headline\":\"Mairie d\u2019Eseka: Le pr\u00e9fet du Nyong-et-Kell\u00e9 interdit la session extraordinaire convoqu\u00e9e par des conseillers municipaux pour destituer le maire le 19 mars 2021\",\"datePublished\":\"2021-03-18T23:25:12+00:00\",\"dateModified\":\"2021-03-22T05:17:47+00:00\",\"mainEntityOfPage\":{\"@id\":\"https:\/\/www.africa-press.net\/cameroun\/politique\/cameroun-mairie-deseka-le-prefet-du-nyong-et-kelle-interdit-la-session-extraordinaire-convoquee-par-des-conseillers-municipaux-pour-destituer-le-maire-le-19-mars-2021\"},\"wordCount\":331,\"commentCount\":0,\"image\":{\"@id\":\"https:\/\/www.africa-press.net\/cameroun\/politique\/cameroun-mairie-deseka-le-prefet-du-nyong-et-kelle-interdit-la-session-extraordinaire-convoquee-par-des-conseillers-municipaux-pour-destituer-le-maire-le-19-mars-2021#primaryimage\"},\"thumbnailUrl\":\"https:\/\/static.africa-press.net\/cameroun\/sites\/57\/2021\/03\/img-6053fa23cafec.jpg\",\"keywords\":[\"Africa Press\",\"Africa Press-Cameroun\",\"Cameroun\"],\"articleSection\":[\"homepage-french\",\"Politique\",\"Toutes les actualit\u00e9s\"],\"inLanguage\":\"fr-FR\",\"potentialAction\":[{\"@type\":\"CommentAction\",\"name\":\"Comment\",\"target\":[\"https:\/\/www.africa-press.net\/cameroun\/politique\/cameroun-mairie-deseka-le-prefet-du-nyong-et-kelle-interdit-la-session-extraordinaire-convoquee-par-des-conseillers-municipaux-pour-destituer-le-maire-le-19-mars-2021#respond\"]}]},{\"@type\":\"WebPage\",\"@id\":\"https:\/\/www.africa-press.net\/cameroun\/politique\/cameroun-mairie-deseka-le-prefet-du-nyong-et-kelle-interdit-la-session-extraordinaire-convoquee-par-des-conseillers-municipaux-pour-destituer-le-maire-le-19-mars-2021\",\"url\":\"https:\/\/www.africa-press.net\/cameroun\/politique\/cameroun-mairie-deseka-le-prefet-du-nyong-et-kelle-interdit-la-session-extraordinaire-convoquee-par-des-conseillers-municipaux-pour-destituer-le-maire-le-19-mars-2021\",\"name\":\"Mairie d\u2019Eseka: Le pr\u00e9fet du Nyong-et-Kell\u00e9 interdit la session extraordinaire convoqu\u00e9e par des conseillers municipaux pour destituer le maire le 19 mars 2021 - Cameroun\",\"isPartOf\":{\"@id\":\"https:\/\/www.africa-press.net\/cameroun\/#website\"},\"primaryImageOfPage\":{\"@id\":\"https:\/\/www.africa-press.net\/cameroun\/politique\/cameroun-mairie-deseka-le-prefet-du-nyong-et-kelle-interdit-la-session-extraordinaire-convoquee-par-des-conseillers-municipaux-pour-destituer-le-maire-le-19-mars-2021#primaryimage\"},\"image\":{\"@id\":\"https:\/\/www.africa-press.net\/cameroun\/politique\/cameroun-mairie-deseka-le-prefet-du-nyong-et-kelle-interdit-la-session-extraordinaire-convoquee-par-des-conseillers-municipaux-pour-destituer-le-maire-le-19-mars-2021#primaryimage\"},\"thumbnailUrl\":\"https:\/\/static.africa-press.net\/cameroun\/sites\/57\/2021\/03\/img-6053fa23cafec.jpg\",\"datePublished\":\"2021-03-18T23:25:12+00:00\",\"dateModified\":\"2021-03-22T05:17:47+00:00\",\"author\":{\"@id\":\"https:\/\/www.africa-press.net\/cameroun\/#\/schema\/person\/2b1cf3cd81a31e3cd26889ca66d677f1\"},\"description\":\"Sylvain Tjock ne sera pas destitu\u00e9 le 19 mars 2021. Le maire d\u2019Eseka, chef-lieu du d\u00e9partement du Nyong-et-Kell\u00e9 ...\",\"breadcrumb\":{\"@id\":\"https:\/\/www.africa-press.net\/cameroun\/politique\/cameroun-mairie-deseka-le-prefet-du-nyong-et-kelle-interdit-la-session-extraordinaire-convoquee-par-des-conseillers-municipaux-pour-destituer-le-maire-le-19-mars-2021#breadcrumb\"},\"inLanguage\":\"fr-FR\",\"potentialAction\":[{\"@type\":\"ReadAction\",\"target\":[\"https:\/\/www.africa-press.net\/cameroun\/politique\/cameroun-mairie-deseka-le-prefet-du-nyong-et-kelle-interdit-la-session-extraordinaire-convoquee-par-des-conseillers-municipaux-pour-destituer-le-maire-le-19-mars-2021\"]}]},{\"@type\":\"ImageObject\",\"inLanguage\":\"fr-FR\",\"@id\":\"https:\/\/www.africa-press.net\/cameroun\/politique\/cameroun-mairie-deseka-le-prefet-du-nyong-et-kelle-interdit-la-session-extraordinaire-convoquee-par-des-conseillers-municipaux-pour-destituer-le-maire-le-19-mars-2021#primaryimage\",\"url\":\"https:\/\/static.africa-press.net\/cameroun\/sites\/57\/2021\/03\/img-6053fa23cafec.jpg\",\"contentUrl\":\"https:\/\/static.africa-press.net\/cameroun\/sites\/57\/2021\/03\/img-6053fa23cafec.jpg\",\"width\":800,\"height\":803,\"caption\":\"Cameroun - Mairie d\u2019Eseka: Le pr\u00e9fet du Nyong-et-Kell\u00e9 interdit la session extraordinaire convoqu\u00e9e par des conseillers municipaux pour destituer le maire le 19 mars 2021\"},{\"@type\":\"BreadcrumbList\",\"@id\":\"https:\/\/www.africa-press.net\/cameroun\/politique\/cameroun-mairie-deseka-le-prefet-du-nyong-et-kelle-interdit-la-session-extraordinaire-convoquee-par-des-conseillers-municipaux-pour-destituer-le-maire-le-19-mars-2021#breadcrumb\",\"itemListElement\":[{\"@type\":\"ListItem\",\"position\":1,\"name\":\"Accueil\",\"item\":\"https:\/\/www.africa-press.net\/cameroun\/\"},{\"@type\":\"ListItem\",\"position\":2,\"name\":\"Mairie d\u2019Eseka: Le pr\u00e9fet du Nyong-et-Kell\u00e9 interdit la session extraordinaire convoqu\u00e9e par des conseillers municipaux pour destituer le maire le 19 mars 2021\"}]},{\"@type\":\"WebSite\",\"@id\":\"https:\/\/www.africa-press.net\/cameroun\/#website\",\"url\":\"https:\/\/www.africa-press.net\/cameroun\/\",\"name\":\"Cameroun\",\"description\":\"Just another Africa News Agency Sites site\",\"potentialAction\":[{\"@type\":\"SearchAction\",\"target\":{\"@type\":\"EntryPoint\",\"urlTemplate\":\"https:\/\/www.africa-press.net\/cameroun\/?s={search_term_string}\"},\"query-input\":{\"@type\":\"PropertyValueSpecification\",\"valueRequired\":true,\"valueName\":\"search_term_string\"}}],\"inLanguage\":\"fr-FR\"},{\"@type\":\"Person\",\"@id\":\"https:\/\/www.africa-press.net\/cameroun\/#\/schema\/person\/2b1cf3cd81a31e3cd26889ca66d677f1\",\"name\":\"cfeditorfr\"}]}<\/script>\n<!-- \/ Yoast SEO Premium plugin. -->","yoast_head_json":{"title":"Mairie d\u2019Eseka: Le pr\u00e9fet du Nyong-et-Kell\u00e9 interdit la session extraordinaire convoqu\u00e9e par des conseillers municipaux pour destituer le maire le 19 mars 2021 - Cameroun","description":"Sylvain Tjock ne sera pas destitu\u00e9 le 19 mars 2021. Le maire d\u2019Eseka, chef-lieu du d\u00e9partement du Nyong-et-Kell\u00e9 ...","robots":{"index":"index","follow":"follow","max-snippet":"max-snippet:-1","max-image-preview":"max-image-preview:large","max-video-preview":"max-video-preview:-1"},"canonical":"https:\/\/www.africa-press.net\/cameroun\/politique\/cameroun-mairie-deseka-le-prefet-du-nyong-et-kelle-interdit-la-session-extraordinaire-convoquee-par-des-conseillers-municipaux-pour-destituer-le-maire-le-19-mars-2021","og_locale":"fr_FR","og_type":"article","og_title":"Mairie d\u2019Eseka: Le pr\u00e9fet du Nyong-et-Kell\u00e9 interdit la session extraordinaire convoqu\u00e9e par des conseillers municipaux pour destituer le maire le 19 mars 2021","og_description":"Sylvain Tjock ne sera pas destitu\u00e9 le 19 mars 2021. Le maire d\u2019Eseka, chef-lieu du d\u00e9partement du Nyong-et-Kell\u00e9 ...","og_url":"https:\/\/www.africa-press.net\/cameroun\/politique\/cameroun-mairie-deseka-le-prefet-du-nyong-et-kelle-interdit-la-session-extraordinaire-convoquee-par-des-conseillers-municipaux-pour-destituer-le-maire-le-19-mars-2021","og_site_name":"Cameroun","article_published_time":"2021-03-18T23:25:12+00:00","article_modified_time":"2021-03-22T05:17:47+00:00","og_image":[{"width":800,"height":803,"url":"https:\/\/static.africa-press.net\/cameroun\/sites\/57\/2021\/03\/img-6053fa23cafec.jpg","type":"image\/jpeg"}],"author":"cfeditorfr","twitter_card":"summary_large_image","twitter_misc":{"\u00c9crit par":"cfeditorfr","Dur\u00e9e de lecture estim\u00e9e":"2 minutes"},"schema":{"@context":"https:\/\/schema.org","@graph":[{"@type":"Article","@id":"https:\/\/www.africa-press.net\/cameroun\/politique\/cameroun-mairie-deseka-le-prefet-du-nyong-et-kelle-interdit-la-session-extraordinaire-convoquee-par-des-conseillers-municipaux-pour-destituer-le-maire-le-19-mars-2021#article","isPartOf":{"@id":"https:\/\/www.africa-press.net\/cameroun\/politique\/cameroun-mairie-deseka-le-prefet-du-nyong-et-kelle-interdit-la-session-extraordinaire-convoquee-par-des-conseillers-municipaux-pour-destituer-le-maire-le-19-mars-2021"},"author":{"name":"cfeditorfr","@id":"https:\/\/www.africa-press.net\/cameroun\/#\/schema\/person\/2b1cf3cd81a31e3cd26889ca66d677f1"},"headline":"Mairie d\u2019Eseka: Le pr\u00e9fet du Nyong-et-Kell\u00e9 interdit la session extraordinaire convoqu\u00e9e par des conseillers municipaux pour destituer le maire le 19 mars 2021","datePublished":"2021-03-18T23:25:12+00:00","dateModified":"2021-03-22T05:17:47+00:00","mainEntityOfPage":{"@id":"https:\/\/www.africa-press.net\/cameroun\/politique\/cameroun-mairie-deseka-le-prefet-du-nyong-et-kelle-interdit-la-session-extraordinaire-convoquee-par-des-conseillers-municipaux-pour-destituer-le-maire-le-19-mars-2021"},"wordCount":331,"commentCount":0,"image":{"@id":"https:\/\/www.africa-press.net\/cameroun\/politique\/cameroun-mairie-deseka-le-prefet-du-nyong-et-kelle-interdit-la-session-extraordinaire-convoquee-par-des-conseillers-municipaux-pour-destituer-le-maire-le-19-mars-2021#primaryimage"},"thumbnailUrl":"https:\/\/static.africa-press.net\/cameroun\/sites\/57\/2021\/03\/img-6053fa23cafec.jpg","keywords":["Africa Press","Africa Press-Cameroun","Cameroun"],"articleSection":["homepage-french","Politique","Toutes les actualit\u00e9s"],"inLanguage":"fr-FR","potentialAction":[{"@type":"CommentAction","name":"Comment","target":["https:\/\/www.africa-press.net\/cameroun\/politique\/cameroun-mairie-deseka-le-prefet-du-nyong-et-kelle-interdit-la-session-extraordinaire-convoquee-par-des-conseillers-municipaux-pour-destituer-le-maire-le-19-mars-2021#respond"]}]},{"@type":"WebPage","@id":"https:\/\/www.africa-press.net\/cameroun\/politique\/cameroun-mairie-deseka-le-prefet-du-nyong-et-kelle-interdit-la-session-extraordinaire-convoquee-par-des-conseillers-municipaux-pour-destituer-le-maire-le-19-mars-2021","url":"https:\/\/www.africa-press.net\/cameroun\/politique\/cameroun-mairie-deseka-le-prefet-du-nyong-et-kelle-interdit-la-session-extraordinaire-convoquee-par-des-conseillers-municipaux-pour-destituer-le-maire-le-19-mars-2021","name":"Mairie d\u2019Eseka: Le pr\u00e9fet du Nyong-et-Kell\u00e9 interdit la session extraordinaire convoqu\u00e9e par des conseillers municipaux pour destituer le maire le 19 mars 2021 - Cameroun","isPartOf":{"@id":"https:\/\/www.africa-press.net\/cameroun\/#website"},"primaryImageOfPage":{"@id":"https:\/\/www.africa-press.net\/cameroun\/politique\/cameroun-mairie-deseka-le-prefet-du-nyong-et-kelle-interdit-la-session-extraordinaire-convoquee-par-des-conseillers-municipaux-pour-destituer-le-maire-le-19-mars-2021#primaryimage"},"image":{"@id":"https:\/\/www.africa-press.net\/cameroun\/politique\/cameroun-mairie-deseka-le-prefet-du-nyong-et-kelle-interdit-la-session-extraordinaire-convoquee-par-des-conseillers-municipaux-pour-destituer-le-maire-le-19-mars-2021#primaryimage"},"thumbnailUrl":"https:\/\/static.africa-press.net\/cameroun\/sites\/57\/2021\/03\/img-6053fa23cafec.jpg","datePublished":"2021-03-18T23:25:12+00:00","dateModified":"2021-03-22T05:17:47+00:00","author":{"@id":"https:\/\/www.africa-press.net\/cameroun\/#\/schema\/person\/2b1cf3cd81a31e3cd26889ca66d677f1"},"description":"Sylvain Tjock ne sera pas destitu\u00e9 le 19 mars 2021. Le maire d\u2019Eseka, chef-lieu du d\u00e9partement du Nyong-et-Kell\u00e9 ...","breadcrumb":{"@id":"https:\/\/www.africa-press.net\/cameroun\/politique\/cameroun-mairie-deseka-le-prefet-du-nyong-et-kelle-interdit-la-session-extraordinaire-convoquee-par-des-conseillers-municipaux-pour-destituer-le-maire-le-19-mars-2021#breadcrumb"},"inLanguage":"fr-FR","potentialAction":[{"@type":"ReadAction","target":["https:\/\/www.africa-press.net\/cameroun\/politique\/cameroun-mairie-deseka-le-prefet-du-nyong-et-kelle-interdit-la-session-extraordinaire-convoquee-par-des-conseillers-municipaux-pour-destituer-le-maire-le-19-mars-2021"]}]},{"@type":"ImageObject","inLanguage":"fr-FR","@id":"https:\/\/www.africa-press.net\/cameroun\/politique\/cameroun-mairie-deseka-le-prefet-du-nyong-et-kelle-interdit-la-session-extraordinaire-convoquee-par-des-conseillers-municipaux-pour-destituer-le-maire-le-19-mars-2021#primaryimage","url":"https:\/\/static.africa-press.net\/cameroun\/sites\/57\/2021\/03\/img-6053fa23cafec.jpg","contentUrl":"https:\/\/static.africa-press.net\/cameroun\/sites\/57\/2021\/03\/img-6053fa23cafec.jpg","width":800,"height":803,"caption":"Cameroun - Mairie d\u2019Eseka: Le pr\u00e9fet du Nyong-et-Kell\u00e9 interdit la session extraordinaire convoqu\u00e9e par des conseillers municipaux pour destituer le maire le 19 mars 2021"},{"@type":"BreadcrumbList","@id":"https:\/\/www.africa-press.net\/cameroun\/politique\/cameroun-mairie-deseka-le-prefet-du-nyong-et-kelle-interdit-la-session-extraordinaire-convoquee-par-des-conseillers-municipaux-pour-destituer-le-maire-le-19-mars-2021#breadcrumb","itemListElement":[{"@type":"ListItem","position":1,"name":"Accueil","item":"https:\/\/www.africa-press.net\/cameroun\/"},{"@type":"ListItem","position":2,"name":"Mairie d\u2019Eseka: Le pr\u00e9fet du Nyong-et-Kell\u00e9 interdit la session extraordinaire convoqu\u00e9e par des conseillers municipaux pour destituer le maire le 19 mars 2021"}]},{"@type":"WebSite","@id":"https:\/\/www.africa-press.net\/cameroun\/#website","url":"https:\/\/www.africa-press.net\/cameroun\/","name":"Cameroun","description":"Just another Africa News Agency Sites site","potentialAction":[{"@type":"SearchAction","target":{"@type":"EntryPoint","urlTemplate":"https:\/\/www.africa-press.net\/cameroun\/?s={search_term_string}"},"query-input":{"@type":"PropertyValueSpecification","valueRequired":true,"valueName":"search_term_string"}}],"inLanguage":"fr-FR"},{"@type":"Person","@id":"https:\/\/www.africa-press.net\/cameroun\/#\/schema\/person\/2b1cf3cd81a31e3cd26889ca66d677f1","name":"cfeditorfr"}]}},"_links":{"self":[{"href":"https:\/\/www.africa-press.net\/cameroun\/wp-json\/wp\/v2\/posts\/1330","targetHints":{"allow":["GET"]}}],"collection":[{"href":"https:\/\/www.africa-press.net\/cameroun\/wp-json\/wp\/v2\/posts"}],"about":[{"href":"https:\/\/www.africa-press.net\/cameroun\/wp-json\/wp\/v2\/types\/post"}],"author":[{"embeddable":true,"href":"https:\/\/www.africa-press.net\/cameroun\/wp-json\/wp\/v2\/users\/82"}],"replies":[{"embeddable":true,"href":"https:\/\/www.africa-press.net\/cameroun\/wp-json\/wp\/v2\/comments?post=1330"}],"version-history":[{"count":0,"href":"https:\/\/www.africa-press.net\/cameroun\/wp-json\/wp\/v2\/posts\/1330\/revisions"}],"wp:featuredmedia":[{"embeddable":true,"href":"https:\/\/www.africa-press.net\/cameroun\/wp-json\/wp\/v2\/media\/1328"}],"wp:attachment":[{"href":"https:\/\/www.africa-press.net\/cameroun\/wp-json\/wp\/v2\/media?parent=1330"}],"wp:term":[{"taxonomy":"category","embeddable":true,"href":"https:\/\/www.africa-press.net\/cameroun\/wp-json\/wp\/v2\/categories?post=1330"},{"taxonomy":"post_tag","embeddable":true,"href":"https:\/\/www.africa-press.net\/cameroun\/wp-json\/wp\/v2\/tags?post=1330"}],"curies":[{"name":"wp","href":"https:\/\/api.w.org\/{rel}","templated":true}]}}