{"id":1333,"date":"2021-03-18T23:28:51","date_gmt":"2021-03-18T23:28:51","guid":{"rendered":"https:\/\/www.africa-press.net\/cameroun\/politique\/cameroun-absence-de-choupo-moting-dans-les-25-dantonio-conceicao-just-choupo-moting-pere-et-manager-de-choupo-moting-le-bayern-de-munich-na-jamais-recu-de-correspondance-d"},"modified":"2021-03-22T05:17:41","modified_gmt":"2021-03-22T05:17:41","slug":"cameroun-absence-de-choupo-moting-dans-les-25-dantonio-conceicao-just-choupo-moting-pere-et-manager-de-choupo-moting-le-bayern-de-munich-na-jamais-recu-de-correspondance-d","status":"publish","type":"post","link":"https:\/\/www.africa-press.net\/cameroun\/sports\/cameroun-absence-de-choupo-moting-dans-les-25-dantonio-conceicao-just-choupo-moting-pere-et-manager-de-choupo-moting-le-bayern-de-munich-na-jamais-recu-de-correspondance-d","title":{"rendered":"Absence de Choupo Moting dans les 25 d\u2019Antonio Concei\u00e7ao\/Just Choupo Moting (p\u00e8re et manager de Choupo Moting): \u00abLe Bayern de Munich n\u2019a jamais re\u00e7u de correspondance de la FECAFOOT\u00bb"},"content":{"rendered":"<p><span style=\"color: #ff6600\"><strong><a href=\"https:\/\/www.africa-press.net\/\">Africa-Press<\/a> &#8211; <a href=\"https:\/\/www.africa-press.net\/cameroun\">Cameroun<\/a>. <\/strong><\/span>Le mardi 16 mars 2021, Antonio Concei\u00e7ao a d\u00e9voil\u00e9 la liste des 25 Lions Indomptables qui vont d\u00e9fier le Cap-Vert et le Rwanda dans le cadre des cinqui\u00e8me et sixi\u00e8me journ\u00e9es des \u00e9liminatoires de la CAN 2021. Dans cette liste, plusieurs absences font tache. Notamment celle d\u2019\u00c9ric Maxim Choupo Moting, l\u2019attaquant du Bayern de Munich et non moins capitaine des Lions Indomptables du Cameroun. Alors que l\u2019on pensait que cette d\u00e9cision n\u2019\u00e9tait qu\u2019un simple choix sportif, le technicien portugais a plut\u00f4t expliqu\u00e9 en conf\u00e9rence de presse, qu\u2019elle a \u00e9t\u00e9 motiv\u00e9e par l\u2019attitude de l\u2019ancien joueur du Paris-Saint Germain, qui n\u2019a pas daign\u00e9 r\u00e9pondre \u00e0 la convocation qui lui a \u00e9t\u00e9 envoy\u00e9e par la FECAFOOT.<\/p>\n<p>Contact\u00e9 par nos confr\u00e8res de Naja TV, Camille Just Choupo Moting, le p\u00e8re et manager de l\u2019attaquant bavarois, assure qu\u2019il n\u2019en est rien. Visiblement Outr\u00e9 par les explications donn\u00e9es par Antonio Concei\u00e7ao, ce dernier a affirm\u00e9 mordicus que la F\u00e9d\u00e9ration Camerounaise de Football n\u2019a jamais envoy\u00e9 la moindre convocation \u00e0 son club.<\/p>\n<p>\u00abLe club (Bayern deMunich) n\u2019a pas re\u00e7u de correspondance. J\u2019ai \u00e9t\u00e9 contact\u00e9 par la FECAFOOT, pour savoir ce qui se passait. J\u2019ai contact\u00e9 le club, et il m\u2019a confirm\u00e9 n\u2019avoir pas re\u00e7u la convocation. Par la suite, ayant suivi les explications du coach dans sa conf\u00e9rence de presse d\u2019hier, je profite de l\u2019occasion pour d\u00e9mentir le fait que Choupo Moting n\u2019a pas r\u00e9pondu \u00e0 la FECAFOOT. Il l\u2019a fait dimanche dernier avant 18h. Avant 18h moi-m\u00eame j\u2019ai essay\u00e9 d\u2019appeler le team manager, monsieur Olembe et j\u2019ai \u00e9galement parl\u00e9 avec Bill Tchato pour leur confirmer que la r\u00e9ponse de Maxime est l\u00e0.<\/p>\n<p><b>Par la suite, j\u2019ai suivi que la FECAFOOT s\u2019est excus\u00e9e aupr\u00e8s du club pour n\u2019avoir pas envoy\u00e9 l\u2019invitation. Il semblerait qu\u2019elle l\u2019ait plut\u00f4t envoy\u00e9 \u00e0 une fausse adresse Email. Pour moi, \u00e7a c\u2019est un manque de professionnalisme. Si Vous envoyez des convocations, il faut envoyer \u00e0 l\u2019adresse qu\u2019il faut. Si \u00e7a n\u2019arrive pas, je ne vois pas pourquoi c\u2019est la faute du club, ni celle de Maxime. Maxime \u00e9tait pr\u00eat \u00e0 jouer pour l\u2019\u00e9quipe nationale, il s\u2019appr\u00eatait \u00e0 venir jouer pour l\u2019\u00e9quipe nationale<\/b>\u00bb, a-t-il d\u00e9clar\u00e9.<\/p>\n","protected":false},"excerpt":{"rendered":"<p>Africa-Press &#8211; Cameroun. Le mardi 16 mars 2021, Antonio Concei\u00e7ao a d\u00e9voil\u00e9 la liste des 25 Lions Indomptables qui vont d\u00e9fier le Cap-Vert et le Rwanda dans le cadre des cinqui\u00e8me et sixi\u00e8me journ\u00e9es des \u00e9liminatoires de la CAN 2021. Dans cette liste, plusieurs absences font tache. Notamment celle d\u2019\u00c9ric Maxim Choupo Moting, l\u2019attaquant du [&hellip;]<\/p>\n","protected":false},"author":82,"featured_media":1332,"comment_status":"open","ping_status":"closed","sticky":false,"template":"","format":"standard","meta":{"footnotes":""},"categories":[11,6,10],"tags":[36,50,49],"class_list":["post-1333","post","type-post","status-publish","format-standard","has-post-thumbnail","hentry","category-homepage-french","category-sports","category-toutes-les-actualites","tag-africa-press","tag-africa-press-cameroun","tag-cameroun"],"yoast_head":"<!-- This site is optimized with the Yoast SEO Premium plugin v26.1 (Yoast SEO v27.0) - https:\/\/yoast.com\/product\/yoast-seo-premium-wordpress\/ -->\n<title>Absence de Choupo Moting dans les 25 d\u2019Antonio Concei\u00e7ao\/Just Choupo Moting (p\u00e8re et manager de Choupo Moting): \u00abLe Bayern de Munich n\u2019a jamais re\u00e7u de correspondance de la FECAFOOT\u00bb - Cameroun<\/title>\n<meta name=\"description\" content=\"Le mardi 16 mars 2021, Antonio Concei\u00e7ao a d\u00e9voil\u00e9 la liste des 25 Lions Indomptables qui vont d\u00e9fier le Cap-Vert et le ...\" \/>\n<meta name=\"robots\" content=\"index, follow, max-snippet:-1, max-image-preview:large, max-video-preview:-1\" \/>\n<link rel=\"canonical\" href=\"https:\/\/www.africa-press.net\/cameroun\/sports\/cameroun-absence-de-choupo-moting-dans-les-25-dantonio-conceicao-just-choupo-moting-pere-et-manager-de-choupo-moting-le-bayern-de-munich-na-jamais-recu-de-correspondance-d\" \/>\n<meta property=\"og:locale\" content=\"fr_FR\" \/>\n<meta property=\"og:type\" content=\"article\" \/>\n<meta property=\"og:title\" content=\"Absence de Choupo Moting dans les 25 d\u2019Antonio Concei\u00e7ao\/Just Choupo Moting (p\u00e8re et manager de Choupo Moting): \u00abLe Bayern de Munich n\u2019a jamais re\u00e7u de correspondance de la FECAFOOT\u00bb\" \/>\n<meta property=\"og:description\" content=\"Le mardi 16 mars 2021, Antonio Concei\u00e7ao a d\u00e9voil\u00e9 la liste des 25 Lions Indomptables qui vont d\u00e9fier le Cap-Vert et le ...\" \/>\n<meta property=\"og:url\" content=\"https:\/\/www.africa-press.net\/cameroun\/sports\/cameroun-absence-de-choupo-moting-dans-les-25-dantonio-conceicao-just-choupo-moting-pere-et-manager-de-choupo-moting-le-bayern-de-munich-na-jamais-recu-de-correspondance-d\" \/>\n<meta property=\"og:site_name\" content=\"Cameroun\" \/>\n<meta property=\"article:published_time\" content=\"2021-03-18T23:28:51+00:00\" \/>\n<meta property=\"article:modified_time\" content=\"2021-03-22T05:17:41+00:00\" \/>\n<meta property=\"og:image\" content=\"https:\/\/static.africa-press.net\/cameroun\/sites\/57\/2021\/03\/img-6053fa4ba6cb6.jpg\" \/>\n\t<meta property=\"og:image:width\" content=\"800\" \/>\n\t<meta property=\"og:image:height\" content=\"684\" \/>\n\t<meta property=\"og:image:type\" content=\"image\/jpeg\" \/>\n<meta name=\"author\" content=\"cfeditorfr\" \/>\n<meta name=\"twitter:card\" content=\"summary_large_image\" \/>\n<meta name=\"twitter:label1\" content=\"\u00c9crit par\" \/>\n\t<meta name=\"twitter:data1\" content=\"cfeditorfr\" \/>\n\t<meta name=\"twitter:label2\" content=\"Dur\u00e9e de lecture estim\u00e9e\" \/>\n\t<meta name=\"twitter:data2\" content=\"2 minutes\" \/>\n<script type=\"application\/ld+json\" class=\"yoast-schema-graph\">{\"@context\":\"https:\/\/schema.org\",\"@graph\":[{\"@type\":\"Article\",\"@id\":\"https:\/\/www.africa-press.net\/cameroun\/sports\/cameroun-absence-de-choupo-moting-dans-les-25-dantonio-conceicao-just-choupo-moting-pere-et-manager-de-choupo-moting-le-bayern-de-munich-na-jamais-recu-de-correspondance-d#article\",\"isPartOf\":{\"@id\":\"https:\/\/www.africa-press.net\/cameroun\/sports\/cameroun-absence-de-choupo-moting-dans-les-25-dantonio-conceicao-just-choupo-moting-pere-et-manager-de-choupo-moting-le-bayern-de-munich-na-jamais-recu-de-correspondance-d\"},\"author\":{\"name\":\"cfeditorfr\",\"@id\":\"https:\/\/www.africa-press.net\/cameroun\/#\/schema\/person\/2b1cf3cd81a31e3cd26889ca66d677f1\"},\"headline\":\"Absence de Choupo Moting dans les 25 d\u2019Antonio Concei\u00e7ao\/Just Choupo Moting (p\u00e8re et manager de Choupo Moting): \u00abLe Bayern de Munich n\u2019a jamais re\u00e7u de correspondance de la FECAFOOT\u00bb\",\"datePublished\":\"2021-03-18T23:28:51+00:00\",\"dateModified\":\"2021-03-22T05:17:41+00:00\",\"mainEntityOfPage\":{\"@id\":\"https:\/\/www.africa-press.net\/cameroun\/sports\/cameroun-absence-de-choupo-moting-dans-les-25-dantonio-conceicao-just-choupo-moting-pere-et-manager-de-choupo-moting-le-bayern-de-munich-na-jamais-recu-de-correspondance-d\"},\"wordCount\":448,\"commentCount\":0,\"image\":{\"@id\":\"https:\/\/www.africa-press.net\/cameroun\/sports\/cameroun-absence-de-choupo-moting-dans-les-25-dantonio-conceicao-just-choupo-moting-pere-et-manager-de-choupo-moting-le-bayern-de-munich-na-jamais-recu-de-correspondance-d#primaryimage\"},\"thumbnailUrl\":\"https:\/\/static.africa-press.net\/cameroun\/sites\/57\/2021\/03\/img-6053fa4ba6cb6.jpg\",\"keywords\":[\"Africa Press\",\"Africa Press-Cameroun\",\"Cameroun\"],\"articleSection\":[\"homepage-french\",\"Sports\",\"Toutes les actualit\u00e9s\"],\"inLanguage\":\"fr-FR\",\"potentialAction\":[{\"@type\":\"CommentAction\",\"name\":\"Comment\",\"target\":[\"https:\/\/www.africa-press.net\/cameroun\/sports\/cameroun-absence-de-choupo-moting-dans-les-25-dantonio-conceicao-just-choupo-moting-pere-et-manager-de-choupo-moting-le-bayern-de-munich-na-jamais-recu-de-correspondance-d#respond\"]}]},{\"@type\":\"WebPage\",\"@id\":\"https:\/\/www.africa-press.net\/cameroun\/sports\/cameroun-absence-de-choupo-moting-dans-les-25-dantonio-conceicao-just-choupo-moting-pere-et-manager-de-choupo-moting-le-bayern-de-munich-na-jamais-recu-de-correspondance-d\",\"url\":\"https:\/\/www.africa-press.net\/cameroun\/sports\/cameroun-absence-de-choupo-moting-dans-les-25-dantonio-conceicao-just-choupo-moting-pere-et-manager-de-choupo-moting-le-bayern-de-munich-na-jamais-recu-de-correspondance-d\",\"name\":\"Absence de Choupo Moting dans les 25 d\u2019Antonio Concei\u00e7ao\/Just Choupo Moting (p\u00e8re et manager de Choupo Moting): \u00abLe Bayern de Munich n\u2019a jamais re\u00e7u de correspondance de la FECAFOOT\u00bb - Cameroun\",\"isPartOf\":{\"@id\":\"https:\/\/www.africa-press.net\/cameroun\/#website\"},\"primaryImageOfPage\":{\"@id\":\"https:\/\/www.africa-press.net\/cameroun\/sports\/cameroun-absence-de-choupo-moting-dans-les-25-dantonio-conceicao-just-choupo-moting-pere-et-manager-de-choupo-moting-le-bayern-de-munich-na-jamais-recu-de-correspondance-d#primaryimage\"},\"image\":{\"@id\":\"https:\/\/www.africa-press.net\/cameroun\/sports\/cameroun-absence-de-choupo-moting-dans-les-25-dantonio-conceicao-just-choupo-moting-pere-et-manager-de-choupo-moting-le-bayern-de-munich-na-jamais-recu-de-correspondance-d#primaryimage\"},\"thumbnailUrl\":\"https:\/\/static.africa-press.net\/cameroun\/sites\/57\/2021\/03\/img-6053fa4ba6cb6.jpg\",\"datePublished\":\"2021-03-18T23:28:51+00:00\",\"dateModified\":\"2021-03-22T05:17:41+00:00\",\"author\":{\"@id\":\"https:\/\/www.africa-press.net\/cameroun\/#\/schema\/person\/2b1cf3cd81a31e3cd26889ca66d677f1\"},\"description\":\"Le mardi 16 mars 2021, Antonio Concei\u00e7ao a d\u00e9voil\u00e9 la liste des 25 Lions Indomptables qui vont d\u00e9fier le Cap-Vert et le ...\",\"breadcrumb\":{\"@id\":\"https:\/\/www.africa-press.net\/cameroun\/sports\/cameroun-absence-de-choupo-moting-dans-les-25-dantonio-conceicao-just-choupo-moting-pere-et-manager-de-choupo-moting-le-bayern-de-munich-na-jamais-recu-de-correspondance-d#breadcrumb\"},\"inLanguage\":\"fr-FR\",\"potentialAction\":[{\"@type\":\"ReadAction\",\"target\":[\"https:\/\/www.africa-press.net\/cameroun\/sports\/cameroun-absence-de-choupo-moting-dans-les-25-dantonio-conceicao-just-choupo-moting-pere-et-manager-de-choupo-moting-le-bayern-de-munich-na-jamais-recu-de-correspondance-d\"]}]},{\"@type\":\"ImageObject\",\"inLanguage\":\"fr-FR\",\"@id\":\"https:\/\/www.africa-press.net\/cameroun\/sports\/cameroun-absence-de-choupo-moting-dans-les-25-dantonio-conceicao-just-choupo-moting-pere-et-manager-de-choupo-moting-le-bayern-de-munich-na-jamais-recu-de-correspondance-d#primaryimage\",\"url\":\"https:\/\/static.africa-press.net\/cameroun\/sites\/57\/2021\/03\/img-6053fa4ba6cb6.jpg\",\"contentUrl\":\"https:\/\/static.africa-press.net\/cameroun\/sites\/57\/2021\/03\/img-6053fa4ba6cb6.jpg\",\"width\":800,\"height\":684,\"caption\":\"Cameroun - Absence de Choupo Moting dans les 25 d\u2019Antonio Concei\u00e7ao\/Just Choupo Moting (p\u00e8re et manager de Choupo Moting): \u00abLe Bayern de Munich n\u2019a jamais re\u00e7u de correspondance de la FECAFOOT\u00bb\"},{\"@type\":\"BreadcrumbList\",\"@id\":\"https:\/\/www.africa-press.net\/cameroun\/sports\/cameroun-absence-de-choupo-moting-dans-les-25-dantonio-conceicao-just-choupo-moting-pere-et-manager-de-choupo-moting-le-bayern-de-munich-na-jamais-recu-de-correspondance-d#breadcrumb\",\"itemListElement\":[{\"@type\":\"ListItem\",\"position\":1,\"name\":\"Accueil\",\"item\":\"https:\/\/www.africa-press.net\/cameroun\/\"},{\"@type\":\"ListItem\",\"position\":2,\"name\":\"Absence de Choupo Moting dans les 25 d\u2019Antonio Concei\u00e7ao\/Just Choupo Moting (p\u00e8re et manager de Choupo Moting): \u00abLe Bayern de Munich n\u2019a jamais re\u00e7u de correspondance de la FECAFOOT\u00bb\"}]},{\"@type\":\"WebSite\",\"@id\":\"https:\/\/www.africa-press.net\/cameroun\/#website\",\"url\":\"https:\/\/www.africa-press.net\/cameroun\/\",\"name\":\"Cameroun\",\"description\":\"Just another Africa News Agency Sites site\",\"potentialAction\":[{\"@type\":\"SearchAction\",\"target\":{\"@type\":\"EntryPoint\",\"urlTemplate\":\"https:\/\/www.africa-press.net\/cameroun\/?s={search_term_string}\"},\"query-input\":{\"@type\":\"PropertyValueSpecification\",\"valueRequired\":true,\"valueName\":\"search_term_string\"}}],\"inLanguage\":\"fr-FR\"},{\"@type\":\"Person\",\"@id\":\"https:\/\/www.africa-press.net\/cameroun\/#\/schema\/person\/2b1cf3cd81a31e3cd26889ca66d677f1\",\"name\":\"cfeditorfr\"}]}<\/script>\n<!-- \/ Yoast SEO Premium plugin. -->","yoast_head_json":{"title":"Absence de Choupo Moting dans les 25 d\u2019Antonio Concei\u00e7ao\/Just Choupo Moting (p\u00e8re et manager de Choupo Moting): \u00abLe Bayern de Munich n\u2019a jamais re\u00e7u de correspondance de la FECAFOOT\u00bb - Cameroun","description":"Le mardi 16 mars 2021, Antonio Concei\u00e7ao a d\u00e9voil\u00e9 la liste des 25 Lions Indomptables qui vont d\u00e9fier le Cap-Vert et le ...","robots":{"index":"index","follow":"follow","max-snippet":"max-snippet:-1","max-image-preview":"max-image-preview:large","max-video-preview":"max-video-preview:-1"},"canonical":"https:\/\/www.africa-press.net\/cameroun\/sports\/cameroun-absence-de-choupo-moting-dans-les-25-dantonio-conceicao-just-choupo-moting-pere-et-manager-de-choupo-moting-le-bayern-de-munich-na-jamais-recu-de-correspondance-d","og_locale":"fr_FR","og_type":"article","og_title":"Absence de Choupo Moting dans les 25 d\u2019Antonio Concei\u00e7ao\/Just Choupo Moting (p\u00e8re et manager de Choupo Moting): \u00abLe Bayern de Munich n\u2019a jamais re\u00e7u de correspondance de la FECAFOOT\u00bb","og_description":"Le mardi 16 mars 2021, Antonio Concei\u00e7ao a d\u00e9voil\u00e9 la liste des 25 Lions Indomptables qui vont d\u00e9fier le Cap-Vert et le ...","og_url":"https:\/\/www.africa-press.net\/cameroun\/sports\/cameroun-absence-de-choupo-moting-dans-les-25-dantonio-conceicao-just-choupo-moting-pere-et-manager-de-choupo-moting-le-bayern-de-munich-na-jamais-recu-de-correspondance-d","og_site_name":"Cameroun","article_published_time":"2021-03-18T23:28:51+00:00","article_modified_time":"2021-03-22T05:17:41+00:00","og_image":[{"width":800,"height":684,"url":"https:\/\/static.africa-press.net\/cameroun\/sites\/57\/2021\/03\/img-6053fa4ba6cb6.jpg","type":"image\/jpeg"}],"author":"cfeditorfr","twitter_card":"summary_large_image","twitter_misc":{"\u00c9crit par":"cfeditorfr","Dur\u00e9e de lecture estim\u00e9e":"2 minutes"},"schema":{"@context":"https:\/\/schema.org","@graph":[{"@type":"Article","@id":"https:\/\/www.africa-press.net\/cameroun\/sports\/cameroun-absence-de-choupo-moting-dans-les-25-dantonio-conceicao-just-choupo-moting-pere-et-manager-de-choupo-moting-le-bayern-de-munich-na-jamais-recu-de-correspondance-d#article","isPartOf":{"@id":"https:\/\/www.africa-press.net\/cameroun\/sports\/cameroun-absence-de-choupo-moting-dans-les-25-dantonio-conceicao-just-choupo-moting-pere-et-manager-de-choupo-moting-le-bayern-de-munich-na-jamais-recu-de-correspondance-d"},"author":{"name":"cfeditorfr","@id":"https:\/\/www.africa-press.net\/cameroun\/#\/schema\/person\/2b1cf3cd81a31e3cd26889ca66d677f1"},"headline":"Absence de Choupo Moting dans les 25 d\u2019Antonio Concei\u00e7ao\/Just Choupo Moting (p\u00e8re et manager de Choupo Moting): \u00abLe Bayern de Munich n\u2019a jamais re\u00e7u de correspondance de la FECAFOOT\u00bb","datePublished":"2021-03-18T23:28:51+00:00","dateModified":"2021-03-22T05:17:41+00:00","mainEntityOfPage":{"@id":"https:\/\/www.africa-press.net\/cameroun\/sports\/cameroun-absence-de-choupo-moting-dans-les-25-dantonio-conceicao-just-choupo-moting-pere-et-manager-de-choupo-moting-le-bayern-de-munich-na-jamais-recu-de-correspondance-d"},"wordCount":448,"commentCount":0,"image":{"@id":"https:\/\/www.africa-press.net\/cameroun\/sports\/cameroun-absence-de-choupo-moting-dans-les-25-dantonio-conceicao-just-choupo-moting-pere-et-manager-de-choupo-moting-le-bayern-de-munich-na-jamais-recu-de-correspondance-d#primaryimage"},"thumbnailUrl":"https:\/\/static.africa-press.net\/cameroun\/sites\/57\/2021\/03\/img-6053fa4ba6cb6.jpg","keywords":["Africa Press","Africa Press-Cameroun","Cameroun"],"articleSection":["homepage-french","Sports","Toutes les actualit\u00e9s"],"inLanguage":"fr-FR","potentialAction":[{"@type":"CommentAction","name":"Comment","target":["https:\/\/www.africa-press.net\/cameroun\/sports\/cameroun-absence-de-choupo-moting-dans-les-25-dantonio-conceicao-just-choupo-moting-pere-et-manager-de-choupo-moting-le-bayern-de-munich-na-jamais-recu-de-correspondance-d#respond"]}]},{"@type":"WebPage","@id":"https:\/\/www.africa-press.net\/cameroun\/sports\/cameroun-absence-de-choupo-moting-dans-les-25-dantonio-conceicao-just-choupo-moting-pere-et-manager-de-choupo-moting-le-bayern-de-munich-na-jamais-recu-de-correspondance-d","url":"https:\/\/www.africa-press.net\/cameroun\/sports\/cameroun-absence-de-choupo-moting-dans-les-25-dantonio-conceicao-just-choupo-moting-pere-et-manager-de-choupo-moting-le-bayern-de-munich-na-jamais-recu-de-correspondance-d","name":"Absence de Choupo Moting dans les 25 d\u2019Antonio Concei\u00e7ao\/Just Choupo Moting (p\u00e8re et manager de Choupo Moting): \u00abLe Bayern de Munich n\u2019a jamais re\u00e7u de correspondance de la FECAFOOT\u00bb - Cameroun","isPartOf":{"@id":"https:\/\/www.africa-press.net\/cameroun\/#website"},"primaryImageOfPage":{"@id":"https:\/\/www.africa-press.net\/cameroun\/sports\/cameroun-absence-de-choupo-moting-dans-les-25-dantonio-conceicao-just-choupo-moting-pere-et-manager-de-choupo-moting-le-bayern-de-munich-na-jamais-recu-de-correspondance-d#primaryimage"},"image":{"@id":"https:\/\/www.africa-press.net\/cameroun\/sports\/cameroun-absence-de-choupo-moting-dans-les-25-dantonio-conceicao-just-choupo-moting-pere-et-manager-de-choupo-moting-le-bayern-de-munich-na-jamais-recu-de-correspondance-d#primaryimage"},"thumbnailUrl":"https:\/\/static.africa-press.net\/cameroun\/sites\/57\/2021\/03\/img-6053fa4ba6cb6.jpg","datePublished":"2021-03-18T23:28:51+00:00","dateModified":"2021-03-22T05:17:41+00:00","author":{"@id":"https:\/\/www.africa-press.net\/cameroun\/#\/schema\/person\/2b1cf3cd81a31e3cd26889ca66d677f1"},"description":"Le mardi 16 mars 2021, Antonio Concei\u00e7ao a d\u00e9voil\u00e9 la liste des 25 Lions Indomptables qui vont d\u00e9fier le Cap-Vert et le ...","breadcrumb":{"@id":"https:\/\/www.africa-press.net\/cameroun\/sports\/cameroun-absence-de-choupo-moting-dans-les-25-dantonio-conceicao-just-choupo-moting-pere-et-manager-de-choupo-moting-le-bayern-de-munich-na-jamais-recu-de-correspondance-d#breadcrumb"},"inLanguage":"fr-FR","potentialAction":[{"@type":"ReadAction","target":["https:\/\/www.africa-press.net\/cameroun\/sports\/cameroun-absence-de-choupo-moting-dans-les-25-dantonio-conceicao-just-choupo-moting-pere-et-manager-de-choupo-moting-le-bayern-de-munich-na-jamais-recu-de-correspondance-d"]}]},{"@type":"ImageObject","inLanguage":"fr-FR","@id":"https:\/\/www.africa-press.net\/cameroun\/sports\/cameroun-absence-de-choupo-moting-dans-les-25-dantonio-conceicao-just-choupo-moting-pere-et-manager-de-choupo-moting-le-bayern-de-munich-na-jamais-recu-de-correspondance-d#primaryimage","url":"https:\/\/static.africa-press.net\/cameroun\/sites\/57\/2021\/03\/img-6053fa4ba6cb6.jpg","contentUrl":"https:\/\/static.africa-press.net\/cameroun\/sites\/57\/2021\/03\/img-6053fa4ba6cb6.jpg","width":800,"height":684,"caption":"Cameroun - Absence de Choupo Moting dans les 25 d\u2019Antonio Concei\u00e7ao\/Just Choupo Moting (p\u00e8re et manager de Choupo Moting): \u00abLe Bayern de Munich n\u2019a jamais re\u00e7u de correspondance de la FECAFOOT\u00bb"},{"@type":"BreadcrumbList","@id":"https:\/\/www.africa-press.net\/cameroun\/sports\/cameroun-absence-de-choupo-moting-dans-les-25-dantonio-conceicao-just-choupo-moting-pere-et-manager-de-choupo-moting-le-bayern-de-munich-na-jamais-recu-de-correspondance-d#breadcrumb","itemListElement":[{"@type":"ListItem","position":1,"name":"Accueil","item":"https:\/\/www.africa-press.net\/cameroun\/"},{"@type":"ListItem","position":2,"name":"Absence de Choupo Moting dans les 25 d\u2019Antonio Concei\u00e7ao\/Just Choupo Moting (p\u00e8re et manager de Choupo Moting): \u00abLe Bayern de Munich n\u2019a jamais re\u00e7u de correspondance de la FECAFOOT\u00bb"}]},{"@type":"WebSite","@id":"https:\/\/www.africa-press.net\/cameroun\/#website","url":"https:\/\/www.africa-press.net\/cameroun\/","name":"Cameroun","description":"Just another Africa News Agency Sites site","potentialAction":[{"@type":"SearchAction","target":{"@type":"EntryPoint","urlTemplate":"https:\/\/www.africa-press.net\/cameroun\/?s={search_term_string}"},"query-input":{"@type":"PropertyValueSpecification","valueRequired":true,"valueName":"search_term_string"}}],"inLanguage":"fr-FR"},{"@type":"Person","@id":"https:\/\/www.africa-press.net\/cameroun\/#\/schema\/person\/2b1cf3cd81a31e3cd26889ca66d677f1","name":"cfeditorfr"}]}},"_links":{"self":[{"href":"https:\/\/www.africa-press.net\/cameroun\/wp-json\/wp\/v2\/posts\/1333","targetHints":{"allow":["GET"]}}],"collection":[{"href":"https:\/\/www.africa-press.net\/cameroun\/wp-json\/wp\/v2\/posts"}],"about":[{"href":"https:\/\/www.africa-press.net\/cameroun\/wp-json\/wp\/v2\/types\/post"}],"author":[{"embeddable":true,"href":"https:\/\/www.africa-press.net\/cameroun\/wp-json\/wp\/v2\/users\/82"}],"replies":[{"embeddable":true,"href":"https:\/\/www.africa-press.net\/cameroun\/wp-json\/wp\/v2\/comments?post=1333"}],"version-history":[{"count":0,"href":"https:\/\/www.africa-press.net\/cameroun\/wp-json\/wp\/v2\/posts\/1333\/revisions"}],"wp:featuredmedia":[{"embeddable":true,"href":"https:\/\/www.africa-press.net\/cameroun\/wp-json\/wp\/v2\/media\/1332"}],"wp:attachment":[{"href":"https:\/\/www.africa-press.net\/cameroun\/wp-json\/wp\/v2\/media?parent=1333"}],"wp:term":[{"taxonomy":"category","embeddable":true,"href":"https:\/\/www.africa-press.net\/cameroun\/wp-json\/wp\/v2\/categories?post=1333"},{"taxonomy":"post_tag","embeddable":true,"href":"https:\/\/www.africa-press.net\/cameroun\/wp-json\/wp\/v2\/tags?post=1333"}],"curies":[{"name":"wp","href":"https:\/\/api.w.org\/{rel}","templated":true}]}}