{"id":1339,"date":"2021-03-18T23:41:08","date_gmt":"2021-03-18T23:41:08","guid":{"rendered":"https:\/\/www.africa-press.net\/cameroun\/politique\/cameroun-parlement-malgre-son-etat-grabataire-marcel-niat-njifenji-a-ete-reelu-president-du-senat"},"modified":"2021-03-22T05:17:30","modified_gmt":"2021-03-22T05:17:30","slug":"cameroun-parlement-malgre-son-etat-grabataire-marcel-niat-njifenji-a-ete-reelu-president-du-senat","status":"publish","type":"post","link":"https:\/\/www.africa-press.net\/cameroun\/politique\/cameroun-parlement-malgre-son-etat-grabataire-marcel-niat-njifenji-a-ete-reelu-president-du-senat","title":{"rendered":"Parlement: Malgr\u00e9 son \u00e9tat grabataire, Marcel Niat Njifenji a \u00e9t\u00e9 r\u00e9\u00e9lu pr\u00e9sident du Senat"},"content":{"rendered":"<p><span style=\"color: #ff6600\"><strong><a href=\"https:\/\/www.africa-press.net\/\">Africa-Press<\/a> &#8211; <a href=\"https:\/\/www.africa-press.net\/cameroun\">Cameroun<\/a>. <\/strong><\/span>Les s\u00e9nateurs se sont retrouv\u00e9s ce jeudi \u00e0 partir de 16h au palais des Congr\u00e8s de Yaound\u00e9, pour une s\u00e9ance pl\u00e9ni\u00e8re consacr\u00e9e au renouvellement du bureau du S\u00e9nat.<\/p>\n<p>Comme toujours, l\u2019\u00e9lection a commenc\u00e9 par le poste de pr\u00e9sident. Marcel Niat Njifenji, le dirigeant sortant, investi par le Rassemblement d\u00e9mocratique du peuple camerounais, le parti majoritaire, \u00e9tait le seul candidat \u00e0 sa succession. C\u2019est donc sans surprise que la deuxi\u00e8me personnalit\u00e9 de la R\u00e9publique a \u00e9t\u00e9 r\u00e9\u00e9lue avec 85 voix pour et 08 bulletins nuls, sur 93 votants.<\/p>\n<p>D\u00e9j\u00e0 parrain\u00e9 par son parti politique, le RDPC, c\u2019est donc sans surprise que l\u2019homme de 87 ans a \u00e9t\u00e9 reconduit au perchoir du S\u00e9nat.<\/p>\n<p>Cet article a \u00e9t\u00e9 boucl\u00e9 au moment o\u00f9 l\u2019\u00e9lection des autres membres du bureau se poursuit.<\/p>\n<p>Tout premier pr\u00e9sident du S\u00e9nat, Marcel Niat Njifenji en poste depuis juin 2013, est reconduit pour la huiti\u00e8me fois au perchoir. Mais, il est r\u00e9guli\u00e8rement absent \u00e0 la chambre haute en raison de son \u00e9tat de sant\u00e9 chancelant. Depuis quatre ans environ, c\u2019est le premier vice-pr\u00e9sident, Aboubakary Abdoulaye, qui dirige les travaux au S\u00e9nat.<\/p>\n<p>Ainsi, les occupants des deux postes les plus convoit\u00e9s du Parlement camerounais sont connus. En mi-journ\u00e9e, les d\u00e9put\u00e9s, r\u00e9unis en s\u00e9ance pl\u00e9ni\u00e8re au palais des Congr\u00e8s de Yaound\u00e9, ont vot\u00e9 Cavaye Yeguie Djibril au poste de Pr\u00e9sident de l\u2019Assembl\u00e9e nationale. Ce dernier, au pouvoir depuis presque trois d\u00e9cennies, a \u00e9t\u00e9 reconduit au perchoir avec 147 voix pour, et 15 bulletins nuls.<\/p>\n","protected":false},"excerpt":{"rendered":"<p>Africa-Press &#8211; Cameroun. Les s\u00e9nateurs se sont retrouv\u00e9s ce jeudi \u00e0 partir de 16h au palais des Congr\u00e8s de Yaound\u00e9, pour une s\u00e9ance pl\u00e9ni\u00e8re consacr\u00e9e au renouvellement du bureau du S\u00e9nat. Comme toujours, l\u2019\u00e9lection a commenc\u00e9 par le poste de pr\u00e9sident. Marcel Niat Njifenji, le dirigeant sortant, investi par le Rassemblement d\u00e9mocratique du peuple camerounais, [&hellip;]<\/p>\n","protected":false},"author":82,"featured_media":1338,"comment_status":"open","ping_status":"closed","sticky":false,"template":"","format":"standard","meta":{"footnotes":""},"categories":[11,2,20,10],"tags":[36,50,49],"class_list":["post-1339","post","type-post","status-publish","format-standard","has-post-thumbnail","hentry","category-homepage-french","category-politique","category-top-nouvelles","category-toutes-les-actualites","tag-africa-press","tag-africa-press-cameroun","tag-cameroun"],"yoast_head":"<!-- This site is optimized with the Yoast SEO Premium plugin v26.1 (Yoast SEO v27.0) - https:\/\/yoast.com\/product\/yoast-seo-premium-wordpress\/ -->\n<title>Parlement: Malgr\u00e9 son \u00e9tat grabataire, Marcel Niat Njifenji a \u00e9t\u00e9 r\u00e9\u00e9lu pr\u00e9sident du Senat - Cameroun<\/title>\n<meta name=\"description\" content=\"Les s\u00e9nateurs se sont retrouv\u00e9s ce jeudi \u00e0 partir de 16h au palais des Congr\u00e8s de Yaound\u00e9, pour une s\u00e9ance pl\u00e9ni\u00e8re cons ...\" \/>\n<meta name=\"robots\" content=\"index, follow, max-snippet:-1, max-image-preview:large, max-video-preview:-1\" \/>\n<link rel=\"canonical\" href=\"https:\/\/www.africa-press.net\/cameroun\/politique\/cameroun-parlement-malgre-son-etat-grabataire-marcel-niat-njifenji-a-ete-reelu-president-du-senat\" \/>\n<meta property=\"og:locale\" content=\"fr_FR\" \/>\n<meta property=\"og:type\" content=\"article\" \/>\n<meta property=\"og:title\" content=\"Parlement: Malgr\u00e9 son \u00e9tat grabataire, Marcel Niat Njifenji a \u00e9t\u00e9 r\u00e9\u00e9lu pr\u00e9sident du Senat\" \/>\n<meta property=\"og:description\" content=\"Les s\u00e9nateurs se sont retrouv\u00e9s ce jeudi \u00e0 partir de 16h au palais des Congr\u00e8s de Yaound\u00e9, pour une s\u00e9ance pl\u00e9ni\u00e8re cons ...\" \/>\n<meta property=\"og:url\" content=\"https:\/\/www.africa-press.net\/cameroun\/politique\/cameroun-parlement-malgre-son-etat-grabataire-marcel-niat-njifenji-a-ete-reelu-president-du-senat\" \/>\n<meta property=\"og:site_name\" content=\"Cameroun\" \/>\n<meta property=\"article:published_time\" content=\"2021-03-18T23:41:08+00:00\" \/>\n<meta property=\"article:modified_time\" content=\"2021-03-22T05:17:30+00:00\" \/>\n<meta property=\"og:image\" content=\"https:\/\/static.africa-press.net\/cameroun\/sites\/57\/2021\/03\/img-6053fa9996261.jpg\" \/>\n\t<meta property=\"og:image:width\" content=\"800\" \/>\n\t<meta property=\"og:image:height\" content=\"444\" \/>\n\t<meta property=\"og:image:type\" content=\"image\/jpeg\" \/>\n<meta name=\"author\" content=\"cfeditorfr\" \/>\n<meta name=\"twitter:card\" content=\"summary_large_image\" \/>\n<meta name=\"twitter:label1\" content=\"\u00c9crit par\" \/>\n\t<meta name=\"twitter:data1\" content=\"cfeditorfr\" \/>\n\t<meta name=\"twitter:label2\" content=\"Dur\u00e9e de lecture estim\u00e9e\" \/>\n\t<meta name=\"twitter:data2\" content=\"1 minute\" \/>\n<script type=\"application\/ld+json\" class=\"yoast-schema-graph\">{\"@context\":\"https:\/\/schema.org\",\"@graph\":[{\"@type\":\"Article\",\"@id\":\"https:\/\/www.africa-press.net\/cameroun\/politique\/cameroun-parlement-malgre-son-etat-grabataire-marcel-niat-njifenji-a-ete-reelu-president-du-senat#article\",\"isPartOf\":{\"@id\":\"https:\/\/www.africa-press.net\/cameroun\/politique\/cameroun-parlement-malgre-son-etat-grabataire-marcel-niat-njifenji-a-ete-reelu-president-du-senat\"},\"author\":{\"name\":\"cfeditorfr\",\"@id\":\"https:\/\/www.africa-press.net\/cameroun\/#\/schema\/person\/2b1cf3cd81a31e3cd26889ca66d677f1\"},\"headline\":\"Parlement: Malgr\u00e9 son \u00e9tat grabataire, Marcel Niat Njifenji a \u00e9t\u00e9 r\u00e9\u00e9lu pr\u00e9sident du Senat\",\"datePublished\":\"2021-03-18T23:41:08+00:00\",\"dateModified\":\"2021-03-22T05:17:30+00:00\",\"mainEntityOfPage\":{\"@id\":\"https:\/\/www.africa-press.net\/cameroun\/politique\/cameroun-parlement-malgre-son-etat-grabataire-marcel-niat-njifenji-a-ete-reelu-president-du-senat\"},\"wordCount\":292,\"commentCount\":0,\"image\":{\"@id\":\"https:\/\/www.africa-press.net\/cameroun\/politique\/cameroun-parlement-malgre-son-etat-grabataire-marcel-niat-njifenji-a-ete-reelu-president-du-senat#primaryimage\"},\"thumbnailUrl\":\"https:\/\/static.africa-press.net\/cameroun\/sites\/57\/2021\/03\/img-6053fa9996261.jpg\",\"keywords\":[\"Africa Press\",\"Africa Press-Cameroun\",\"Cameroun\"],\"articleSection\":[\"homepage-french\",\"Politique\",\"Top Nouvelles\",\"Toutes les actualit\u00e9s\"],\"inLanguage\":\"fr-FR\",\"potentialAction\":[{\"@type\":\"CommentAction\",\"name\":\"Comment\",\"target\":[\"https:\/\/www.africa-press.net\/cameroun\/politique\/cameroun-parlement-malgre-son-etat-grabataire-marcel-niat-njifenji-a-ete-reelu-president-du-senat#respond\"]}]},{\"@type\":\"WebPage\",\"@id\":\"https:\/\/www.africa-press.net\/cameroun\/politique\/cameroun-parlement-malgre-son-etat-grabataire-marcel-niat-njifenji-a-ete-reelu-president-du-senat\",\"url\":\"https:\/\/www.africa-press.net\/cameroun\/politique\/cameroun-parlement-malgre-son-etat-grabataire-marcel-niat-njifenji-a-ete-reelu-president-du-senat\",\"name\":\"Parlement: Malgr\u00e9 son \u00e9tat grabataire, Marcel Niat Njifenji a \u00e9t\u00e9 r\u00e9\u00e9lu pr\u00e9sident du Senat - Cameroun\",\"isPartOf\":{\"@id\":\"https:\/\/www.africa-press.net\/cameroun\/#website\"},\"primaryImageOfPage\":{\"@id\":\"https:\/\/www.africa-press.net\/cameroun\/politique\/cameroun-parlement-malgre-son-etat-grabataire-marcel-niat-njifenji-a-ete-reelu-president-du-senat#primaryimage\"},\"image\":{\"@id\":\"https:\/\/www.africa-press.net\/cameroun\/politique\/cameroun-parlement-malgre-son-etat-grabataire-marcel-niat-njifenji-a-ete-reelu-president-du-senat#primaryimage\"},\"thumbnailUrl\":\"https:\/\/static.africa-press.net\/cameroun\/sites\/57\/2021\/03\/img-6053fa9996261.jpg\",\"datePublished\":\"2021-03-18T23:41:08+00:00\",\"dateModified\":\"2021-03-22T05:17:30+00:00\",\"author\":{\"@id\":\"https:\/\/www.africa-press.net\/cameroun\/#\/schema\/person\/2b1cf3cd81a31e3cd26889ca66d677f1\"},\"description\":\"Les s\u00e9nateurs se sont retrouv\u00e9s ce jeudi \u00e0 partir de 16h au palais des Congr\u00e8s de Yaound\u00e9, pour une s\u00e9ance pl\u00e9ni\u00e8re cons ...\",\"breadcrumb\":{\"@id\":\"https:\/\/www.africa-press.net\/cameroun\/politique\/cameroun-parlement-malgre-son-etat-grabataire-marcel-niat-njifenji-a-ete-reelu-president-du-senat#breadcrumb\"},\"inLanguage\":\"fr-FR\",\"potentialAction\":[{\"@type\":\"ReadAction\",\"target\":[\"https:\/\/www.africa-press.net\/cameroun\/politique\/cameroun-parlement-malgre-son-etat-grabataire-marcel-niat-njifenji-a-ete-reelu-president-du-senat\"]}]},{\"@type\":\"ImageObject\",\"inLanguage\":\"fr-FR\",\"@id\":\"https:\/\/www.africa-press.net\/cameroun\/politique\/cameroun-parlement-malgre-son-etat-grabataire-marcel-niat-njifenji-a-ete-reelu-president-du-senat#primaryimage\",\"url\":\"https:\/\/static.africa-press.net\/cameroun\/sites\/57\/2021\/03\/img-6053fa9996261.jpg\",\"contentUrl\":\"https:\/\/static.africa-press.net\/cameroun\/sites\/57\/2021\/03\/img-6053fa9996261.jpg\",\"width\":800,\"height\":444,\"caption\":\"Cameroun - Parlement: Malgr\u00e9 son \u00e9tat grabataire, Marcel Niat Njifenji a \u00e9t\u00e9 r\u00e9\u00e9lu pr\u00e9sident du Senat\"},{\"@type\":\"BreadcrumbList\",\"@id\":\"https:\/\/www.africa-press.net\/cameroun\/politique\/cameroun-parlement-malgre-son-etat-grabataire-marcel-niat-njifenji-a-ete-reelu-president-du-senat#breadcrumb\",\"itemListElement\":[{\"@type\":\"ListItem\",\"position\":1,\"name\":\"Accueil\",\"item\":\"https:\/\/www.africa-press.net\/cameroun\/\"},{\"@type\":\"ListItem\",\"position\":2,\"name\":\"Parlement: Malgr\u00e9 son \u00e9tat grabataire, Marcel Niat Njifenji a \u00e9t\u00e9 r\u00e9\u00e9lu pr\u00e9sident du Senat\"}]},{\"@type\":\"WebSite\",\"@id\":\"https:\/\/www.africa-press.net\/cameroun\/#website\",\"url\":\"https:\/\/www.africa-press.net\/cameroun\/\",\"name\":\"Cameroun\",\"description\":\"Just another Africa News Agency Sites site\",\"potentialAction\":[{\"@type\":\"SearchAction\",\"target\":{\"@type\":\"EntryPoint\",\"urlTemplate\":\"https:\/\/www.africa-press.net\/cameroun\/?s={search_term_string}\"},\"query-input\":{\"@type\":\"PropertyValueSpecification\",\"valueRequired\":true,\"valueName\":\"search_term_string\"}}],\"inLanguage\":\"fr-FR\"},{\"@type\":\"Person\",\"@id\":\"https:\/\/www.africa-press.net\/cameroun\/#\/schema\/person\/2b1cf3cd81a31e3cd26889ca66d677f1\",\"name\":\"cfeditorfr\"}]}<\/script>\n<!-- \/ Yoast SEO Premium plugin. -->","yoast_head_json":{"title":"Parlement: Malgr\u00e9 son \u00e9tat grabataire, Marcel Niat Njifenji a \u00e9t\u00e9 r\u00e9\u00e9lu pr\u00e9sident du Senat - Cameroun","description":"Les s\u00e9nateurs se sont retrouv\u00e9s ce jeudi \u00e0 partir de 16h au palais des Congr\u00e8s de Yaound\u00e9, pour une s\u00e9ance pl\u00e9ni\u00e8re cons ...","robots":{"index":"index","follow":"follow","max-snippet":"max-snippet:-1","max-image-preview":"max-image-preview:large","max-video-preview":"max-video-preview:-1"},"canonical":"https:\/\/www.africa-press.net\/cameroun\/politique\/cameroun-parlement-malgre-son-etat-grabataire-marcel-niat-njifenji-a-ete-reelu-president-du-senat","og_locale":"fr_FR","og_type":"article","og_title":"Parlement: Malgr\u00e9 son \u00e9tat grabataire, Marcel Niat Njifenji a \u00e9t\u00e9 r\u00e9\u00e9lu pr\u00e9sident du Senat","og_description":"Les s\u00e9nateurs se sont retrouv\u00e9s ce jeudi \u00e0 partir de 16h au palais des Congr\u00e8s de Yaound\u00e9, pour une s\u00e9ance pl\u00e9ni\u00e8re cons ...","og_url":"https:\/\/www.africa-press.net\/cameroun\/politique\/cameroun-parlement-malgre-son-etat-grabataire-marcel-niat-njifenji-a-ete-reelu-president-du-senat","og_site_name":"Cameroun","article_published_time":"2021-03-18T23:41:08+00:00","article_modified_time":"2021-03-22T05:17:30+00:00","og_image":[{"width":800,"height":444,"url":"https:\/\/static.africa-press.net\/cameroun\/sites\/57\/2021\/03\/img-6053fa9996261.jpg","type":"image\/jpeg"}],"author":"cfeditorfr","twitter_card":"summary_large_image","twitter_misc":{"\u00c9crit par":"cfeditorfr","Dur\u00e9e de lecture estim\u00e9e":"1 minute"},"schema":{"@context":"https:\/\/schema.org","@graph":[{"@type":"Article","@id":"https:\/\/www.africa-press.net\/cameroun\/politique\/cameroun-parlement-malgre-son-etat-grabataire-marcel-niat-njifenji-a-ete-reelu-president-du-senat#article","isPartOf":{"@id":"https:\/\/www.africa-press.net\/cameroun\/politique\/cameroun-parlement-malgre-son-etat-grabataire-marcel-niat-njifenji-a-ete-reelu-president-du-senat"},"author":{"name":"cfeditorfr","@id":"https:\/\/www.africa-press.net\/cameroun\/#\/schema\/person\/2b1cf3cd81a31e3cd26889ca66d677f1"},"headline":"Parlement: Malgr\u00e9 son \u00e9tat grabataire, Marcel Niat Njifenji a \u00e9t\u00e9 r\u00e9\u00e9lu pr\u00e9sident du Senat","datePublished":"2021-03-18T23:41:08+00:00","dateModified":"2021-03-22T05:17:30+00:00","mainEntityOfPage":{"@id":"https:\/\/www.africa-press.net\/cameroun\/politique\/cameroun-parlement-malgre-son-etat-grabataire-marcel-niat-njifenji-a-ete-reelu-president-du-senat"},"wordCount":292,"commentCount":0,"image":{"@id":"https:\/\/www.africa-press.net\/cameroun\/politique\/cameroun-parlement-malgre-son-etat-grabataire-marcel-niat-njifenji-a-ete-reelu-president-du-senat#primaryimage"},"thumbnailUrl":"https:\/\/static.africa-press.net\/cameroun\/sites\/57\/2021\/03\/img-6053fa9996261.jpg","keywords":["Africa Press","Africa Press-Cameroun","Cameroun"],"articleSection":["homepage-french","Politique","Top Nouvelles","Toutes les actualit\u00e9s"],"inLanguage":"fr-FR","potentialAction":[{"@type":"CommentAction","name":"Comment","target":["https:\/\/www.africa-press.net\/cameroun\/politique\/cameroun-parlement-malgre-son-etat-grabataire-marcel-niat-njifenji-a-ete-reelu-president-du-senat#respond"]}]},{"@type":"WebPage","@id":"https:\/\/www.africa-press.net\/cameroun\/politique\/cameroun-parlement-malgre-son-etat-grabataire-marcel-niat-njifenji-a-ete-reelu-president-du-senat","url":"https:\/\/www.africa-press.net\/cameroun\/politique\/cameroun-parlement-malgre-son-etat-grabataire-marcel-niat-njifenji-a-ete-reelu-president-du-senat","name":"Parlement: Malgr\u00e9 son \u00e9tat grabataire, Marcel Niat Njifenji a \u00e9t\u00e9 r\u00e9\u00e9lu pr\u00e9sident du Senat - Cameroun","isPartOf":{"@id":"https:\/\/www.africa-press.net\/cameroun\/#website"},"primaryImageOfPage":{"@id":"https:\/\/www.africa-press.net\/cameroun\/politique\/cameroun-parlement-malgre-son-etat-grabataire-marcel-niat-njifenji-a-ete-reelu-president-du-senat#primaryimage"},"image":{"@id":"https:\/\/www.africa-press.net\/cameroun\/politique\/cameroun-parlement-malgre-son-etat-grabataire-marcel-niat-njifenji-a-ete-reelu-president-du-senat#primaryimage"},"thumbnailUrl":"https:\/\/static.africa-press.net\/cameroun\/sites\/57\/2021\/03\/img-6053fa9996261.jpg","datePublished":"2021-03-18T23:41:08+00:00","dateModified":"2021-03-22T05:17:30+00:00","author":{"@id":"https:\/\/www.africa-press.net\/cameroun\/#\/schema\/person\/2b1cf3cd81a31e3cd26889ca66d677f1"},"description":"Les s\u00e9nateurs se sont retrouv\u00e9s ce jeudi \u00e0 partir de 16h au palais des Congr\u00e8s de Yaound\u00e9, pour une s\u00e9ance pl\u00e9ni\u00e8re cons ...","breadcrumb":{"@id":"https:\/\/www.africa-press.net\/cameroun\/politique\/cameroun-parlement-malgre-son-etat-grabataire-marcel-niat-njifenji-a-ete-reelu-president-du-senat#breadcrumb"},"inLanguage":"fr-FR","potentialAction":[{"@type":"ReadAction","target":["https:\/\/www.africa-press.net\/cameroun\/politique\/cameroun-parlement-malgre-son-etat-grabataire-marcel-niat-njifenji-a-ete-reelu-president-du-senat"]}]},{"@type":"ImageObject","inLanguage":"fr-FR","@id":"https:\/\/www.africa-press.net\/cameroun\/politique\/cameroun-parlement-malgre-son-etat-grabataire-marcel-niat-njifenji-a-ete-reelu-president-du-senat#primaryimage","url":"https:\/\/static.africa-press.net\/cameroun\/sites\/57\/2021\/03\/img-6053fa9996261.jpg","contentUrl":"https:\/\/static.africa-press.net\/cameroun\/sites\/57\/2021\/03\/img-6053fa9996261.jpg","width":800,"height":444,"caption":"Cameroun - Parlement: Malgr\u00e9 son \u00e9tat grabataire, Marcel Niat Njifenji a \u00e9t\u00e9 r\u00e9\u00e9lu pr\u00e9sident du Senat"},{"@type":"BreadcrumbList","@id":"https:\/\/www.africa-press.net\/cameroun\/politique\/cameroun-parlement-malgre-son-etat-grabataire-marcel-niat-njifenji-a-ete-reelu-president-du-senat#breadcrumb","itemListElement":[{"@type":"ListItem","position":1,"name":"Accueil","item":"https:\/\/www.africa-press.net\/cameroun\/"},{"@type":"ListItem","position":2,"name":"Parlement: Malgr\u00e9 son \u00e9tat grabataire, Marcel Niat Njifenji a \u00e9t\u00e9 r\u00e9\u00e9lu pr\u00e9sident du Senat"}]},{"@type":"WebSite","@id":"https:\/\/www.africa-press.net\/cameroun\/#website","url":"https:\/\/www.africa-press.net\/cameroun\/","name":"Cameroun","description":"Just another Africa News Agency Sites site","potentialAction":[{"@type":"SearchAction","target":{"@type":"EntryPoint","urlTemplate":"https:\/\/www.africa-press.net\/cameroun\/?s={search_term_string}"},"query-input":{"@type":"PropertyValueSpecification","valueRequired":true,"valueName":"search_term_string"}}],"inLanguage":"fr-FR"},{"@type":"Person","@id":"https:\/\/www.africa-press.net\/cameroun\/#\/schema\/person\/2b1cf3cd81a31e3cd26889ca66d677f1","name":"cfeditorfr"}]}},"_links":{"self":[{"href":"https:\/\/www.africa-press.net\/cameroun\/wp-json\/wp\/v2\/posts\/1339","targetHints":{"allow":["GET"]}}],"collection":[{"href":"https:\/\/www.africa-press.net\/cameroun\/wp-json\/wp\/v2\/posts"}],"about":[{"href":"https:\/\/www.africa-press.net\/cameroun\/wp-json\/wp\/v2\/types\/post"}],"author":[{"embeddable":true,"href":"https:\/\/www.africa-press.net\/cameroun\/wp-json\/wp\/v2\/users\/82"}],"replies":[{"embeddable":true,"href":"https:\/\/www.africa-press.net\/cameroun\/wp-json\/wp\/v2\/comments?post=1339"}],"version-history":[{"count":0,"href":"https:\/\/www.africa-press.net\/cameroun\/wp-json\/wp\/v2\/posts\/1339\/revisions"}],"wp:featuredmedia":[{"embeddable":true,"href":"https:\/\/www.africa-press.net\/cameroun\/wp-json\/wp\/v2\/media\/1338"}],"wp:attachment":[{"href":"https:\/\/www.africa-press.net\/cameroun\/wp-json\/wp\/v2\/media?parent=1339"}],"wp:term":[{"taxonomy":"category","embeddable":true,"href":"https:\/\/www.africa-press.net\/cameroun\/wp-json\/wp\/v2\/categories?post=1339"},{"taxonomy":"post_tag","embeddable":true,"href":"https:\/\/www.africa-press.net\/cameroun\/wp-json\/wp\/v2\/tags?post=1339"}],"curies":[{"name":"wp","href":"https:\/\/api.w.org\/{rel}","templated":true}]}}