{"id":1366,"date":"2021-03-19T09:42:43","date_gmt":"2021-03-19T09:42:43","guid":{"rendered":"https:\/\/www.africa-press.net\/cameroun\/politique\/cameroun-football-eliminatoires-can-2021-antonio-conceicao-fait-une-croix-sur-les-internationaux-camerounais-evoluant-en-france-et-convoque-6-autres-joueurs"},"modified":"2021-03-22T05:17:18","modified_gmt":"2021-03-22T05:17:18","slug":"cameroun-football-eliminatoires-can-2021-antonio-conceicao-fait-une-croix-sur-les-internationaux-camerounais-evoluant-en-france-et-convoque-6-autres-joueurs","status":"publish","type":"post","link":"https:\/\/www.africa-press.net\/cameroun\/sports\/cameroun-football-eliminatoires-can-2021-antonio-conceicao-fait-une-croix-sur-les-internationaux-camerounais-evoluant-en-france-et-convoque-6-autres-joueurs","title":{"rendered":"Football\/\u00c9liminatoires CAN 2021: Antonio Concei\u00e7ao fait une croix sur les internationaux camerounais \u00e9voluant en France et convoque 6 autres joueurs"},"content":{"rendered":"<p><span style=\"color: #ff6600\"><strong><a href=\"https:\/\/www.africa-press.net\/\">Africa-Press<\/a> &#8211; <a href=\"https:\/\/www.africa-press.net\/cameroun\">Cameroun<\/a>. <\/strong><\/span>Pris au d\u00e9pourvu par la d\u00e9cision prise par les clubs fran\u00e7ais, qui dans leur totalit\u00e9 ont d\u00e9cid\u00e9 de ne pas lib\u00e9rer leurs internationaux non-europ\u00e9ens pendant la tr\u00eave internationale, Antonio Concei\u00e7ao a \u00e9t\u00e9 contraint de revoir ses plans. Il a notamment d\u00fb remplacer 5 joueurs qui figuraient dans sa liste initiale rendue publique le mardi 16 mars 2021. Il s\u2019agit d\u2019Harold Moukidi (AS Saint-Etienne), Yvan Neyou (AS Saint-Etienne), Karl Toko Ekambi (Olympique Lyonnais), St\u00e9phane Bahoken (Angers) et Jean Charles Castelleto (FC Nantes).<\/p>\n<p>Pour les remplacer, le technicien portugais a fait appel \u00e0 six joueurs dont 4 \u00e9voluant en Europe et 2 dans le championnat local. Clinton Njie (Dynamo Moscou) fait ainsi son retour, tout comme Michael Ngadeu (La Gantoise), Kunde Malong (Mayence) et le petit nouveau Yan Brice Eteki (Grenade). Au niveau local, ce sont Banga Bidjeme, le joueur de Coton Sport de Garoua, qui a notamment brill\u00e9 lors du dernier CHAN organis\u00e9 \u00e0 domicile, et Ngnowa Ire, de Colombes du Dja, qui ont \u00e9t\u00e9 choisis par le s\u00e9lectionneur des Lions Seniors.<\/p>\n<p>Le Cameroun affronte le Cap-Vert le 26 mars 2021 \u00e0 Praia et le Rwanda le 30 mars \u00e0 Douala.<\/p>\n<p><b>Liste actualis\u00e9e des Lions Indomptables.<\/b><\/p>\n","protected":false},"excerpt":{"rendered":"<p>Africa-Press &#8211; Cameroun. Pris au d\u00e9pourvu par la d\u00e9cision prise par les clubs fran\u00e7ais, qui dans leur totalit\u00e9 ont d\u00e9cid\u00e9 de ne pas lib\u00e9rer leurs internationaux non-europ\u00e9ens pendant la tr\u00eave internationale, Antonio Concei\u00e7ao a \u00e9t\u00e9 contraint de revoir ses plans. Il a notamment d\u00fb remplacer 5 joueurs qui figuraient dans sa liste initiale rendue publique [&hellip;]<\/p>\n","protected":false},"author":82,"featured_media":1365,"comment_status":"open","ping_status":"closed","sticky":false,"template":"","format":"standard","meta":{"footnotes":""},"categories":[11,6,10],"tags":[36,50,49],"class_list":["post-1366","post","type-post","status-publish","format-standard","has-post-thumbnail","hentry","category-homepage-french","category-sports","category-toutes-les-actualites","tag-africa-press","tag-africa-press-cameroun","tag-cameroun"],"yoast_head":"<!-- This site is optimized with the Yoast SEO Premium plugin v26.1 (Yoast SEO v27.0) - https:\/\/yoast.com\/product\/yoast-seo-premium-wordpress\/ -->\n<title>Football\/\u00c9liminatoires CAN 2021: Antonio Concei\u00e7ao fait une croix sur les internationaux camerounais \u00e9voluant en France et convoque 6 autres joueurs - Cameroun<\/title>\n<meta name=\"description\" content=\"Pris au d\u00e9pourvu par la d\u00e9cision prise par les clubs fran\u00e7ais, qui dans leur totalit\u00e9 ont d\u00e9cid\u00e9 de ne pas lib\u00e9rer leurs ...\" \/>\n<meta name=\"robots\" content=\"index, follow, max-snippet:-1, max-image-preview:large, max-video-preview:-1\" \/>\n<link rel=\"canonical\" href=\"https:\/\/www.africa-press.net\/cameroun\/sports\/cameroun-football-eliminatoires-can-2021-antonio-conceicao-fait-une-croix-sur-les-internationaux-camerounais-evoluant-en-france-et-convoque-6-autres-joueurs\" \/>\n<meta property=\"og:locale\" content=\"fr_FR\" \/>\n<meta property=\"og:type\" content=\"article\" \/>\n<meta property=\"og:title\" content=\"Football\/\u00c9liminatoires CAN 2021: Antonio Concei\u00e7ao fait une croix sur les internationaux camerounais \u00e9voluant en France et convoque 6 autres joueurs\" \/>\n<meta property=\"og:description\" content=\"Pris au d\u00e9pourvu par la d\u00e9cision prise par les clubs fran\u00e7ais, qui dans leur totalit\u00e9 ont d\u00e9cid\u00e9 de ne pas lib\u00e9rer leurs ...\" \/>\n<meta property=\"og:url\" content=\"https:\/\/www.africa-press.net\/cameroun\/sports\/cameroun-football-eliminatoires-can-2021-antonio-conceicao-fait-une-croix-sur-les-internationaux-camerounais-evoluant-en-france-et-convoque-6-autres-joueurs\" \/>\n<meta property=\"og:site_name\" content=\"Cameroun\" \/>\n<meta property=\"article:published_time\" content=\"2021-03-19T09:42:43+00:00\" \/>\n<meta property=\"article:modified_time\" content=\"2021-03-22T05:17:18+00:00\" \/>\n<meta property=\"og:image\" content=\"https:\/\/static.africa-press.net\/cameroun\/sites\/57\/2021\/03\/img-60581e57a165e.jpg\" \/>\n\t<meta property=\"og:image:width\" content=\"800\" \/>\n\t<meta property=\"og:image:height\" content=\"533\" \/>\n\t<meta property=\"og:image:type\" content=\"image\/jpeg\" \/>\n<meta name=\"author\" content=\"cfeditorfr\" \/>\n<meta name=\"twitter:card\" content=\"summary_large_image\" \/>\n<meta name=\"twitter:label1\" content=\"\u00c9crit par\" \/>\n\t<meta name=\"twitter:data1\" content=\"cfeditorfr\" \/>\n\t<meta name=\"twitter:label2\" content=\"Dur\u00e9e de lecture estim\u00e9e\" \/>\n\t<meta name=\"twitter:data2\" content=\"1 minute\" \/>\n<script type=\"application\/ld+json\" class=\"yoast-schema-graph\">{\"@context\":\"https:\/\/schema.org\",\"@graph\":[{\"@type\":\"Article\",\"@id\":\"https:\/\/www.africa-press.net\/cameroun\/sports\/cameroun-football-eliminatoires-can-2021-antonio-conceicao-fait-une-croix-sur-les-internationaux-camerounais-evoluant-en-france-et-convoque-6-autres-joueurs#article\",\"isPartOf\":{\"@id\":\"https:\/\/www.africa-press.net\/cameroun\/sports\/cameroun-football-eliminatoires-can-2021-antonio-conceicao-fait-une-croix-sur-les-internationaux-camerounais-evoluant-en-france-et-convoque-6-autres-joueurs\"},\"author\":{\"name\":\"cfeditorfr\",\"@id\":\"https:\/\/www.africa-press.net\/cameroun\/#\/schema\/person\/2b1cf3cd81a31e3cd26889ca66d677f1\"},\"headline\":\"Football\/\u00c9liminatoires CAN 2021: Antonio Concei\u00e7ao fait une croix sur les internationaux camerounais \u00e9voluant en France et convoque 6 autres joueurs\",\"datePublished\":\"2021-03-19T09:42:43+00:00\",\"dateModified\":\"2021-03-22T05:17:18+00:00\",\"mainEntityOfPage\":{\"@id\":\"https:\/\/www.africa-press.net\/cameroun\/sports\/cameroun-football-eliminatoires-can-2021-antonio-conceicao-fait-une-croix-sur-les-internationaux-camerounais-evoluant-en-france-et-convoque-6-autres-joueurs\"},\"wordCount\":219,\"commentCount\":0,\"image\":{\"@id\":\"https:\/\/www.africa-press.net\/cameroun\/sports\/cameroun-football-eliminatoires-can-2021-antonio-conceicao-fait-une-croix-sur-les-internationaux-camerounais-evoluant-en-france-et-convoque-6-autres-joueurs#primaryimage\"},\"thumbnailUrl\":\"https:\/\/static.africa-press.net\/cameroun\/sites\/57\/2021\/03\/img-60581e57a165e.jpg\",\"keywords\":[\"Africa Press\",\"Africa Press-Cameroun\",\"Cameroun\"],\"articleSection\":[\"homepage-french\",\"Sports\",\"Toutes les actualit\u00e9s\"],\"inLanguage\":\"fr-FR\",\"potentialAction\":[{\"@type\":\"CommentAction\",\"name\":\"Comment\",\"target\":[\"https:\/\/www.africa-press.net\/cameroun\/sports\/cameroun-football-eliminatoires-can-2021-antonio-conceicao-fait-une-croix-sur-les-internationaux-camerounais-evoluant-en-france-et-convoque-6-autres-joueurs#respond\"]}]},{\"@type\":\"WebPage\",\"@id\":\"https:\/\/www.africa-press.net\/cameroun\/sports\/cameroun-football-eliminatoires-can-2021-antonio-conceicao-fait-une-croix-sur-les-internationaux-camerounais-evoluant-en-france-et-convoque-6-autres-joueurs\",\"url\":\"https:\/\/www.africa-press.net\/cameroun\/sports\/cameroun-football-eliminatoires-can-2021-antonio-conceicao-fait-une-croix-sur-les-internationaux-camerounais-evoluant-en-france-et-convoque-6-autres-joueurs\",\"name\":\"Football\/\u00c9liminatoires CAN 2021: Antonio Concei\u00e7ao fait une croix sur les internationaux camerounais \u00e9voluant en France et convoque 6 autres joueurs - Cameroun\",\"isPartOf\":{\"@id\":\"https:\/\/www.africa-press.net\/cameroun\/#website\"},\"primaryImageOfPage\":{\"@id\":\"https:\/\/www.africa-press.net\/cameroun\/sports\/cameroun-football-eliminatoires-can-2021-antonio-conceicao-fait-une-croix-sur-les-internationaux-camerounais-evoluant-en-france-et-convoque-6-autres-joueurs#primaryimage\"},\"image\":{\"@id\":\"https:\/\/www.africa-press.net\/cameroun\/sports\/cameroun-football-eliminatoires-can-2021-antonio-conceicao-fait-une-croix-sur-les-internationaux-camerounais-evoluant-en-france-et-convoque-6-autres-joueurs#primaryimage\"},\"thumbnailUrl\":\"https:\/\/static.africa-press.net\/cameroun\/sites\/57\/2021\/03\/img-60581e57a165e.jpg\",\"datePublished\":\"2021-03-19T09:42:43+00:00\",\"dateModified\":\"2021-03-22T05:17:18+00:00\",\"author\":{\"@id\":\"https:\/\/www.africa-press.net\/cameroun\/#\/schema\/person\/2b1cf3cd81a31e3cd26889ca66d677f1\"},\"description\":\"Pris au d\u00e9pourvu par la d\u00e9cision prise par les clubs fran\u00e7ais, qui dans leur totalit\u00e9 ont d\u00e9cid\u00e9 de ne pas lib\u00e9rer leurs ...\",\"breadcrumb\":{\"@id\":\"https:\/\/www.africa-press.net\/cameroun\/sports\/cameroun-football-eliminatoires-can-2021-antonio-conceicao-fait-une-croix-sur-les-internationaux-camerounais-evoluant-en-france-et-convoque-6-autres-joueurs#breadcrumb\"},\"inLanguage\":\"fr-FR\",\"potentialAction\":[{\"@type\":\"ReadAction\",\"target\":[\"https:\/\/www.africa-press.net\/cameroun\/sports\/cameroun-football-eliminatoires-can-2021-antonio-conceicao-fait-une-croix-sur-les-internationaux-camerounais-evoluant-en-france-et-convoque-6-autres-joueurs\"]}]},{\"@type\":\"ImageObject\",\"inLanguage\":\"fr-FR\",\"@id\":\"https:\/\/www.africa-press.net\/cameroun\/sports\/cameroun-football-eliminatoires-can-2021-antonio-conceicao-fait-une-croix-sur-les-internationaux-camerounais-evoluant-en-france-et-convoque-6-autres-joueurs#primaryimage\",\"url\":\"https:\/\/static.africa-press.net\/cameroun\/sites\/57\/2021\/03\/img-60581e57a165e.jpg\",\"contentUrl\":\"https:\/\/static.africa-press.net\/cameroun\/sites\/57\/2021\/03\/img-60581e57a165e.jpg\",\"width\":800,\"height\":533,\"caption\":\"Cameroun - Football\/\u00c9liminatoires CAN 2021: Antonio Concei\u00e7ao fait une croix sur les internationaux camerounais \u00e9voluant en France et convoque 6 autres joueurs\"},{\"@type\":\"BreadcrumbList\",\"@id\":\"https:\/\/www.africa-press.net\/cameroun\/sports\/cameroun-football-eliminatoires-can-2021-antonio-conceicao-fait-une-croix-sur-les-internationaux-camerounais-evoluant-en-france-et-convoque-6-autres-joueurs#breadcrumb\",\"itemListElement\":[{\"@type\":\"ListItem\",\"position\":1,\"name\":\"Accueil\",\"item\":\"https:\/\/www.africa-press.net\/cameroun\/\"},{\"@type\":\"ListItem\",\"position\":2,\"name\":\"Football\/\u00c9liminatoires CAN 2021: Antonio Concei\u00e7ao fait une croix sur les internationaux camerounais \u00e9voluant en France et convoque 6 autres joueurs\"}]},{\"@type\":\"WebSite\",\"@id\":\"https:\/\/www.africa-press.net\/cameroun\/#website\",\"url\":\"https:\/\/www.africa-press.net\/cameroun\/\",\"name\":\"Cameroun\",\"description\":\"Just another Africa News Agency Sites site\",\"potentialAction\":[{\"@type\":\"SearchAction\",\"target\":{\"@type\":\"EntryPoint\",\"urlTemplate\":\"https:\/\/www.africa-press.net\/cameroun\/?s={search_term_string}\"},\"query-input\":{\"@type\":\"PropertyValueSpecification\",\"valueRequired\":true,\"valueName\":\"search_term_string\"}}],\"inLanguage\":\"fr-FR\"},{\"@type\":\"Person\",\"@id\":\"https:\/\/www.africa-press.net\/cameroun\/#\/schema\/person\/2b1cf3cd81a31e3cd26889ca66d677f1\",\"name\":\"cfeditorfr\"}]}<\/script>\n<!-- \/ Yoast SEO Premium plugin. -->","yoast_head_json":{"title":"Football\/\u00c9liminatoires CAN 2021: Antonio Concei\u00e7ao fait une croix sur les internationaux camerounais \u00e9voluant en France et convoque 6 autres joueurs - Cameroun","description":"Pris au d\u00e9pourvu par la d\u00e9cision prise par les clubs fran\u00e7ais, qui dans leur totalit\u00e9 ont d\u00e9cid\u00e9 de ne pas lib\u00e9rer leurs ...","robots":{"index":"index","follow":"follow","max-snippet":"max-snippet:-1","max-image-preview":"max-image-preview:large","max-video-preview":"max-video-preview:-1"},"canonical":"https:\/\/www.africa-press.net\/cameroun\/sports\/cameroun-football-eliminatoires-can-2021-antonio-conceicao-fait-une-croix-sur-les-internationaux-camerounais-evoluant-en-france-et-convoque-6-autres-joueurs","og_locale":"fr_FR","og_type":"article","og_title":"Football\/\u00c9liminatoires CAN 2021: Antonio Concei\u00e7ao fait une croix sur les internationaux camerounais \u00e9voluant en France et convoque 6 autres joueurs","og_description":"Pris au d\u00e9pourvu par la d\u00e9cision prise par les clubs fran\u00e7ais, qui dans leur totalit\u00e9 ont d\u00e9cid\u00e9 de ne pas lib\u00e9rer leurs ...","og_url":"https:\/\/www.africa-press.net\/cameroun\/sports\/cameroun-football-eliminatoires-can-2021-antonio-conceicao-fait-une-croix-sur-les-internationaux-camerounais-evoluant-en-france-et-convoque-6-autres-joueurs","og_site_name":"Cameroun","article_published_time":"2021-03-19T09:42:43+00:00","article_modified_time":"2021-03-22T05:17:18+00:00","og_image":[{"width":800,"height":533,"url":"https:\/\/static.africa-press.net\/cameroun\/sites\/57\/2021\/03\/img-60581e57a165e.jpg","type":"image\/jpeg"}],"author":"cfeditorfr","twitter_card":"summary_large_image","twitter_misc":{"\u00c9crit par":"cfeditorfr","Dur\u00e9e de lecture estim\u00e9e":"1 minute"},"schema":{"@context":"https:\/\/schema.org","@graph":[{"@type":"Article","@id":"https:\/\/www.africa-press.net\/cameroun\/sports\/cameroun-football-eliminatoires-can-2021-antonio-conceicao-fait-une-croix-sur-les-internationaux-camerounais-evoluant-en-france-et-convoque-6-autres-joueurs#article","isPartOf":{"@id":"https:\/\/www.africa-press.net\/cameroun\/sports\/cameroun-football-eliminatoires-can-2021-antonio-conceicao-fait-une-croix-sur-les-internationaux-camerounais-evoluant-en-france-et-convoque-6-autres-joueurs"},"author":{"name":"cfeditorfr","@id":"https:\/\/www.africa-press.net\/cameroun\/#\/schema\/person\/2b1cf3cd81a31e3cd26889ca66d677f1"},"headline":"Football\/\u00c9liminatoires CAN 2021: Antonio Concei\u00e7ao fait une croix sur les internationaux camerounais \u00e9voluant en France et convoque 6 autres joueurs","datePublished":"2021-03-19T09:42:43+00:00","dateModified":"2021-03-22T05:17:18+00:00","mainEntityOfPage":{"@id":"https:\/\/www.africa-press.net\/cameroun\/sports\/cameroun-football-eliminatoires-can-2021-antonio-conceicao-fait-une-croix-sur-les-internationaux-camerounais-evoluant-en-france-et-convoque-6-autres-joueurs"},"wordCount":219,"commentCount":0,"image":{"@id":"https:\/\/www.africa-press.net\/cameroun\/sports\/cameroun-football-eliminatoires-can-2021-antonio-conceicao-fait-une-croix-sur-les-internationaux-camerounais-evoluant-en-france-et-convoque-6-autres-joueurs#primaryimage"},"thumbnailUrl":"https:\/\/static.africa-press.net\/cameroun\/sites\/57\/2021\/03\/img-60581e57a165e.jpg","keywords":["Africa Press","Africa Press-Cameroun","Cameroun"],"articleSection":["homepage-french","Sports","Toutes les actualit\u00e9s"],"inLanguage":"fr-FR","potentialAction":[{"@type":"CommentAction","name":"Comment","target":["https:\/\/www.africa-press.net\/cameroun\/sports\/cameroun-football-eliminatoires-can-2021-antonio-conceicao-fait-une-croix-sur-les-internationaux-camerounais-evoluant-en-france-et-convoque-6-autres-joueurs#respond"]}]},{"@type":"WebPage","@id":"https:\/\/www.africa-press.net\/cameroun\/sports\/cameroun-football-eliminatoires-can-2021-antonio-conceicao-fait-une-croix-sur-les-internationaux-camerounais-evoluant-en-france-et-convoque-6-autres-joueurs","url":"https:\/\/www.africa-press.net\/cameroun\/sports\/cameroun-football-eliminatoires-can-2021-antonio-conceicao-fait-une-croix-sur-les-internationaux-camerounais-evoluant-en-france-et-convoque-6-autres-joueurs","name":"Football\/\u00c9liminatoires CAN 2021: Antonio Concei\u00e7ao fait une croix sur les internationaux camerounais \u00e9voluant en France et convoque 6 autres joueurs - Cameroun","isPartOf":{"@id":"https:\/\/www.africa-press.net\/cameroun\/#website"},"primaryImageOfPage":{"@id":"https:\/\/www.africa-press.net\/cameroun\/sports\/cameroun-football-eliminatoires-can-2021-antonio-conceicao-fait-une-croix-sur-les-internationaux-camerounais-evoluant-en-france-et-convoque-6-autres-joueurs#primaryimage"},"image":{"@id":"https:\/\/www.africa-press.net\/cameroun\/sports\/cameroun-football-eliminatoires-can-2021-antonio-conceicao-fait-une-croix-sur-les-internationaux-camerounais-evoluant-en-france-et-convoque-6-autres-joueurs#primaryimage"},"thumbnailUrl":"https:\/\/static.africa-press.net\/cameroun\/sites\/57\/2021\/03\/img-60581e57a165e.jpg","datePublished":"2021-03-19T09:42:43+00:00","dateModified":"2021-03-22T05:17:18+00:00","author":{"@id":"https:\/\/www.africa-press.net\/cameroun\/#\/schema\/person\/2b1cf3cd81a31e3cd26889ca66d677f1"},"description":"Pris au d\u00e9pourvu par la d\u00e9cision prise par les clubs fran\u00e7ais, qui dans leur totalit\u00e9 ont d\u00e9cid\u00e9 de ne pas lib\u00e9rer leurs ...","breadcrumb":{"@id":"https:\/\/www.africa-press.net\/cameroun\/sports\/cameroun-football-eliminatoires-can-2021-antonio-conceicao-fait-une-croix-sur-les-internationaux-camerounais-evoluant-en-france-et-convoque-6-autres-joueurs#breadcrumb"},"inLanguage":"fr-FR","potentialAction":[{"@type":"ReadAction","target":["https:\/\/www.africa-press.net\/cameroun\/sports\/cameroun-football-eliminatoires-can-2021-antonio-conceicao-fait-une-croix-sur-les-internationaux-camerounais-evoluant-en-france-et-convoque-6-autres-joueurs"]}]},{"@type":"ImageObject","inLanguage":"fr-FR","@id":"https:\/\/www.africa-press.net\/cameroun\/sports\/cameroun-football-eliminatoires-can-2021-antonio-conceicao-fait-une-croix-sur-les-internationaux-camerounais-evoluant-en-france-et-convoque-6-autres-joueurs#primaryimage","url":"https:\/\/static.africa-press.net\/cameroun\/sites\/57\/2021\/03\/img-60581e57a165e.jpg","contentUrl":"https:\/\/static.africa-press.net\/cameroun\/sites\/57\/2021\/03\/img-60581e57a165e.jpg","width":800,"height":533,"caption":"Cameroun - Football\/\u00c9liminatoires CAN 2021: Antonio Concei\u00e7ao fait une croix sur les internationaux camerounais \u00e9voluant en France et convoque 6 autres joueurs"},{"@type":"BreadcrumbList","@id":"https:\/\/www.africa-press.net\/cameroun\/sports\/cameroun-football-eliminatoires-can-2021-antonio-conceicao-fait-une-croix-sur-les-internationaux-camerounais-evoluant-en-france-et-convoque-6-autres-joueurs#breadcrumb","itemListElement":[{"@type":"ListItem","position":1,"name":"Accueil","item":"https:\/\/www.africa-press.net\/cameroun\/"},{"@type":"ListItem","position":2,"name":"Football\/\u00c9liminatoires CAN 2021: Antonio Concei\u00e7ao fait une croix sur les internationaux camerounais \u00e9voluant en France et convoque 6 autres joueurs"}]},{"@type":"WebSite","@id":"https:\/\/www.africa-press.net\/cameroun\/#website","url":"https:\/\/www.africa-press.net\/cameroun\/","name":"Cameroun","description":"Just another Africa News Agency Sites site","potentialAction":[{"@type":"SearchAction","target":{"@type":"EntryPoint","urlTemplate":"https:\/\/www.africa-press.net\/cameroun\/?s={search_term_string}"},"query-input":{"@type":"PropertyValueSpecification","valueRequired":true,"valueName":"search_term_string"}}],"inLanguage":"fr-FR"},{"@type":"Person","@id":"https:\/\/www.africa-press.net\/cameroun\/#\/schema\/person\/2b1cf3cd81a31e3cd26889ca66d677f1","name":"cfeditorfr"}]}},"_links":{"self":[{"href":"https:\/\/www.africa-press.net\/cameroun\/wp-json\/wp\/v2\/posts\/1366","targetHints":{"allow":["GET"]}}],"collection":[{"href":"https:\/\/www.africa-press.net\/cameroun\/wp-json\/wp\/v2\/posts"}],"about":[{"href":"https:\/\/www.africa-press.net\/cameroun\/wp-json\/wp\/v2\/types\/post"}],"author":[{"embeddable":true,"href":"https:\/\/www.africa-press.net\/cameroun\/wp-json\/wp\/v2\/users\/82"}],"replies":[{"embeddable":true,"href":"https:\/\/www.africa-press.net\/cameroun\/wp-json\/wp\/v2\/comments?post=1366"}],"version-history":[{"count":0,"href":"https:\/\/www.africa-press.net\/cameroun\/wp-json\/wp\/v2\/posts\/1366\/revisions"}],"wp:featuredmedia":[{"embeddable":true,"href":"https:\/\/www.africa-press.net\/cameroun\/wp-json\/wp\/v2\/media\/1365"}],"wp:attachment":[{"href":"https:\/\/www.africa-press.net\/cameroun\/wp-json\/wp\/v2\/media?parent=1366"}],"wp:term":[{"taxonomy":"category","embeddable":true,"href":"https:\/\/www.africa-press.net\/cameroun\/wp-json\/wp\/v2\/categories?post=1366"},{"taxonomy":"post_tag","embeddable":true,"href":"https:\/\/www.africa-press.net\/cameroun\/wp-json\/wp\/v2\/tags?post=1366"}],"curies":[{"name":"wp","href":"https:\/\/api.w.org\/{rel}","templated":true}]}}