{"id":1369,"date":"2021-03-19T09:53:18","date_gmt":"2021-03-19T09:53:18","guid":{"rendered":"https:\/\/www.africa-press.net\/cameroun\/politique\/cameroun-sante-dix-nouveaux-cas-de-cholera-detectes-a-douala-littoral"},"modified":"2021-03-22T05:17:12","modified_gmt":"2021-03-22T05:17:12","slug":"cameroun-sante-dix-nouveaux-cas-de-cholera-detectes-a-douala-littoral","status":"publish","type":"post","link":"https:\/\/www.africa-press.net\/cameroun\/toutes-les-actualites\/cameroun-sante-dix-nouveaux-cas-de-cholera-detectes-a-douala-littoral","title":{"rendered":"Sant\u00e9: Dix nouveaux cas de cholera d\u00e9tect\u00e9s \u00e0 Douala (Littoral)"},"content":{"rendered":"<p><span style=\"color: #ff6600\"><strong><a href=\"https:\/\/www.africa-press.net\/\">Africa-Press<\/a> &#8211; <a href=\"https:\/\/www.africa-press.net\/cameroun\">Cameroun<\/a>. <\/strong><\/span>Dix nouveaux cas de cholera d\u00e9tect\u00e9s \u00e0 Douala. L\u2019annonce a \u00e9t\u00e9 faite par le coordonateur r\u00e9gional de lutte contre les \u00e9pid\u00e9mies dans le Littoral, Dr Hans Moussi. C\u2019\u00e9tait au cours d\u2019une conf\u00e9rence de presse le 18 mars 2021 \u00e0 Douala. Ces nouveaux cas marquent le retour du cholera dans la capitale \u00e9conomique. Pour faire face \u00e0 cette r\u00e9surgence menace, une 2e phase de campagne de vaccination est pr\u00e9vue du 20 au 25 mars prochains dans le Littoral.<\/p>\n<p>\u00abCette riposte vient \u00e0 point nomm\u00e9 parce que durant l\u2019ann\u00e9e 2020, nous avons enregistr\u00e9 des cas de cholera dans la plupart de nos districts du Wouri et on a s\u00e9lectionn\u00e9 le district le plus en \u00e9pid\u00e9mie pour pouvoir riposter efficacement dans la communaut\u00e9 \u00bb, indique Dr Hans Moussi. Il pr\u00e9cise par ailleurs que \u00able vaccin contre le cholera se fait en deux doses et il a fallu que le gouvernement d\u00e9ploie tous les moyens pour que la population qui avait d\u00e9j\u00e0 b\u00e9n\u00e9fici\u00e9 de cette premi\u00e8re dose puisse \u00e9galement avoir la deuxi\u00e8me dose pour une couverture maximale d\u2019au moins trois ans\u00bb.<\/p>\n<p>Ce 2e tour de la riposte vaccinale contre le cholera dans le Littoral intervient apr\u00e8s le premier tour tenu du 1er au 14 ao\u00fbt 2020. En plus de la vaccination, le coordonateur r\u00e9gional de lutte contre les \u00e9pid\u00e9mies dans le Littoral rappelle que le lavage obligatoire des mains avant manipulation des aliments, l\u2019assainissement du milieu de vie, bref la propret\u00e9, sont les r\u00e8gles de protection \u00e0 respecter pour \u00e9viter le chol\u00e9ra, maladie diarrh\u00e9ique hautement contagieuse et mortelle.<\/p>\n<p>Cette deuxi\u00e8me campagne de vaccination comme la premi\u00e8re, intervient dans un contexte o\u00f9 le pays fait toujours face \u00e0 la pand\u00e9mie du Covid-19. D\u2019o\u00f9 l\u2019interpellation des responsables sanitaires \u00e0 accorder une attention particuli\u00e8re au cholera, dont les morts sont trait\u00e9s de la m\u00eame mani\u00e8re que ceux du Covid-19. D\u2019apr\u00e8s les derni\u00e8res statistiques de 2020, le cholera a atteint plus de 1000 personnes et caus\u00e9 plus de 100 morts dans quatre r\u00e9gions (Sud, Littoral, Sud-Ouest et Centre).<\/p>\n","protected":false},"excerpt":{"rendered":"<p>Africa-Press &#8211; Cameroun. Dix nouveaux cas de cholera d\u00e9tect\u00e9s \u00e0 Douala. L\u2019annonce a \u00e9t\u00e9 faite par le coordonateur r\u00e9gional de lutte contre les \u00e9pid\u00e9mies dans le Littoral, Dr Hans Moussi. C\u2019\u00e9tait au cours d\u2019une conf\u00e9rence de presse le 18 mars 2021 \u00e0 Douala. Ces nouveaux cas marquent le retour du cholera dans la capitale \u00e9conomique. [&hellip;]<\/p>\n","protected":false},"author":82,"featured_media":1368,"comment_status":"open","ping_status":"closed","sticky":false,"template":"","format":"standard","meta":{"footnotes":""},"categories":[21,11,10],"tags":[36,50,49],"class_list":["post-1369","post","type-post","status-publish","format-standard","has-post-thumbnail","hentry","category-communaute","category-homepage-french","category-toutes-les-actualites","tag-africa-press","tag-africa-press-cameroun","tag-cameroun"],"yoast_head":"<!-- This site is optimized with the Yoast SEO Premium plugin v26.1 (Yoast SEO v27.0) - https:\/\/yoast.com\/product\/yoast-seo-premium-wordpress\/ -->\n<title>Sant\u00e9: Dix nouveaux cas de cholera d\u00e9tect\u00e9s \u00e0 Douala (Littoral) - Cameroun<\/title>\n<meta name=\"description\" content=\"Dix nouveaux cas de cholera d\u00e9tect\u00e9s \u00e0 Douala. L\u2019annonce a \u00e9t\u00e9 faite par le coordonateur r\u00e9gional de lutte contre les \u00e9p ...\" \/>\n<meta name=\"robots\" content=\"index, follow, max-snippet:-1, max-image-preview:large, max-video-preview:-1\" \/>\n<link rel=\"canonical\" href=\"https:\/\/www.africa-press.net\/cameroun\/toutes-les-actualites\/cameroun-sante-dix-nouveaux-cas-de-cholera-detectes-a-douala-littoral\" \/>\n<meta property=\"og:locale\" content=\"fr_FR\" \/>\n<meta property=\"og:type\" content=\"article\" \/>\n<meta property=\"og:title\" content=\"Sant\u00e9: Dix nouveaux cas de cholera d\u00e9tect\u00e9s \u00e0 Douala (Littoral)\" \/>\n<meta property=\"og:description\" content=\"Dix nouveaux cas de cholera d\u00e9tect\u00e9s \u00e0 Douala. L\u2019annonce a \u00e9t\u00e9 faite par le coordonateur r\u00e9gional de lutte contre les \u00e9p ...\" \/>\n<meta property=\"og:url\" content=\"https:\/\/www.africa-press.net\/cameroun\/toutes-les-actualites\/cameroun-sante-dix-nouveaux-cas-de-cholera-detectes-a-douala-littoral\" \/>\n<meta property=\"og:site_name\" content=\"Cameroun\" \/>\n<meta property=\"article:published_time\" content=\"2021-03-19T09:53:18+00:00\" \/>\n<meta property=\"article:modified_time\" content=\"2021-03-22T05:17:12+00:00\" \/>\n<meta property=\"og:image\" content=\"https:\/\/static.africa-press.net\/cameroun\/sites\/57\/2021\/03\/img-60581e7b70a05.jpg\" \/>\n\t<meta property=\"og:image:width\" content=\"800\" \/>\n\t<meta property=\"og:image:height\" content=\"425\" \/>\n\t<meta property=\"og:image:type\" content=\"image\/jpeg\" \/>\n<meta name=\"author\" content=\"cfeditorfr\" \/>\n<meta name=\"twitter:card\" content=\"summary_large_image\" \/>\n<meta name=\"twitter:label1\" content=\"\u00c9crit par\" \/>\n\t<meta name=\"twitter:data1\" content=\"cfeditorfr\" \/>\n\t<meta name=\"twitter:label2\" content=\"Dur\u00e9e de lecture estim\u00e9e\" \/>\n\t<meta name=\"twitter:data2\" content=\"2 minutes\" \/>\n<script type=\"application\/ld+json\" class=\"yoast-schema-graph\">{\"@context\":\"https:\/\/schema.org\",\"@graph\":[{\"@type\":\"Article\",\"@id\":\"https:\/\/www.africa-press.net\/cameroun\/toutes-les-actualites\/cameroun-sante-dix-nouveaux-cas-de-cholera-detectes-a-douala-littoral#article\",\"isPartOf\":{\"@id\":\"https:\/\/www.africa-press.net\/cameroun\/toutes-les-actualites\/cameroun-sante-dix-nouveaux-cas-de-cholera-detectes-a-douala-littoral\"},\"author\":{\"name\":\"cfeditorfr\",\"@id\":\"https:\/\/www.africa-press.net\/cameroun\/#\/schema\/person\/2b1cf3cd81a31e3cd26889ca66d677f1\"},\"headline\":\"Sant\u00e9: Dix nouveaux cas de cholera d\u00e9tect\u00e9s \u00e0 Douala (Littoral)\",\"datePublished\":\"2021-03-19T09:53:18+00:00\",\"dateModified\":\"2021-03-22T05:17:12+00:00\",\"mainEntityOfPage\":{\"@id\":\"https:\/\/www.africa-press.net\/cameroun\/toutes-les-actualites\/cameroun-sante-dix-nouveaux-cas-de-cholera-detectes-a-douala-littoral\"},\"wordCount\":369,\"commentCount\":0,\"image\":{\"@id\":\"https:\/\/www.africa-press.net\/cameroun\/toutes-les-actualites\/cameroun-sante-dix-nouveaux-cas-de-cholera-detectes-a-douala-littoral#primaryimage\"},\"thumbnailUrl\":\"https:\/\/static.africa-press.net\/cameroun\/sites\/57\/2021\/03\/img-60581e7b70a05.jpg\",\"keywords\":[\"Africa Press\",\"Africa Press-Cameroun\",\"Cameroun\"],\"articleSection\":[\"Communaut\u00e9\",\"homepage-french\",\"Toutes les actualit\u00e9s\"],\"inLanguage\":\"fr-FR\",\"potentialAction\":[{\"@type\":\"CommentAction\",\"name\":\"Comment\",\"target\":[\"https:\/\/www.africa-press.net\/cameroun\/toutes-les-actualites\/cameroun-sante-dix-nouveaux-cas-de-cholera-detectes-a-douala-littoral#respond\"]}]},{\"@type\":\"WebPage\",\"@id\":\"https:\/\/www.africa-press.net\/cameroun\/toutes-les-actualites\/cameroun-sante-dix-nouveaux-cas-de-cholera-detectes-a-douala-littoral\",\"url\":\"https:\/\/www.africa-press.net\/cameroun\/toutes-les-actualites\/cameroun-sante-dix-nouveaux-cas-de-cholera-detectes-a-douala-littoral\",\"name\":\"Sant\u00e9: Dix nouveaux cas de cholera d\u00e9tect\u00e9s \u00e0 Douala (Littoral) - Cameroun\",\"isPartOf\":{\"@id\":\"https:\/\/www.africa-press.net\/cameroun\/#website\"},\"primaryImageOfPage\":{\"@id\":\"https:\/\/www.africa-press.net\/cameroun\/toutes-les-actualites\/cameroun-sante-dix-nouveaux-cas-de-cholera-detectes-a-douala-littoral#primaryimage\"},\"image\":{\"@id\":\"https:\/\/www.africa-press.net\/cameroun\/toutes-les-actualites\/cameroun-sante-dix-nouveaux-cas-de-cholera-detectes-a-douala-littoral#primaryimage\"},\"thumbnailUrl\":\"https:\/\/static.africa-press.net\/cameroun\/sites\/57\/2021\/03\/img-60581e7b70a05.jpg\",\"datePublished\":\"2021-03-19T09:53:18+00:00\",\"dateModified\":\"2021-03-22T05:17:12+00:00\",\"author\":{\"@id\":\"https:\/\/www.africa-press.net\/cameroun\/#\/schema\/person\/2b1cf3cd81a31e3cd26889ca66d677f1\"},\"description\":\"Dix nouveaux cas de cholera d\u00e9tect\u00e9s \u00e0 Douala. L\u2019annonce a \u00e9t\u00e9 faite par le coordonateur r\u00e9gional de lutte contre les \u00e9p ...\",\"breadcrumb\":{\"@id\":\"https:\/\/www.africa-press.net\/cameroun\/toutes-les-actualites\/cameroun-sante-dix-nouveaux-cas-de-cholera-detectes-a-douala-littoral#breadcrumb\"},\"inLanguage\":\"fr-FR\",\"potentialAction\":[{\"@type\":\"ReadAction\",\"target\":[\"https:\/\/www.africa-press.net\/cameroun\/toutes-les-actualites\/cameroun-sante-dix-nouveaux-cas-de-cholera-detectes-a-douala-littoral\"]}]},{\"@type\":\"ImageObject\",\"inLanguage\":\"fr-FR\",\"@id\":\"https:\/\/www.africa-press.net\/cameroun\/toutes-les-actualites\/cameroun-sante-dix-nouveaux-cas-de-cholera-detectes-a-douala-littoral#primaryimage\",\"url\":\"https:\/\/static.africa-press.net\/cameroun\/sites\/57\/2021\/03\/img-60581e7b70a05.jpg\",\"contentUrl\":\"https:\/\/static.africa-press.net\/cameroun\/sites\/57\/2021\/03\/img-60581e7b70a05.jpg\",\"width\":800,\"height\":425,\"caption\":\"Cameroun - Sant\u00e9: Dix nouveaux cas de cholera d\u00e9tect\u00e9s \u00e0 Douala (Littoral)\"},{\"@type\":\"BreadcrumbList\",\"@id\":\"https:\/\/www.africa-press.net\/cameroun\/toutes-les-actualites\/cameroun-sante-dix-nouveaux-cas-de-cholera-detectes-a-douala-littoral#breadcrumb\",\"itemListElement\":[{\"@type\":\"ListItem\",\"position\":1,\"name\":\"Accueil\",\"item\":\"https:\/\/www.africa-press.net\/cameroun\/\"},{\"@type\":\"ListItem\",\"position\":2,\"name\":\"Sant\u00e9: Dix nouveaux cas de cholera d\u00e9tect\u00e9s \u00e0 Douala (Littoral)\"}]},{\"@type\":\"WebSite\",\"@id\":\"https:\/\/www.africa-press.net\/cameroun\/#website\",\"url\":\"https:\/\/www.africa-press.net\/cameroun\/\",\"name\":\"Cameroun\",\"description\":\"Just another Africa News Agency Sites site\",\"potentialAction\":[{\"@type\":\"SearchAction\",\"target\":{\"@type\":\"EntryPoint\",\"urlTemplate\":\"https:\/\/www.africa-press.net\/cameroun\/?s={search_term_string}\"},\"query-input\":{\"@type\":\"PropertyValueSpecification\",\"valueRequired\":true,\"valueName\":\"search_term_string\"}}],\"inLanguage\":\"fr-FR\"},{\"@type\":\"Person\",\"@id\":\"https:\/\/www.africa-press.net\/cameroun\/#\/schema\/person\/2b1cf3cd81a31e3cd26889ca66d677f1\",\"name\":\"cfeditorfr\"}]}<\/script>\n<!-- \/ Yoast SEO Premium plugin. -->","yoast_head_json":{"title":"Sant\u00e9: Dix nouveaux cas de cholera d\u00e9tect\u00e9s \u00e0 Douala (Littoral) - Cameroun","description":"Dix nouveaux cas de cholera d\u00e9tect\u00e9s \u00e0 Douala. L\u2019annonce a \u00e9t\u00e9 faite par le coordonateur r\u00e9gional de lutte contre les \u00e9p ...","robots":{"index":"index","follow":"follow","max-snippet":"max-snippet:-1","max-image-preview":"max-image-preview:large","max-video-preview":"max-video-preview:-1"},"canonical":"https:\/\/www.africa-press.net\/cameroun\/toutes-les-actualites\/cameroun-sante-dix-nouveaux-cas-de-cholera-detectes-a-douala-littoral","og_locale":"fr_FR","og_type":"article","og_title":"Sant\u00e9: Dix nouveaux cas de cholera d\u00e9tect\u00e9s \u00e0 Douala (Littoral)","og_description":"Dix nouveaux cas de cholera d\u00e9tect\u00e9s \u00e0 Douala. L\u2019annonce a \u00e9t\u00e9 faite par le coordonateur r\u00e9gional de lutte contre les \u00e9p ...","og_url":"https:\/\/www.africa-press.net\/cameroun\/toutes-les-actualites\/cameroun-sante-dix-nouveaux-cas-de-cholera-detectes-a-douala-littoral","og_site_name":"Cameroun","article_published_time":"2021-03-19T09:53:18+00:00","article_modified_time":"2021-03-22T05:17:12+00:00","og_image":[{"width":800,"height":425,"url":"https:\/\/static.africa-press.net\/cameroun\/sites\/57\/2021\/03\/img-60581e7b70a05.jpg","type":"image\/jpeg"}],"author":"cfeditorfr","twitter_card":"summary_large_image","twitter_misc":{"\u00c9crit par":"cfeditorfr","Dur\u00e9e de lecture estim\u00e9e":"2 minutes"},"schema":{"@context":"https:\/\/schema.org","@graph":[{"@type":"Article","@id":"https:\/\/www.africa-press.net\/cameroun\/toutes-les-actualites\/cameroun-sante-dix-nouveaux-cas-de-cholera-detectes-a-douala-littoral#article","isPartOf":{"@id":"https:\/\/www.africa-press.net\/cameroun\/toutes-les-actualites\/cameroun-sante-dix-nouveaux-cas-de-cholera-detectes-a-douala-littoral"},"author":{"name":"cfeditorfr","@id":"https:\/\/www.africa-press.net\/cameroun\/#\/schema\/person\/2b1cf3cd81a31e3cd26889ca66d677f1"},"headline":"Sant\u00e9: Dix nouveaux cas de cholera d\u00e9tect\u00e9s \u00e0 Douala (Littoral)","datePublished":"2021-03-19T09:53:18+00:00","dateModified":"2021-03-22T05:17:12+00:00","mainEntityOfPage":{"@id":"https:\/\/www.africa-press.net\/cameroun\/toutes-les-actualites\/cameroun-sante-dix-nouveaux-cas-de-cholera-detectes-a-douala-littoral"},"wordCount":369,"commentCount":0,"image":{"@id":"https:\/\/www.africa-press.net\/cameroun\/toutes-les-actualites\/cameroun-sante-dix-nouveaux-cas-de-cholera-detectes-a-douala-littoral#primaryimage"},"thumbnailUrl":"https:\/\/static.africa-press.net\/cameroun\/sites\/57\/2021\/03\/img-60581e7b70a05.jpg","keywords":["Africa Press","Africa Press-Cameroun","Cameroun"],"articleSection":["Communaut\u00e9","homepage-french","Toutes les actualit\u00e9s"],"inLanguage":"fr-FR","potentialAction":[{"@type":"CommentAction","name":"Comment","target":["https:\/\/www.africa-press.net\/cameroun\/toutes-les-actualites\/cameroun-sante-dix-nouveaux-cas-de-cholera-detectes-a-douala-littoral#respond"]}]},{"@type":"WebPage","@id":"https:\/\/www.africa-press.net\/cameroun\/toutes-les-actualites\/cameroun-sante-dix-nouveaux-cas-de-cholera-detectes-a-douala-littoral","url":"https:\/\/www.africa-press.net\/cameroun\/toutes-les-actualites\/cameroun-sante-dix-nouveaux-cas-de-cholera-detectes-a-douala-littoral","name":"Sant\u00e9: Dix nouveaux cas de cholera d\u00e9tect\u00e9s \u00e0 Douala (Littoral) - Cameroun","isPartOf":{"@id":"https:\/\/www.africa-press.net\/cameroun\/#website"},"primaryImageOfPage":{"@id":"https:\/\/www.africa-press.net\/cameroun\/toutes-les-actualites\/cameroun-sante-dix-nouveaux-cas-de-cholera-detectes-a-douala-littoral#primaryimage"},"image":{"@id":"https:\/\/www.africa-press.net\/cameroun\/toutes-les-actualites\/cameroun-sante-dix-nouveaux-cas-de-cholera-detectes-a-douala-littoral#primaryimage"},"thumbnailUrl":"https:\/\/static.africa-press.net\/cameroun\/sites\/57\/2021\/03\/img-60581e7b70a05.jpg","datePublished":"2021-03-19T09:53:18+00:00","dateModified":"2021-03-22T05:17:12+00:00","author":{"@id":"https:\/\/www.africa-press.net\/cameroun\/#\/schema\/person\/2b1cf3cd81a31e3cd26889ca66d677f1"},"description":"Dix nouveaux cas de cholera d\u00e9tect\u00e9s \u00e0 Douala. L\u2019annonce a \u00e9t\u00e9 faite par le coordonateur r\u00e9gional de lutte contre les \u00e9p ...","breadcrumb":{"@id":"https:\/\/www.africa-press.net\/cameroun\/toutes-les-actualites\/cameroun-sante-dix-nouveaux-cas-de-cholera-detectes-a-douala-littoral#breadcrumb"},"inLanguage":"fr-FR","potentialAction":[{"@type":"ReadAction","target":["https:\/\/www.africa-press.net\/cameroun\/toutes-les-actualites\/cameroun-sante-dix-nouveaux-cas-de-cholera-detectes-a-douala-littoral"]}]},{"@type":"ImageObject","inLanguage":"fr-FR","@id":"https:\/\/www.africa-press.net\/cameroun\/toutes-les-actualites\/cameroun-sante-dix-nouveaux-cas-de-cholera-detectes-a-douala-littoral#primaryimage","url":"https:\/\/static.africa-press.net\/cameroun\/sites\/57\/2021\/03\/img-60581e7b70a05.jpg","contentUrl":"https:\/\/static.africa-press.net\/cameroun\/sites\/57\/2021\/03\/img-60581e7b70a05.jpg","width":800,"height":425,"caption":"Cameroun - Sant\u00e9: Dix nouveaux cas de cholera d\u00e9tect\u00e9s \u00e0 Douala (Littoral)"},{"@type":"BreadcrumbList","@id":"https:\/\/www.africa-press.net\/cameroun\/toutes-les-actualites\/cameroun-sante-dix-nouveaux-cas-de-cholera-detectes-a-douala-littoral#breadcrumb","itemListElement":[{"@type":"ListItem","position":1,"name":"Accueil","item":"https:\/\/www.africa-press.net\/cameroun\/"},{"@type":"ListItem","position":2,"name":"Sant\u00e9: Dix nouveaux cas de cholera d\u00e9tect\u00e9s \u00e0 Douala (Littoral)"}]},{"@type":"WebSite","@id":"https:\/\/www.africa-press.net\/cameroun\/#website","url":"https:\/\/www.africa-press.net\/cameroun\/","name":"Cameroun","description":"Just another Africa News Agency Sites site","potentialAction":[{"@type":"SearchAction","target":{"@type":"EntryPoint","urlTemplate":"https:\/\/www.africa-press.net\/cameroun\/?s={search_term_string}"},"query-input":{"@type":"PropertyValueSpecification","valueRequired":true,"valueName":"search_term_string"}}],"inLanguage":"fr-FR"},{"@type":"Person","@id":"https:\/\/www.africa-press.net\/cameroun\/#\/schema\/person\/2b1cf3cd81a31e3cd26889ca66d677f1","name":"cfeditorfr"}]}},"_links":{"self":[{"href":"https:\/\/www.africa-press.net\/cameroun\/wp-json\/wp\/v2\/posts\/1369","targetHints":{"allow":["GET"]}}],"collection":[{"href":"https:\/\/www.africa-press.net\/cameroun\/wp-json\/wp\/v2\/posts"}],"about":[{"href":"https:\/\/www.africa-press.net\/cameroun\/wp-json\/wp\/v2\/types\/post"}],"author":[{"embeddable":true,"href":"https:\/\/www.africa-press.net\/cameroun\/wp-json\/wp\/v2\/users\/82"}],"replies":[{"embeddable":true,"href":"https:\/\/www.africa-press.net\/cameroun\/wp-json\/wp\/v2\/comments?post=1369"}],"version-history":[{"count":0,"href":"https:\/\/www.africa-press.net\/cameroun\/wp-json\/wp\/v2\/posts\/1369\/revisions"}],"wp:featuredmedia":[{"embeddable":true,"href":"https:\/\/www.africa-press.net\/cameroun\/wp-json\/wp\/v2\/media\/1368"}],"wp:attachment":[{"href":"https:\/\/www.africa-press.net\/cameroun\/wp-json\/wp\/v2\/media?parent=1369"}],"wp:term":[{"taxonomy":"category","embeddable":true,"href":"https:\/\/www.africa-press.net\/cameroun\/wp-json\/wp\/v2\/categories?post=1369"},{"taxonomy":"post_tag","embeddable":true,"href":"https:\/\/www.africa-press.net\/cameroun\/wp-json\/wp\/v2\/tags?post=1369"}],"curies":[{"name":"wp","href":"https:\/\/api.w.org\/{rel}","templated":true}]}}