{"id":1372,"date":"2021-03-19T09:56:53","date_gmt":"2021-03-19T09:56:53","guid":{"rendered":"https:\/\/www.africa-press.net\/cameroun\/politique\/cameroun-intemperies-les-vents-emportent-les-toits-dune-cinquantaine-de-maisons-a-bafia-centre"},"modified":"2021-03-22T05:17:07","modified_gmt":"2021-03-22T05:17:07","slug":"cameroun-intemperies-les-vents-emportent-les-toits-dune-cinquantaine-de-maisons-a-bafia-centre","status":"publish","type":"post","link":"https:\/\/www.africa-press.net\/cameroun\/toutes-les-actualites\/cameroun-intemperies-les-vents-emportent-les-toits-dune-cinquantaine-de-maisons-a-bafia-centre","title":{"rendered":"Intemp\u00e9ries: Les vents emportent les toits d\u2019une cinquantaine de maisons \u00e0 Bafia (Centre)"},"content":{"rendered":"<p><span style=\"color: #ff6600\"><strong><a href=\"https:\/\/www.africa-press.net\/\">Africa-Press<\/a> &#8211; <a href=\"https:\/\/www.africa-press.net\/cameroun\">Cameroun<\/a>. <\/strong><\/span>Elles sont \u00e0 la belle \u00e9toile depuis le 15 mars dernier. Pr\u00e8s de 70 familles sans abris \u00e0 Bafia, chef-lieu du d\u00e9partement du Mbam et Inoubou, r\u00e9gion du Centre. Elles sont victimes des pluies et vents violents qui s\u2019abattent ces derniers temps dans ce d\u00e9partement ainsi que dans d\u2019autres villes du pays.<\/p>\n<p>D\u2019apr\u00e8s nos confr\u00e8res d\u2019Equinoxe t\u00e9l\u00e9vision, les toits d\u2019une cinquantaine de maisons ont \u00e9t\u00e9 emport\u00e9s dans la ville et ses environs. Les victimes, parmi lesquelles des personnes \u00e0 mobilit\u00e9 r\u00e9duites et les malvoyants, ont \u00e9t\u00e9 surprises par le retour brusque des pluies. D\u00e9sormais \u00e0 la belle \u00e9toile, elles lancent un appel \u00e0 l\u2019aide aux pouvoirs publics.<\/p>\n<p>A en croire des sources, ce n\u2019est pas la premi\u00e8re fois que les populations de Bafia et du Mbam et Inoubou sont sinistr\u00e9es par le retour de fortes intemp\u00e9ries. Mais les d\u00e9g\u00e2ts caus\u00e9s sont cette fois de tr\u00e8s grande ampleur. D\u2019o\u00f9 l\u2019urgence d\u2019une intervention de l\u2019Etat pour r\u00e9conforter les victimes.<\/p>\n<p>On se souvient qu\u2019\u00e0 la suite de fortes explosions qui ont souffl\u00e9 un camp militaire le 7 mars 2021 \u00e0 Bata en Guin\u00e9e-\u00e9quatoriale, le chef de l\u2019Etat, Paul Biya, a d\u00e9p\u00each\u00e9 le 16 mars dernier une mission humanitaire d\u2019une soixantaine de personnels charg\u00e9s de m\u00e9dicaments, de denr\u00e9es alimentaires et de mat\u00e9riel de couchage pour ce pays voisin. Une assistance similaire est attendue dans le Mbam et Inoubou.<\/p>\n","protected":false},"excerpt":{"rendered":"<p>Africa-Press &#8211; Cameroun. Elles sont \u00e0 la belle \u00e9toile depuis le 15 mars dernier. Pr\u00e8s de 70 familles sans abris \u00e0 Bafia, chef-lieu du d\u00e9partement du Mbam et Inoubou, r\u00e9gion du Centre. Elles sont victimes des pluies et vents violents qui s\u2019abattent ces derniers temps dans ce d\u00e9partement ainsi que dans d\u2019autres villes du pays. [&hellip;]<\/p>\n","protected":false},"author":82,"featured_media":1371,"comment_status":"open","ping_status":"closed","sticky":false,"template":"","format":"standard","meta":{"footnotes":""},"categories":[21,11,10],"tags":[36,50,49],"class_list":["post-1372","post","type-post","status-publish","format-standard","has-post-thumbnail","hentry","category-communaute","category-homepage-french","category-toutes-les-actualites","tag-africa-press","tag-africa-press-cameroun","tag-cameroun"],"yoast_head":"<!-- This site is optimized with the Yoast SEO Premium plugin v26.1 (Yoast SEO v27.0) - https:\/\/yoast.com\/product\/yoast-seo-premium-wordpress\/ -->\n<title>Intemp\u00e9ries: Les vents emportent les toits d\u2019une cinquantaine de maisons \u00e0 Bafia (Centre) - Cameroun<\/title>\n<meta name=\"description\" content=\"Elles sont \u00e0 la belle \u00e9toile depuis le 15 mars dernier. Pr\u00e8s de 70 familles sans abris \u00e0 Bafia, chef-lieu du d\u00e9partement ...\" \/>\n<meta name=\"robots\" content=\"index, follow, max-snippet:-1, max-image-preview:large, max-video-preview:-1\" \/>\n<link rel=\"canonical\" href=\"https:\/\/www.africa-press.net\/cameroun\/toutes-les-actualites\/cameroun-intemperies-les-vents-emportent-les-toits-dune-cinquantaine-de-maisons-a-bafia-centre\" \/>\n<meta property=\"og:locale\" content=\"fr_FR\" \/>\n<meta property=\"og:type\" content=\"article\" \/>\n<meta property=\"og:title\" content=\"Intemp\u00e9ries: Les vents emportent les toits d\u2019une cinquantaine de maisons \u00e0 Bafia (Centre)\" \/>\n<meta property=\"og:description\" content=\"Elles sont \u00e0 la belle \u00e9toile depuis le 15 mars dernier. Pr\u00e8s de 70 familles sans abris \u00e0 Bafia, chef-lieu du d\u00e9partement ...\" \/>\n<meta property=\"og:url\" content=\"https:\/\/www.africa-press.net\/cameroun\/toutes-les-actualites\/cameroun-intemperies-les-vents-emportent-les-toits-dune-cinquantaine-de-maisons-a-bafia-centre\" \/>\n<meta property=\"og:site_name\" content=\"Cameroun\" \/>\n<meta property=\"article:published_time\" content=\"2021-03-19T09:56:53+00:00\" \/>\n<meta property=\"article:modified_time\" content=\"2021-03-22T05:17:07+00:00\" \/>\n<meta property=\"og:image\" content=\"https:\/\/static.africa-press.net\/cameroun\/sites\/57\/2021\/03\/img-60581e9e38e45.jpg\" \/>\n\t<meta property=\"og:image:width\" content=\"800\" \/>\n\t<meta property=\"og:image:height\" content=\"509\" \/>\n\t<meta property=\"og:image:type\" content=\"image\/jpeg\" \/>\n<meta name=\"author\" content=\"cfeditorfr\" \/>\n<meta name=\"twitter:card\" content=\"summary_large_image\" \/>\n<meta name=\"twitter:label1\" content=\"\u00c9crit par\" \/>\n\t<meta name=\"twitter:data1\" content=\"cfeditorfr\" \/>\n\t<meta name=\"twitter:label2\" content=\"Dur\u00e9e de lecture estim\u00e9e\" \/>\n\t<meta name=\"twitter:data2\" content=\"1 minute\" \/>\n<script type=\"application\/ld+json\" class=\"yoast-schema-graph\">{\"@context\":\"https:\/\/schema.org\",\"@graph\":[{\"@type\":\"Article\",\"@id\":\"https:\/\/www.africa-press.net\/cameroun\/toutes-les-actualites\/cameroun-intemperies-les-vents-emportent-les-toits-dune-cinquantaine-de-maisons-a-bafia-centre#article\",\"isPartOf\":{\"@id\":\"https:\/\/www.africa-press.net\/cameroun\/toutes-les-actualites\/cameroun-intemperies-les-vents-emportent-les-toits-dune-cinquantaine-de-maisons-a-bafia-centre\"},\"author\":{\"name\":\"cfeditorfr\",\"@id\":\"https:\/\/www.africa-press.net\/cameroun\/#\/schema\/person\/2b1cf3cd81a31e3cd26889ca66d677f1\"},\"headline\":\"Intemp\u00e9ries: Les vents emportent les toits d\u2019une cinquantaine de maisons \u00e0 Bafia (Centre)\",\"datePublished\":\"2021-03-19T09:56:53+00:00\",\"dateModified\":\"2021-03-22T05:17:07+00:00\",\"mainEntityOfPage\":{\"@id\":\"https:\/\/www.africa-press.net\/cameroun\/toutes-les-actualites\/cameroun-intemperies-les-vents-emportent-les-toits-dune-cinquantaine-de-maisons-a-bafia-centre\"},\"wordCount\":270,\"commentCount\":0,\"image\":{\"@id\":\"https:\/\/www.africa-press.net\/cameroun\/toutes-les-actualites\/cameroun-intemperies-les-vents-emportent-les-toits-dune-cinquantaine-de-maisons-a-bafia-centre#primaryimage\"},\"thumbnailUrl\":\"https:\/\/static.africa-press.net\/cameroun\/sites\/57\/2021\/03\/img-60581e9e38e45.jpg\",\"keywords\":[\"Africa Press\",\"Africa Press-Cameroun\",\"Cameroun\"],\"articleSection\":[\"Communaut\u00e9\",\"homepage-french\",\"Toutes les actualit\u00e9s\"],\"inLanguage\":\"fr-FR\",\"potentialAction\":[{\"@type\":\"CommentAction\",\"name\":\"Comment\",\"target\":[\"https:\/\/www.africa-press.net\/cameroun\/toutes-les-actualites\/cameroun-intemperies-les-vents-emportent-les-toits-dune-cinquantaine-de-maisons-a-bafia-centre#respond\"]}]},{\"@type\":\"WebPage\",\"@id\":\"https:\/\/www.africa-press.net\/cameroun\/toutes-les-actualites\/cameroun-intemperies-les-vents-emportent-les-toits-dune-cinquantaine-de-maisons-a-bafia-centre\",\"url\":\"https:\/\/www.africa-press.net\/cameroun\/toutes-les-actualites\/cameroun-intemperies-les-vents-emportent-les-toits-dune-cinquantaine-de-maisons-a-bafia-centre\",\"name\":\"Intemp\u00e9ries: Les vents emportent les toits d\u2019une cinquantaine de maisons \u00e0 Bafia (Centre) - Cameroun\",\"isPartOf\":{\"@id\":\"https:\/\/www.africa-press.net\/cameroun\/#website\"},\"primaryImageOfPage\":{\"@id\":\"https:\/\/www.africa-press.net\/cameroun\/toutes-les-actualites\/cameroun-intemperies-les-vents-emportent-les-toits-dune-cinquantaine-de-maisons-a-bafia-centre#primaryimage\"},\"image\":{\"@id\":\"https:\/\/www.africa-press.net\/cameroun\/toutes-les-actualites\/cameroun-intemperies-les-vents-emportent-les-toits-dune-cinquantaine-de-maisons-a-bafia-centre#primaryimage\"},\"thumbnailUrl\":\"https:\/\/static.africa-press.net\/cameroun\/sites\/57\/2021\/03\/img-60581e9e38e45.jpg\",\"datePublished\":\"2021-03-19T09:56:53+00:00\",\"dateModified\":\"2021-03-22T05:17:07+00:00\",\"author\":{\"@id\":\"https:\/\/www.africa-press.net\/cameroun\/#\/schema\/person\/2b1cf3cd81a31e3cd26889ca66d677f1\"},\"description\":\"Elles sont \u00e0 la belle \u00e9toile depuis le 15 mars dernier. Pr\u00e8s de 70 familles sans abris \u00e0 Bafia, chef-lieu du d\u00e9partement ...\",\"breadcrumb\":{\"@id\":\"https:\/\/www.africa-press.net\/cameroun\/toutes-les-actualites\/cameroun-intemperies-les-vents-emportent-les-toits-dune-cinquantaine-de-maisons-a-bafia-centre#breadcrumb\"},\"inLanguage\":\"fr-FR\",\"potentialAction\":[{\"@type\":\"ReadAction\",\"target\":[\"https:\/\/www.africa-press.net\/cameroun\/toutes-les-actualites\/cameroun-intemperies-les-vents-emportent-les-toits-dune-cinquantaine-de-maisons-a-bafia-centre\"]}]},{\"@type\":\"ImageObject\",\"inLanguage\":\"fr-FR\",\"@id\":\"https:\/\/www.africa-press.net\/cameroun\/toutes-les-actualites\/cameroun-intemperies-les-vents-emportent-les-toits-dune-cinquantaine-de-maisons-a-bafia-centre#primaryimage\",\"url\":\"https:\/\/static.africa-press.net\/cameroun\/sites\/57\/2021\/03\/img-60581e9e38e45.jpg\",\"contentUrl\":\"https:\/\/static.africa-press.net\/cameroun\/sites\/57\/2021\/03\/img-60581e9e38e45.jpg\",\"width\":800,\"height\":509,\"caption\":\"Cameroun - Intemp\u00e9ries: Les vents emportent les toits d\u2019une cinquantaine de maisons \u00e0 Bafia (Centre)\"},{\"@type\":\"BreadcrumbList\",\"@id\":\"https:\/\/www.africa-press.net\/cameroun\/toutes-les-actualites\/cameroun-intemperies-les-vents-emportent-les-toits-dune-cinquantaine-de-maisons-a-bafia-centre#breadcrumb\",\"itemListElement\":[{\"@type\":\"ListItem\",\"position\":1,\"name\":\"Accueil\",\"item\":\"https:\/\/www.africa-press.net\/cameroun\/\"},{\"@type\":\"ListItem\",\"position\":2,\"name\":\"Intemp\u00e9ries: Les vents emportent les toits d\u2019une cinquantaine de maisons \u00e0 Bafia (Centre)\"}]},{\"@type\":\"WebSite\",\"@id\":\"https:\/\/www.africa-press.net\/cameroun\/#website\",\"url\":\"https:\/\/www.africa-press.net\/cameroun\/\",\"name\":\"Cameroun\",\"description\":\"Just another Africa News Agency Sites site\",\"potentialAction\":[{\"@type\":\"SearchAction\",\"target\":{\"@type\":\"EntryPoint\",\"urlTemplate\":\"https:\/\/www.africa-press.net\/cameroun\/?s={search_term_string}\"},\"query-input\":{\"@type\":\"PropertyValueSpecification\",\"valueRequired\":true,\"valueName\":\"search_term_string\"}}],\"inLanguage\":\"fr-FR\"},{\"@type\":\"Person\",\"@id\":\"https:\/\/www.africa-press.net\/cameroun\/#\/schema\/person\/2b1cf3cd81a31e3cd26889ca66d677f1\",\"name\":\"cfeditorfr\"}]}<\/script>\n<!-- \/ Yoast SEO Premium plugin. -->","yoast_head_json":{"title":"Intemp\u00e9ries: Les vents emportent les toits d\u2019une cinquantaine de maisons \u00e0 Bafia (Centre) - Cameroun","description":"Elles sont \u00e0 la belle \u00e9toile depuis le 15 mars dernier. Pr\u00e8s de 70 familles sans abris \u00e0 Bafia, chef-lieu du d\u00e9partement ...","robots":{"index":"index","follow":"follow","max-snippet":"max-snippet:-1","max-image-preview":"max-image-preview:large","max-video-preview":"max-video-preview:-1"},"canonical":"https:\/\/www.africa-press.net\/cameroun\/toutes-les-actualites\/cameroun-intemperies-les-vents-emportent-les-toits-dune-cinquantaine-de-maisons-a-bafia-centre","og_locale":"fr_FR","og_type":"article","og_title":"Intemp\u00e9ries: Les vents emportent les toits d\u2019une cinquantaine de maisons \u00e0 Bafia (Centre)","og_description":"Elles sont \u00e0 la belle \u00e9toile depuis le 15 mars dernier. Pr\u00e8s de 70 familles sans abris \u00e0 Bafia, chef-lieu du d\u00e9partement ...","og_url":"https:\/\/www.africa-press.net\/cameroun\/toutes-les-actualites\/cameroun-intemperies-les-vents-emportent-les-toits-dune-cinquantaine-de-maisons-a-bafia-centre","og_site_name":"Cameroun","article_published_time":"2021-03-19T09:56:53+00:00","article_modified_time":"2021-03-22T05:17:07+00:00","og_image":[{"width":800,"height":509,"url":"https:\/\/static.africa-press.net\/cameroun\/sites\/57\/2021\/03\/img-60581e9e38e45.jpg","type":"image\/jpeg"}],"author":"cfeditorfr","twitter_card":"summary_large_image","twitter_misc":{"\u00c9crit par":"cfeditorfr","Dur\u00e9e de lecture estim\u00e9e":"1 minute"},"schema":{"@context":"https:\/\/schema.org","@graph":[{"@type":"Article","@id":"https:\/\/www.africa-press.net\/cameroun\/toutes-les-actualites\/cameroun-intemperies-les-vents-emportent-les-toits-dune-cinquantaine-de-maisons-a-bafia-centre#article","isPartOf":{"@id":"https:\/\/www.africa-press.net\/cameroun\/toutes-les-actualites\/cameroun-intemperies-les-vents-emportent-les-toits-dune-cinquantaine-de-maisons-a-bafia-centre"},"author":{"name":"cfeditorfr","@id":"https:\/\/www.africa-press.net\/cameroun\/#\/schema\/person\/2b1cf3cd81a31e3cd26889ca66d677f1"},"headline":"Intemp\u00e9ries: Les vents emportent les toits d\u2019une cinquantaine de maisons \u00e0 Bafia (Centre)","datePublished":"2021-03-19T09:56:53+00:00","dateModified":"2021-03-22T05:17:07+00:00","mainEntityOfPage":{"@id":"https:\/\/www.africa-press.net\/cameroun\/toutes-les-actualites\/cameroun-intemperies-les-vents-emportent-les-toits-dune-cinquantaine-de-maisons-a-bafia-centre"},"wordCount":270,"commentCount":0,"image":{"@id":"https:\/\/www.africa-press.net\/cameroun\/toutes-les-actualites\/cameroun-intemperies-les-vents-emportent-les-toits-dune-cinquantaine-de-maisons-a-bafia-centre#primaryimage"},"thumbnailUrl":"https:\/\/static.africa-press.net\/cameroun\/sites\/57\/2021\/03\/img-60581e9e38e45.jpg","keywords":["Africa Press","Africa Press-Cameroun","Cameroun"],"articleSection":["Communaut\u00e9","homepage-french","Toutes les actualit\u00e9s"],"inLanguage":"fr-FR","potentialAction":[{"@type":"CommentAction","name":"Comment","target":["https:\/\/www.africa-press.net\/cameroun\/toutes-les-actualites\/cameroun-intemperies-les-vents-emportent-les-toits-dune-cinquantaine-de-maisons-a-bafia-centre#respond"]}]},{"@type":"WebPage","@id":"https:\/\/www.africa-press.net\/cameroun\/toutes-les-actualites\/cameroun-intemperies-les-vents-emportent-les-toits-dune-cinquantaine-de-maisons-a-bafia-centre","url":"https:\/\/www.africa-press.net\/cameroun\/toutes-les-actualites\/cameroun-intemperies-les-vents-emportent-les-toits-dune-cinquantaine-de-maisons-a-bafia-centre","name":"Intemp\u00e9ries: Les vents emportent les toits d\u2019une cinquantaine de maisons \u00e0 Bafia (Centre) - Cameroun","isPartOf":{"@id":"https:\/\/www.africa-press.net\/cameroun\/#website"},"primaryImageOfPage":{"@id":"https:\/\/www.africa-press.net\/cameroun\/toutes-les-actualites\/cameroun-intemperies-les-vents-emportent-les-toits-dune-cinquantaine-de-maisons-a-bafia-centre#primaryimage"},"image":{"@id":"https:\/\/www.africa-press.net\/cameroun\/toutes-les-actualites\/cameroun-intemperies-les-vents-emportent-les-toits-dune-cinquantaine-de-maisons-a-bafia-centre#primaryimage"},"thumbnailUrl":"https:\/\/static.africa-press.net\/cameroun\/sites\/57\/2021\/03\/img-60581e9e38e45.jpg","datePublished":"2021-03-19T09:56:53+00:00","dateModified":"2021-03-22T05:17:07+00:00","author":{"@id":"https:\/\/www.africa-press.net\/cameroun\/#\/schema\/person\/2b1cf3cd81a31e3cd26889ca66d677f1"},"description":"Elles sont \u00e0 la belle \u00e9toile depuis le 15 mars dernier. Pr\u00e8s de 70 familles sans abris \u00e0 Bafia, chef-lieu du d\u00e9partement ...","breadcrumb":{"@id":"https:\/\/www.africa-press.net\/cameroun\/toutes-les-actualites\/cameroun-intemperies-les-vents-emportent-les-toits-dune-cinquantaine-de-maisons-a-bafia-centre#breadcrumb"},"inLanguage":"fr-FR","potentialAction":[{"@type":"ReadAction","target":["https:\/\/www.africa-press.net\/cameroun\/toutes-les-actualites\/cameroun-intemperies-les-vents-emportent-les-toits-dune-cinquantaine-de-maisons-a-bafia-centre"]}]},{"@type":"ImageObject","inLanguage":"fr-FR","@id":"https:\/\/www.africa-press.net\/cameroun\/toutes-les-actualites\/cameroun-intemperies-les-vents-emportent-les-toits-dune-cinquantaine-de-maisons-a-bafia-centre#primaryimage","url":"https:\/\/static.africa-press.net\/cameroun\/sites\/57\/2021\/03\/img-60581e9e38e45.jpg","contentUrl":"https:\/\/static.africa-press.net\/cameroun\/sites\/57\/2021\/03\/img-60581e9e38e45.jpg","width":800,"height":509,"caption":"Cameroun - Intemp\u00e9ries: Les vents emportent les toits d\u2019une cinquantaine de maisons \u00e0 Bafia (Centre)"},{"@type":"BreadcrumbList","@id":"https:\/\/www.africa-press.net\/cameroun\/toutes-les-actualites\/cameroun-intemperies-les-vents-emportent-les-toits-dune-cinquantaine-de-maisons-a-bafia-centre#breadcrumb","itemListElement":[{"@type":"ListItem","position":1,"name":"Accueil","item":"https:\/\/www.africa-press.net\/cameroun\/"},{"@type":"ListItem","position":2,"name":"Intemp\u00e9ries: Les vents emportent les toits d\u2019une cinquantaine de maisons \u00e0 Bafia (Centre)"}]},{"@type":"WebSite","@id":"https:\/\/www.africa-press.net\/cameroun\/#website","url":"https:\/\/www.africa-press.net\/cameroun\/","name":"Cameroun","description":"Just another Africa News Agency Sites site","potentialAction":[{"@type":"SearchAction","target":{"@type":"EntryPoint","urlTemplate":"https:\/\/www.africa-press.net\/cameroun\/?s={search_term_string}"},"query-input":{"@type":"PropertyValueSpecification","valueRequired":true,"valueName":"search_term_string"}}],"inLanguage":"fr-FR"},{"@type":"Person","@id":"https:\/\/www.africa-press.net\/cameroun\/#\/schema\/person\/2b1cf3cd81a31e3cd26889ca66d677f1","name":"cfeditorfr"}]}},"_links":{"self":[{"href":"https:\/\/www.africa-press.net\/cameroun\/wp-json\/wp\/v2\/posts\/1372","targetHints":{"allow":["GET"]}}],"collection":[{"href":"https:\/\/www.africa-press.net\/cameroun\/wp-json\/wp\/v2\/posts"}],"about":[{"href":"https:\/\/www.africa-press.net\/cameroun\/wp-json\/wp\/v2\/types\/post"}],"author":[{"embeddable":true,"href":"https:\/\/www.africa-press.net\/cameroun\/wp-json\/wp\/v2\/users\/82"}],"replies":[{"embeddable":true,"href":"https:\/\/www.africa-press.net\/cameroun\/wp-json\/wp\/v2\/comments?post=1372"}],"version-history":[{"count":0,"href":"https:\/\/www.africa-press.net\/cameroun\/wp-json\/wp\/v2\/posts\/1372\/revisions"}],"wp:featuredmedia":[{"embeddable":true,"href":"https:\/\/www.africa-press.net\/cameroun\/wp-json\/wp\/v2\/media\/1371"}],"wp:attachment":[{"href":"https:\/\/www.africa-press.net\/cameroun\/wp-json\/wp\/v2\/media?parent=1372"}],"wp:term":[{"taxonomy":"category","embeddable":true,"href":"https:\/\/www.africa-press.net\/cameroun\/wp-json\/wp\/v2\/categories?post=1372"},{"taxonomy":"post_tag","embeddable":true,"href":"https:\/\/www.africa-press.net\/cameroun\/wp-json\/wp\/v2\/tags?post=1372"}],"curies":[{"name":"wp","href":"https:\/\/api.w.org\/{rel}","templated":true}]}}