{"id":1375,"date":"2021-03-19T10:06:29","date_gmt":"2021-03-19T10:06:29","guid":{"rendered":"https:\/\/www.africa-press.net\/cameroun\/politique\/cameroun-consommation-le-maquereau-oya-oya-se-rarefie-sur-les-marches-de-douala"},"modified":"2021-03-22T05:17:02","modified_gmt":"2021-03-22T05:17:02","slug":"cameroun-consommation-le-maquereau-oya-oya-se-rarefie-sur-les-marches-de-douala","status":"publish","type":"post","link":"https:\/\/www.africa-press.net\/cameroun\/economie\/cameroun-consommation-le-maquereau-oya-oya-se-rarefie-sur-les-marches-de-douala","title":{"rendered":"Consommation: Le maquereau \u00abOya Oya\u00bb se rar\u00e9fie sur les march\u00e9s de Douala"},"content":{"rendered":"<p><span style=\"color: #ff6600\"><strong><a href=\"https:\/\/www.africa-press.net\/\">Africa-Press<\/a> &#8211; <a href=\"https:\/\/www.africa-press.net\/cameroun\">Cameroun<\/a>. <\/strong><\/span>Il est devenu rare sur les \u00e9tals et dans les poissonneries depuis plus d\u2019un mois. Le maquereau 25+ mauritanien commun\u00e9ment appel\u00e9 \u00abOya Oya\u00bb, vari\u00e9t\u00e9 tr\u00e8s pris\u00e9e des Camerounais est indisponible sur les march\u00e9s de Douala. A cause de sa p\u00e9nurie, des consommateurs choisissent d\u00e9sormais \u00e0 contre c\u0153ur d\u2019autres types de poissons \u00e0 l\u2019instar des bars, les carpes\u2026\u00abAvant, j\u2019achetais un kilo de \u00abOya Oya\u00bb entre 1200 et 1400 FCFA pour assurer le repas journalier dans mon foyer. Mais avec sa disparition, je suis oblig\u00e9e de choisir d\u2019autres types de poissons plus chers que ce maquereau\u00bb, se plaint une consommatrice dans une poissonnerie au march\u00e9 de la Cit\u00e9 des Palmiers.<\/p>\n<p>Dans ce march\u00e9 comme d\u2019autres de la capitale \u00e9conomique, la p\u00e9nurie du maquereau \u00abOya Oya\u00bb est r\u00e9elle. Une situation qui cause \u00e9galement un manque \u00e0 gagner chez les restaurateurs, notamment les vendeuses de poissons brais\u00e9s. \u00abJ\u2019ai d\u00e9cid\u00e9 de braiser autres poissons que le \u00abOya Oya\u00bb. Mais ce n\u2019est pas facile de s\u2019en sortir parce que ces poissons sont chers et la client\u00e8le est rare\u00bb, se lamente l\u2019une d\u2019elles qui fait savoir que l\u2019achat mutualis\u00e9 d\u2019un carton de maquereau \u00abOya Oya\u00bb qui co\u00fbte 25000 FCFA, leur permet apr\u00e8s partage d\u2019obtenir plus de poisson et de r\u00e9aliser au final des marges b\u00e9n\u00e9ficiaires importantes.<\/p>\n<p>Si le maquereau est quand m\u00eame disponible sur les march\u00e9s, c\u2019est le maquereau 25+ chilien ou nouvelle-z\u00e9landais. Une vari\u00e9t\u00e9 moins appr\u00e9ci\u00e9e par les consommateurs et vendeuses de poissons brais\u00e9s pour son go\u00fbt peu savoureux. Mais faute de disposer le \u00abvrai\u00bb maquereau, elles vendent cette derni\u00e8re vari\u00e9t\u00e9 dont le kilogramme est rench\u00e9ri de 1000 \u00e0 1200 FCFA voire plus. A l\u2019observation, une p\u00e9nurie g\u00e9n\u00e9rale du poisson est constat\u00e9e sur les march\u00e9s. Cons\u00e9quence, les prix des stocks encore disponibles ont flamb\u00e9, aggravant la vie ch\u00e8re subie par les consommateurs depuis des ann\u00e9es.<\/p>\n<p>Les causes de cette p\u00e9nurie sont diversement expliqu\u00e9es. Quelques responsables de poissonneries n\u2019ont pas voulu se prononcer sur la question. D\u2019autres \u00e9voquent le contexte sanitaire du Covid-19 qui aurait ralenti les exportations du poisson. A la d\u00e9l\u00e9gation r\u00e9gionale du commerce du Littoral, on explique que cette p\u00e9nurie est artificielle et serait caus\u00e9e par des commer\u00e7ants v\u00e9reux en qu\u00eate de profit.<\/p>\n<p>Une th\u00e8se soutenue par des organisations de d\u00e9fense des droits de consommateurs qui estiment que le secteur de la poissonnerie est monopolis\u00e9 par quelques acteurs qui font la pluie et le beau temps. Pour Francis Eyala, pr\u00e9sident du R\u00e9seau national des consommateurs du Cameroun (RNC), \u00abl\u2019Etat doit prendre ses responsabilit\u00e9s en ouvrant le secteur \u00e0 d\u2019autres acteurs qui peuvent am\u00e9liorer l\u2019offre et la qualit\u00e9 de service\u00bb. D\u2019apr\u00e8s des indiscr\u00e9tions, un retour \u00e0 la normale est loin d\u2019\u00eatre envisag\u00e9e. La r\u00e9action du minist\u00e8re du Commerce est vivement attendue pour \u00e9clairer les consommateurs sur cette p\u00e9nurie du poisson.<\/p>\n","protected":false},"excerpt":{"rendered":"<p>Africa-Press &#8211; Cameroun. Il est devenu rare sur les \u00e9tals et dans les poissonneries depuis plus d\u2019un mois. Le maquereau 25+ mauritanien commun\u00e9ment appel\u00e9 \u00abOya Oya\u00bb, vari\u00e9t\u00e9 tr\u00e8s pris\u00e9e des Camerounais est indisponible sur les march\u00e9s de Douala. A cause de sa p\u00e9nurie, des consommateurs choisissent d\u00e9sormais \u00e0 contre c\u0153ur d\u2019autres types de poissons \u00e0 [&hellip;]<\/p>\n","protected":false},"author":82,"featured_media":1374,"comment_status":"open","ping_status":"closed","sticky":false,"template":"","format":"standard","meta":{"footnotes":""},"categories":[3,11,10],"tags":[36,50,49],"class_list":["post-1375","post","type-post","status-publish","format-standard","has-post-thumbnail","hentry","category-economie","category-homepage-french","category-toutes-les-actualites","tag-africa-press","tag-africa-press-cameroun","tag-cameroun"],"yoast_head":"<!-- This site is optimized with the Yoast SEO Premium plugin v26.1 (Yoast SEO v27.0) - https:\/\/yoast.com\/product\/yoast-seo-premium-wordpress\/ -->\n<title>Consommation: Le maquereau \u00abOya Oya\u00bb se rar\u00e9fie sur les march\u00e9s de Douala - Cameroun<\/title>\n<meta name=\"description\" content=\"Il est devenu rare sur les \u00e9tals et dans les poissonneries depuis plus d\u2019un mois. Le maquereau 25+ mauritanien commun\u00e9me ...\" \/>\n<meta name=\"robots\" content=\"index, follow, max-snippet:-1, max-image-preview:large, max-video-preview:-1\" \/>\n<link rel=\"canonical\" href=\"https:\/\/www.africa-press.net\/cameroun\/economie\/cameroun-consommation-le-maquereau-oya-oya-se-rarefie-sur-les-marches-de-douala\" \/>\n<meta property=\"og:locale\" content=\"fr_FR\" \/>\n<meta property=\"og:type\" content=\"article\" \/>\n<meta property=\"og:title\" content=\"Consommation: Le maquereau \u00abOya Oya\u00bb se rar\u00e9fie sur les march\u00e9s de Douala\" \/>\n<meta property=\"og:description\" content=\"Il est devenu rare sur les \u00e9tals et dans les poissonneries depuis plus d\u2019un mois. Le maquereau 25+ mauritanien commun\u00e9me ...\" \/>\n<meta property=\"og:url\" content=\"https:\/\/www.africa-press.net\/cameroun\/economie\/cameroun-consommation-le-maquereau-oya-oya-se-rarefie-sur-les-marches-de-douala\" \/>\n<meta property=\"og:site_name\" content=\"Cameroun\" \/>\n<meta property=\"article:published_time\" content=\"2021-03-19T10:06:29+00:00\" \/>\n<meta property=\"article:modified_time\" content=\"2021-03-22T05:17:02+00:00\" \/>\n<meta property=\"og:image\" content=\"https:\/\/static.africa-press.net\/cameroun\/sites\/57\/2021\/03\/img-60581ec2324e4.jpg\" \/>\n\t<meta property=\"og:image:width\" content=\"800\" \/>\n\t<meta property=\"og:image:height\" content=\"457\" \/>\n\t<meta property=\"og:image:type\" content=\"image\/jpeg\" \/>\n<meta name=\"author\" content=\"cfeditorfr\" \/>\n<meta name=\"twitter:card\" content=\"summary_large_image\" \/>\n<meta name=\"twitter:label1\" content=\"\u00c9crit par\" \/>\n\t<meta name=\"twitter:data1\" content=\"cfeditorfr\" \/>\n\t<meta name=\"twitter:label2\" content=\"Dur\u00e9e de lecture estim\u00e9e\" \/>\n\t<meta name=\"twitter:data2\" content=\"3 minutes\" \/>\n<script type=\"application\/ld+json\" class=\"yoast-schema-graph\">{\"@context\":\"https:\/\/schema.org\",\"@graph\":[{\"@type\":\"Article\",\"@id\":\"https:\/\/www.africa-press.net\/cameroun\/economie\/cameroun-consommation-le-maquereau-oya-oya-se-rarefie-sur-les-marches-de-douala#article\",\"isPartOf\":{\"@id\":\"https:\/\/www.africa-press.net\/cameroun\/economie\/cameroun-consommation-le-maquereau-oya-oya-se-rarefie-sur-les-marches-de-douala\"},\"author\":{\"name\":\"cfeditorfr\",\"@id\":\"https:\/\/www.africa-press.net\/cameroun\/#\/schema\/person\/2b1cf3cd81a31e3cd26889ca66d677f1\"},\"headline\":\"Consommation: Le maquereau \u00abOya Oya\u00bb se rar\u00e9fie sur les march\u00e9s de Douala\",\"datePublished\":\"2021-03-19T10:06:29+00:00\",\"dateModified\":\"2021-03-22T05:17:02+00:00\",\"mainEntityOfPage\":{\"@id\":\"https:\/\/www.africa-press.net\/cameroun\/economie\/cameroun-consommation-le-maquereau-oya-oya-se-rarefie-sur-les-marches-de-douala\"},\"wordCount\":543,\"commentCount\":0,\"image\":{\"@id\":\"https:\/\/www.africa-press.net\/cameroun\/economie\/cameroun-consommation-le-maquereau-oya-oya-se-rarefie-sur-les-marches-de-douala#primaryimage\"},\"thumbnailUrl\":\"https:\/\/static.africa-press.net\/cameroun\/sites\/57\/2021\/03\/img-60581ec2324e4.jpg\",\"keywords\":[\"Africa Press\",\"Africa Press-Cameroun\",\"Cameroun\"],\"articleSection\":[\"\u00c9conomie\",\"homepage-french\",\"Toutes les actualit\u00e9s\"],\"inLanguage\":\"fr-FR\",\"potentialAction\":[{\"@type\":\"CommentAction\",\"name\":\"Comment\",\"target\":[\"https:\/\/www.africa-press.net\/cameroun\/economie\/cameroun-consommation-le-maquereau-oya-oya-se-rarefie-sur-les-marches-de-douala#respond\"]}]},{\"@type\":\"WebPage\",\"@id\":\"https:\/\/www.africa-press.net\/cameroun\/economie\/cameroun-consommation-le-maquereau-oya-oya-se-rarefie-sur-les-marches-de-douala\",\"url\":\"https:\/\/www.africa-press.net\/cameroun\/economie\/cameroun-consommation-le-maquereau-oya-oya-se-rarefie-sur-les-marches-de-douala\",\"name\":\"Consommation: Le maquereau \u00abOya Oya\u00bb se rar\u00e9fie sur les march\u00e9s de Douala - Cameroun\",\"isPartOf\":{\"@id\":\"https:\/\/www.africa-press.net\/cameroun\/#website\"},\"primaryImageOfPage\":{\"@id\":\"https:\/\/www.africa-press.net\/cameroun\/economie\/cameroun-consommation-le-maquereau-oya-oya-se-rarefie-sur-les-marches-de-douala#primaryimage\"},\"image\":{\"@id\":\"https:\/\/www.africa-press.net\/cameroun\/economie\/cameroun-consommation-le-maquereau-oya-oya-se-rarefie-sur-les-marches-de-douala#primaryimage\"},\"thumbnailUrl\":\"https:\/\/static.africa-press.net\/cameroun\/sites\/57\/2021\/03\/img-60581ec2324e4.jpg\",\"datePublished\":\"2021-03-19T10:06:29+00:00\",\"dateModified\":\"2021-03-22T05:17:02+00:00\",\"author\":{\"@id\":\"https:\/\/www.africa-press.net\/cameroun\/#\/schema\/person\/2b1cf3cd81a31e3cd26889ca66d677f1\"},\"description\":\"Il est devenu rare sur les \u00e9tals et dans les poissonneries depuis plus d\u2019un mois. Le maquereau 25+ mauritanien commun\u00e9me ...\",\"breadcrumb\":{\"@id\":\"https:\/\/www.africa-press.net\/cameroun\/economie\/cameroun-consommation-le-maquereau-oya-oya-se-rarefie-sur-les-marches-de-douala#breadcrumb\"},\"inLanguage\":\"fr-FR\",\"potentialAction\":[{\"@type\":\"ReadAction\",\"target\":[\"https:\/\/www.africa-press.net\/cameroun\/economie\/cameroun-consommation-le-maquereau-oya-oya-se-rarefie-sur-les-marches-de-douala\"]}]},{\"@type\":\"ImageObject\",\"inLanguage\":\"fr-FR\",\"@id\":\"https:\/\/www.africa-press.net\/cameroun\/economie\/cameroun-consommation-le-maquereau-oya-oya-se-rarefie-sur-les-marches-de-douala#primaryimage\",\"url\":\"https:\/\/static.africa-press.net\/cameroun\/sites\/57\/2021\/03\/img-60581ec2324e4.jpg\",\"contentUrl\":\"https:\/\/static.africa-press.net\/cameroun\/sites\/57\/2021\/03\/img-60581ec2324e4.jpg\",\"width\":800,\"height\":457,\"caption\":\"Cameroun - Consommation: Le maquereau \u00abOya Oya\u00bb se rar\u00e9fie sur les march\u00e9s de Douala\"},{\"@type\":\"BreadcrumbList\",\"@id\":\"https:\/\/www.africa-press.net\/cameroun\/economie\/cameroun-consommation-le-maquereau-oya-oya-se-rarefie-sur-les-marches-de-douala#breadcrumb\",\"itemListElement\":[{\"@type\":\"ListItem\",\"position\":1,\"name\":\"Accueil\",\"item\":\"https:\/\/www.africa-press.net\/cameroun\/\"},{\"@type\":\"ListItem\",\"position\":2,\"name\":\"Consommation: Le maquereau \u00abOya Oya\u00bb se rar\u00e9fie sur les march\u00e9s de Douala\"}]},{\"@type\":\"WebSite\",\"@id\":\"https:\/\/www.africa-press.net\/cameroun\/#website\",\"url\":\"https:\/\/www.africa-press.net\/cameroun\/\",\"name\":\"Cameroun\",\"description\":\"Just another Africa News Agency Sites site\",\"potentialAction\":[{\"@type\":\"SearchAction\",\"target\":{\"@type\":\"EntryPoint\",\"urlTemplate\":\"https:\/\/www.africa-press.net\/cameroun\/?s={search_term_string}\"},\"query-input\":{\"@type\":\"PropertyValueSpecification\",\"valueRequired\":true,\"valueName\":\"search_term_string\"}}],\"inLanguage\":\"fr-FR\"},{\"@type\":\"Person\",\"@id\":\"https:\/\/www.africa-press.net\/cameroun\/#\/schema\/person\/2b1cf3cd81a31e3cd26889ca66d677f1\",\"name\":\"cfeditorfr\"}]}<\/script>\n<!-- \/ Yoast SEO Premium plugin. -->","yoast_head_json":{"title":"Consommation: Le maquereau \u00abOya Oya\u00bb se rar\u00e9fie sur les march\u00e9s de Douala - Cameroun","description":"Il est devenu rare sur les \u00e9tals et dans les poissonneries depuis plus d\u2019un mois. Le maquereau 25+ mauritanien commun\u00e9me ...","robots":{"index":"index","follow":"follow","max-snippet":"max-snippet:-1","max-image-preview":"max-image-preview:large","max-video-preview":"max-video-preview:-1"},"canonical":"https:\/\/www.africa-press.net\/cameroun\/economie\/cameroun-consommation-le-maquereau-oya-oya-se-rarefie-sur-les-marches-de-douala","og_locale":"fr_FR","og_type":"article","og_title":"Consommation: Le maquereau \u00abOya Oya\u00bb se rar\u00e9fie sur les march\u00e9s de Douala","og_description":"Il est devenu rare sur les \u00e9tals et dans les poissonneries depuis plus d\u2019un mois. Le maquereau 25+ mauritanien commun\u00e9me ...","og_url":"https:\/\/www.africa-press.net\/cameroun\/economie\/cameroun-consommation-le-maquereau-oya-oya-se-rarefie-sur-les-marches-de-douala","og_site_name":"Cameroun","article_published_time":"2021-03-19T10:06:29+00:00","article_modified_time":"2021-03-22T05:17:02+00:00","og_image":[{"width":800,"height":457,"url":"https:\/\/static.africa-press.net\/cameroun\/sites\/57\/2021\/03\/img-60581ec2324e4.jpg","type":"image\/jpeg"}],"author":"cfeditorfr","twitter_card":"summary_large_image","twitter_misc":{"\u00c9crit par":"cfeditorfr","Dur\u00e9e de lecture estim\u00e9e":"3 minutes"},"schema":{"@context":"https:\/\/schema.org","@graph":[{"@type":"Article","@id":"https:\/\/www.africa-press.net\/cameroun\/economie\/cameroun-consommation-le-maquereau-oya-oya-se-rarefie-sur-les-marches-de-douala#article","isPartOf":{"@id":"https:\/\/www.africa-press.net\/cameroun\/economie\/cameroun-consommation-le-maquereau-oya-oya-se-rarefie-sur-les-marches-de-douala"},"author":{"name":"cfeditorfr","@id":"https:\/\/www.africa-press.net\/cameroun\/#\/schema\/person\/2b1cf3cd81a31e3cd26889ca66d677f1"},"headline":"Consommation: Le maquereau \u00abOya Oya\u00bb se rar\u00e9fie sur les march\u00e9s de Douala","datePublished":"2021-03-19T10:06:29+00:00","dateModified":"2021-03-22T05:17:02+00:00","mainEntityOfPage":{"@id":"https:\/\/www.africa-press.net\/cameroun\/economie\/cameroun-consommation-le-maquereau-oya-oya-se-rarefie-sur-les-marches-de-douala"},"wordCount":543,"commentCount":0,"image":{"@id":"https:\/\/www.africa-press.net\/cameroun\/economie\/cameroun-consommation-le-maquereau-oya-oya-se-rarefie-sur-les-marches-de-douala#primaryimage"},"thumbnailUrl":"https:\/\/static.africa-press.net\/cameroun\/sites\/57\/2021\/03\/img-60581ec2324e4.jpg","keywords":["Africa Press","Africa Press-Cameroun","Cameroun"],"articleSection":["\u00c9conomie","homepage-french","Toutes les actualit\u00e9s"],"inLanguage":"fr-FR","potentialAction":[{"@type":"CommentAction","name":"Comment","target":["https:\/\/www.africa-press.net\/cameroun\/economie\/cameroun-consommation-le-maquereau-oya-oya-se-rarefie-sur-les-marches-de-douala#respond"]}]},{"@type":"WebPage","@id":"https:\/\/www.africa-press.net\/cameroun\/economie\/cameroun-consommation-le-maquereau-oya-oya-se-rarefie-sur-les-marches-de-douala","url":"https:\/\/www.africa-press.net\/cameroun\/economie\/cameroun-consommation-le-maquereau-oya-oya-se-rarefie-sur-les-marches-de-douala","name":"Consommation: Le maquereau \u00abOya Oya\u00bb se rar\u00e9fie sur les march\u00e9s de Douala - Cameroun","isPartOf":{"@id":"https:\/\/www.africa-press.net\/cameroun\/#website"},"primaryImageOfPage":{"@id":"https:\/\/www.africa-press.net\/cameroun\/economie\/cameroun-consommation-le-maquereau-oya-oya-se-rarefie-sur-les-marches-de-douala#primaryimage"},"image":{"@id":"https:\/\/www.africa-press.net\/cameroun\/economie\/cameroun-consommation-le-maquereau-oya-oya-se-rarefie-sur-les-marches-de-douala#primaryimage"},"thumbnailUrl":"https:\/\/static.africa-press.net\/cameroun\/sites\/57\/2021\/03\/img-60581ec2324e4.jpg","datePublished":"2021-03-19T10:06:29+00:00","dateModified":"2021-03-22T05:17:02+00:00","author":{"@id":"https:\/\/www.africa-press.net\/cameroun\/#\/schema\/person\/2b1cf3cd81a31e3cd26889ca66d677f1"},"description":"Il est devenu rare sur les \u00e9tals et dans les poissonneries depuis plus d\u2019un mois. Le maquereau 25+ mauritanien commun\u00e9me ...","breadcrumb":{"@id":"https:\/\/www.africa-press.net\/cameroun\/economie\/cameroun-consommation-le-maquereau-oya-oya-se-rarefie-sur-les-marches-de-douala#breadcrumb"},"inLanguage":"fr-FR","potentialAction":[{"@type":"ReadAction","target":["https:\/\/www.africa-press.net\/cameroun\/economie\/cameroun-consommation-le-maquereau-oya-oya-se-rarefie-sur-les-marches-de-douala"]}]},{"@type":"ImageObject","inLanguage":"fr-FR","@id":"https:\/\/www.africa-press.net\/cameroun\/economie\/cameroun-consommation-le-maquereau-oya-oya-se-rarefie-sur-les-marches-de-douala#primaryimage","url":"https:\/\/static.africa-press.net\/cameroun\/sites\/57\/2021\/03\/img-60581ec2324e4.jpg","contentUrl":"https:\/\/static.africa-press.net\/cameroun\/sites\/57\/2021\/03\/img-60581ec2324e4.jpg","width":800,"height":457,"caption":"Cameroun - Consommation: Le maquereau \u00abOya Oya\u00bb se rar\u00e9fie sur les march\u00e9s de Douala"},{"@type":"BreadcrumbList","@id":"https:\/\/www.africa-press.net\/cameroun\/economie\/cameroun-consommation-le-maquereau-oya-oya-se-rarefie-sur-les-marches-de-douala#breadcrumb","itemListElement":[{"@type":"ListItem","position":1,"name":"Accueil","item":"https:\/\/www.africa-press.net\/cameroun\/"},{"@type":"ListItem","position":2,"name":"Consommation: Le maquereau \u00abOya Oya\u00bb se rar\u00e9fie sur les march\u00e9s de Douala"}]},{"@type":"WebSite","@id":"https:\/\/www.africa-press.net\/cameroun\/#website","url":"https:\/\/www.africa-press.net\/cameroun\/","name":"Cameroun","description":"Just another Africa News Agency Sites site","potentialAction":[{"@type":"SearchAction","target":{"@type":"EntryPoint","urlTemplate":"https:\/\/www.africa-press.net\/cameroun\/?s={search_term_string}"},"query-input":{"@type":"PropertyValueSpecification","valueRequired":true,"valueName":"search_term_string"}}],"inLanguage":"fr-FR"},{"@type":"Person","@id":"https:\/\/www.africa-press.net\/cameroun\/#\/schema\/person\/2b1cf3cd81a31e3cd26889ca66d677f1","name":"cfeditorfr"}]}},"_links":{"self":[{"href":"https:\/\/www.africa-press.net\/cameroun\/wp-json\/wp\/v2\/posts\/1375","targetHints":{"allow":["GET"]}}],"collection":[{"href":"https:\/\/www.africa-press.net\/cameroun\/wp-json\/wp\/v2\/posts"}],"about":[{"href":"https:\/\/www.africa-press.net\/cameroun\/wp-json\/wp\/v2\/types\/post"}],"author":[{"embeddable":true,"href":"https:\/\/www.africa-press.net\/cameroun\/wp-json\/wp\/v2\/users\/82"}],"replies":[{"embeddable":true,"href":"https:\/\/www.africa-press.net\/cameroun\/wp-json\/wp\/v2\/comments?post=1375"}],"version-history":[{"count":0,"href":"https:\/\/www.africa-press.net\/cameroun\/wp-json\/wp\/v2\/posts\/1375\/revisions"}],"wp:featuredmedia":[{"embeddable":true,"href":"https:\/\/www.africa-press.net\/cameroun\/wp-json\/wp\/v2\/media\/1374"}],"wp:attachment":[{"href":"https:\/\/www.africa-press.net\/cameroun\/wp-json\/wp\/v2\/media?parent=1375"}],"wp:term":[{"taxonomy":"category","embeddable":true,"href":"https:\/\/www.africa-press.net\/cameroun\/wp-json\/wp\/v2\/categories?post=1375"},{"taxonomy":"post_tag","embeddable":true,"href":"https:\/\/www.africa-press.net\/cameroun\/wp-json\/wp\/v2\/tags?post=1375"}],"curies":[{"name":"wp","href":"https:\/\/api.w.org\/{rel}","templated":true}]}}