{"id":1381,"date":"2021-03-19T10:23:43","date_gmt":"2021-03-19T10:23:43","guid":{"rendered":"https:\/\/www.africa-press.net\/cameroun\/politique\/cameroun-parlement-voici-la-composition-du-nouveau-bureau-de-lassemblee-nationale"},"modified":"2021-03-22T05:16:48","modified_gmt":"2021-03-22T05:16:48","slug":"cameroun-parlement-voici-la-composition-du-nouveau-bureau-de-lassemblee-nationale","status":"publish","type":"post","link":"https:\/\/www.africa-press.net\/cameroun\/politique\/cameroun-parlement-voici-la-composition-du-nouveau-bureau-de-lassemblee-nationale","title":{"rendered":"Parlement: Voici la Composition du nouveau bureau de l\u2019Assembl\u00e9e nationale"},"content":{"rendered":"<p><span style=\"color: #ff6600\"><strong><a href=\"https:\/\/www.africa-press.net\/\">Africa-Press<\/a> &#8211; <a href=\"https:\/\/www.africa-press.net\/cameroun\">Cameroun<\/a>. <\/strong><\/span>En fin de matin\u00e9e du jeudi 18 mars 2021, les d\u00e9put\u00e9s se sont retrouv\u00e9s \u00e0 l\u2019h\u00e9micycle de l\u2019Assembl\u00e9e nationale am\u00e9nag\u00e9 au Palais des Congr\u00e8s de Yaound\u00e9 pour une s\u00e9ance pl\u00e9ni\u00e8re consacr\u00e9e \u00e0 l\u2019\u00e9lection du bureau de l\u2019auguste chambre.<\/p>\n<p>Sur les 23 postes \u00e0 pourvoir, le Rassemblement d\u00e9mocratique du peuple camerounais, parti majoritaire, s\u2019est taill\u00e9 la part du lion avec 19 postes.<\/p>\n<p>Adoub\u00e9 une \u00e9ni\u00e8me fois par la hi\u00e9rarchie de son parti, Cavaye Yeguie Djibril, seul candidat au poste de Pr\u00e9sident, a \u00e9t\u00e9 r\u00e9\u00e9lu au scrutin uninominal, avec 147 voix pour, 15 bulletins nuls sur 162 votants. Au perchoir depuis 29 ans, le chef sup\u00e9rieur des Mada-Lamido dans la R\u00e9gion de l\u2019Extr\u00eame-Nord, va donc poursuivre son bail aux commandes de la maison du peuple.<\/p>\n<p>Ensuite, pour le poste de premier vice-pr\u00e9sident, seul le sortant Hilarion Etong du RDPC, \u00e9tait candidat \u00e0 sa propre succession. Le natif de Mbet 1, dans la R\u00e9gion du Centre, a \u00e9t\u00e9 aussi r\u00e9\u00e9lu.<\/p>\n<p>Avec 152 d\u00e9put\u00e9s sur les 180 que compte la chambre basse du Parlement, le RDPC ne s\u2019est pas content\u00e9 de la pr\u00e9sidence et de la premi\u00e8re vice-pr\u00e9sidence, les deux postes les plus importants. Le parti au pouvoir a aussi pris quatre des cinq autres postes de vice-pr\u00e9sident. Le strapontin de la sixi\u00e8me vice-pr\u00e9sidence est abandonn\u00e9 \u00e0 Abba Alim, d\u00e9put\u00e9 UNDP.<\/p>\n<p>Le RDPC dans sa gourmandise, s\u2019est aussi octroy\u00e9 quatre des cinq postes de Questeurs et dix des douze postes de Secr\u00e9taire.<\/p>\n<p>Comparativement au bureau de l\u2019ann\u00e9e derni\u00e8re, \u00ables titulaires des postes dans le bureau sortant ont tous \u00e9t\u00e9 reconduits \u00e0 l\u2019exception de l&rsquo;Hon Ali Salihou qui n&rsquo;a pas fait acte de candidature au b\u00e9n\u00e9fice de L&rsquo;Hon Aliyoum Fadil, d\u00e9put\u00e9 Rdpc de la circonscription \u00e9lectorale de la Benou\u00e9 Est qui fait son entr\u00e9e dans le Bureau de l&rsquo;Auguste Chambre au rang de Secr\u00e9taire\u00bb, a expliqu\u00e9 une source \u00e0 la cellule de communication de l\u2019Assembl\u00e9e nationale.<\/p>\n<p><b>Ci-dessous la composition du nouveau bureau<\/b><\/p>\n","protected":false},"excerpt":{"rendered":"<p>Africa-Press &#8211; Cameroun. En fin de matin\u00e9e du jeudi 18 mars 2021, les d\u00e9put\u00e9s se sont retrouv\u00e9s \u00e0 l\u2019h\u00e9micycle de l\u2019Assembl\u00e9e nationale am\u00e9nag\u00e9 au Palais des Congr\u00e8s de Yaound\u00e9 pour une s\u00e9ance pl\u00e9ni\u00e8re consacr\u00e9e \u00e0 l\u2019\u00e9lection du bureau de l\u2019auguste chambre. Sur les 23 postes \u00e0 pourvoir, le Rassemblement d\u00e9mocratique du peuple camerounais, parti majoritaire, [&hellip;]<\/p>\n","protected":false},"author":82,"featured_media":1380,"comment_status":"open","ping_status":"closed","sticky":false,"template":"","format":"standard","meta":{"footnotes":""},"categories":[11,2,20,10],"tags":[36,50,49],"class_list":["post-1381","post","type-post","status-publish","format-standard","has-post-thumbnail","hentry","category-homepage-french","category-politique","category-top-nouvelles","category-toutes-les-actualites","tag-africa-press","tag-africa-press-cameroun","tag-cameroun"],"yoast_head":"<!-- This site is optimized with the Yoast SEO Premium plugin v26.1 (Yoast SEO v27.0) - https:\/\/yoast.com\/product\/yoast-seo-premium-wordpress\/ -->\n<title>Parlement: Voici la Composition du nouveau bureau de l\u2019Assembl\u00e9e nationale - Cameroun<\/title>\n<meta name=\"description\" content=\"En fin de matin\u00e9e du jeudi 18 mars 2021, les d\u00e9put\u00e9s se sont retrouv\u00e9s \u00e0 l\u2019h\u00e9micycle de l\u2019Assembl\u00e9e nationale am\u00e9nag\u00e9 au ...\" \/>\n<meta name=\"robots\" content=\"index, follow, max-snippet:-1, max-image-preview:large, max-video-preview:-1\" \/>\n<link rel=\"canonical\" href=\"https:\/\/www.africa-press.net\/cameroun\/politique\/cameroun-parlement-voici-la-composition-du-nouveau-bureau-de-lassemblee-nationale\" \/>\n<meta property=\"og:locale\" content=\"fr_FR\" \/>\n<meta property=\"og:type\" content=\"article\" \/>\n<meta property=\"og:title\" content=\"Parlement: Voici la Composition du nouveau bureau de l\u2019Assembl\u00e9e nationale\" \/>\n<meta property=\"og:description\" content=\"En fin de matin\u00e9e du jeudi 18 mars 2021, les d\u00e9put\u00e9s se sont retrouv\u00e9s \u00e0 l\u2019h\u00e9micycle de l\u2019Assembl\u00e9e nationale am\u00e9nag\u00e9 au ...\" \/>\n<meta property=\"og:url\" content=\"https:\/\/www.africa-press.net\/cameroun\/politique\/cameroun-parlement-voici-la-composition-du-nouveau-bureau-de-lassemblee-nationale\" \/>\n<meta property=\"og:site_name\" content=\"Cameroun\" \/>\n<meta property=\"article:published_time\" content=\"2021-03-19T10:23:43+00:00\" \/>\n<meta property=\"article:modified_time\" content=\"2021-03-22T05:16:48+00:00\" \/>\n<meta property=\"og:image\" content=\"https:\/\/static.africa-press.net\/cameroun\/sites\/57\/2021\/03\/img-60581f0bc8d12.jpg\" \/>\n\t<meta property=\"og:image:width\" content=\"800\" \/>\n\t<meta property=\"og:image:height\" content=\"529\" \/>\n\t<meta property=\"og:image:type\" content=\"image\/jpeg\" \/>\n<meta name=\"author\" content=\"cfeditorfr\" \/>\n<meta name=\"twitter:card\" content=\"summary_large_image\" \/>\n<meta name=\"twitter:label1\" content=\"\u00c9crit par\" \/>\n\t<meta name=\"twitter:data1\" content=\"cfeditorfr\" \/>\n\t<meta name=\"twitter:label2\" content=\"Dur\u00e9e de lecture estim\u00e9e\" \/>\n\t<meta name=\"twitter:data2\" content=\"2 minutes\" \/>\n<script type=\"application\/ld+json\" class=\"yoast-schema-graph\">{\"@context\":\"https:\/\/schema.org\",\"@graph\":[{\"@type\":\"Article\",\"@id\":\"https:\/\/www.africa-press.net\/cameroun\/politique\/cameroun-parlement-voici-la-composition-du-nouveau-bureau-de-lassemblee-nationale#article\",\"isPartOf\":{\"@id\":\"https:\/\/www.africa-press.net\/cameroun\/politique\/cameroun-parlement-voici-la-composition-du-nouveau-bureau-de-lassemblee-nationale\"},\"author\":{\"name\":\"cfeditorfr\",\"@id\":\"https:\/\/www.africa-press.net\/cameroun\/#\/schema\/person\/2b1cf3cd81a31e3cd26889ca66d677f1\"},\"headline\":\"Parlement: Voici la Composition du nouveau bureau de l\u2019Assembl\u00e9e nationale\",\"datePublished\":\"2021-03-19T10:23:43+00:00\",\"dateModified\":\"2021-03-22T05:16:48+00:00\",\"mainEntityOfPage\":{\"@id\":\"https:\/\/www.africa-press.net\/cameroun\/politique\/cameroun-parlement-voici-la-composition-du-nouveau-bureau-de-lassemblee-nationale\"},\"wordCount\":370,\"commentCount\":0,\"image\":{\"@id\":\"https:\/\/www.africa-press.net\/cameroun\/politique\/cameroun-parlement-voici-la-composition-du-nouveau-bureau-de-lassemblee-nationale#primaryimage\"},\"thumbnailUrl\":\"https:\/\/static.africa-press.net\/cameroun\/sites\/57\/2021\/03\/img-60581f0bc8d12.jpg\",\"keywords\":[\"Africa Press\",\"Africa Press-Cameroun\",\"Cameroun\"],\"articleSection\":[\"homepage-french\",\"Politique\",\"Top Nouvelles\",\"Toutes les actualit\u00e9s\"],\"inLanguage\":\"fr-FR\",\"potentialAction\":[{\"@type\":\"CommentAction\",\"name\":\"Comment\",\"target\":[\"https:\/\/www.africa-press.net\/cameroun\/politique\/cameroun-parlement-voici-la-composition-du-nouveau-bureau-de-lassemblee-nationale#respond\"]}]},{\"@type\":\"WebPage\",\"@id\":\"https:\/\/www.africa-press.net\/cameroun\/politique\/cameroun-parlement-voici-la-composition-du-nouveau-bureau-de-lassemblee-nationale\",\"url\":\"https:\/\/www.africa-press.net\/cameroun\/politique\/cameroun-parlement-voici-la-composition-du-nouveau-bureau-de-lassemblee-nationale\",\"name\":\"Parlement: Voici la Composition du nouveau bureau de l\u2019Assembl\u00e9e nationale - Cameroun\",\"isPartOf\":{\"@id\":\"https:\/\/www.africa-press.net\/cameroun\/#website\"},\"primaryImageOfPage\":{\"@id\":\"https:\/\/www.africa-press.net\/cameroun\/politique\/cameroun-parlement-voici-la-composition-du-nouveau-bureau-de-lassemblee-nationale#primaryimage\"},\"image\":{\"@id\":\"https:\/\/www.africa-press.net\/cameroun\/politique\/cameroun-parlement-voici-la-composition-du-nouveau-bureau-de-lassemblee-nationale#primaryimage\"},\"thumbnailUrl\":\"https:\/\/static.africa-press.net\/cameroun\/sites\/57\/2021\/03\/img-60581f0bc8d12.jpg\",\"datePublished\":\"2021-03-19T10:23:43+00:00\",\"dateModified\":\"2021-03-22T05:16:48+00:00\",\"author\":{\"@id\":\"https:\/\/www.africa-press.net\/cameroun\/#\/schema\/person\/2b1cf3cd81a31e3cd26889ca66d677f1\"},\"description\":\"En fin de matin\u00e9e du jeudi 18 mars 2021, les d\u00e9put\u00e9s se sont retrouv\u00e9s \u00e0 l\u2019h\u00e9micycle de l\u2019Assembl\u00e9e nationale am\u00e9nag\u00e9 au ...\",\"breadcrumb\":{\"@id\":\"https:\/\/www.africa-press.net\/cameroun\/politique\/cameroun-parlement-voici-la-composition-du-nouveau-bureau-de-lassemblee-nationale#breadcrumb\"},\"inLanguage\":\"fr-FR\",\"potentialAction\":[{\"@type\":\"ReadAction\",\"target\":[\"https:\/\/www.africa-press.net\/cameroun\/politique\/cameroun-parlement-voici-la-composition-du-nouveau-bureau-de-lassemblee-nationale\"]}]},{\"@type\":\"ImageObject\",\"inLanguage\":\"fr-FR\",\"@id\":\"https:\/\/www.africa-press.net\/cameroun\/politique\/cameroun-parlement-voici-la-composition-du-nouveau-bureau-de-lassemblee-nationale#primaryimage\",\"url\":\"https:\/\/static.africa-press.net\/cameroun\/sites\/57\/2021\/03\/img-60581f0bc8d12.jpg\",\"contentUrl\":\"https:\/\/static.africa-press.net\/cameroun\/sites\/57\/2021\/03\/img-60581f0bc8d12.jpg\",\"width\":800,\"height\":529,\"caption\":\"Cameroun - Parlement: Voici la Composition du nouveau bureau de l\u2019Assembl\u00e9e nationale\"},{\"@type\":\"BreadcrumbList\",\"@id\":\"https:\/\/www.africa-press.net\/cameroun\/politique\/cameroun-parlement-voici-la-composition-du-nouveau-bureau-de-lassemblee-nationale#breadcrumb\",\"itemListElement\":[{\"@type\":\"ListItem\",\"position\":1,\"name\":\"Accueil\",\"item\":\"https:\/\/www.africa-press.net\/cameroun\/\"},{\"@type\":\"ListItem\",\"position\":2,\"name\":\"Parlement: Voici la Composition du nouveau bureau de l\u2019Assembl\u00e9e nationale\"}]},{\"@type\":\"WebSite\",\"@id\":\"https:\/\/www.africa-press.net\/cameroun\/#website\",\"url\":\"https:\/\/www.africa-press.net\/cameroun\/\",\"name\":\"Cameroun\",\"description\":\"Just another Africa News Agency Sites site\",\"potentialAction\":[{\"@type\":\"SearchAction\",\"target\":{\"@type\":\"EntryPoint\",\"urlTemplate\":\"https:\/\/www.africa-press.net\/cameroun\/?s={search_term_string}\"},\"query-input\":{\"@type\":\"PropertyValueSpecification\",\"valueRequired\":true,\"valueName\":\"search_term_string\"}}],\"inLanguage\":\"fr-FR\"},{\"@type\":\"Person\",\"@id\":\"https:\/\/www.africa-press.net\/cameroun\/#\/schema\/person\/2b1cf3cd81a31e3cd26889ca66d677f1\",\"name\":\"cfeditorfr\"}]}<\/script>\n<!-- \/ Yoast SEO Premium plugin. -->","yoast_head_json":{"title":"Parlement: Voici la Composition du nouveau bureau de l\u2019Assembl\u00e9e nationale - Cameroun","description":"En fin de matin\u00e9e du jeudi 18 mars 2021, les d\u00e9put\u00e9s se sont retrouv\u00e9s \u00e0 l\u2019h\u00e9micycle de l\u2019Assembl\u00e9e nationale am\u00e9nag\u00e9 au ...","robots":{"index":"index","follow":"follow","max-snippet":"max-snippet:-1","max-image-preview":"max-image-preview:large","max-video-preview":"max-video-preview:-1"},"canonical":"https:\/\/www.africa-press.net\/cameroun\/politique\/cameroun-parlement-voici-la-composition-du-nouveau-bureau-de-lassemblee-nationale","og_locale":"fr_FR","og_type":"article","og_title":"Parlement: Voici la Composition du nouveau bureau de l\u2019Assembl\u00e9e nationale","og_description":"En fin de matin\u00e9e du jeudi 18 mars 2021, les d\u00e9put\u00e9s se sont retrouv\u00e9s \u00e0 l\u2019h\u00e9micycle de l\u2019Assembl\u00e9e nationale am\u00e9nag\u00e9 au ...","og_url":"https:\/\/www.africa-press.net\/cameroun\/politique\/cameroun-parlement-voici-la-composition-du-nouveau-bureau-de-lassemblee-nationale","og_site_name":"Cameroun","article_published_time":"2021-03-19T10:23:43+00:00","article_modified_time":"2021-03-22T05:16:48+00:00","og_image":[{"width":800,"height":529,"url":"https:\/\/static.africa-press.net\/cameroun\/sites\/57\/2021\/03\/img-60581f0bc8d12.jpg","type":"image\/jpeg"}],"author":"cfeditorfr","twitter_card":"summary_large_image","twitter_misc":{"\u00c9crit par":"cfeditorfr","Dur\u00e9e de lecture estim\u00e9e":"2 minutes"},"schema":{"@context":"https:\/\/schema.org","@graph":[{"@type":"Article","@id":"https:\/\/www.africa-press.net\/cameroun\/politique\/cameroun-parlement-voici-la-composition-du-nouveau-bureau-de-lassemblee-nationale#article","isPartOf":{"@id":"https:\/\/www.africa-press.net\/cameroun\/politique\/cameroun-parlement-voici-la-composition-du-nouveau-bureau-de-lassemblee-nationale"},"author":{"name":"cfeditorfr","@id":"https:\/\/www.africa-press.net\/cameroun\/#\/schema\/person\/2b1cf3cd81a31e3cd26889ca66d677f1"},"headline":"Parlement: Voici la Composition du nouveau bureau de l\u2019Assembl\u00e9e nationale","datePublished":"2021-03-19T10:23:43+00:00","dateModified":"2021-03-22T05:16:48+00:00","mainEntityOfPage":{"@id":"https:\/\/www.africa-press.net\/cameroun\/politique\/cameroun-parlement-voici-la-composition-du-nouveau-bureau-de-lassemblee-nationale"},"wordCount":370,"commentCount":0,"image":{"@id":"https:\/\/www.africa-press.net\/cameroun\/politique\/cameroun-parlement-voici-la-composition-du-nouveau-bureau-de-lassemblee-nationale#primaryimage"},"thumbnailUrl":"https:\/\/static.africa-press.net\/cameroun\/sites\/57\/2021\/03\/img-60581f0bc8d12.jpg","keywords":["Africa Press","Africa Press-Cameroun","Cameroun"],"articleSection":["homepage-french","Politique","Top Nouvelles","Toutes les actualit\u00e9s"],"inLanguage":"fr-FR","potentialAction":[{"@type":"CommentAction","name":"Comment","target":["https:\/\/www.africa-press.net\/cameroun\/politique\/cameroun-parlement-voici-la-composition-du-nouveau-bureau-de-lassemblee-nationale#respond"]}]},{"@type":"WebPage","@id":"https:\/\/www.africa-press.net\/cameroun\/politique\/cameroun-parlement-voici-la-composition-du-nouveau-bureau-de-lassemblee-nationale","url":"https:\/\/www.africa-press.net\/cameroun\/politique\/cameroun-parlement-voici-la-composition-du-nouveau-bureau-de-lassemblee-nationale","name":"Parlement: Voici la Composition du nouveau bureau de l\u2019Assembl\u00e9e nationale - Cameroun","isPartOf":{"@id":"https:\/\/www.africa-press.net\/cameroun\/#website"},"primaryImageOfPage":{"@id":"https:\/\/www.africa-press.net\/cameroun\/politique\/cameroun-parlement-voici-la-composition-du-nouveau-bureau-de-lassemblee-nationale#primaryimage"},"image":{"@id":"https:\/\/www.africa-press.net\/cameroun\/politique\/cameroun-parlement-voici-la-composition-du-nouveau-bureau-de-lassemblee-nationale#primaryimage"},"thumbnailUrl":"https:\/\/static.africa-press.net\/cameroun\/sites\/57\/2021\/03\/img-60581f0bc8d12.jpg","datePublished":"2021-03-19T10:23:43+00:00","dateModified":"2021-03-22T05:16:48+00:00","author":{"@id":"https:\/\/www.africa-press.net\/cameroun\/#\/schema\/person\/2b1cf3cd81a31e3cd26889ca66d677f1"},"description":"En fin de matin\u00e9e du jeudi 18 mars 2021, les d\u00e9put\u00e9s se sont retrouv\u00e9s \u00e0 l\u2019h\u00e9micycle de l\u2019Assembl\u00e9e nationale am\u00e9nag\u00e9 au ...","breadcrumb":{"@id":"https:\/\/www.africa-press.net\/cameroun\/politique\/cameroun-parlement-voici-la-composition-du-nouveau-bureau-de-lassemblee-nationale#breadcrumb"},"inLanguage":"fr-FR","potentialAction":[{"@type":"ReadAction","target":["https:\/\/www.africa-press.net\/cameroun\/politique\/cameroun-parlement-voici-la-composition-du-nouveau-bureau-de-lassemblee-nationale"]}]},{"@type":"ImageObject","inLanguage":"fr-FR","@id":"https:\/\/www.africa-press.net\/cameroun\/politique\/cameroun-parlement-voici-la-composition-du-nouveau-bureau-de-lassemblee-nationale#primaryimage","url":"https:\/\/static.africa-press.net\/cameroun\/sites\/57\/2021\/03\/img-60581f0bc8d12.jpg","contentUrl":"https:\/\/static.africa-press.net\/cameroun\/sites\/57\/2021\/03\/img-60581f0bc8d12.jpg","width":800,"height":529,"caption":"Cameroun - Parlement: Voici la Composition du nouveau bureau de l\u2019Assembl\u00e9e nationale"},{"@type":"BreadcrumbList","@id":"https:\/\/www.africa-press.net\/cameroun\/politique\/cameroun-parlement-voici-la-composition-du-nouveau-bureau-de-lassemblee-nationale#breadcrumb","itemListElement":[{"@type":"ListItem","position":1,"name":"Accueil","item":"https:\/\/www.africa-press.net\/cameroun\/"},{"@type":"ListItem","position":2,"name":"Parlement: Voici la Composition du nouveau bureau de l\u2019Assembl\u00e9e nationale"}]},{"@type":"WebSite","@id":"https:\/\/www.africa-press.net\/cameroun\/#website","url":"https:\/\/www.africa-press.net\/cameroun\/","name":"Cameroun","description":"Just another Africa News Agency Sites site","potentialAction":[{"@type":"SearchAction","target":{"@type":"EntryPoint","urlTemplate":"https:\/\/www.africa-press.net\/cameroun\/?s={search_term_string}"},"query-input":{"@type":"PropertyValueSpecification","valueRequired":true,"valueName":"search_term_string"}}],"inLanguage":"fr-FR"},{"@type":"Person","@id":"https:\/\/www.africa-press.net\/cameroun\/#\/schema\/person\/2b1cf3cd81a31e3cd26889ca66d677f1","name":"cfeditorfr"}]}},"_links":{"self":[{"href":"https:\/\/www.africa-press.net\/cameroun\/wp-json\/wp\/v2\/posts\/1381","targetHints":{"allow":["GET"]}}],"collection":[{"href":"https:\/\/www.africa-press.net\/cameroun\/wp-json\/wp\/v2\/posts"}],"about":[{"href":"https:\/\/www.africa-press.net\/cameroun\/wp-json\/wp\/v2\/types\/post"}],"author":[{"embeddable":true,"href":"https:\/\/www.africa-press.net\/cameroun\/wp-json\/wp\/v2\/users\/82"}],"replies":[{"embeddable":true,"href":"https:\/\/www.africa-press.net\/cameroun\/wp-json\/wp\/v2\/comments?post=1381"}],"version-history":[{"count":0,"href":"https:\/\/www.africa-press.net\/cameroun\/wp-json\/wp\/v2\/posts\/1381\/revisions"}],"wp:featuredmedia":[{"embeddable":true,"href":"https:\/\/www.africa-press.net\/cameroun\/wp-json\/wp\/v2\/media\/1380"}],"wp:attachment":[{"href":"https:\/\/www.africa-press.net\/cameroun\/wp-json\/wp\/v2\/media?parent=1381"}],"wp:term":[{"taxonomy":"category","embeddable":true,"href":"https:\/\/www.africa-press.net\/cameroun\/wp-json\/wp\/v2\/categories?post=1381"},{"taxonomy":"post_tag","embeddable":true,"href":"https:\/\/www.africa-press.net\/cameroun\/wp-json\/wp\/v2\/tags?post=1381"}],"curies":[{"name":"wp","href":"https:\/\/api.w.org\/{rel}","templated":true}]}}