{"id":1384,"date":"2021-03-19T10:31:22","date_gmt":"2021-03-19T10:31:22","guid":{"rendered":"https:\/\/www.africa-press.net\/cameroun\/politique\/cameroun-litterature-djaili-amadou-amal-laureate-du-choix-goncourt-du-royaume-uni"},"modified":"2021-03-22T05:16:42","modified_gmt":"2021-03-22T05:16:42","slug":"cameroun-litterature-djaili-amadou-amal-laureate-du-choix-goncourt-du-royaume-uni","status":"publish","type":"post","link":"https:\/\/www.africa-press.net\/cameroun\/culture-et-art\/cameroun-litterature-djaili-amadou-amal-laureate-du-choix-goncourt-du-royaume-uni","title":{"rendered":"Litt\u00e9rature: Dja\u00efli Amadou Amal, laur\u00e9ate du Choix Goncourt du Royaume-Uni"},"content":{"rendered":"<p><span style=\"color: #ff6600\"><strong><a href=\"https:\/\/www.africa-press.net\/\">Africa-Press<\/a> &#8211; <a href=\"https:\/\/www.africa-press.net\/cameroun\">Cameroun<\/a>. <\/strong><\/span>Les troph\u00e9es s\u2019accumulent pour Dja\u00efli Amadou Amal. L\u2019\u00e9crivaine camerounaise nomin\u00e9e au prestigieux prix litt\u00e9raire international de l\u2019Acad\u00e9mie Goncourt 2020, puis laur\u00e9ate du Goncourt des Lyc\u00e9ens et du Choix Goncourt de l\u2019Orient la m\u00eame ann\u00e9e, vient \u00e0 nouveau d\u2019\u00eatre pl\u00e9biscit\u00e9e dans le cadre d\u2019un autre concours litt\u00e9raire. Elle a en effet remport\u00e9, le jeudi 18 mars 2021, le Choix Goncourt du Royaume-Uni. La nouvelle a \u00e9t\u00e9 officialis\u00e9e le m\u00eame jour par l\u2019acad\u00e9mie Goncourt sur son compte Twitter \u00e0 18h30.<\/p>\n<p>Depuis hier, les f\u00e9licitations s\u2019accumulent. L\u2019ambassadeur de France au Cameroun, Christophe Guilhou, a \u00e9t\u00e9 le premier \u00e0 la congratuler. \u00abF\u00e9licitations Djaili! Reconnaissance suppl\u00e9mentaire de la richesse et de la vitalit\u00e9 de la litt\u00e9rature au Cameroun\u00bb, a-t-il \u00e9crit sur Twitter.<\/p>\n<p>Pour m\u00e9moire, Le Choix Goncourt Royaume-Uni lanc\u00e9 l\u2019ann\u00e9e derni\u00e8re, est une initiative conjointe de l\u2019Acad\u00e9mie Goncourt, de la Maison Fran\u00e7aise d\u2019Oxford, de la Direction de l\u2019Enseignement Sup\u00e9rieur, de la Recherche et de l\u2019Innovation de l\u2019Ambassade de France, de l\u2019Institut fran\u00e7ais du Royaume-Uni, de l\u2019AUF Europe de l\u2019Ouest et de la Librairie La Page \u00e0 Londres.<\/p>\n<p>\u00abIl associe les d\u00e9partements de fran\u00e7ais de douze universit\u00e9s britanniques, r\u00e9parties sur tout le territoire. Pour l\u2019\u00e9dition 2020-2021, ces universit\u00e9s \u00e9taient: King&rsquo;s College London, Royal Holloway University of London, Oxford, Cambridge, Warwick, Leeds, Southampton, Bath (Angleterre), Aberdeen, St Andrews (Ecosse), Queen\u2019s Belfast (Irlande du Nord) et l&rsquo;Open University. Une centaine d\u2019\u00e9tudiants ont ainsi particip\u00e9 ainsi \u00e0 des groupes de lecture \u00e0 travers le pays autour des romans de la troisi\u00e8me s\u00e9lection du prix Goncourt. Chacune des universit\u00e9s a ensuite s\u00e9lectionn\u00e9 deux d\u00e9l\u00e9gu\u00e9(e)s qui ont particip\u00e9 aux d\u00e9lib\u00e9rations et \u00e0 la proclamation du Choix Goncourt du Royaume-Uni \u00e0 Londres le 18 mars, \u00e0 l&rsquo;occasion de la semaine de la Francophonie\u00bb, lit-on sur le site internet de l\u2019Acad\u00e9mie Goncourt.<\/p>\n","protected":false},"excerpt":{"rendered":"<p>Africa-Press &#8211; Cameroun. Les troph\u00e9es s\u2019accumulent pour Dja\u00efli Amadou Amal. L\u2019\u00e9crivaine camerounaise nomin\u00e9e au prestigieux prix litt\u00e9raire international de l\u2019Acad\u00e9mie Goncourt 2020, puis laur\u00e9ate du Goncourt des Lyc\u00e9ens et du Choix Goncourt de l\u2019Orient la m\u00eame ann\u00e9e, vient \u00e0 nouveau d\u2019\u00eatre pl\u00e9biscit\u00e9e dans le cadre d\u2019un autre concours litt\u00e9raire. Elle a en effet remport\u00e9, le [&hellip;]<\/p>\n","protected":false},"author":82,"featured_media":1383,"comment_status":"open","ping_status":"closed","sticky":false,"template":"","format":"standard","meta":{"footnotes":""},"categories":[5,11,10],"tags":[36,50,49],"class_list":["post-1384","post","type-post","status-publish","format-standard","has-post-thumbnail","hentry","category-culture-et-art","category-homepage-french","category-toutes-les-actualites","tag-africa-press","tag-africa-press-cameroun","tag-cameroun"],"yoast_head":"<!-- This site is optimized with the Yoast SEO Premium plugin v26.1 (Yoast SEO v27.0) - https:\/\/yoast.com\/product\/yoast-seo-premium-wordpress\/ -->\n<title>Litt\u00e9rature: Dja\u00efli Amadou Amal, laur\u00e9ate du Choix Goncourt du Royaume-Uni - Cameroun<\/title>\n<meta name=\"description\" content=\"Les troph\u00e9es s\u2019accumulent pour Dja\u00efli Amadou Amal. L\u2019\u00e9crivaine camerounaise nomin\u00e9e au prestigieux prix litt\u00e9raire inter ...\" \/>\n<meta name=\"robots\" content=\"index, follow, max-snippet:-1, max-image-preview:large, max-video-preview:-1\" \/>\n<link rel=\"canonical\" href=\"https:\/\/www.africa-press.net\/cameroun\/culture-et-art\/cameroun-litterature-djaili-amadou-amal-laureate-du-choix-goncourt-du-royaume-uni\" \/>\n<meta property=\"og:locale\" content=\"fr_FR\" \/>\n<meta property=\"og:type\" content=\"article\" \/>\n<meta property=\"og:title\" content=\"Litt\u00e9rature: Dja\u00efli Amadou Amal, laur\u00e9ate du Choix Goncourt du Royaume-Uni\" \/>\n<meta property=\"og:description\" content=\"Les troph\u00e9es s\u2019accumulent pour Dja\u00efli Amadou Amal. L\u2019\u00e9crivaine camerounaise nomin\u00e9e au prestigieux prix litt\u00e9raire inter ...\" \/>\n<meta property=\"og:url\" content=\"https:\/\/www.africa-press.net\/cameroun\/culture-et-art\/cameroun-litterature-djaili-amadou-amal-laureate-du-choix-goncourt-du-royaume-uni\" \/>\n<meta property=\"og:site_name\" content=\"Cameroun\" \/>\n<meta property=\"article:published_time\" content=\"2021-03-19T10:31:22+00:00\" \/>\n<meta property=\"article:modified_time\" content=\"2021-03-22T05:16:42+00:00\" \/>\n<meta property=\"og:image\" content=\"https:\/\/static.africa-press.net\/cameroun\/sites\/57\/2021\/03\/img-60581f329a51f.jpg\" \/>\n\t<meta property=\"og:image:width\" content=\"800\" \/>\n\t<meta property=\"og:image:height\" content=\"399\" \/>\n\t<meta property=\"og:image:type\" content=\"image\/jpeg\" \/>\n<meta name=\"author\" content=\"cfeditorfr\" \/>\n<meta name=\"twitter:card\" content=\"summary_large_image\" \/>\n<meta name=\"twitter:label1\" content=\"\u00c9crit par\" \/>\n\t<meta name=\"twitter:data1\" content=\"cfeditorfr\" \/>\n\t<meta name=\"twitter:label2\" content=\"Dur\u00e9e de lecture estim\u00e9e\" \/>\n\t<meta name=\"twitter:data2\" content=\"2 minutes\" \/>\n<script type=\"application\/ld+json\" class=\"yoast-schema-graph\">{\"@context\":\"https:\/\/schema.org\",\"@graph\":[{\"@type\":\"Article\",\"@id\":\"https:\/\/www.africa-press.net\/cameroun\/culture-et-art\/cameroun-litterature-djaili-amadou-amal-laureate-du-choix-goncourt-du-royaume-uni#article\",\"isPartOf\":{\"@id\":\"https:\/\/www.africa-press.net\/cameroun\/culture-et-art\/cameroun-litterature-djaili-amadou-amal-laureate-du-choix-goncourt-du-royaume-uni\"},\"author\":{\"name\":\"cfeditorfr\",\"@id\":\"https:\/\/www.africa-press.net\/cameroun\/#\/schema\/person\/2b1cf3cd81a31e3cd26889ca66d677f1\"},\"headline\":\"Litt\u00e9rature: Dja\u00efli Amadou Amal, laur\u00e9ate du Choix Goncourt du Royaume-Uni\",\"datePublished\":\"2021-03-19T10:31:22+00:00\",\"dateModified\":\"2021-03-22T05:16:42+00:00\",\"mainEntityOfPage\":{\"@id\":\"https:\/\/www.africa-press.net\/cameroun\/culture-et-art\/cameroun-litterature-djaili-amadou-amal-laureate-du-choix-goncourt-du-royaume-uni\"},\"wordCount\":359,\"commentCount\":0,\"image\":{\"@id\":\"https:\/\/www.africa-press.net\/cameroun\/culture-et-art\/cameroun-litterature-djaili-amadou-amal-laureate-du-choix-goncourt-du-royaume-uni#primaryimage\"},\"thumbnailUrl\":\"https:\/\/static.africa-press.net\/cameroun\/sites\/57\/2021\/03\/img-60581f329a51f.jpg\",\"keywords\":[\"Africa Press\",\"Africa Press-Cameroun\",\"Cameroun\"],\"articleSection\":[\"Culture et Art\",\"homepage-french\",\"Toutes les actualit\u00e9s\"],\"inLanguage\":\"fr-FR\",\"potentialAction\":[{\"@type\":\"CommentAction\",\"name\":\"Comment\",\"target\":[\"https:\/\/www.africa-press.net\/cameroun\/culture-et-art\/cameroun-litterature-djaili-amadou-amal-laureate-du-choix-goncourt-du-royaume-uni#respond\"]}]},{\"@type\":\"WebPage\",\"@id\":\"https:\/\/www.africa-press.net\/cameroun\/culture-et-art\/cameroun-litterature-djaili-amadou-amal-laureate-du-choix-goncourt-du-royaume-uni\",\"url\":\"https:\/\/www.africa-press.net\/cameroun\/culture-et-art\/cameroun-litterature-djaili-amadou-amal-laureate-du-choix-goncourt-du-royaume-uni\",\"name\":\"Litt\u00e9rature: Dja\u00efli Amadou Amal, laur\u00e9ate du Choix Goncourt du Royaume-Uni - Cameroun\",\"isPartOf\":{\"@id\":\"https:\/\/www.africa-press.net\/cameroun\/#website\"},\"primaryImageOfPage\":{\"@id\":\"https:\/\/www.africa-press.net\/cameroun\/culture-et-art\/cameroun-litterature-djaili-amadou-amal-laureate-du-choix-goncourt-du-royaume-uni#primaryimage\"},\"image\":{\"@id\":\"https:\/\/www.africa-press.net\/cameroun\/culture-et-art\/cameroun-litterature-djaili-amadou-amal-laureate-du-choix-goncourt-du-royaume-uni#primaryimage\"},\"thumbnailUrl\":\"https:\/\/static.africa-press.net\/cameroun\/sites\/57\/2021\/03\/img-60581f329a51f.jpg\",\"datePublished\":\"2021-03-19T10:31:22+00:00\",\"dateModified\":\"2021-03-22T05:16:42+00:00\",\"author\":{\"@id\":\"https:\/\/www.africa-press.net\/cameroun\/#\/schema\/person\/2b1cf3cd81a31e3cd26889ca66d677f1\"},\"description\":\"Les troph\u00e9es s\u2019accumulent pour Dja\u00efli Amadou Amal. L\u2019\u00e9crivaine camerounaise nomin\u00e9e au prestigieux prix litt\u00e9raire inter ...\",\"breadcrumb\":{\"@id\":\"https:\/\/www.africa-press.net\/cameroun\/culture-et-art\/cameroun-litterature-djaili-amadou-amal-laureate-du-choix-goncourt-du-royaume-uni#breadcrumb\"},\"inLanguage\":\"fr-FR\",\"potentialAction\":[{\"@type\":\"ReadAction\",\"target\":[\"https:\/\/www.africa-press.net\/cameroun\/culture-et-art\/cameroun-litterature-djaili-amadou-amal-laureate-du-choix-goncourt-du-royaume-uni\"]}]},{\"@type\":\"ImageObject\",\"inLanguage\":\"fr-FR\",\"@id\":\"https:\/\/www.africa-press.net\/cameroun\/culture-et-art\/cameroun-litterature-djaili-amadou-amal-laureate-du-choix-goncourt-du-royaume-uni#primaryimage\",\"url\":\"https:\/\/static.africa-press.net\/cameroun\/sites\/57\/2021\/03\/img-60581f329a51f.jpg\",\"contentUrl\":\"https:\/\/static.africa-press.net\/cameroun\/sites\/57\/2021\/03\/img-60581f329a51f.jpg\",\"width\":800,\"height\":399,\"caption\":\"Cameroun - Litt\u00e9rature: Dja\u00efli Amadou Amal, laur\u00e9ate du Choix Goncourt du Royaume-Uni\"},{\"@type\":\"BreadcrumbList\",\"@id\":\"https:\/\/www.africa-press.net\/cameroun\/culture-et-art\/cameroun-litterature-djaili-amadou-amal-laureate-du-choix-goncourt-du-royaume-uni#breadcrumb\",\"itemListElement\":[{\"@type\":\"ListItem\",\"position\":1,\"name\":\"Accueil\",\"item\":\"https:\/\/www.africa-press.net\/cameroun\/\"},{\"@type\":\"ListItem\",\"position\":2,\"name\":\"Litt\u00e9rature: Dja\u00efli Amadou Amal, laur\u00e9ate du Choix Goncourt du Royaume-Uni\"}]},{\"@type\":\"WebSite\",\"@id\":\"https:\/\/www.africa-press.net\/cameroun\/#website\",\"url\":\"https:\/\/www.africa-press.net\/cameroun\/\",\"name\":\"Cameroun\",\"description\":\"Just another Africa News Agency Sites site\",\"potentialAction\":[{\"@type\":\"SearchAction\",\"target\":{\"@type\":\"EntryPoint\",\"urlTemplate\":\"https:\/\/www.africa-press.net\/cameroun\/?s={search_term_string}\"},\"query-input\":{\"@type\":\"PropertyValueSpecification\",\"valueRequired\":true,\"valueName\":\"search_term_string\"}}],\"inLanguage\":\"fr-FR\"},{\"@type\":\"Person\",\"@id\":\"https:\/\/www.africa-press.net\/cameroun\/#\/schema\/person\/2b1cf3cd81a31e3cd26889ca66d677f1\",\"name\":\"cfeditorfr\"}]}<\/script>\n<!-- \/ Yoast SEO Premium plugin. -->","yoast_head_json":{"title":"Litt\u00e9rature: Dja\u00efli Amadou Amal, laur\u00e9ate du Choix Goncourt du Royaume-Uni - Cameroun","description":"Les troph\u00e9es s\u2019accumulent pour Dja\u00efli Amadou Amal. L\u2019\u00e9crivaine camerounaise nomin\u00e9e au prestigieux prix litt\u00e9raire inter ...","robots":{"index":"index","follow":"follow","max-snippet":"max-snippet:-1","max-image-preview":"max-image-preview:large","max-video-preview":"max-video-preview:-1"},"canonical":"https:\/\/www.africa-press.net\/cameroun\/culture-et-art\/cameroun-litterature-djaili-amadou-amal-laureate-du-choix-goncourt-du-royaume-uni","og_locale":"fr_FR","og_type":"article","og_title":"Litt\u00e9rature: Dja\u00efli Amadou Amal, laur\u00e9ate du Choix Goncourt du Royaume-Uni","og_description":"Les troph\u00e9es s\u2019accumulent pour Dja\u00efli Amadou Amal. L\u2019\u00e9crivaine camerounaise nomin\u00e9e au prestigieux prix litt\u00e9raire inter ...","og_url":"https:\/\/www.africa-press.net\/cameroun\/culture-et-art\/cameroun-litterature-djaili-amadou-amal-laureate-du-choix-goncourt-du-royaume-uni","og_site_name":"Cameroun","article_published_time":"2021-03-19T10:31:22+00:00","article_modified_time":"2021-03-22T05:16:42+00:00","og_image":[{"width":800,"height":399,"url":"https:\/\/static.africa-press.net\/cameroun\/sites\/57\/2021\/03\/img-60581f329a51f.jpg","type":"image\/jpeg"}],"author":"cfeditorfr","twitter_card":"summary_large_image","twitter_misc":{"\u00c9crit par":"cfeditorfr","Dur\u00e9e de lecture estim\u00e9e":"2 minutes"},"schema":{"@context":"https:\/\/schema.org","@graph":[{"@type":"Article","@id":"https:\/\/www.africa-press.net\/cameroun\/culture-et-art\/cameroun-litterature-djaili-amadou-amal-laureate-du-choix-goncourt-du-royaume-uni#article","isPartOf":{"@id":"https:\/\/www.africa-press.net\/cameroun\/culture-et-art\/cameroun-litterature-djaili-amadou-amal-laureate-du-choix-goncourt-du-royaume-uni"},"author":{"name":"cfeditorfr","@id":"https:\/\/www.africa-press.net\/cameroun\/#\/schema\/person\/2b1cf3cd81a31e3cd26889ca66d677f1"},"headline":"Litt\u00e9rature: Dja\u00efli Amadou Amal, laur\u00e9ate du Choix Goncourt du Royaume-Uni","datePublished":"2021-03-19T10:31:22+00:00","dateModified":"2021-03-22T05:16:42+00:00","mainEntityOfPage":{"@id":"https:\/\/www.africa-press.net\/cameroun\/culture-et-art\/cameroun-litterature-djaili-amadou-amal-laureate-du-choix-goncourt-du-royaume-uni"},"wordCount":359,"commentCount":0,"image":{"@id":"https:\/\/www.africa-press.net\/cameroun\/culture-et-art\/cameroun-litterature-djaili-amadou-amal-laureate-du-choix-goncourt-du-royaume-uni#primaryimage"},"thumbnailUrl":"https:\/\/static.africa-press.net\/cameroun\/sites\/57\/2021\/03\/img-60581f329a51f.jpg","keywords":["Africa Press","Africa Press-Cameroun","Cameroun"],"articleSection":["Culture et Art","homepage-french","Toutes les actualit\u00e9s"],"inLanguage":"fr-FR","potentialAction":[{"@type":"CommentAction","name":"Comment","target":["https:\/\/www.africa-press.net\/cameroun\/culture-et-art\/cameroun-litterature-djaili-amadou-amal-laureate-du-choix-goncourt-du-royaume-uni#respond"]}]},{"@type":"WebPage","@id":"https:\/\/www.africa-press.net\/cameroun\/culture-et-art\/cameroun-litterature-djaili-amadou-amal-laureate-du-choix-goncourt-du-royaume-uni","url":"https:\/\/www.africa-press.net\/cameroun\/culture-et-art\/cameroun-litterature-djaili-amadou-amal-laureate-du-choix-goncourt-du-royaume-uni","name":"Litt\u00e9rature: Dja\u00efli Amadou Amal, laur\u00e9ate du Choix Goncourt du Royaume-Uni - Cameroun","isPartOf":{"@id":"https:\/\/www.africa-press.net\/cameroun\/#website"},"primaryImageOfPage":{"@id":"https:\/\/www.africa-press.net\/cameroun\/culture-et-art\/cameroun-litterature-djaili-amadou-amal-laureate-du-choix-goncourt-du-royaume-uni#primaryimage"},"image":{"@id":"https:\/\/www.africa-press.net\/cameroun\/culture-et-art\/cameroun-litterature-djaili-amadou-amal-laureate-du-choix-goncourt-du-royaume-uni#primaryimage"},"thumbnailUrl":"https:\/\/static.africa-press.net\/cameroun\/sites\/57\/2021\/03\/img-60581f329a51f.jpg","datePublished":"2021-03-19T10:31:22+00:00","dateModified":"2021-03-22T05:16:42+00:00","author":{"@id":"https:\/\/www.africa-press.net\/cameroun\/#\/schema\/person\/2b1cf3cd81a31e3cd26889ca66d677f1"},"description":"Les troph\u00e9es s\u2019accumulent pour Dja\u00efli Amadou Amal. L\u2019\u00e9crivaine camerounaise nomin\u00e9e au prestigieux prix litt\u00e9raire inter ...","breadcrumb":{"@id":"https:\/\/www.africa-press.net\/cameroun\/culture-et-art\/cameroun-litterature-djaili-amadou-amal-laureate-du-choix-goncourt-du-royaume-uni#breadcrumb"},"inLanguage":"fr-FR","potentialAction":[{"@type":"ReadAction","target":["https:\/\/www.africa-press.net\/cameroun\/culture-et-art\/cameroun-litterature-djaili-amadou-amal-laureate-du-choix-goncourt-du-royaume-uni"]}]},{"@type":"ImageObject","inLanguage":"fr-FR","@id":"https:\/\/www.africa-press.net\/cameroun\/culture-et-art\/cameroun-litterature-djaili-amadou-amal-laureate-du-choix-goncourt-du-royaume-uni#primaryimage","url":"https:\/\/static.africa-press.net\/cameroun\/sites\/57\/2021\/03\/img-60581f329a51f.jpg","contentUrl":"https:\/\/static.africa-press.net\/cameroun\/sites\/57\/2021\/03\/img-60581f329a51f.jpg","width":800,"height":399,"caption":"Cameroun - Litt\u00e9rature: Dja\u00efli Amadou Amal, laur\u00e9ate du Choix Goncourt du Royaume-Uni"},{"@type":"BreadcrumbList","@id":"https:\/\/www.africa-press.net\/cameroun\/culture-et-art\/cameroun-litterature-djaili-amadou-amal-laureate-du-choix-goncourt-du-royaume-uni#breadcrumb","itemListElement":[{"@type":"ListItem","position":1,"name":"Accueil","item":"https:\/\/www.africa-press.net\/cameroun\/"},{"@type":"ListItem","position":2,"name":"Litt\u00e9rature: Dja\u00efli Amadou Amal, laur\u00e9ate du Choix Goncourt du Royaume-Uni"}]},{"@type":"WebSite","@id":"https:\/\/www.africa-press.net\/cameroun\/#website","url":"https:\/\/www.africa-press.net\/cameroun\/","name":"Cameroun","description":"Just another Africa News Agency Sites site","potentialAction":[{"@type":"SearchAction","target":{"@type":"EntryPoint","urlTemplate":"https:\/\/www.africa-press.net\/cameroun\/?s={search_term_string}"},"query-input":{"@type":"PropertyValueSpecification","valueRequired":true,"valueName":"search_term_string"}}],"inLanguage":"fr-FR"},{"@type":"Person","@id":"https:\/\/www.africa-press.net\/cameroun\/#\/schema\/person\/2b1cf3cd81a31e3cd26889ca66d677f1","name":"cfeditorfr"}]}},"_links":{"self":[{"href":"https:\/\/www.africa-press.net\/cameroun\/wp-json\/wp\/v2\/posts\/1384","targetHints":{"allow":["GET"]}}],"collection":[{"href":"https:\/\/www.africa-press.net\/cameroun\/wp-json\/wp\/v2\/posts"}],"about":[{"href":"https:\/\/www.africa-press.net\/cameroun\/wp-json\/wp\/v2\/types\/post"}],"author":[{"embeddable":true,"href":"https:\/\/www.africa-press.net\/cameroun\/wp-json\/wp\/v2\/users\/82"}],"replies":[{"embeddable":true,"href":"https:\/\/www.africa-press.net\/cameroun\/wp-json\/wp\/v2\/comments?post=1384"}],"version-history":[{"count":0,"href":"https:\/\/www.africa-press.net\/cameroun\/wp-json\/wp\/v2\/posts\/1384\/revisions"}],"wp:featuredmedia":[{"embeddable":true,"href":"https:\/\/www.africa-press.net\/cameroun\/wp-json\/wp\/v2\/media\/1383"}],"wp:attachment":[{"href":"https:\/\/www.africa-press.net\/cameroun\/wp-json\/wp\/v2\/media?parent=1384"}],"wp:term":[{"taxonomy":"category","embeddable":true,"href":"https:\/\/www.africa-press.net\/cameroun\/wp-json\/wp\/v2\/categories?post=1384"},{"taxonomy":"post_tag","embeddable":true,"href":"https:\/\/www.africa-press.net\/cameroun\/wp-json\/wp\/v2\/tags?post=1384"}],"curies":[{"name":"wp","href":"https:\/\/api.w.org\/{rel}","templated":true}]}}