{"id":1387,"date":"2021-03-19T10:34:57","date_gmt":"2021-03-19T10:34:57","guid":{"rendered":"https:\/\/www.africa-press.net\/cameroun\/politique\/cameroun-championnat-delite-de-football-le-bus-de-lequipe-de-pwd-de-bamenda-a-pris-feu-sur-la-route-bafoussam-yaounde"},"modified":"2021-03-22T05:16:27","modified_gmt":"2021-03-22T05:16:27","slug":"cameroun-championnat-delite-de-football-le-bus-de-lequipe-de-pwd-de-bamenda-a-pris-feu-sur-la-route-bafoussam-yaounde","status":"publish","type":"post","link":"https:\/\/www.africa-press.net\/cameroun\/sports\/cameroun-championnat-delite-de-football-le-bus-de-lequipe-de-pwd-de-bamenda-a-pris-feu-sur-la-route-bafoussam-yaounde","title":{"rendered":"Championnat d\u2019\u00e9lite de football: Le bus de l\u2019\u00e9quipe de PWD de Bamenda a pris feu sur la route Bafoussam-Yaound\u00e9"},"content":{"rendered":"<p><span style=\"color: #ff6600\"><strong><a href=\"https:\/\/www.africa-press.net\/\">Africa-Press<\/a> &#8211; <a href=\"https:\/\/www.africa-press.net\/cameroun\">Cameroun<\/a>. <\/strong><\/span>\u00abNous avons bien roul\u00e9 jusqu\u2019\u00e0 quelques m\u00e8tres de Makenene, la ville limitrophe entre les r\u00e9gions de l\u2019Ouest et du Centre. C\u2019est la o\u00f9 l\u2019un des membres de notre d\u00e9l\u00e9gation a donn\u00e9 l\u2019alerte \u00e0 l\u2019incendie. Nous nous sommes arr\u00eat\u00e9s et, malgr\u00e9 la panique, tout le monde a pu s\u2019\u00e9chapper. Mais, certains joueurs sont bless\u00e9s\u00bb, relate Abongwa Fozo, le Secr\u00e9taire g\u00e9n\u00e9ral de PWD de Bamenda, joint au t\u00e9l\u00e9phone par Cameroon-inof.net<\/p>\n<p>L\u2019incendie, tr\u00e8s violent; a r\u00e9duit en cendre, le bus de la marque Toyota Coaster. Mais tous les joueurs, entraineurs et officiels sont sortis indemnes de l\u2019incident qui a toutefois occasionn\u00e9 des pertes mat\u00e9riels. \u00abMalheureusement, on ne peut plus r\u00e9cup\u00e9rer beaucoup de choses, comme les maillots, les chaussures, les sacs des joueurs, tout a brul\u00e9\u00bb, affirme Abongwa Fozo, le Secr\u00e9taire g\u00e9n\u00e9ral de PWD de Bamenda. La cause de l\u2019incendie reste \u00e0 \u00e9lucider. Mais, un membre de la d\u00e9l\u00e9gation nous a confi\u00e9 que le feu serait parti de l\u2019\u00e9clatement du r\u00e9servoir du bus.<\/p>\n<p>Malgr\u00e9 le fait qu\u2019ils ont \u00e9t\u00e9 choqu\u00e9s, les joueurs ont continu\u00e9 le voyage dans un autre bus. \u00abLes bless\u00e9s ont \u00e9t\u00e9 transpost\u00e9s \u00e0 l\u2019h\u00f4pital et \u00e0 notre arriv\u00e9e \u00e0 Yaound\u00e9, on \u00e9valuera l\u2019\u00e9tat de tout le monde. C\u2019est \u00e0 l\u2019issue de tout cela qu\u2019on saura s\u2019il faut demander le report de notre match ou pas\u00bb, explique Abongwa Fozo.<\/p>\n<p>PWD de Bamenda, champion du Cameroun en titre, est programm\u00e9 pour jouer demain samedi \u00e0 l\u2019annexe du stade Ahmadou Ahidjo contre Dragon de Yaound\u00e9.<\/p>\n","protected":false},"excerpt":{"rendered":"<p>Africa-Press &#8211; Cameroun. \u00abNous avons bien roul\u00e9 jusqu\u2019\u00e0 quelques m\u00e8tres de Makenene, la ville limitrophe entre les r\u00e9gions de l\u2019Ouest et du Centre. C\u2019est la o\u00f9 l\u2019un des membres de notre d\u00e9l\u00e9gation a donn\u00e9 l\u2019alerte \u00e0 l\u2019incendie. Nous nous sommes arr\u00eat\u00e9s et, malgr\u00e9 la panique, tout le monde a pu s\u2019\u00e9chapper. Mais, certains joueurs sont [&hellip;]<\/p>\n","protected":false},"author":82,"featured_media":1386,"comment_status":"open","ping_status":"closed","sticky":false,"template":"","format":"standard","meta":{"footnotes":""},"categories":[11,6,10],"tags":[36,50,49],"class_list":["post-1387","post","type-post","status-publish","format-standard","has-post-thumbnail","hentry","category-homepage-french","category-sports","category-toutes-les-actualites","tag-africa-press","tag-africa-press-cameroun","tag-cameroun"],"yoast_head":"<!-- This site is optimized with the Yoast SEO Premium plugin v26.1 (Yoast SEO v27.0) - https:\/\/yoast.com\/product\/yoast-seo-premium-wordpress\/ -->\n<title>Championnat d\u2019\u00e9lite de football: Le bus de l\u2019\u00e9quipe de PWD de Bamenda a pris feu sur la route Bafoussam-Yaound\u00e9 - Cameroun<\/title>\n<meta name=\"description\" content=\"\u00abNous avons bien roul\u00e9 jusqu\u2019\u00e0 quelques m\u00e8tres de Makenene, la ville limitrophe entre les r\u00e9gions de l\u2019Ouest et du Centr ...\" \/>\n<meta name=\"robots\" content=\"index, follow, max-snippet:-1, max-image-preview:large, max-video-preview:-1\" \/>\n<link rel=\"canonical\" href=\"https:\/\/www.africa-press.net\/cameroun\/sports\/cameroun-championnat-delite-de-football-le-bus-de-lequipe-de-pwd-de-bamenda-a-pris-feu-sur-la-route-bafoussam-yaounde\" \/>\n<meta property=\"og:locale\" content=\"fr_FR\" \/>\n<meta property=\"og:type\" content=\"article\" \/>\n<meta property=\"og:title\" content=\"Championnat d\u2019\u00e9lite de football: Le bus de l\u2019\u00e9quipe de PWD de Bamenda a pris feu sur la route Bafoussam-Yaound\u00e9\" \/>\n<meta property=\"og:description\" content=\"\u00abNous avons bien roul\u00e9 jusqu\u2019\u00e0 quelques m\u00e8tres de Makenene, la ville limitrophe entre les r\u00e9gions de l\u2019Ouest et du Centr ...\" \/>\n<meta property=\"og:url\" content=\"https:\/\/www.africa-press.net\/cameroun\/sports\/cameroun-championnat-delite-de-football-le-bus-de-lequipe-de-pwd-de-bamenda-a-pris-feu-sur-la-route-bafoussam-yaounde\" \/>\n<meta property=\"og:site_name\" content=\"Cameroun\" \/>\n<meta property=\"article:published_time\" content=\"2021-03-19T10:34:57+00:00\" \/>\n<meta property=\"article:modified_time\" content=\"2021-03-22T05:16:27+00:00\" \/>\n<meta property=\"og:image\" content=\"https:\/\/static.africa-press.net\/cameroun\/sites\/57\/2021\/03\/img-60581f56bc603.jpg\" \/>\n\t<meta property=\"og:image:width\" content=\"800\" \/>\n\t<meta property=\"og:image:height\" content=\"538\" \/>\n\t<meta property=\"og:image:type\" content=\"image\/jpeg\" \/>\n<meta name=\"author\" content=\"cfeditorfr\" \/>\n<meta name=\"twitter:card\" content=\"summary_large_image\" \/>\n<meta name=\"twitter:label1\" content=\"\u00c9crit par\" \/>\n\t<meta name=\"twitter:data1\" content=\"cfeditorfr\" \/>\n\t<meta name=\"twitter:label2\" content=\"Dur\u00e9e de lecture estim\u00e9e\" \/>\n\t<meta name=\"twitter:data2\" content=\"1 minute\" \/>\n<script type=\"application\/ld+json\" class=\"yoast-schema-graph\">{\"@context\":\"https:\/\/schema.org\",\"@graph\":[{\"@type\":\"Article\",\"@id\":\"https:\/\/www.africa-press.net\/cameroun\/sports\/cameroun-championnat-delite-de-football-le-bus-de-lequipe-de-pwd-de-bamenda-a-pris-feu-sur-la-route-bafoussam-yaounde#article\",\"isPartOf\":{\"@id\":\"https:\/\/www.africa-press.net\/cameroun\/sports\/cameroun-championnat-delite-de-football-le-bus-de-lequipe-de-pwd-de-bamenda-a-pris-feu-sur-la-route-bafoussam-yaounde\"},\"author\":{\"name\":\"cfeditorfr\",\"@id\":\"https:\/\/www.africa-press.net\/cameroun\/#\/schema\/person\/2b1cf3cd81a31e3cd26889ca66d677f1\"},\"headline\":\"Championnat d\u2019\u00e9lite de football: Le bus de l\u2019\u00e9quipe de PWD de Bamenda a pris feu sur la route Bafoussam-Yaound\u00e9\",\"datePublished\":\"2021-03-19T10:34:57+00:00\",\"dateModified\":\"2021-03-22T05:16:27+00:00\",\"mainEntityOfPage\":{\"@id\":\"https:\/\/www.africa-press.net\/cameroun\/sports\/cameroun-championnat-delite-de-football-le-bus-de-lequipe-de-pwd-de-bamenda-a-pris-feu-sur-la-route-bafoussam-yaounde\"},\"wordCount\":305,\"commentCount\":0,\"image\":{\"@id\":\"https:\/\/www.africa-press.net\/cameroun\/sports\/cameroun-championnat-delite-de-football-le-bus-de-lequipe-de-pwd-de-bamenda-a-pris-feu-sur-la-route-bafoussam-yaounde#primaryimage\"},\"thumbnailUrl\":\"https:\/\/static.africa-press.net\/cameroun\/sites\/57\/2021\/03\/img-60581f56bc603.jpg\",\"keywords\":[\"Africa Press\",\"Africa Press-Cameroun\",\"Cameroun\"],\"articleSection\":[\"homepage-french\",\"Sports\",\"Toutes les actualit\u00e9s\"],\"inLanguage\":\"fr-FR\",\"potentialAction\":[{\"@type\":\"CommentAction\",\"name\":\"Comment\",\"target\":[\"https:\/\/www.africa-press.net\/cameroun\/sports\/cameroun-championnat-delite-de-football-le-bus-de-lequipe-de-pwd-de-bamenda-a-pris-feu-sur-la-route-bafoussam-yaounde#respond\"]}]},{\"@type\":\"WebPage\",\"@id\":\"https:\/\/www.africa-press.net\/cameroun\/sports\/cameroun-championnat-delite-de-football-le-bus-de-lequipe-de-pwd-de-bamenda-a-pris-feu-sur-la-route-bafoussam-yaounde\",\"url\":\"https:\/\/www.africa-press.net\/cameroun\/sports\/cameroun-championnat-delite-de-football-le-bus-de-lequipe-de-pwd-de-bamenda-a-pris-feu-sur-la-route-bafoussam-yaounde\",\"name\":\"Championnat d\u2019\u00e9lite de football: Le bus de l\u2019\u00e9quipe de PWD de Bamenda a pris feu sur la route Bafoussam-Yaound\u00e9 - Cameroun\",\"isPartOf\":{\"@id\":\"https:\/\/www.africa-press.net\/cameroun\/#website\"},\"primaryImageOfPage\":{\"@id\":\"https:\/\/www.africa-press.net\/cameroun\/sports\/cameroun-championnat-delite-de-football-le-bus-de-lequipe-de-pwd-de-bamenda-a-pris-feu-sur-la-route-bafoussam-yaounde#primaryimage\"},\"image\":{\"@id\":\"https:\/\/www.africa-press.net\/cameroun\/sports\/cameroun-championnat-delite-de-football-le-bus-de-lequipe-de-pwd-de-bamenda-a-pris-feu-sur-la-route-bafoussam-yaounde#primaryimage\"},\"thumbnailUrl\":\"https:\/\/static.africa-press.net\/cameroun\/sites\/57\/2021\/03\/img-60581f56bc603.jpg\",\"datePublished\":\"2021-03-19T10:34:57+00:00\",\"dateModified\":\"2021-03-22T05:16:27+00:00\",\"author\":{\"@id\":\"https:\/\/www.africa-press.net\/cameroun\/#\/schema\/person\/2b1cf3cd81a31e3cd26889ca66d677f1\"},\"description\":\"\u00abNous avons bien roul\u00e9 jusqu\u2019\u00e0 quelques m\u00e8tres de Makenene, la ville limitrophe entre les r\u00e9gions de l\u2019Ouest et du Centr ...\",\"breadcrumb\":{\"@id\":\"https:\/\/www.africa-press.net\/cameroun\/sports\/cameroun-championnat-delite-de-football-le-bus-de-lequipe-de-pwd-de-bamenda-a-pris-feu-sur-la-route-bafoussam-yaounde#breadcrumb\"},\"inLanguage\":\"fr-FR\",\"potentialAction\":[{\"@type\":\"ReadAction\",\"target\":[\"https:\/\/www.africa-press.net\/cameroun\/sports\/cameroun-championnat-delite-de-football-le-bus-de-lequipe-de-pwd-de-bamenda-a-pris-feu-sur-la-route-bafoussam-yaounde\"]}]},{\"@type\":\"ImageObject\",\"inLanguage\":\"fr-FR\",\"@id\":\"https:\/\/www.africa-press.net\/cameroun\/sports\/cameroun-championnat-delite-de-football-le-bus-de-lequipe-de-pwd-de-bamenda-a-pris-feu-sur-la-route-bafoussam-yaounde#primaryimage\",\"url\":\"https:\/\/static.africa-press.net\/cameroun\/sites\/57\/2021\/03\/img-60581f56bc603.jpg\",\"contentUrl\":\"https:\/\/static.africa-press.net\/cameroun\/sites\/57\/2021\/03\/img-60581f56bc603.jpg\",\"width\":800,\"height\":538,\"caption\":\"Cameroun - Championnat d\u2019\u00e9lite de football: Le bus de l\u2019\u00e9quipe de PWD de Bamenda a pris feu sur la route Bafoussam-Yaound\u00e9\"},{\"@type\":\"BreadcrumbList\",\"@id\":\"https:\/\/www.africa-press.net\/cameroun\/sports\/cameroun-championnat-delite-de-football-le-bus-de-lequipe-de-pwd-de-bamenda-a-pris-feu-sur-la-route-bafoussam-yaounde#breadcrumb\",\"itemListElement\":[{\"@type\":\"ListItem\",\"position\":1,\"name\":\"Accueil\",\"item\":\"https:\/\/www.africa-press.net\/cameroun\/\"},{\"@type\":\"ListItem\",\"position\":2,\"name\":\"Championnat d\u2019\u00e9lite de football: Le bus de l\u2019\u00e9quipe de PWD de Bamenda a pris feu sur la route Bafoussam-Yaound\u00e9\"}]},{\"@type\":\"WebSite\",\"@id\":\"https:\/\/www.africa-press.net\/cameroun\/#website\",\"url\":\"https:\/\/www.africa-press.net\/cameroun\/\",\"name\":\"Cameroun\",\"description\":\"Just another Africa News Agency Sites site\",\"potentialAction\":[{\"@type\":\"SearchAction\",\"target\":{\"@type\":\"EntryPoint\",\"urlTemplate\":\"https:\/\/www.africa-press.net\/cameroun\/?s={search_term_string}\"},\"query-input\":{\"@type\":\"PropertyValueSpecification\",\"valueRequired\":true,\"valueName\":\"search_term_string\"}}],\"inLanguage\":\"fr-FR\"},{\"@type\":\"Person\",\"@id\":\"https:\/\/www.africa-press.net\/cameroun\/#\/schema\/person\/2b1cf3cd81a31e3cd26889ca66d677f1\",\"name\":\"cfeditorfr\"}]}<\/script>\n<!-- \/ Yoast SEO Premium plugin. -->","yoast_head_json":{"title":"Championnat d\u2019\u00e9lite de football: Le bus de l\u2019\u00e9quipe de PWD de Bamenda a pris feu sur la route Bafoussam-Yaound\u00e9 - Cameroun","description":"\u00abNous avons bien roul\u00e9 jusqu\u2019\u00e0 quelques m\u00e8tres de Makenene, la ville limitrophe entre les r\u00e9gions de l\u2019Ouest et du Centr ...","robots":{"index":"index","follow":"follow","max-snippet":"max-snippet:-1","max-image-preview":"max-image-preview:large","max-video-preview":"max-video-preview:-1"},"canonical":"https:\/\/www.africa-press.net\/cameroun\/sports\/cameroun-championnat-delite-de-football-le-bus-de-lequipe-de-pwd-de-bamenda-a-pris-feu-sur-la-route-bafoussam-yaounde","og_locale":"fr_FR","og_type":"article","og_title":"Championnat d\u2019\u00e9lite de football: Le bus de l\u2019\u00e9quipe de PWD de Bamenda a pris feu sur la route Bafoussam-Yaound\u00e9","og_description":"\u00abNous avons bien roul\u00e9 jusqu\u2019\u00e0 quelques m\u00e8tres de Makenene, la ville limitrophe entre les r\u00e9gions de l\u2019Ouest et du Centr ...","og_url":"https:\/\/www.africa-press.net\/cameroun\/sports\/cameroun-championnat-delite-de-football-le-bus-de-lequipe-de-pwd-de-bamenda-a-pris-feu-sur-la-route-bafoussam-yaounde","og_site_name":"Cameroun","article_published_time":"2021-03-19T10:34:57+00:00","article_modified_time":"2021-03-22T05:16:27+00:00","og_image":[{"width":800,"height":538,"url":"https:\/\/static.africa-press.net\/cameroun\/sites\/57\/2021\/03\/img-60581f56bc603.jpg","type":"image\/jpeg"}],"author":"cfeditorfr","twitter_card":"summary_large_image","twitter_misc":{"\u00c9crit par":"cfeditorfr","Dur\u00e9e de lecture estim\u00e9e":"1 minute"},"schema":{"@context":"https:\/\/schema.org","@graph":[{"@type":"Article","@id":"https:\/\/www.africa-press.net\/cameroun\/sports\/cameroun-championnat-delite-de-football-le-bus-de-lequipe-de-pwd-de-bamenda-a-pris-feu-sur-la-route-bafoussam-yaounde#article","isPartOf":{"@id":"https:\/\/www.africa-press.net\/cameroun\/sports\/cameroun-championnat-delite-de-football-le-bus-de-lequipe-de-pwd-de-bamenda-a-pris-feu-sur-la-route-bafoussam-yaounde"},"author":{"name":"cfeditorfr","@id":"https:\/\/www.africa-press.net\/cameroun\/#\/schema\/person\/2b1cf3cd81a31e3cd26889ca66d677f1"},"headline":"Championnat d\u2019\u00e9lite de football: Le bus de l\u2019\u00e9quipe de PWD de Bamenda a pris feu sur la route Bafoussam-Yaound\u00e9","datePublished":"2021-03-19T10:34:57+00:00","dateModified":"2021-03-22T05:16:27+00:00","mainEntityOfPage":{"@id":"https:\/\/www.africa-press.net\/cameroun\/sports\/cameroun-championnat-delite-de-football-le-bus-de-lequipe-de-pwd-de-bamenda-a-pris-feu-sur-la-route-bafoussam-yaounde"},"wordCount":305,"commentCount":0,"image":{"@id":"https:\/\/www.africa-press.net\/cameroun\/sports\/cameroun-championnat-delite-de-football-le-bus-de-lequipe-de-pwd-de-bamenda-a-pris-feu-sur-la-route-bafoussam-yaounde#primaryimage"},"thumbnailUrl":"https:\/\/static.africa-press.net\/cameroun\/sites\/57\/2021\/03\/img-60581f56bc603.jpg","keywords":["Africa Press","Africa Press-Cameroun","Cameroun"],"articleSection":["homepage-french","Sports","Toutes les actualit\u00e9s"],"inLanguage":"fr-FR","potentialAction":[{"@type":"CommentAction","name":"Comment","target":["https:\/\/www.africa-press.net\/cameroun\/sports\/cameroun-championnat-delite-de-football-le-bus-de-lequipe-de-pwd-de-bamenda-a-pris-feu-sur-la-route-bafoussam-yaounde#respond"]}]},{"@type":"WebPage","@id":"https:\/\/www.africa-press.net\/cameroun\/sports\/cameroun-championnat-delite-de-football-le-bus-de-lequipe-de-pwd-de-bamenda-a-pris-feu-sur-la-route-bafoussam-yaounde","url":"https:\/\/www.africa-press.net\/cameroun\/sports\/cameroun-championnat-delite-de-football-le-bus-de-lequipe-de-pwd-de-bamenda-a-pris-feu-sur-la-route-bafoussam-yaounde","name":"Championnat d\u2019\u00e9lite de football: Le bus de l\u2019\u00e9quipe de PWD de Bamenda a pris feu sur la route Bafoussam-Yaound\u00e9 - Cameroun","isPartOf":{"@id":"https:\/\/www.africa-press.net\/cameroun\/#website"},"primaryImageOfPage":{"@id":"https:\/\/www.africa-press.net\/cameroun\/sports\/cameroun-championnat-delite-de-football-le-bus-de-lequipe-de-pwd-de-bamenda-a-pris-feu-sur-la-route-bafoussam-yaounde#primaryimage"},"image":{"@id":"https:\/\/www.africa-press.net\/cameroun\/sports\/cameroun-championnat-delite-de-football-le-bus-de-lequipe-de-pwd-de-bamenda-a-pris-feu-sur-la-route-bafoussam-yaounde#primaryimage"},"thumbnailUrl":"https:\/\/static.africa-press.net\/cameroun\/sites\/57\/2021\/03\/img-60581f56bc603.jpg","datePublished":"2021-03-19T10:34:57+00:00","dateModified":"2021-03-22T05:16:27+00:00","author":{"@id":"https:\/\/www.africa-press.net\/cameroun\/#\/schema\/person\/2b1cf3cd81a31e3cd26889ca66d677f1"},"description":"\u00abNous avons bien roul\u00e9 jusqu\u2019\u00e0 quelques m\u00e8tres de Makenene, la ville limitrophe entre les r\u00e9gions de l\u2019Ouest et du Centr ...","breadcrumb":{"@id":"https:\/\/www.africa-press.net\/cameroun\/sports\/cameroun-championnat-delite-de-football-le-bus-de-lequipe-de-pwd-de-bamenda-a-pris-feu-sur-la-route-bafoussam-yaounde#breadcrumb"},"inLanguage":"fr-FR","potentialAction":[{"@type":"ReadAction","target":["https:\/\/www.africa-press.net\/cameroun\/sports\/cameroun-championnat-delite-de-football-le-bus-de-lequipe-de-pwd-de-bamenda-a-pris-feu-sur-la-route-bafoussam-yaounde"]}]},{"@type":"ImageObject","inLanguage":"fr-FR","@id":"https:\/\/www.africa-press.net\/cameroun\/sports\/cameroun-championnat-delite-de-football-le-bus-de-lequipe-de-pwd-de-bamenda-a-pris-feu-sur-la-route-bafoussam-yaounde#primaryimage","url":"https:\/\/static.africa-press.net\/cameroun\/sites\/57\/2021\/03\/img-60581f56bc603.jpg","contentUrl":"https:\/\/static.africa-press.net\/cameroun\/sites\/57\/2021\/03\/img-60581f56bc603.jpg","width":800,"height":538,"caption":"Cameroun - Championnat d\u2019\u00e9lite de football: Le bus de l\u2019\u00e9quipe de PWD de Bamenda a pris feu sur la route Bafoussam-Yaound\u00e9"},{"@type":"BreadcrumbList","@id":"https:\/\/www.africa-press.net\/cameroun\/sports\/cameroun-championnat-delite-de-football-le-bus-de-lequipe-de-pwd-de-bamenda-a-pris-feu-sur-la-route-bafoussam-yaounde#breadcrumb","itemListElement":[{"@type":"ListItem","position":1,"name":"Accueil","item":"https:\/\/www.africa-press.net\/cameroun\/"},{"@type":"ListItem","position":2,"name":"Championnat d\u2019\u00e9lite de football: Le bus de l\u2019\u00e9quipe de PWD de Bamenda a pris feu sur la route Bafoussam-Yaound\u00e9"}]},{"@type":"WebSite","@id":"https:\/\/www.africa-press.net\/cameroun\/#website","url":"https:\/\/www.africa-press.net\/cameroun\/","name":"Cameroun","description":"Just another Africa News Agency Sites site","potentialAction":[{"@type":"SearchAction","target":{"@type":"EntryPoint","urlTemplate":"https:\/\/www.africa-press.net\/cameroun\/?s={search_term_string}"},"query-input":{"@type":"PropertyValueSpecification","valueRequired":true,"valueName":"search_term_string"}}],"inLanguage":"fr-FR"},{"@type":"Person","@id":"https:\/\/www.africa-press.net\/cameroun\/#\/schema\/person\/2b1cf3cd81a31e3cd26889ca66d677f1","name":"cfeditorfr"}]}},"_links":{"self":[{"href":"https:\/\/www.africa-press.net\/cameroun\/wp-json\/wp\/v2\/posts\/1387","targetHints":{"allow":["GET"]}}],"collection":[{"href":"https:\/\/www.africa-press.net\/cameroun\/wp-json\/wp\/v2\/posts"}],"about":[{"href":"https:\/\/www.africa-press.net\/cameroun\/wp-json\/wp\/v2\/types\/post"}],"author":[{"embeddable":true,"href":"https:\/\/www.africa-press.net\/cameroun\/wp-json\/wp\/v2\/users\/82"}],"replies":[{"embeddable":true,"href":"https:\/\/www.africa-press.net\/cameroun\/wp-json\/wp\/v2\/comments?post=1387"}],"version-history":[{"count":0,"href":"https:\/\/www.africa-press.net\/cameroun\/wp-json\/wp\/v2\/posts\/1387\/revisions"}],"wp:featuredmedia":[{"embeddable":true,"href":"https:\/\/www.africa-press.net\/cameroun\/wp-json\/wp\/v2\/media\/1386"}],"wp:attachment":[{"href":"https:\/\/www.africa-press.net\/cameroun\/wp-json\/wp\/v2\/media?parent=1387"}],"wp:term":[{"taxonomy":"category","embeddable":true,"href":"https:\/\/www.africa-press.net\/cameroun\/wp-json\/wp\/v2\/categories?post=1387"},{"taxonomy":"post_tag","embeddable":true,"href":"https:\/\/www.africa-press.net\/cameroun\/wp-json\/wp\/v2\/tags?post=1387"}],"curies":[{"name":"wp","href":"https:\/\/api.w.org\/{rel}","templated":true}]}}