{"id":1396,"date":"2021-03-19T10:58:46","date_gmt":"2021-03-19T10:58:46","guid":{"rendered":"https:\/\/www.africa-press.net\/cameroun\/politique\/cameroun-garoua-la-garde-du-lamido-sa-majeste-alim-hayatou-saccage-le-domicile-du-premier-ministre-du-lamidat"},"modified":"2021-03-22T05:16:02","modified_gmt":"2021-03-22T05:16:02","slug":"cameroun-garoua-la-garde-du-lamido-sa-majeste-alim-hayatou-saccage-le-domicile-du-premier-ministre-du-lamidat","status":"publish","type":"post","link":"https:\/\/www.africa-press.net\/cameroun\/politique\/cameroun-garoua-la-garde-du-lamido-sa-majeste-alim-hayatou-saccage-le-domicile-du-premier-ministre-du-lamidat","title":{"rendered":"Garoua: La garde du lamido, sa majest\u00e9 Alim Hayatou, saccage le domicile du \u00abPremier ministre\u00bb du Lamidat"},"content":{"rendered":"<p><span style=\"color: #ff6600\"><strong><a href=\"https:\/\/www.africa-press.net\/\">Africa-Press<\/a> &#8211; <a href=\"https:\/\/www.africa-press.net\/cameroun\">Cameroun<\/a>. <\/strong><\/span>Au lamidat de Garoua, dans la r\u00e9gion du Nord, on ne badine pas avec le respect et l\u2019honneur dus au lamido, sa majest\u00e9 Alim Hayatou. Des jeunes gens l\u2019ont appris \u00e0 leurs d\u00e9pens il y a quelques jours. Selon des faits relat\u00e9s dans les colonnes du journal L\u2019\u0152il du Sahel du vendredi 19 mars 2021, des \u00e9l\u00e9ments de la garde du lamidat de Garoua, arm\u00e9s de gourdins, ont fait irruption au domicile de Mohamadou Ahidjo, alias Galdima (Premier ministre au sein du lamidat), le jeudi 11 mars 2021. Apr\u00e8s un \u00e9change violent avec les nomm\u00e9s Galdima Mamoudou et Abdoul Rachid, identifi\u00e9s comme \u00e9tant les fr\u00e8res cadets de Mohamadou Ahidjo, les \u00e9l\u00e9ments de la garde du lamidat vont tout saccager sur la cour du domicile.<\/p>\n<p><b>\u00abNous \u00e9tions assis devant notre maison hier (11 mars, Ndlr) aux environs de 17h lorsque les sujets du lamido de Garoua conduits par Issa Hama Aoudi, alias Koffa ont fait irruption et se sont ru\u00e9s sur nous en nous brutalisant. Ils ont tout cass\u00e9, principalement les chaises sur lesquels nous \u00e9tions assis. Face \u00e0 la violence qu\u2019ils manifestaient, nous avons fait appel \u00e0 notre grand fr\u00e8re qui est arriv\u00e9 sur le champ. Il est imm\u00e9diatement all\u00e9 vers l\u2019entr\u00e9e de la case du lamido o\u00f9 se trouvaient ces hommes, mais ils ont sorti leurs sabres pour le menacer. Ce matin, (vendredi 12 mars, Ndlr) ils sont revenus \u00e0 la charge d\u00e8s qu\u2019ils ont constat\u00e9 que les chaises qu\u2019ils ont cass\u00e9es la veille avaient \u00e9t\u00e9 remplac\u00e9es. Cette fois, le groupe \u00e9tait conduit par Ngoura, le fr\u00e8re cadet d\u2019Issa Hama Aoudi\u00bb,<\/b><\/p>\n<p>relate Mamoudou Galdima, une des victimes dans les colonnes du journal.<\/p>\n<p>Selon des indiscr\u00e9tions, les \u00e9l\u00e9ments de la garde du lamidat de Garoua n\u2019auraient pas appr\u00e9ci\u00e9 l\u2019attitude de ces deux jeunes hommes alors que le lamido rentrait \u00e0 son domicile.<\/p>\n<p><b>\u00ab&#8230;Dans la soir\u00e9e de jeudi 11 mars 2021, alors que le lamido de Garoua retournait \u00e0 son domicile, ces jeunes gens qui se trouvaient dans la cour du Galdima ne se sont pas lev\u00e9s au passage du lamido pour lui faire r\u00e9v\u00e9rence comme tous les autres et comme cela se fait d\u2019habitude. Ils seraient rest\u00e9s totalement indiff\u00e9rents, une attitude qui frise le m\u00e9pris envers sa majest\u00e9 le lamido de Garoua. C\u2019est donc pour les punir que cette exp\u00e9dition a \u00e9t\u00e9 lanc\u00e9e selon leurs explications, d\u2019o\u00f9 le fait qu\u2019ils se sont acharn\u00e9s \u00e0 casser essentiellement les chaises\u00bb<\/b><\/p>\n<p>, a confi\u00e9 une source proche du lamidat au journal de Guiba\u00ef Gatama.<\/p>\n","protected":false},"excerpt":{"rendered":"<p>Africa-Press &#8211; Cameroun. Au lamidat de Garoua, dans la r\u00e9gion du Nord, on ne badine pas avec le respect et l\u2019honneur dus au lamido, sa majest\u00e9 Alim Hayatou. Des jeunes gens l\u2019ont appris \u00e0 leurs d\u00e9pens il y a quelques jours. Selon des faits relat\u00e9s dans les colonnes du journal L\u2019\u0152il du Sahel du vendredi [&hellip;]<\/p>\n","protected":false},"author":82,"featured_media":1395,"comment_status":"open","ping_status":"closed","sticky":false,"template":"","format":"standard","meta":{"footnotes":""},"categories":[11,2,10],"tags":[36,50,49],"class_list":["post-1396","post","type-post","status-publish","format-standard","has-post-thumbnail","hentry","category-homepage-french","category-politique","category-toutes-les-actualites","tag-africa-press","tag-africa-press-cameroun","tag-cameroun"],"yoast_head":"<!-- This site is optimized with the Yoast SEO Premium plugin v26.1 (Yoast SEO v27.0) - https:\/\/yoast.com\/product\/yoast-seo-premium-wordpress\/ -->\n<title>Garoua: La garde du lamido, sa majest\u00e9 Alim Hayatou, saccage le domicile du \u00abPremier ministre\u00bb du Lamidat - Cameroun<\/title>\n<meta name=\"description\" content=\"Au lamidat de Garoua, dans la r\u00e9gion du Nord, on ne badine pas avec le respect et l\u2019honneur dus au lamido, sa majest\u00e9 Al ...\" \/>\n<meta name=\"robots\" content=\"index, follow, max-snippet:-1, max-image-preview:large, max-video-preview:-1\" \/>\n<link rel=\"canonical\" href=\"https:\/\/www.africa-press.net\/cameroun\/politique\/cameroun-garoua-la-garde-du-lamido-sa-majeste-alim-hayatou-saccage-le-domicile-du-premier-ministre-du-lamidat\" \/>\n<meta property=\"og:locale\" content=\"fr_FR\" \/>\n<meta property=\"og:type\" content=\"article\" \/>\n<meta property=\"og:title\" content=\"Garoua: La garde du lamido, sa majest\u00e9 Alim Hayatou, saccage le domicile du \u00abPremier ministre\u00bb du Lamidat\" \/>\n<meta property=\"og:description\" content=\"Au lamidat de Garoua, dans la r\u00e9gion du Nord, on ne badine pas avec le respect et l\u2019honneur dus au lamido, sa majest\u00e9 Al ...\" \/>\n<meta property=\"og:url\" content=\"https:\/\/www.africa-press.net\/cameroun\/politique\/cameroun-garoua-la-garde-du-lamido-sa-majeste-alim-hayatou-saccage-le-domicile-du-premier-ministre-du-lamidat\" \/>\n<meta property=\"og:site_name\" content=\"Cameroun\" \/>\n<meta property=\"article:published_time\" content=\"2021-03-19T10:58:46+00:00\" \/>\n<meta property=\"article:modified_time\" content=\"2021-03-22T05:16:02+00:00\" \/>\n<meta property=\"og:image\" content=\"https:\/\/static.africa-press.net\/cameroun\/sites\/57\/2021\/03\/img-60581fc33b7b1.jpg\" \/>\n\t<meta property=\"og:image:width\" content=\"800\" \/>\n\t<meta property=\"og:image:height\" content=\"400\" \/>\n\t<meta property=\"og:image:type\" content=\"image\/jpeg\" \/>\n<meta name=\"author\" content=\"cfeditorfr\" \/>\n<meta name=\"twitter:card\" content=\"summary_large_image\" \/>\n<meta name=\"twitter:label1\" content=\"\u00c9crit par\" \/>\n\t<meta name=\"twitter:data1\" content=\"cfeditorfr\" \/>\n\t<meta name=\"twitter:label2\" content=\"Dur\u00e9e de lecture estim\u00e9e\" \/>\n\t<meta name=\"twitter:data2\" content=\"2 minutes\" \/>\n<script type=\"application\/ld+json\" class=\"yoast-schema-graph\">{\"@context\":\"https:\/\/schema.org\",\"@graph\":[{\"@type\":\"Article\",\"@id\":\"https:\/\/www.africa-press.net\/cameroun\/politique\/cameroun-garoua-la-garde-du-lamido-sa-majeste-alim-hayatou-saccage-le-domicile-du-premier-ministre-du-lamidat#article\",\"isPartOf\":{\"@id\":\"https:\/\/www.africa-press.net\/cameroun\/politique\/cameroun-garoua-la-garde-du-lamido-sa-majeste-alim-hayatou-saccage-le-domicile-du-premier-ministre-du-lamidat\"},\"author\":{\"name\":\"cfeditorfr\",\"@id\":\"https:\/\/www.africa-press.net\/cameroun\/#\/schema\/person\/2b1cf3cd81a31e3cd26889ca66d677f1\"},\"headline\":\"Garoua: La garde du lamido, sa majest\u00e9 Alim Hayatou, saccage le domicile du \u00abPremier ministre\u00bb du Lamidat\",\"datePublished\":\"2021-03-19T10:58:46+00:00\",\"dateModified\":\"2021-03-22T05:16:02+00:00\",\"mainEntityOfPage\":{\"@id\":\"https:\/\/www.africa-press.net\/cameroun\/politique\/cameroun-garoua-la-garde-du-lamido-sa-majeste-alim-hayatou-saccage-le-domicile-du-premier-ministre-du-lamidat\"},\"wordCount\":460,\"commentCount\":0,\"image\":{\"@id\":\"https:\/\/www.africa-press.net\/cameroun\/politique\/cameroun-garoua-la-garde-du-lamido-sa-majeste-alim-hayatou-saccage-le-domicile-du-premier-ministre-du-lamidat#primaryimage\"},\"thumbnailUrl\":\"https:\/\/static.africa-press.net\/cameroun\/sites\/57\/2021\/03\/img-60581fc33b7b1.jpg\",\"keywords\":[\"Africa Press\",\"Africa Press-Cameroun\",\"Cameroun\"],\"articleSection\":[\"homepage-french\",\"Politique\",\"Toutes les actualit\u00e9s\"],\"inLanguage\":\"fr-FR\",\"potentialAction\":[{\"@type\":\"CommentAction\",\"name\":\"Comment\",\"target\":[\"https:\/\/www.africa-press.net\/cameroun\/politique\/cameroun-garoua-la-garde-du-lamido-sa-majeste-alim-hayatou-saccage-le-domicile-du-premier-ministre-du-lamidat#respond\"]}]},{\"@type\":\"WebPage\",\"@id\":\"https:\/\/www.africa-press.net\/cameroun\/politique\/cameroun-garoua-la-garde-du-lamido-sa-majeste-alim-hayatou-saccage-le-domicile-du-premier-ministre-du-lamidat\",\"url\":\"https:\/\/www.africa-press.net\/cameroun\/politique\/cameroun-garoua-la-garde-du-lamido-sa-majeste-alim-hayatou-saccage-le-domicile-du-premier-ministre-du-lamidat\",\"name\":\"Garoua: La garde du lamido, sa majest\u00e9 Alim Hayatou, saccage le domicile du \u00abPremier ministre\u00bb du Lamidat - Cameroun\",\"isPartOf\":{\"@id\":\"https:\/\/www.africa-press.net\/cameroun\/#website\"},\"primaryImageOfPage\":{\"@id\":\"https:\/\/www.africa-press.net\/cameroun\/politique\/cameroun-garoua-la-garde-du-lamido-sa-majeste-alim-hayatou-saccage-le-domicile-du-premier-ministre-du-lamidat#primaryimage\"},\"image\":{\"@id\":\"https:\/\/www.africa-press.net\/cameroun\/politique\/cameroun-garoua-la-garde-du-lamido-sa-majeste-alim-hayatou-saccage-le-domicile-du-premier-ministre-du-lamidat#primaryimage\"},\"thumbnailUrl\":\"https:\/\/static.africa-press.net\/cameroun\/sites\/57\/2021\/03\/img-60581fc33b7b1.jpg\",\"datePublished\":\"2021-03-19T10:58:46+00:00\",\"dateModified\":\"2021-03-22T05:16:02+00:00\",\"author\":{\"@id\":\"https:\/\/www.africa-press.net\/cameroun\/#\/schema\/person\/2b1cf3cd81a31e3cd26889ca66d677f1\"},\"description\":\"Au lamidat de Garoua, dans la r\u00e9gion du Nord, on ne badine pas avec le respect et l\u2019honneur dus au lamido, sa majest\u00e9 Al ...\",\"breadcrumb\":{\"@id\":\"https:\/\/www.africa-press.net\/cameroun\/politique\/cameroun-garoua-la-garde-du-lamido-sa-majeste-alim-hayatou-saccage-le-domicile-du-premier-ministre-du-lamidat#breadcrumb\"},\"inLanguage\":\"fr-FR\",\"potentialAction\":[{\"@type\":\"ReadAction\",\"target\":[\"https:\/\/www.africa-press.net\/cameroun\/politique\/cameroun-garoua-la-garde-du-lamido-sa-majeste-alim-hayatou-saccage-le-domicile-du-premier-ministre-du-lamidat\"]}]},{\"@type\":\"ImageObject\",\"inLanguage\":\"fr-FR\",\"@id\":\"https:\/\/www.africa-press.net\/cameroun\/politique\/cameroun-garoua-la-garde-du-lamido-sa-majeste-alim-hayatou-saccage-le-domicile-du-premier-ministre-du-lamidat#primaryimage\",\"url\":\"https:\/\/static.africa-press.net\/cameroun\/sites\/57\/2021\/03\/img-60581fc33b7b1.jpg\",\"contentUrl\":\"https:\/\/static.africa-press.net\/cameroun\/sites\/57\/2021\/03\/img-60581fc33b7b1.jpg\",\"width\":800,\"height\":400,\"caption\":\"Cameroun - Garoua: La garde du lamido, sa majest\u00e9 Alim Hayatou, saccage le domicile du \u00abPremier ministre\u00bb du Lamidat\"},{\"@type\":\"BreadcrumbList\",\"@id\":\"https:\/\/www.africa-press.net\/cameroun\/politique\/cameroun-garoua-la-garde-du-lamido-sa-majeste-alim-hayatou-saccage-le-domicile-du-premier-ministre-du-lamidat#breadcrumb\",\"itemListElement\":[{\"@type\":\"ListItem\",\"position\":1,\"name\":\"Accueil\",\"item\":\"https:\/\/www.africa-press.net\/cameroun\/\"},{\"@type\":\"ListItem\",\"position\":2,\"name\":\"Garoua: La garde du lamido, sa majest\u00e9 Alim Hayatou, saccage le domicile du \u00abPremier ministre\u00bb du Lamidat\"}]},{\"@type\":\"WebSite\",\"@id\":\"https:\/\/www.africa-press.net\/cameroun\/#website\",\"url\":\"https:\/\/www.africa-press.net\/cameroun\/\",\"name\":\"Cameroun\",\"description\":\"Just another Africa News Agency Sites site\",\"potentialAction\":[{\"@type\":\"SearchAction\",\"target\":{\"@type\":\"EntryPoint\",\"urlTemplate\":\"https:\/\/www.africa-press.net\/cameroun\/?s={search_term_string}\"},\"query-input\":{\"@type\":\"PropertyValueSpecification\",\"valueRequired\":true,\"valueName\":\"search_term_string\"}}],\"inLanguage\":\"fr-FR\"},{\"@type\":\"Person\",\"@id\":\"https:\/\/www.africa-press.net\/cameroun\/#\/schema\/person\/2b1cf3cd81a31e3cd26889ca66d677f1\",\"name\":\"cfeditorfr\"}]}<\/script>\n<!-- \/ Yoast SEO Premium plugin. -->","yoast_head_json":{"title":"Garoua: La garde du lamido, sa majest\u00e9 Alim Hayatou, saccage le domicile du \u00abPremier ministre\u00bb du Lamidat - Cameroun","description":"Au lamidat de Garoua, dans la r\u00e9gion du Nord, on ne badine pas avec le respect et l\u2019honneur dus au lamido, sa majest\u00e9 Al ...","robots":{"index":"index","follow":"follow","max-snippet":"max-snippet:-1","max-image-preview":"max-image-preview:large","max-video-preview":"max-video-preview:-1"},"canonical":"https:\/\/www.africa-press.net\/cameroun\/politique\/cameroun-garoua-la-garde-du-lamido-sa-majeste-alim-hayatou-saccage-le-domicile-du-premier-ministre-du-lamidat","og_locale":"fr_FR","og_type":"article","og_title":"Garoua: La garde du lamido, sa majest\u00e9 Alim Hayatou, saccage le domicile du \u00abPremier ministre\u00bb du Lamidat","og_description":"Au lamidat de Garoua, dans la r\u00e9gion du Nord, on ne badine pas avec le respect et l\u2019honneur dus au lamido, sa majest\u00e9 Al ...","og_url":"https:\/\/www.africa-press.net\/cameroun\/politique\/cameroun-garoua-la-garde-du-lamido-sa-majeste-alim-hayatou-saccage-le-domicile-du-premier-ministre-du-lamidat","og_site_name":"Cameroun","article_published_time":"2021-03-19T10:58:46+00:00","article_modified_time":"2021-03-22T05:16:02+00:00","og_image":[{"width":800,"height":400,"url":"https:\/\/static.africa-press.net\/cameroun\/sites\/57\/2021\/03\/img-60581fc33b7b1.jpg","type":"image\/jpeg"}],"author":"cfeditorfr","twitter_card":"summary_large_image","twitter_misc":{"\u00c9crit par":"cfeditorfr","Dur\u00e9e de lecture estim\u00e9e":"2 minutes"},"schema":{"@context":"https:\/\/schema.org","@graph":[{"@type":"Article","@id":"https:\/\/www.africa-press.net\/cameroun\/politique\/cameroun-garoua-la-garde-du-lamido-sa-majeste-alim-hayatou-saccage-le-domicile-du-premier-ministre-du-lamidat#article","isPartOf":{"@id":"https:\/\/www.africa-press.net\/cameroun\/politique\/cameroun-garoua-la-garde-du-lamido-sa-majeste-alim-hayatou-saccage-le-domicile-du-premier-ministre-du-lamidat"},"author":{"name":"cfeditorfr","@id":"https:\/\/www.africa-press.net\/cameroun\/#\/schema\/person\/2b1cf3cd81a31e3cd26889ca66d677f1"},"headline":"Garoua: La garde du lamido, sa majest\u00e9 Alim Hayatou, saccage le domicile du \u00abPremier ministre\u00bb du Lamidat","datePublished":"2021-03-19T10:58:46+00:00","dateModified":"2021-03-22T05:16:02+00:00","mainEntityOfPage":{"@id":"https:\/\/www.africa-press.net\/cameroun\/politique\/cameroun-garoua-la-garde-du-lamido-sa-majeste-alim-hayatou-saccage-le-domicile-du-premier-ministre-du-lamidat"},"wordCount":460,"commentCount":0,"image":{"@id":"https:\/\/www.africa-press.net\/cameroun\/politique\/cameroun-garoua-la-garde-du-lamido-sa-majeste-alim-hayatou-saccage-le-domicile-du-premier-ministre-du-lamidat#primaryimage"},"thumbnailUrl":"https:\/\/static.africa-press.net\/cameroun\/sites\/57\/2021\/03\/img-60581fc33b7b1.jpg","keywords":["Africa Press","Africa Press-Cameroun","Cameroun"],"articleSection":["homepage-french","Politique","Toutes les actualit\u00e9s"],"inLanguage":"fr-FR","potentialAction":[{"@type":"CommentAction","name":"Comment","target":["https:\/\/www.africa-press.net\/cameroun\/politique\/cameroun-garoua-la-garde-du-lamido-sa-majeste-alim-hayatou-saccage-le-domicile-du-premier-ministre-du-lamidat#respond"]}]},{"@type":"WebPage","@id":"https:\/\/www.africa-press.net\/cameroun\/politique\/cameroun-garoua-la-garde-du-lamido-sa-majeste-alim-hayatou-saccage-le-domicile-du-premier-ministre-du-lamidat","url":"https:\/\/www.africa-press.net\/cameroun\/politique\/cameroun-garoua-la-garde-du-lamido-sa-majeste-alim-hayatou-saccage-le-domicile-du-premier-ministre-du-lamidat","name":"Garoua: La garde du lamido, sa majest\u00e9 Alim Hayatou, saccage le domicile du \u00abPremier ministre\u00bb du Lamidat - Cameroun","isPartOf":{"@id":"https:\/\/www.africa-press.net\/cameroun\/#website"},"primaryImageOfPage":{"@id":"https:\/\/www.africa-press.net\/cameroun\/politique\/cameroun-garoua-la-garde-du-lamido-sa-majeste-alim-hayatou-saccage-le-domicile-du-premier-ministre-du-lamidat#primaryimage"},"image":{"@id":"https:\/\/www.africa-press.net\/cameroun\/politique\/cameroun-garoua-la-garde-du-lamido-sa-majeste-alim-hayatou-saccage-le-domicile-du-premier-ministre-du-lamidat#primaryimage"},"thumbnailUrl":"https:\/\/static.africa-press.net\/cameroun\/sites\/57\/2021\/03\/img-60581fc33b7b1.jpg","datePublished":"2021-03-19T10:58:46+00:00","dateModified":"2021-03-22T05:16:02+00:00","author":{"@id":"https:\/\/www.africa-press.net\/cameroun\/#\/schema\/person\/2b1cf3cd81a31e3cd26889ca66d677f1"},"description":"Au lamidat de Garoua, dans la r\u00e9gion du Nord, on ne badine pas avec le respect et l\u2019honneur dus au lamido, sa majest\u00e9 Al ...","breadcrumb":{"@id":"https:\/\/www.africa-press.net\/cameroun\/politique\/cameroun-garoua-la-garde-du-lamido-sa-majeste-alim-hayatou-saccage-le-domicile-du-premier-ministre-du-lamidat#breadcrumb"},"inLanguage":"fr-FR","potentialAction":[{"@type":"ReadAction","target":["https:\/\/www.africa-press.net\/cameroun\/politique\/cameroun-garoua-la-garde-du-lamido-sa-majeste-alim-hayatou-saccage-le-domicile-du-premier-ministre-du-lamidat"]}]},{"@type":"ImageObject","inLanguage":"fr-FR","@id":"https:\/\/www.africa-press.net\/cameroun\/politique\/cameroun-garoua-la-garde-du-lamido-sa-majeste-alim-hayatou-saccage-le-domicile-du-premier-ministre-du-lamidat#primaryimage","url":"https:\/\/static.africa-press.net\/cameroun\/sites\/57\/2021\/03\/img-60581fc33b7b1.jpg","contentUrl":"https:\/\/static.africa-press.net\/cameroun\/sites\/57\/2021\/03\/img-60581fc33b7b1.jpg","width":800,"height":400,"caption":"Cameroun - Garoua: La garde du lamido, sa majest\u00e9 Alim Hayatou, saccage le domicile du \u00abPremier ministre\u00bb du Lamidat"},{"@type":"BreadcrumbList","@id":"https:\/\/www.africa-press.net\/cameroun\/politique\/cameroun-garoua-la-garde-du-lamido-sa-majeste-alim-hayatou-saccage-le-domicile-du-premier-ministre-du-lamidat#breadcrumb","itemListElement":[{"@type":"ListItem","position":1,"name":"Accueil","item":"https:\/\/www.africa-press.net\/cameroun\/"},{"@type":"ListItem","position":2,"name":"Garoua: La garde du lamido, sa majest\u00e9 Alim Hayatou, saccage le domicile du \u00abPremier ministre\u00bb du Lamidat"}]},{"@type":"WebSite","@id":"https:\/\/www.africa-press.net\/cameroun\/#website","url":"https:\/\/www.africa-press.net\/cameroun\/","name":"Cameroun","description":"Just another Africa News Agency Sites site","potentialAction":[{"@type":"SearchAction","target":{"@type":"EntryPoint","urlTemplate":"https:\/\/www.africa-press.net\/cameroun\/?s={search_term_string}"},"query-input":{"@type":"PropertyValueSpecification","valueRequired":true,"valueName":"search_term_string"}}],"inLanguage":"fr-FR"},{"@type":"Person","@id":"https:\/\/www.africa-press.net\/cameroun\/#\/schema\/person\/2b1cf3cd81a31e3cd26889ca66d677f1","name":"cfeditorfr"}]}},"_links":{"self":[{"href":"https:\/\/www.africa-press.net\/cameroun\/wp-json\/wp\/v2\/posts\/1396","targetHints":{"allow":["GET"]}}],"collection":[{"href":"https:\/\/www.africa-press.net\/cameroun\/wp-json\/wp\/v2\/posts"}],"about":[{"href":"https:\/\/www.africa-press.net\/cameroun\/wp-json\/wp\/v2\/types\/post"}],"author":[{"embeddable":true,"href":"https:\/\/www.africa-press.net\/cameroun\/wp-json\/wp\/v2\/users\/82"}],"replies":[{"embeddable":true,"href":"https:\/\/www.africa-press.net\/cameroun\/wp-json\/wp\/v2\/comments?post=1396"}],"version-history":[{"count":0,"href":"https:\/\/www.africa-press.net\/cameroun\/wp-json\/wp\/v2\/posts\/1396\/revisions"}],"wp:featuredmedia":[{"embeddable":true,"href":"https:\/\/www.africa-press.net\/cameroun\/wp-json\/wp\/v2\/media\/1395"}],"wp:attachment":[{"href":"https:\/\/www.africa-press.net\/cameroun\/wp-json\/wp\/v2\/media?parent=1396"}],"wp:term":[{"taxonomy":"category","embeddable":true,"href":"https:\/\/www.africa-press.net\/cameroun\/wp-json\/wp\/v2\/categories?post=1396"},{"taxonomy":"post_tag","embeddable":true,"href":"https:\/\/www.africa-press.net\/cameroun\/wp-json\/wp\/v2\/tags?post=1396"}],"curies":[{"name":"wp","href":"https:\/\/api.w.org\/{rel}","templated":true}]}}