{"id":1399,"date":"2021-03-19T11:08:23","date_gmt":"2021-03-19T11:08:23","guid":{"rendered":"https:\/\/www.africa-press.net\/cameroun\/politique\/cameroun-religion-leveque-diocesain-de-bafoussam-mgr-dieudonne-watio-demissionne-de-ses-fonctions-apres-26-ans-depiscopat"},"modified":"2021-03-22T05:15:56","modified_gmt":"2021-03-22T05:15:56","slug":"cameroun-religion-leveque-diocesain-de-bafoussam-mgr-dieudonne-watio-demissionne-de-ses-fonctions-apres-26-ans-depiscopat","status":"publish","type":"post","link":"https:\/\/www.africa-press.net\/cameroun\/politique\/cameroun-religion-leveque-diocesain-de-bafoussam-mgr-dieudonne-watio-demissionne-de-ses-fonctions-apres-26-ans-depiscopat","title":{"rendered":"Religion: L\u2019\u00e9v\u00eaque dioc\u00e9sain de Bafoussam, Mgr Dieudonn\u00e9 Watio, d\u00e9missionne de ses fonctions apr\u00e8s 26 ans d\u2019\u00e9piscopat"},"content":{"rendered":"<p><span style=\"color: #ff6600\"><strong><a href=\"https:\/\/www.africa-press.net\/\">Africa-Press<\/a> &#8211; <a href=\"https:\/\/www.africa-press.net\/cameroun\">Cameroun<\/a>. <\/strong><\/span>Il renonce \u00e0 sa charge d\u2019\u00e9v\u00eaque du dioc\u00e8se de Bafoussam. Apr\u00e8s 26 ans d\u2019\u00e9piscopat, Mgr Dieudonn\u00e9 Watio se retire. L\u2019annonce a \u00e9t\u00e9 faite ce 19 mars 2021 au cours d\u2019une messe solennelle \u00e0 la cath\u00e9drale Saint-Joseph de Bafoussam, a-t-on appris au journal de 13 h du Poste national de la Crtv, la radio publique.<\/p>\n<p>Cette messe particuli\u00e8re \u00e0 laquelle ont assist\u00e9 les chr\u00e9tiens de la ville de Bafoussam \u00e9tait pr\u00e9sid\u00e9e par le Nonce apostolique au Cameroun et en Guin\u00e9e-\u00e9quatoriale, Mgr Julio Murat. Mgr Dieudonn\u00e9 Watio, apprend-on, a tenu \u00e0 lever tout \u00e9quivoque sur cette d\u00e9cision pr\u00e9vue dans le droit canon. En effet, lorsqu\u2019un \u00e9v\u00eaque atteint 75 ans comme c\u2019est mon cas, a-t-il expliqu\u00e9, il pr\u00e9sente automatiquement sa d\u00e9mission au Pape.<\/p>\n<p>Le d\u00e9sormais ex-\u00e9v\u00eaque de Bafoussam, renseignent nos confr\u00e8res, a exhort\u00e9 les fid\u00e8les \u00e0 suivre l\u2019exemple de Saint-Joseph, qu\u2019il qualifie de figure providentielle de la paternit\u00e9 humaine. Il s\u2019est dit heureux de prendre le repos apr\u00e8s 26 ans d\u2019\u00e9piscopat pendant lesquels il a \u00e9t\u00e9 tour \u00e0 tour \u00e9v\u00eaque du dioc\u00e8se de Nkongsamba dans le d\u00e9partement du Moungo, r\u00e9gion du Littoral, et \u00e9v\u00eaque du dioc\u00e8se de Bafoussam, chef-lieu de la r\u00e9gion de l\u2019Ouest.<\/p>\n<p>Apr\u00e8s la c\u00e9l\u00e9bration, \u00e0 laquelle participait le gouverneur Awa Fonka Augustine, le Nonce apostolique a tenu une concertation avec le coll\u00e8ge des consultateurs pour la d\u00e9signation d\u2019un administrateur dioc\u00e9sain qui assumera l\u2019int\u00e9rim durant la vacance, en attendant la nomination d\u2019un nouvel \u00e9v\u00eaque \u00e0 Bafoussam par le Pape.<\/p>\n","protected":false},"excerpt":{"rendered":"<p>Africa-Press &#8211; Cameroun. Il renonce \u00e0 sa charge d\u2019\u00e9v\u00eaque du dioc\u00e8se de Bafoussam. Apr\u00e8s 26 ans d\u2019\u00e9piscopat, Mgr Dieudonn\u00e9 Watio se retire. L\u2019annonce a \u00e9t\u00e9 faite ce 19 mars 2021 au cours d\u2019une messe solennelle \u00e0 la cath\u00e9drale Saint-Joseph de Bafoussam, a-t-on appris au journal de 13 h du Poste national de la Crtv, la [&hellip;]<\/p>\n","protected":false},"author":82,"featured_media":1398,"comment_status":"open","ping_status":"closed","sticky":false,"template":"","format":"standard","meta":{"footnotes":""},"categories":[11,2,10],"tags":[36,50,49],"class_list":["post-1399","post","type-post","status-publish","format-standard","has-post-thumbnail","hentry","category-homepage-french","category-politique","category-toutes-les-actualites","tag-africa-press","tag-africa-press-cameroun","tag-cameroun"],"yoast_head":"<!-- This site is optimized with the Yoast SEO Premium plugin v26.1 (Yoast SEO v27.0) - https:\/\/yoast.com\/product\/yoast-seo-premium-wordpress\/ -->\n<title>Religion: L\u2019\u00e9v\u00eaque dioc\u00e9sain de Bafoussam, Mgr Dieudonn\u00e9 Watio, d\u00e9missionne de ses fonctions apr\u00e8s 26 ans d\u2019\u00e9piscopat - Cameroun<\/title>\n<meta name=\"description\" content=\"Il renonce \u00e0 sa charge d\u2019\u00e9v\u00eaque du dioc\u00e8se de Bafoussam. Apr\u00e8s 26 ans d\u2019\u00e9piscopat, Mgr Dieudonn\u00e9 Watio se retire. L\u2019anno ...\" \/>\n<meta name=\"robots\" content=\"index, follow, max-snippet:-1, max-image-preview:large, max-video-preview:-1\" \/>\n<link rel=\"canonical\" href=\"https:\/\/www.africa-press.net\/cameroun\/politique\/cameroun-religion-leveque-diocesain-de-bafoussam-mgr-dieudonne-watio-demissionne-de-ses-fonctions-apres-26-ans-depiscopat\" \/>\n<meta property=\"og:locale\" content=\"fr_FR\" \/>\n<meta property=\"og:type\" content=\"article\" \/>\n<meta property=\"og:title\" content=\"Religion: L\u2019\u00e9v\u00eaque dioc\u00e9sain de Bafoussam, Mgr Dieudonn\u00e9 Watio, d\u00e9missionne de ses fonctions apr\u00e8s 26 ans d\u2019\u00e9piscopat\" \/>\n<meta property=\"og:description\" content=\"Il renonce \u00e0 sa charge d\u2019\u00e9v\u00eaque du dioc\u00e8se de Bafoussam. Apr\u00e8s 26 ans d\u2019\u00e9piscopat, Mgr Dieudonn\u00e9 Watio se retire. L\u2019anno ...\" \/>\n<meta property=\"og:url\" content=\"https:\/\/www.africa-press.net\/cameroun\/politique\/cameroun-religion-leveque-diocesain-de-bafoussam-mgr-dieudonne-watio-demissionne-de-ses-fonctions-apres-26-ans-depiscopat\" \/>\n<meta property=\"og:site_name\" content=\"Cameroun\" \/>\n<meta property=\"article:published_time\" content=\"2021-03-19T11:08:23+00:00\" \/>\n<meta property=\"article:modified_time\" content=\"2021-03-22T05:15:56+00:00\" \/>\n<meta property=\"og:image\" content=\"https:\/\/static.africa-press.net\/cameroun\/sites\/57\/2021\/03\/img-60581fe7d7235.jpg\" \/>\n\t<meta property=\"og:image:width\" content=\"800\" \/>\n\t<meta property=\"og:image:height\" content=\"457\" \/>\n\t<meta property=\"og:image:type\" content=\"image\/jpeg\" \/>\n<meta name=\"author\" content=\"cfeditorfr\" \/>\n<meta name=\"twitter:card\" content=\"summary_large_image\" \/>\n<meta name=\"twitter:label1\" content=\"\u00c9crit par\" \/>\n\t<meta name=\"twitter:data1\" content=\"cfeditorfr\" \/>\n\t<meta name=\"twitter:label2\" content=\"Dur\u00e9e de lecture estim\u00e9e\" \/>\n\t<meta name=\"twitter:data2\" content=\"1 minute\" \/>\n<script type=\"application\/ld+json\" class=\"yoast-schema-graph\">{\"@context\":\"https:\/\/schema.org\",\"@graph\":[{\"@type\":\"Article\",\"@id\":\"https:\/\/www.africa-press.net\/cameroun\/politique\/cameroun-religion-leveque-diocesain-de-bafoussam-mgr-dieudonne-watio-demissionne-de-ses-fonctions-apres-26-ans-depiscopat#article\",\"isPartOf\":{\"@id\":\"https:\/\/www.africa-press.net\/cameroun\/politique\/cameroun-religion-leveque-diocesain-de-bafoussam-mgr-dieudonne-watio-demissionne-de-ses-fonctions-apres-26-ans-depiscopat\"},\"author\":{\"name\":\"cfeditorfr\",\"@id\":\"https:\/\/www.africa-press.net\/cameroun\/#\/schema\/person\/2b1cf3cd81a31e3cd26889ca66d677f1\"},\"headline\":\"Religion: L\u2019\u00e9v\u00eaque dioc\u00e9sain de Bafoussam, Mgr Dieudonn\u00e9 Watio, d\u00e9missionne de ses fonctions apr\u00e8s 26 ans d\u2019\u00e9piscopat\",\"datePublished\":\"2021-03-19T11:08:23+00:00\",\"dateModified\":\"2021-03-22T05:15:56+00:00\",\"mainEntityOfPage\":{\"@id\":\"https:\/\/www.africa-press.net\/cameroun\/politique\/cameroun-religion-leveque-diocesain-de-bafoussam-mgr-dieudonne-watio-demissionne-de-ses-fonctions-apres-26-ans-depiscopat\"},\"wordCount\":298,\"commentCount\":0,\"image\":{\"@id\":\"https:\/\/www.africa-press.net\/cameroun\/politique\/cameroun-religion-leveque-diocesain-de-bafoussam-mgr-dieudonne-watio-demissionne-de-ses-fonctions-apres-26-ans-depiscopat#primaryimage\"},\"thumbnailUrl\":\"https:\/\/static.africa-press.net\/cameroun\/sites\/57\/2021\/03\/img-60581fe7d7235.jpg\",\"keywords\":[\"Africa Press\",\"Africa Press-Cameroun\",\"Cameroun\"],\"articleSection\":[\"homepage-french\",\"Politique\",\"Toutes les actualit\u00e9s\"],\"inLanguage\":\"fr-FR\",\"potentialAction\":[{\"@type\":\"CommentAction\",\"name\":\"Comment\",\"target\":[\"https:\/\/www.africa-press.net\/cameroun\/politique\/cameroun-religion-leveque-diocesain-de-bafoussam-mgr-dieudonne-watio-demissionne-de-ses-fonctions-apres-26-ans-depiscopat#respond\"]}]},{\"@type\":\"WebPage\",\"@id\":\"https:\/\/www.africa-press.net\/cameroun\/politique\/cameroun-religion-leveque-diocesain-de-bafoussam-mgr-dieudonne-watio-demissionne-de-ses-fonctions-apres-26-ans-depiscopat\",\"url\":\"https:\/\/www.africa-press.net\/cameroun\/politique\/cameroun-religion-leveque-diocesain-de-bafoussam-mgr-dieudonne-watio-demissionne-de-ses-fonctions-apres-26-ans-depiscopat\",\"name\":\"Religion: L\u2019\u00e9v\u00eaque dioc\u00e9sain de Bafoussam, Mgr Dieudonn\u00e9 Watio, d\u00e9missionne de ses fonctions apr\u00e8s 26 ans d\u2019\u00e9piscopat - Cameroun\",\"isPartOf\":{\"@id\":\"https:\/\/www.africa-press.net\/cameroun\/#website\"},\"primaryImageOfPage\":{\"@id\":\"https:\/\/www.africa-press.net\/cameroun\/politique\/cameroun-religion-leveque-diocesain-de-bafoussam-mgr-dieudonne-watio-demissionne-de-ses-fonctions-apres-26-ans-depiscopat#primaryimage\"},\"image\":{\"@id\":\"https:\/\/www.africa-press.net\/cameroun\/politique\/cameroun-religion-leveque-diocesain-de-bafoussam-mgr-dieudonne-watio-demissionne-de-ses-fonctions-apres-26-ans-depiscopat#primaryimage\"},\"thumbnailUrl\":\"https:\/\/static.africa-press.net\/cameroun\/sites\/57\/2021\/03\/img-60581fe7d7235.jpg\",\"datePublished\":\"2021-03-19T11:08:23+00:00\",\"dateModified\":\"2021-03-22T05:15:56+00:00\",\"author\":{\"@id\":\"https:\/\/www.africa-press.net\/cameroun\/#\/schema\/person\/2b1cf3cd81a31e3cd26889ca66d677f1\"},\"description\":\"Il renonce \u00e0 sa charge d\u2019\u00e9v\u00eaque du dioc\u00e8se de Bafoussam. Apr\u00e8s 26 ans d\u2019\u00e9piscopat, Mgr Dieudonn\u00e9 Watio se retire. L\u2019anno ...\",\"breadcrumb\":{\"@id\":\"https:\/\/www.africa-press.net\/cameroun\/politique\/cameroun-religion-leveque-diocesain-de-bafoussam-mgr-dieudonne-watio-demissionne-de-ses-fonctions-apres-26-ans-depiscopat#breadcrumb\"},\"inLanguage\":\"fr-FR\",\"potentialAction\":[{\"@type\":\"ReadAction\",\"target\":[\"https:\/\/www.africa-press.net\/cameroun\/politique\/cameroun-religion-leveque-diocesain-de-bafoussam-mgr-dieudonne-watio-demissionne-de-ses-fonctions-apres-26-ans-depiscopat\"]}]},{\"@type\":\"ImageObject\",\"inLanguage\":\"fr-FR\",\"@id\":\"https:\/\/www.africa-press.net\/cameroun\/politique\/cameroun-religion-leveque-diocesain-de-bafoussam-mgr-dieudonne-watio-demissionne-de-ses-fonctions-apres-26-ans-depiscopat#primaryimage\",\"url\":\"https:\/\/static.africa-press.net\/cameroun\/sites\/57\/2021\/03\/img-60581fe7d7235.jpg\",\"contentUrl\":\"https:\/\/static.africa-press.net\/cameroun\/sites\/57\/2021\/03\/img-60581fe7d7235.jpg\",\"width\":800,\"height\":457,\"caption\":\"Cameroun - Religion: L\u2019\u00e9v\u00eaque dioc\u00e9sain de Bafoussam, Mgr Dieudonn\u00e9 Watio, d\u00e9missionne de ses fonctions apr\u00e8s 26 ans d\u2019\u00e9piscopat\"},{\"@type\":\"BreadcrumbList\",\"@id\":\"https:\/\/www.africa-press.net\/cameroun\/politique\/cameroun-religion-leveque-diocesain-de-bafoussam-mgr-dieudonne-watio-demissionne-de-ses-fonctions-apres-26-ans-depiscopat#breadcrumb\",\"itemListElement\":[{\"@type\":\"ListItem\",\"position\":1,\"name\":\"Accueil\",\"item\":\"https:\/\/www.africa-press.net\/cameroun\/\"},{\"@type\":\"ListItem\",\"position\":2,\"name\":\"Religion: L\u2019\u00e9v\u00eaque dioc\u00e9sain de Bafoussam, Mgr Dieudonn\u00e9 Watio, d\u00e9missionne de ses fonctions apr\u00e8s 26 ans d\u2019\u00e9piscopat\"}]},{\"@type\":\"WebSite\",\"@id\":\"https:\/\/www.africa-press.net\/cameroun\/#website\",\"url\":\"https:\/\/www.africa-press.net\/cameroun\/\",\"name\":\"Cameroun\",\"description\":\"Just another Africa News Agency Sites site\",\"potentialAction\":[{\"@type\":\"SearchAction\",\"target\":{\"@type\":\"EntryPoint\",\"urlTemplate\":\"https:\/\/www.africa-press.net\/cameroun\/?s={search_term_string}\"},\"query-input\":{\"@type\":\"PropertyValueSpecification\",\"valueRequired\":true,\"valueName\":\"search_term_string\"}}],\"inLanguage\":\"fr-FR\"},{\"@type\":\"Person\",\"@id\":\"https:\/\/www.africa-press.net\/cameroun\/#\/schema\/person\/2b1cf3cd81a31e3cd26889ca66d677f1\",\"name\":\"cfeditorfr\"}]}<\/script>\n<!-- \/ Yoast SEO Premium plugin. -->","yoast_head_json":{"title":"Religion: L\u2019\u00e9v\u00eaque dioc\u00e9sain de Bafoussam, Mgr Dieudonn\u00e9 Watio, d\u00e9missionne de ses fonctions apr\u00e8s 26 ans d\u2019\u00e9piscopat - Cameroun","description":"Il renonce \u00e0 sa charge d\u2019\u00e9v\u00eaque du dioc\u00e8se de Bafoussam. Apr\u00e8s 26 ans d\u2019\u00e9piscopat, Mgr Dieudonn\u00e9 Watio se retire. L\u2019anno ...","robots":{"index":"index","follow":"follow","max-snippet":"max-snippet:-1","max-image-preview":"max-image-preview:large","max-video-preview":"max-video-preview:-1"},"canonical":"https:\/\/www.africa-press.net\/cameroun\/politique\/cameroun-religion-leveque-diocesain-de-bafoussam-mgr-dieudonne-watio-demissionne-de-ses-fonctions-apres-26-ans-depiscopat","og_locale":"fr_FR","og_type":"article","og_title":"Religion: L\u2019\u00e9v\u00eaque dioc\u00e9sain de Bafoussam, Mgr Dieudonn\u00e9 Watio, d\u00e9missionne de ses fonctions apr\u00e8s 26 ans d\u2019\u00e9piscopat","og_description":"Il renonce \u00e0 sa charge d\u2019\u00e9v\u00eaque du dioc\u00e8se de Bafoussam. Apr\u00e8s 26 ans d\u2019\u00e9piscopat, Mgr Dieudonn\u00e9 Watio se retire. L\u2019anno ...","og_url":"https:\/\/www.africa-press.net\/cameroun\/politique\/cameroun-religion-leveque-diocesain-de-bafoussam-mgr-dieudonne-watio-demissionne-de-ses-fonctions-apres-26-ans-depiscopat","og_site_name":"Cameroun","article_published_time":"2021-03-19T11:08:23+00:00","article_modified_time":"2021-03-22T05:15:56+00:00","og_image":[{"width":800,"height":457,"url":"https:\/\/static.africa-press.net\/cameroun\/sites\/57\/2021\/03\/img-60581fe7d7235.jpg","type":"image\/jpeg"}],"author":"cfeditorfr","twitter_card":"summary_large_image","twitter_misc":{"\u00c9crit par":"cfeditorfr","Dur\u00e9e de lecture estim\u00e9e":"1 minute"},"schema":{"@context":"https:\/\/schema.org","@graph":[{"@type":"Article","@id":"https:\/\/www.africa-press.net\/cameroun\/politique\/cameroun-religion-leveque-diocesain-de-bafoussam-mgr-dieudonne-watio-demissionne-de-ses-fonctions-apres-26-ans-depiscopat#article","isPartOf":{"@id":"https:\/\/www.africa-press.net\/cameroun\/politique\/cameroun-religion-leveque-diocesain-de-bafoussam-mgr-dieudonne-watio-demissionne-de-ses-fonctions-apres-26-ans-depiscopat"},"author":{"name":"cfeditorfr","@id":"https:\/\/www.africa-press.net\/cameroun\/#\/schema\/person\/2b1cf3cd81a31e3cd26889ca66d677f1"},"headline":"Religion: L\u2019\u00e9v\u00eaque dioc\u00e9sain de Bafoussam, Mgr Dieudonn\u00e9 Watio, d\u00e9missionne de ses fonctions apr\u00e8s 26 ans d\u2019\u00e9piscopat","datePublished":"2021-03-19T11:08:23+00:00","dateModified":"2021-03-22T05:15:56+00:00","mainEntityOfPage":{"@id":"https:\/\/www.africa-press.net\/cameroun\/politique\/cameroun-religion-leveque-diocesain-de-bafoussam-mgr-dieudonne-watio-demissionne-de-ses-fonctions-apres-26-ans-depiscopat"},"wordCount":298,"commentCount":0,"image":{"@id":"https:\/\/www.africa-press.net\/cameroun\/politique\/cameroun-religion-leveque-diocesain-de-bafoussam-mgr-dieudonne-watio-demissionne-de-ses-fonctions-apres-26-ans-depiscopat#primaryimage"},"thumbnailUrl":"https:\/\/static.africa-press.net\/cameroun\/sites\/57\/2021\/03\/img-60581fe7d7235.jpg","keywords":["Africa Press","Africa Press-Cameroun","Cameroun"],"articleSection":["homepage-french","Politique","Toutes les actualit\u00e9s"],"inLanguage":"fr-FR","potentialAction":[{"@type":"CommentAction","name":"Comment","target":["https:\/\/www.africa-press.net\/cameroun\/politique\/cameroun-religion-leveque-diocesain-de-bafoussam-mgr-dieudonne-watio-demissionne-de-ses-fonctions-apres-26-ans-depiscopat#respond"]}]},{"@type":"WebPage","@id":"https:\/\/www.africa-press.net\/cameroun\/politique\/cameroun-religion-leveque-diocesain-de-bafoussam-mgr-dieudonne-watio-demissionne-de-ses-fonctions-apres-26-ans-depiscopat","url":"https:\/\/www.africa-press.net\/cameroun\/politique\/cameroun-religion-leveque-diocesain-de-bafoussam-mgr-dieudonne-watio-demissionne-de-ses-fonctions-apres-26-ans-depiscopat","name":"Religion: L\u2019\u00e9v\u00eaque dioc\u00e9sain de Bafoussam, Mgr Dieudonn\u00e9 Watio, d\u00e9missionne de ses fonctions apr\u00e8s 26 ans d\u2019\u00e9piscopat - Cameroun","isPartOf":{"@id":"https:\/\/www.africa-press.net\/cameroun\/#website"},"primaryImageOfPage":{"@id":"https:\/\/www.africa-press.net\/cameroun\/politique\/cameroun-religion-leveque-diocesain-de-bafoussam-mgr-dieudonne-watio-demissionne-de-ses-fonctions-apres-26-ans-depiscopat#primaryimage"},"image":{"@id":"https:\/\/www.africa-press.net\/cameroun\/politique\/cameroun-religion-leveque-diocesain-de-bafoussam-mgr-dieudonne-watio-demissionne-de-ses-fonctions-apres-26-ans-depiscopat#primaryimage"},"thumbnailUrl":"https:\/\/static.africa-press.net\/cameroun\/sites\/57\/2021\/03\/img-60581fe7d7235.jpg","datePublished":"2021-03-19T11:08:23+00:00","dateModified":"2021-03-22T05:15:56+00:00","author":{"@id":"https:\/\/www.africa-press.net\/cameroun\/#\/schema\/person\/2b1cf3cd81a31e3cd26889ca66d677f1"},"description":"Il renonce \u00e0 sa charge d\u2019\u00e9v\u00eaque du dioc\u00e8se de Bafoussam. Apr\u00e8s 26 ans d\u2019\u00e9piscopat, Mgr Dieudonn\u00e9 Watio se retire. L\u2019anno ...","breadcrumb":{"@id":"https:\/\/www.africa-press.net\/cameroun\/politique\/cameroun-religion-leveque-diocesain-de-bafoussam-mgr-dieudonne-watio-demissionne-de-ses-fonctions-apres-26-ans-depiscopat#breadcrumb"},"inLanguage":"fr-FR","potentialAction":[{"@type":"ReadAction","target":["https:\/\/www.africa-press.net\/cameroun\/politique\/cameroun-religion-leveque-diocesain-de-bafoussam-mgr-dieudonne-watio-demissionne-de-ses-fonctions-apres-26-ans-depiscopat"]}]},{"@type":"ImageObject","inLanguage":"fr-FR","@id":"https:\/\/www.africa-press.net\/cameroun\/politique\/cameroun-religion-leveque-diocesain-de-bafoussam-mgr-dieudonne-watio-demissionne-de-ses-fonctions-apres-26-ans-depiscopat#primaryimage","url":"https:\/\/static.africa-press.net\/cameroun\/sites\/57\/2021\/03\/img-60581fe7d7235.jpg","contentUrl":"https:\/\/static.africa-press.net\/cameroun\/sites\/57\/2021\/03\/img-60581fe7d7235.jpg","width":800,"height":457,"caption":"Cameroun - Religion: L\u2019\u00e9v\u00eaque dioc\u00e9sain de Bafoussam, Mgr Dieudonn\u00e9 Watio, d\u00e9missionne de ses fonctions apr\u00e8s 26 ans d\u2019\u00e9piscopat"},{"@type":"BreadcrumbList","@id":"https:\/\/www.africa-press.net\/cameroun\/politique\/cameroun-religion-leveque-diocesain-de-bafoussam-mgr-dieudonne-watio-demissionne-de-ses-fonctions-apres-26-ans-depiscopat#breadcrumb","itemListElement":[{"@type":"ListItem","position":1,"name":"Accueil","item":"https:\/\/www.africa-press.net\/cameroun\/"},{"@type":"ListItem","position":2,"name":"Religion: L\u2019\u00e9v\u00eaque dioc\u00e9sain de Bafoussam, Mgr Dieudonn\u00e9 Watio, d\u00e9missionne de ses fonctions apr\u00e8s 26 ans d\u2019\u00e9piscopat"}]},{"@type":"WebSite","@id":"https:\/\/www.africa-press.net\/cameroun\/#website","url":"https:\/\/www.africa-press.net\/cameroun\/","name":"Cameroun","description":"Just another Africa News Agency Sites site","potentialAction":[{"@type":"SearchAction","target":{"@type":"EntryPoint","urlTemplate":"https:\/\/www.africa-press.net\/cameroun\/?s={search_term_string}"},"query-input":{"@type":"PropertyValueSpecification","valueRequired":true,"valueName":"search_term_string"}}],"inLanguage":"fr-FR"},{"@type":"Person","@id":"https:\/\/www.africa-press.net\/cameroun\/#\/schema\/person\/2b1cf3cd81a31e3cd26889ca66d677f1","name":"cfeditorfr"}]}},"_links":{"self":[{"href":"https:\/\/www.africa-press.net\/cameroun\/wp-json\/wp\/v2\/posts\/1399","targetHints":{"allow":["GET"]}}],"collection":[{"href":"https:\/\/www.africa-press.net\/cameroun\/wp-json\/wp\/v2\/posts"}],"about":[{"href":"https:\/\/www.africa-press.net\/cameroun\/wp-json\/wp\/v2\/types\/post"}],"author":[{"embeddable":true,"href":"https:\/\/www.africa-press.net\/cameroun\/wp-json\/wp\/v2\/users\/82"}],"replies":[{"embeddable":true,"href":"https:\/\/www.africa-press.net\/cameroun\/wp-json\/wp\/v2\/comments?post=1399"}],"version-history":[{"count":0,"href":"https:\/\/www.africa-press.net\/cameroun\/wp-json\/wp\/v2\/posts\/1399\/revisions"}],"wp:featuredmedia":[{"embeddable":true,"href":"https:\/\/www.africa-press.net\/cameroun\/wp-json\/wp\/v2\/media\/1398"}],"wp:attachment":[{"href":"https:\/\/www.africa-press.net\/cameroun\/wp-json\/wp\/v2\/media?parent=1399"}],"wp:term":[{"taxonomy":"category","embeddable":true,"href":"https:\/\/www.africa-press.net\/cameroun\/wp-json\/wp\/v2\/categories?post=1399"},{"taxonomy":"post_tag","embeddable":true,"href":"https:\/\/www.africa-press.net\/cameroun\/wp-json\/wp\/v2\/tags?post=1399"}],"curies":[{"name":"wp","href":"https:\/\/api.w.org\/{rel}","templated":true}]}}