{"id":1405,"date":"2021-03-19T11:24:32","date_gmt":"2021-03-19T11:24:32","guid":{"rendered":"https:\/\/www.africa-press.net\/cameroun\/politique\/septentrion-une-centaine-de-refugies-positifs-a-la-covid-19"},"modified":"2021-03-22T04:42:48","modified_gmt":"2021-03-22T04:42:48","slug":"septentrion-une-centaine-de-refugies-positifs-a-la-covid-19","status":"publish","type":"post","link":"https:\/\/www.africa-press.net\/cameroun\/toutes-les-actualites\/septentrion-une-centaine-de-refugies-positifs-a-la-covid-19","title":{"rendered":"Septentrion: une centaine de r\u00e9fugi\u00e9s positifs \u00e0 la Covid-19"},"content":{"rendered":"<p><span style=\"color: #ff6600\"><strong><a href=\"https:\/\/www.africa-press.net\/\">Africa-Press<\/a> &#8211; <a href=\"https:\/\/www.africa-press.net\/cameroun\">Cameroun<\/a>. <\/strong><\/span>Une r\u00e9fugi\u00e9e est d\u00e9c\u00e9d\u00e9e samedi dernier pour cause de d\u00e9tresse respiratoire.<br \/>\nAlors que le Cameroun fait face \u00e0 un flot de r\u00e9fugi\u00e9s, le Haut-Commissariat des Nations unies pour les r\u00e9fugi\u00e9s (HCR) annonce que 102 d\u2019entre eux ont \u00e9t\u00e9 test\u00e9s positifs \u00e0 la Covid-19 depuis le d\u00e9but de l\u2019\u00e9pid\u00e9mie le 6 mars 2020 dans le pays. Samedi dernier, une r\u00e9fugi\u00e9e est d\u00e9c\u00e9d\u00e9e pour cause de d\u00e9tresse respiratoire.<\/p>\n<p>Pour soutenir la r\u00e9ponse du Cameroun dans le cadre de la riposte contre la pand\u00e9mie, le HCR a, mercredi 17 mars, fait don d\u2019\u00e9quipements sanitaires au minist\u00e8re de la Sant\u00e9 publique (Minsant\u00e9).<\/p>\n<p>Ce don est constitu\u00e9 de trois ambulances, 181 concentrateurs d\u2019oxyg\u00e8ne, 4 respirateurs et 220 oxym\u00e8tres de pouls. Il est destin\u00e9 aux \u00e9tablissements de sant\u00e9 des communaut\u00e9s qui accueillent les r\u00e9fugi\u00e9s dans les r\u00e9gions de l\u2019Est. Mais aussi dans l\u2019Adamaoua, du Nord et de l\u2019Extr\u00eame-Nord, indique le HCR.<\/p>\n<p>Ces \u00e9quipements seront utilis\u00e9s \u00e9galement pour la prise en charge des r\u00e9fugi\u00e9s que des populations h\u00f4tes. D\u2019apr\u00e8s cette agence onusienne, 79 cas de contamination ont \u00e9t\u00e9 enregistr\u00e9s parmi les r\u00e9fugi\u00e9s dans ces quatre r\u00e9gions.<\/p>\n<p>\u00abOn a 430.000 r\u00e9fugi\u00e9s au Cameroun, de nombreuses personnes d\u00e9plac\u00e9es \u00e0 l\u2019int\u00e9rieur du pays et lorsque la pand\u00e9mie s\u2019est rajout\u00e9e aux crises que ces personnes ont subies lorsqu\u2019elles ont fui leurs pays, notre grande peur \u00e9taient que nous ayons un grand nombre de r\u00e9fugi\u00e9s qui soient soudainement contamin\u00e9s\u00bb, a confi\u00e9 \u00e0 la radio publique Olivier Guillaume Beer, repr\u00e9sentant du HCR au Cameroun.<\/p>\n<p>Les actions pour prot\u00e9ger les r\u00e9fugi\u00e9s<\/p>\n<p>Pour contenir la propagation dans les sites d\u2019accueil, le HCR a multipli\u00e9 les actions pour prot\u00e9ger les r\u00e9fugi\u00e9s et les humanitaires. Ainsi que les communaut\u00e9s h\u00f4tes qui fr\u00e9quentent les m\u00eames structures de sant\u00e9, points d\u2019eau ou encore \u00e9coles.<\/p>\n<p>Des points de lavage de mains ont \u00e9t\u00e9 install\u00e9s, du savon distribu\u00e9, des sensibilisations en petits groupes et de porte \u00e0 porte organis\u00e9es. A l\u2019Est et \u00e0 l\u2019Extr\u00eame-Nord, des r\u00e9fugi\u00e9s ont \u00e9t\u00e9 mis \u00e0 contribution pour la confection des masques lavables afin de parer au manque d\u2019\u00e9quipements de protection.<\/p>\n<p>Par ailleurs des centres d\u2019isolement ont \u00e9t\u00e9 construits dans les centres d\u2019accueil de r\u00e9fugi\u00e9s \u00e0 Garoua-Boula\u00ef et \u00e0 Batouri \u00e0 l\u2019Est, \u00e0 Meiganga et \u00e0 Djohong dans l\u2019Adamaoua, \u00e0 Touboro dans le Nord et \u00e0 Mokolo dans l\u2019Extr\u00eame-Nord.<\/p>\n","protected":false},"excerpt":{"rendered":"<p>Africa-Press &#8211; Cameroun. Une r\u00e9fugi\u00e9e est d\u00e9c\u00e9d\u00e9e samedi dernier pour cause de d\u00e9tresse respiratoire. Alors que le Cameroun fait face \u00e0 un flot de r\u00e9fugi\u00e9s, le Haut-Commissariat des Nations unies pour les r\u00e9fugi\u00e9s (HCR) annonce que 102 d\u2019entre eux ont \u00e9t\u00e9 test\u00e9s positifs \u00e0 la Covid-19 depuis le d\u00e9but de l\u2019\u00e9pid\u00e9mie le 6 mars 2020 [&hellip;]<\/p>\n","protected":false},"author":82,"featured_media":1404,"comment_status":"open","ping_status":"closed","sticky":false,"template":"","format":"standard","meta":{"footnotes":""},"categories":[21,11,10],"tags":[36,50,49],"class_list":["post-1405","post","type-post","status-publish","format-standard","has-post-thumbnail","hentry","category-communaute","category-homepage-french","category-toutes-les-actualites","tag-africa-press","tag-africa-press-cameroun","tag-cameroun"],"yoast_head":"<!-- This site is optimized with the Yoast SEO Premium plugin v26.1 (Yoast SEO v27.0) - https:\/\/yoast.com\/product\/yoast-seo-premium-wordpress\/ -->\n<title>Septentrion: une centaine de r\u00e9fugi\u00e9s positifs \u00e0 la Covid-19 - Cameroun<\/title>\n<meta name=\"description\" content=\"Une r\u00e9fugi\u00e9e est d\u00e9c\u00e9d\u00e9e samedi dernier pour cause de d\u00e9tresse respiratoire.\" \/>\n<meta name=\"robots\" content=\"index, follow, max-snippet:-1, max-image-preview:large, max-video-preview:-1\" \/>\n<link rel=\"canonical\" href=\"https:\/\/www.africa-press.net\/cameroun\/toutes-les-actualites\/septentrion-une-centaine-de-refugies-positifs-a-la-covid-19\" \/>\n<meta property=\"og:locale\" content=\"fr_FR\" \/>\n<meta property=\"og:type\" content=\"article\" \/>\n<meta property=\"og:title\" content=\"Septentrion: une centaine de r\u00e9fugi\u00e9s positifs \u00e0 la Covid-19\" \/>\n<meta property=\"og:description\" content=\"Une r\u00e9fugi\u00e9e est d\u00e9c\u00e9d\u00e9e samedi dernier pour cause de d\u00e9tresse respiratoire.\" \/>\n<meta property=\"og:url\" content=\"https:\/\/www.africa-press.net\/cameroun\/toutes-les-actualites\/septentrion-une-centaine-de-refugies-positifs-a-la-covid-19\" \/>\n<meta property=\"og:site_name\" content=\"Cameroun\" \/>\n<meta property=\"article:published_time\" content=\"2021-03-19T11:24:32+00:00\" \/>\n<meta property=\"article:modified_time\" content=\"2021-03-22T04:42:48+00:00\" \/>\n<meta property=\"og:image\" content=\"https:\/\/static.africa-press.net\/cameroun\/sites\/57\/2021\/03\/img-6058202cbae13.jpg\" \/>\n\t<meta property=\"og:image:width\" content=\"720\" \/>\n\t<meta property=\"og:image:height\" content=\"439\" \/>\n\t<meta property=\"og:image:type\" content=\"image\/jpeg\" \/>\n<meta name=\"author\" content=\"cfeditorfr\" \/>\n<meta name=\"twitter:card\" content=\"summary_large_image\" \/>\n<meta name=\"twitter:label1\" content=\"\u00c9crit par\" \/>\n\t<meta name=\"twitter:data1\" content=\"cfeditorfr\" \/>\n\t<meta name=\"twitter:label2\" content=\"Dur\u00e9e de lecture estim\u00e9e\" \/>\n\t<meta name=\"twitter:data2\" content=\"2 minutes\" \/>\n<script type=\"application\/ld+json\" class=\"yoast-schema-graph\">{\"@context\":\"https:\/\/schema.org\",\"@graph\":[{\"@type\":\"Article\",\"@id\":\"https:\/\/www.africa-press.net\/cameroun\/toutes-les-actualites\/septentrion-une-centaine-de-refugies-positifs-a-la-covid-19#article\",\"isPartOf\":{\"@id\":\"https:\/\/www.africa-press.net\/cameroun\/toutes-les-actualites\/septentrion-une-centaine-de-refugies-positifs-a-la-covid-19\"},\"author\":{\"name\":\"cfeditorfr\",\"@id\":\"https:\/\/www.africa-press.net\/cameroun\/#\/schema\/person\/2b1cf3cd81a31e3cd26889ca66d677f1\"},\"headline\":\"Septentrion: une centaine de r\u00e9fugi\u00e9s positifs \u00e0 la Covid-19\",\"datePublished\":\"2021-03-19T11:24:32+00:00\",\"dateModified\":\"2021-03-22T04:42:48+00:00\",\"mainEntityOfPage\":{\"@id\":\"https:\/\/www.africa-press.net\/cameroun\/toutes-les-actualites\/septentrion-une-centaine-de-refugies-positifs-a-la-covid-19\"},\"wordCount\":450,\"commentCount\":0,\"image\":{\"@id\":\"https:\/\/www.africa-press.net\/cameroun\/toutes-les-actualites\/septentrion-une-centaine-de-refugies-positifs-a-la-covid-19#primaryimage\"},\"thumbnailUrl\":\"https:\/\/static.africa-press.net\/cameroun\/sites\/57\/2021\/03\/img-6058202cbae13.jpg\",\"keywords\":[\"Africa Press\",\"Africa Press-Cameroun\",\"Cameroun\"],\"articleSection\":[\"Communaut\u00e9\",\"homepage-french\",\"Toutes les actualit\u00e9s\"],\"inLanguage\":\"fr-FR\",\"potentialAction\":[{\"@type\":\"CommentAction\",\"name\":\"Comment\",\"target\":[\"https:\/\/www.africa-press.net\/cameroun\/toutes-les-actualites\/septentrion-une-centaine-de-refugies-positifs-a-la-covid-19#respond\"]}]},{\"@type\":\"WebPage\",\"@id\":\"https:\/\/www.africa-press.net\/cameroun\/toutes-les-actualites\/septentrion-une-centaine-de-refugies-positifs-a-la-covid-19\",\"url\":\"https:\/\/www.africa-press.net\/cameroun\/toutes-les-actualites\/septentrion-une-centaine-de-refugies-positifs-a-la-covid-19\",\"name\":\"Septentrion: une centaine de r\u00e9fugi\u00e9s positifs \u00e0 la Covid-19 - Cameroun\",\"isPartOf\":{\"@id\":\"https:\/\/www.africa-press.net\/cameroun\/#website\"},\"primaryImageOfPage\":{\"@id\":\"https:\/\/www.africa-press.net\/cameroun\/toutes-les-actualites\/septentrion-une-centaine-de-refugies-positifs-a-la-covid-19#primaryimage\"},\"image\":{\"@id\":\"https:\/\/www.africa-press.net\/cameroun\/toutes-les-actualites\/septentrion-une-centaine-de-refugies-positifs-a-la-covid-19#primaryimage\"},\"thumbnailUrl\":\"https:\/\/static.africa-press.net\/cameroun\/sites\/57\/2021\/03\/img-6058202cbae13.jpg\",\"datePublished\":\"2021-03-19T11:24:32+00:00\",\"dateModified\":\"2021-03-22T04:42:48+00:00\",\"author\":{\"@id\":\"https:\/\/www.africa-press.net\/cameroun\/#\/schema\/person\/2b1cf3cd81a31e3cd26889ca66d677f1\"},\"description\":\"Une r\u00e9fugi\u00e9e est d\u00e9c\u00e9d\u00e9e samedi dernier pour cause de d\u00e9tresse respiratoire.\",\"breadcrumb\":{\"@id\":\"https:\/\/www.africa-press.net\/cameroun\/toutes-les-actualites\/septentrion-une-centaine-de-refugies-positifs-a-la-covid-19#breadcrumb\"},\"inLanguage\":\"fr-FR\",\"potentialAction\":[{\"@type\":\"ReadAction\",\"target\":[\"https:\/\/www.africa-press.net\/cameroun\/toutes-les-actualites\/septentrion-une-centaine-de-refugies-positifs-a-la-covid-19\"]}]},{\"@type\":\"ImageObject\",\"inLanguage\":\"fr-FR\",\"@id\":\"https:\/\/www.africa-press.net\/cameroun\/toutes-les-actualites\/septentrion-une-centaine-de-refugies-positifs-a-la-covid-19#primaryimage\",\"url\":\"https:\/\/static.africa-press.net\/cameroun\/sites\/57\/2021\/03\/img-6058202cbae13.jpg\",\"contentUrl\":\"https:\/\/static.africa-press.net\/cameroun\/sites\/57\/2021\/03\/img-6058202cbae13.jpg\",\"width\":720,\"height\":439,\"caption\":\"Septentrion: une centaine de r\u00e9fugi\u00e9s positifs \u00e0 la Covid-19\"},{\"@type\":\"BreadcrumbList\",\"@id\":\"https:\/\/www.africa-press.net\/cameroun\/toutes-les-actualites\/septentrion-une-centaine-de-refugies-positifs-a-la-covid-19#breadcrumb\",\"itemListElement\":[{\"@type\":\"ListItem\",\"position\":1,\"name\":\"Accueil\",\"item\":\"https:\/\/www.africa-press.net\/cameroun\/\"},{\"@type\":\"ListItem\",\"position\":2,\"name\":\"Septentrion: une centaine de r\u00e9fugi\u00e9s positifs \u00e0 la Covid-19\"}]},{\"@type\":\"WebSite\",\"@id\":\"https:\/\/www.africa-press.net\/cameroun\/#website\",\"url\":\"https:\/\/www.africa-press.net\/cameroun\/\",\"name\":\"Cameroun\",\"description\":\"Just another Africa News Agency Sites site\",\"potentialAction\":[{\"@type\":\"SearchAction\",\"target\":{\"@type\":\"EntryPoint\",\"urlTemplate\":\"https:\/\/www.africa-press.net\/cameroun\/?s={search_term_string}\"},\"query-input\":{\"@type\":\"PropertyValueSpecification\",\"valueRequired\":true,\"valueName\":\"search_term_string\"}}],\"inLanguage\":\"fr-FR\"},{\"@type\":\"Person\",\"@id\":\"https:\/\/www.africa-press.net\/cameroun\/#\/schema\/person\/2b1cf3cd81a31e3cd26889ca66d677f1\",\"name\":\"cfeditorfr\"}]}<\/script>\n<!-- \/ Yoast SEO Premium plugin. -->","yoast_head_json":{"title":"Septentrion: une centaine de r\u00e9fugi\u00e9s positifs \u00e0 la Covid-19 - Cameroun","description":"Une r\u00e9fugi\u00e9e est d\u00e9c\u00e9d\u00e9e samedi dernier pour cause de d\u00e9tresse respiratoire.","robots":{"index":"index","follow":"follow","max-snippet":"max-snippet:-1","max-image-preview":"max-image-preview:large","max-video-preview":"max-video-preview:-1"},"canonical":"https:\/\/www.africa-press.net\/cameroun\/toutes-les-actualites\/septentrion-une-centaine-de-refugies-positifs-a-la-covid-19","og_locale":"fr_FR","og_type":"article","og_title":"Septentrion: une centaine de r\u00e9fugi\u00e9s positifs \u00e0 la Covid-19","og_description":"Une r\u00e9fugi\u00e9e est d\u00e9c\u00e9d\u00e9e samedi dernier pour cause de d\u00e9tresse respiratoire.","og_url":"https:\/\/www.africa-press.net\/cameroun\/toutes-les-actualites\/septentrion-une-centaine-de-refugies-positifs-a-la-covid-19","og_site_name":"Cameroun","article_published_time":"2021-03-19T11:24:32+00:00","article_modified_time":"2021-03-22T04:42:48+00:00","og_image":[{"width":720,"height":439,"url":"https:\/\/static.africa-press.net\/cameroun\/sites\/57\/2021\/03\/img-6058202cbae13.jpg","type":"image\/jpeg"}],"author":"cfeditorfr","twitter_card":"summary_large_image","twitter_misc":{"\u00c9crit par":"cfeditorfr","Dur\u00e9e de lecture estim\u00e9e":"2 minutes"},"schema":{"@context":"https:\/\/schema.org","@graph":[{"@type":"Article","@id":"https:\/\/www.africa-press.net\/cameroun\/toutes-les-actualites\/septentrion-une-centaine-de-refugies-positifs-a-la-covid-19#article","isPartOf":{"@id":"https:\/\/www.africa-press.net\/cameroun\/toutes-les-actualites\/septentrion-une-centaine-de-refugies-positifs-a-la-covid-19"},"author":{"name":"cfeditorfr","@id":"https:\/\/www.africa-press.net\/cameroun\/#\/schema\/person\/2b1cf3cd81a31e3cd26889ca66d677f1"},"headline":"Septentrion: une centaine de r\u00e9fugi\u00e9s positifs \u00e0 la Covid-19","datePublished":"2021-03-19T11:24:32+00:00","dateModified":"2021-03-22T04:42:48+00:00","mainEntityOfPage":{"@id":"https:\/\/www.africa-press.net\/cameroun\/toutes-les-actualites\/septentrion-une-centaine-de-refugies-positifs-a-la-covid-19"},"wordCount":450,"commentCount":0,"image":{"@id":"https:\/\/www.africa-press.net\/cameroun\/toutes-les-actualites\/septentrion-une-centaine-de-refugies-positifs-a-la-covid-19#primaryimage"},"thumbnailUrl":"https:\/\/static.africa-press.net\/cameroun\/sites\/57\/2021\/03\/img-6058202cbae13.jpg","keywords":["Africa Press","Africa Press-Cameroun","Cameroun"],"articleSection":["Communaut\u00e9","homepage-french","Toutes les actualit\u00e9s"],"inLanguage":"fr-FR","potentialAction":[{"@type":"CommentAction","name":"Comment","target":["https:\/\/www.africa-press.net\/cameroun\/toutes-les-actualites\/septentrion-une-centaine-de-refugies-positifs-a-la-covid-19#respond"]}]},{"@type":"WebPage","@id":"https:\/\/www.africa-press.net\/cameroun\/toutes-les-actualites\/septentrion-une-centaine-de-refugies-positifs-a-la-covid-19","url":"https:\/\/www.africa-press.net\/cameroun\/toutes-les-actualites\/septentrion-une-centaine-de-refugies-positifs-a-la-covid-19","name":"Septentrion: une centaine de r\u00e9fugi\u00e9s positifs \u00e0 la Covid-19 - Cameroun","isPartOf":{"@id":"https:\/\/www.africa-press.net\/cameroun\/#website"},"primaryImageOfPage":{"@id":"https:\/\/www.africa-press.net\/cameroun\/toutes-les-actualites\/septentrion-une-centaine-de-refugies-positifs-a-la-covid-19#primaryimage"},"image":{"@id":"https:\/\/www.africa-press.net\/cameroun\/toutes-les-actualites\/septentrion-une-centaine-de-refugies-positifs-a-la-covid-19#primaryimage"},"thumbnailUrl":"https:\/\/static.africa-press.net\/cameroun\/sites\/57\/2021\/03\/img-6058202cbae13.jpg","datePublished":"2021-03-19T11:24:32+00:00","dateModified":"2021-03-22T04:42:48+00:00","author":{"@id":"https:\/\/www.africa-press.net\/cameroun\/#\/schema\/person\/2b1cf3cd81a31e3cd26889ca66d677f1"},"description":"Une r\u00e9fugi\u00e9e est d\u00e9c\u00e9d\u00e9e samedi dernier pour cause de d\u00e9tresse respiratoire.","breadcrumb":{"@id":"https:\/\/www.africa-press.net\/cameroun\/toutes-les-actualites\/septentrion-une-centaine-de-refugies-positifs-a-la-covid-19#breadcrumb"},"inLanguage":"fr-FR","potentialAction":[{"@type":"ReadAction","target":["https:\/\/www.africa-press.net\/cameroun\/toutes-les-actualites\/septentrion-une-centaine-de-refugies-positifs-a-la-covid-19"]}]},{"@type":"ImageObject","inLanguage":"fr-FR","@id":"https:\/\/www.africa-press.net\/cameroun\/toutes-les-actualites\/septentrion-une-centaine-de-refugies-positifs-a-la-covid-19#primaryimage","url":"https:\/\/static.africa-press.net\/cameroun\/sites\/57\/2021\/03\/img-6058202cbae13.jpg","contentUrl":"https:\/\/static.africa-press.net\/cameroun\/sites\/57\/2021\/03\/img-6058202cbae13.jpg","width":720,"height":439,"caption":"Septentrion: une centaine de r\u00e9fugi\u00e9s positifs \u00e0 la Covid-19"},{"@type":"BreadcrumbList","@id":"https:\/\/www.africa-press.net\/cameroun\/toutes-les-actualites\/septentrion-une-centaine-de-refugies-positifs-a-la-covid-19#breadcrumb","itemListElement":[{"@type":"ListItem","position":1,"name":"Accueil","item":"https:\/\/www.africa-press.net\/cameroun\/"},{"@type":"ListItem","position":2,"name":"Septentrion: une centaine de r\u00e9fugi\u00e9s positifs \u00e0 la Covid-19"}]},{"@type":"WebSite","@id":"https:\/\/www.africa-press.net\/cameroun\/#website","url":"https:\/\/www.africa-press.net\/cameroun\/","name":"Cameroun","description":"Just another Africa News Agency Sites site","potentialAction":[{"@type":"SearchAction","target":{"@type":"EntryPoint","urlTemplate":"https:\/\/www.africa-press.net\/cameroun\/?s={search_term_string}"},"query-input":{"@type":"PropertyValueSpecification","valueRequired":true,"valueName":"search_term_string"}}],"inLanguage":"fr-FR"},{"@type":"Person","@id":"https:\/\/www.africa-press.net\/cameroun\/#\/schema\/person\/2b1cf3cd81a31e3cd26889ca66d677f1","name":"cfeditorfr"}]}},"_links":{"self":[{"href":"https:\/\/www.africa-press.net\/cameroun\/wp-json\/wp\/v2\/posts\/1405","targetHints":{"allow":["GET"]}}],"collection":[{"href":"https:\/\/www.africa-press.net\/cameroun\/wp-json\/wp\/v2\/posts"}],"about":[{"href":"https:\/\/www.africa-press.net\/cameroun\/wp-json\/wp\/v2\/types\/post"}],"author":[{"embeddable":true,"href":"https:\/\/www.africa-press.net\/cameroun\/wp-json\/wp\/v2\/users\/82"}],"replies":[{"embeddable":true,"href":"https:\/\/www.africa-press.net\/cameroun\/wp-json\/wp\/v2\/comments?post=1405"}],"version-history":[{"count":0,"href":"https:\/\/www.africa-press.net\/cameroun\/wp-json\/wp\/v2\/posts\/1405\/revisions"}],"wp:featuredmedia":[{"embeddable":true,"href":"https:\/\/www.africa-press.net\/cameroun\/wp-json\/wp\/v2\/media\/1404"}],"wp:attachment":[{"href":"https:\/\/www.africa-press.net\/cameroun\/wp-json\/wp\/v2\/media?parent=1405"}],"wp:term":[{"taxonomy":"category","embeddable":true,"href":"https:\/\/www.africa-press.net\/cameroun\/wp-json\/wp\/v2\/categories?post=1405"},{"taxonomy":"post_tag","embeddable":true,"href":"https:\/\/www.africa-press.net\/cameroun\/wp-json\/wp\/v2\/tags?post=1405"}],"curies":[{"name":"wp","href":"https:\/\/api.w.org\/{rel}","templated":true}]}}