{"id":1408,"date":"2021-03-19T11:30:12","date_gmt":"2021-03-19T11:30:12","guid":{"rendered":"https:\/\/www.africa-press.net\/cameroun\/politique\/la-diaspora-camerounaise-presente-le-livre-blanc-de-la-decentralisation"},"modified":"2021-03-22T04:43:21","modified_gmt":"2021-03-22T04:43:21","slug":"la-diaspora-camerounaise-presente-le-livre-blanc-de-la-decentralisation","status":"publish","type":"post","link":"https:\/\/www.africa-press.net\/cameroun\/politique\/la-diaspora-camerounaise-presente-le-livre-blanc-de-la-decentralisation","title":{"rendered":"La diaspora camerounaise pr\u00e9sente le livre blanc de la D\u00e9centralisation"},"content":{"rendered":"<p><span style=\"color: #ff6600\"><strong><a href=\"https:\/\/www.africa-press.net\/\">Africa-Press<\/a> &#8211; <a href=\"https:\/\/www.africa-press.net\/cameroun\">Cameroun<\/a>. <\/strong><\/span>La c\u00e9r\u00e9monie se d\u00e9roule en ce moment au Cercle municipal de Yaound\u00e9<\/p>\n<p>La diaspora camerounaise veut r\u00e9pondre \u00e0 l\u2019appel du pr\u00e9sident de la R\u00e9publique, qui il y a quelques mois l\u2019avait appel\u00e9 \u00e0 venir investir au Cameroun. Pour ce faire la diaspora camerounaise a produit un livre blanc, intitul\u00e9 : \u00ab pour rendre la d\u00e9centralisation effective, mutualisons les solidarit\u00e9s \u00bb. Objectif : pr\u00e9senter aux Camerounais un outil qui va leur permettre de travailler en interne et aux \u00e9lus camerounais de s\u2019ouvrir aux autres territoires \u00e0 travers le monde. Selon Nestor Hemle, auteur du livre blanc, \u00ab il est question de proposer un sch\u00e9ma op\u00e9rationnel inclusif en vue de permettre \u00e0 tous les Camerounais de se sentir concern\u00e9s par ces questions qui nous interpellent tous \u00bb, \u00e0 savoir une d\u00e9centralisation qui v aider le Cameroun \u00e0 se d\u00e9velopper.<\/p>\n<p>La c\u00e9r\u00e9monie qui a d\u00e9but\u00e9 aux alentours de 11heures a connu la pr\u00e9sence d\u2019au moins deux pr\u00e9sidents des conseils r\u00e9gionaux, dont ceux du Littoral, de l\u2019Ouest. La pr\u00e9sence remarqu\u00e9 aussi de Marcelin Ndjaga, l\u2019ancien gouverneur devenu membre du Conseil r\u00e9gional du Centre. Et d\u2019autres autorit\u00e9s camerounaises.<\/p>\n<p>F\u00e9licitant l\u2019expos\u00e9 qui a \u00e9t\u00e9 pr\u00e9sent\u00e9 par Nestor Hemle, le pr\u00e9sident du conseil r\u00e9gional du Littoral, Polycarpe Balong a rassur\u00e9 la diaspora de ne pas se faire de souci, expliquant qu\u2019il est presqu\u2019impossible de parler de d\u00e9centralisation sans parler de diaspora. Marcelin Ndjaga a quant \u00e0 lui expliqu\u00e9 que \u00ab dans tous les pays du monde, la diaspora joue un r\u00f4le important. Ce livre est donc une main tendue de la diaspora qui dit au Cameroun que nous sommes l\u00e0 pour travailler avec vous. Il revient donc aux communaut\u00e9s camerounaises de saisir cette main-tendue \u00bb. Une id\u00e9e qu\u2019avait d\u00e9j\u00e0 \u00e9mise Suzanne Parquier, pr\u00e9sidente du Haut conseil des camerounais \u00e0 l\u2019Etranger, pr\u00e9sente \u00e0 la c\u00e9r\u00e9monie.<\/p>\n","protected":false},"excerpt":{"rendered":"<p>Africa-Press &#8211; Cameroun. La c\u00e9r\u00e9monie se d\u00e9roule en ce moment au Cercle municipal de Yaound\u00e9 La diaspora camerounaise veut r\u00e9pondre \u00e0 l\u2019appel du pr\u00e9sident de la R\u00e9publique, qui il y a quelques mois l\u2019avait appel\u00e9 \u00e0 venir investir au Cameroun. Pour ce faire la diaspora camerounaise a produit un livre blanc, intitul\u00e9 : \u00ab pour [&hellip;]<\/p>\n","protected":false},"author":82,"featured_media":1407,"comment_status":"open","ping_status":"closed","sticky":false,"template":"","format":"standard","meta":{"footnotes":""},"categories":[11,2,10],"tags":[36,50,49],"class_list":["post-1408","post","type-post","status-publish","format-standard","has-post-thumbnail","hentry","category-homepage-french","category-politique","category-toutes-les-actualites","tag-africa-press","tag-africa-press-cameroun","tag-cameroun"],"yoast_head":"<!-- This site is optimized with the Yoast SEO Premium plugin v26.1 (Yoast SEO v27.0) - https:\/\/yoast.com\/product\/yoast-seo-premium-wordpress\/ -->\n<title>La diaspora camerounaise pr\u00e9sente le livre blanc de la D\u00e9centralisation - Cameroun<\/title>\n<meta name=\"description\" content=\"La c\u00e9r\u00e9monie se d\u00e9roule en ce moment au Cercle municipal de Yaound\u00e9 La diaspora camerounaise veut r\u00e9pondre \u00e0 l\u2019appel du ...\" \/>\n<meta name=\"robots\" content=\"index, follow, max-snippet:-1, max-image-preview:large, max-video-preview:-1\" \/>\n<link rel=\"canonical\" href=\"https:\/\/www.africa-press.net\/cameroun\/politique\/la-diaspora-camerounaise-presente-le-livre-blanc-de-la-decentralisation\" \/>\n<meta property=\"og:locale\" content=\"fr_FR\" \/>\n<meta property=\"og:type\" content=\"article\" \/>\n<meta property=\"og:title\" content=\"La diaspora camerounaise pr\u00e9sente le livre blanc de la D\u00e9centralisation\" \/>\n<meta property=\"og:description\" content=\"La c\u00e9r\u00e9monie se d\u00e9roule en ce moment au Cercle municipal de Yaound\u00e9 La diaspora camerounaise veut r\u00e9pondre \u00e0 l\u2019appel du ...\" \/>\n<meta property=\"og:url\" content=\"https:\/\/www.africa-press.net\/cameroun\/politique\/la-diaspora-camerounaise-presente-le-livre-blanc-de-la-decentralisation\" \/>\n<meta property=\"og:site_name\" content=\"Cameroun\" \/>\n<meta property=\"article:published_time\" content=\"2021-03-19T11:30:12+00:00\" \/>\n<meta property=\"article:modified_time\" content=\"2021-03-22T04:43:21+00:00\" \/>\n<meta property=\"og:image\" content=\"https:\/\/static.africa-press.net\/cameroun\/sites\/57\/2021\/03\/img-60582053b2905.jpg\" \/>\n\t<meta property=\"og:image:width\" content=\"1040\" \/>\n\t<meta property=\"og:image:height\" content=\"780\" \/>\n\t<meta property=\"og:image:type\" content=\"image\/jpeg\" \/>\n<meta name=\"author\" content=\"cfeditorfr\" \/>\n<meta name=\"twitter:card\" content=\"summary_large_image\" \/>\n<meta name=\"twitter:label1\" content=\"\u00c9crit par\" \/>\n\t<meta name=\"twitter:data1\" content=\"cfeditorfr\" \/>\n\t<meta name=\"twitter:label2\" content=\"Dur\u00e9e de lecture estim\u00e9e\" \/>\n\t<meta name=\"twitter:data2\" content=\"2 minutes\" \/>\n<script type=\"application\/ld+json\" class=\"yoast-schema-graph\">{\"@context\":\"https:\/\/schema.org\",\"@graph\":[{\"@type\":\"Article\",\"@id\":\"https:\/\/www.africa-press.net\/cameroun\/politique\/la-diaspora-camerounaise-presente-le-livre-blanc-de-la-decentralisation#article\",\"isPartOf\":{\"@id\":\"https:\/\/www.africa-press.net\/cameroun\/politique\/la-diaspora-camerounaise-presente-le-livre-blanc-de-la-decentralisation\"},\"author\":{\"name\":\"cfeditorfr\",\"@id\":\"https:\/\/www.africa-press.net\/cameroun\/#\/schema\/person\/2b1cf3cd81a31e3cd26889ca66d677f1\"},\"headline\":\"La diaspora camerounaise pr\u00e9sente le livre blanc de la D\u00e9centralisation\",\"datePublished\":\"2021-03-19T11:30:12+00:00\",\"dateModified\":\"2021-03-22T04:43:21+00:00\",\"mainEntityOfPage\":{\"@id\":\"https:\/\/www.africa-press.net\/cameroun\/politique\/la-diaspora-camerounaise-presente-le-livre-blanc-de-la-decentralisation\"},\"wordCount\":343,\"commentCount\":0,\"image\":{\"@id\":\"https:\/\/www.africa-press.net\/cameroun\/politique\/la-diaspora-camerounaise-presente-le-livre-blanc-de-la-decentralisation#primaryimage\"},\"thumbnailUrl\":\"https:\/\/static.africa-press.net\/cameroun\/sites\/57\/2021\/03\/img-60582053b2905.jpg\",\"keywords\":[\"Africa Press\",\"Africa Press-Cameroun\",\"Cameroun\"],\"articleSection\":[\"homepage-french\",\"Politique\",\"Toutes les actualit\u00e9s\"],\"inLanguage\":\"fr-FR\",\"potentialAction\":[{\"@type\":\"CommentAction\",\"name\":\"Comment\",\"target\":[\"https:\/\/www.africa-press.net\/cameroun\/politique\/la-diaspora-camerounaise-presente-le-livre-blanc-de-la-decentralisation#respond\"]}]},{\"@type\":\"WebPage\",\"@id\":\"https:\/\/www.africa-press.net\/cameroun\/politique\/la-diaspora-camerounaise-presente-le-livre-blanc-de-la-decentralisation\",\"url\":\"https:\/\/www.africa-press.net\/cameroun\/politique\/la-diaspora-camerounaise-presente-le-livre-blanc-de-la-decentralisation\",\"name\":\"La diaspora camerounaise pr\u00e9sente le livre blanc de la D\u00e9centralisation - Cameroun\",\"isPartOf\":{\"@id\":\"https:\/\/www.africa-press.net\/cameroun\/#website\"},\"primaryImageOfPage\":{\"@id\":\"https:\/\/www.africa-press.net\/cameroun\/politique\/la-diaspora-camerounaise-presente-le-livre-blanc-de-la-decentralisation#primaryimage\"},\"image\":{\"@id\":\"https:\/\/www.africa-press.net\/cameroun\/politique\/la-diaspora-camerounaise-presente-le-livre-blanc-de-la-decentralisation#primaryimage\"},\"thumbnailUrl\":\"https:\/\/static.africa-press.net\/cameroun\/sites\/57\/2021\/03\/img-60582053b2905.jpg\",\"datePublished\":\"2021-03-19T11:30:12+00:00\",\"dateModified\":\"2021-03-22T04:43:21+00:00\",\"author\":{\"@id\":\"https:\/\/www.africa-press.net\/cameroun\/#\/schema\/person\/2b1cf3cd81a31e3cd26889ca66d677f1\"},\"description\":\"La c\u00e9r\u00e9monie se d\u00e9roule en ce moment au Cercle municipal de Yaound\u00e9 La diaspora camerounaise veut r\u00e9pondre \u00e0 l\u2019appel du ...\",\"breadcrumb\":{\"@id\":\"https:\/\/www.africa-press.net\/cameroun\/politique\/la-diaspora-camerounaise-presente-le-livre-blanc-de-la-decentralisation#breadcrumb\"},\"inLanguage\":\"fr-FR\",\"potentialAction\":[{\"@type\":\"ReadAction\",\"target\":[\"https:\/\/www.africa-press.net\/cameroun\/politique\/la-diaspora-camerounaise-presente-le-livre-blanc-de-la-decentralisation\"]}]},{\"@type\":\"ImageObject\",\"inLanguage\":\"fr-FR\",\"@id\":\"https:\/\/www.africa-press.net\/cameroun\/politique\/la-diaspora-camerounaise-presente-le-livre-blanc-de-la-decentralisation#primaryimage\",\"url\":\"https:\/\/static.africa-press.net\/cameroun\/sites\/57\/2021\/03\/img-60582053b2905.jpg\",\"contentUrl\":\"https:\/\/static.africa-press.net\/cameroun\/sites\/57\/2021\/03\/img-60582053b2905.jpg\",\"width\":1040,\"height\":780,\"caption\":\"La diaspora camerounaise pr\u00e9sente le livre blanc de la D\u00e9centralisation\"},{\"@type\":\"BreadcrumbList\",\"@id\":\"https:\/\/www.africa-press.net\/cameroun\/politique\/la-diaspora-camerounaise-presente-le-livre-blanc-de-la-decentralisation#breadcrumb\",\"itemListElement\":[{\"@type\":\"ListItem\",\"position\":1,\"name\":\"Accueil\",\"item\":\"https:\/\/www.africa-press.net\/cameroun\/\"},{\"@type\":\"ListItem\",\"position\":2,\"name\":\"La diaspora camerounaise pr\u00e9sente le livre blanc de la D\u00e9centralisation\"}]},{\"@type\":\"WebSite\",\"@id\":\"https:\/\/www.africa-press.net\/cameroun\/#website\",\"url\":\"https:\/\/www.africa-press.net\/cameroun\/\",\"name\":\"Cameroun\",\"description\":\"Just another Africa News Agency Sites site\",\"potentialAction\":[{\"@type\":\"SearchAction\",\"target\":{\"@type\":\"EntryPoint\",\"urlTemplate\":\"https:\/\/www.africa-press.net\/cameroun\/?s={search_term_string}\"},\"query-input\":{\"@type\":\"PropertyValueSpecification\",\"valueRequired\":true,\"valueName\":\"search_term_string\"}}],\"inLanguage\":\"fr-FR\"},{\"@type\":\"Person\",\"@id\":\"https:\/\/www.africa-press.net\/cameroun\/#\/schema\/person\/2b1cf3cd81a31e3cd26889ca66d677f1\",\"name\":\"cfeditorfr\"}]}<\/script>\n<!-- \/ Yoast SEO Premium plugin. -->","yoast_head_json":{"title":"La diaspora camerounaise pr\u00e9sente le livre blanc de la D\u00e9centralisation - Cameroun","description":"La c\u00e9r\u00e9monie se d\u00e9roule en ce moment au Cercle municipal de Yaound\u00e9 La diaspora camerounaise veut r\u00e9pondre \u00e0 l\u2019appel du ...","robots":{"index":"index","follow":"follow","max-snippet":"max-snippet:-1","max-image-preview":"max-image-preview:large","max-video-preview":"max-video-preview:-1"},"canonical":"https:\/\/www.africa-press.net\/cameroun\/politique\/la-diaspora-camerounaise-presente-le-livre-blanc-de-la-decentralisation","og_locale":"fr_FR","og_type":"article","og_title":"La diaspora camerounaise pr\u00e9sente le livre blanc de la D\u00e9centralisation","og_description":"La c\u00e9r\u00e9monie se d\u00e9roule en ce moment au Cercle municipal de Yaound\u00e9 La diaspora camerounaise veut r\u00e9pondre \u00e0 l\u2019appel du ...","og_url":"https:\/\/www.africa-press.net\/cameroun\/politique\/la-diaspora-camerounaise-presente-le-livre-blanc-de-la-decentralisation","og_site_name":"Cameroun","article_published_time":"2021-03-19T11:30:12+00:00","article_modified_time":"2021-03-22T04:43:21+00:00","og_image":[{"width":1040,"height":780,"url":"https:\/\/static.africa-press.net\/cameroun\/sites\/57\/2021\/03\/img-60582053b2905.jpg","type":"image\/jpeg"}],"author":"cfeditorfr","twitter_card":"summary_large_image","twitter_misc":{"\u00c9crit par":"cfeditorfr","Dur\u00e9e de lecture estim\u00e9e":"2 minutes"},"schema":{"@context":"https:\/\/schema.org","@graph":[{"@type":"Article","@id":"https:\/\/www.africa-press.net\/cameroun\/politique\/la-diaspora-camerounaise-presente-le-livre-blanc-de-la-decentralisation#article","isPartOf":{"@id":"https:\/\/www.africa-press.net\/cameroun\/politique\/la-diaspora-camerounaise-presente-le-livre-blanc-de-la-decentralisation"},"author":{"name":"cfeditorfr","@id":"https:\/\/www.africa-press.net\/cameroun\/#\/schema\/person\/2b1cf3cd81a31e3cd26889ca66d677f1"},"headline":"La diaspora camerounaise pr\u00e9sente le livre blanc de la D\u00e9centralisation","datePublished":"2021-03-19T11:30:12+00:00","dateModified":"2021-03-22T04:43:21+00:00","mainEntityOfPage":{"@id":"https:\/\/www.africa-press.net\/cameroun\/politique\/la-diaspora-camerounaise-presente-le-livre-blanc-de-la-decentralisation"},"wordCount":343,"commentCount":0,"image":{"@id":"https:\/\/www.africa-press.net\/cameroun\/politique\/la-diaspora-camerounaise-presente-le-livre-blanc-de-la-decentralisation#primaryimage"},"thumbnailUrl":"https:\/\/static.africa-press.net\/cameroun\/sites\/57\/2021\/03\/img-60582053b2905.jpg","keywords":["Africa Press","Africa Press-Cameroun","Cameroun"],"articleSection":["homepage-french","Politique","Toutes les actualit\u00e9s"],"inLanguage":"fr-FR","potentialAction":[{"@type":"CommentAction","name":"Comment","target":["https:\/\/www.africa-press.net\/cameroun\/politique\/la-diaspora-camerounaise-presente-le-livre-blanc-de-la-decentralisation#respond"]}]},{"@type":"WebPage","@id":"https:\/\/www.africa-press.net\/cameroun\/politique\/la-diaspora-camerounaise-presente-le-livre-blanc-de-la-decentralisation","url":"https:\/\/www.africa-press.net\/cameroun\/politique\/la-diaspora-camerounaise-presente-le-livre-blanc-de-la-decentralisation","name":"La diaspora camerounaise pr\u00e9sente le livre blanc de la D\u00e9centralisation - Cameroun","isPartOf":{"@id":"https:\/\/www.africa-press.net\/cameroun\/#website"},"primaryImageOfPage":{"@id":"https:\/\/www.africa-press.net\/cameroun\/politique\/la-diaspora-camerounaise-presente-le-livre-blanc-de-la-decentralisation#primaryimage"},"image":{"@id":"https:\/\/www.africa-press.net\/cameroun\/politique\/la-diaspora-camerounaise-presente-le-livre-blanc-de-la-decentralisation#primaryimage"},"thumbnailUrl":"https:\/\/static.africa-press.net\/cameroun\/sites\/57\/2021\/03\/img-60582053b2905.jpg","datePublished":"2021-03-19T11:30:12+00:00","dateModified":"2021-03-22T04:43:21+00:00","author":{"@id":"https:\/\/www.africa-press.net\/cameroun\/#\/schema\/person\/2b1cf3cd81a31e3cd26889ca66d677f1"},"description":"La c\u00e9r\u00e9monie se d\u00e9roule en ce moment au Cercle municipal de Yaound\u00e9 La diaspora camerounaise veut r\u00e9pondre \u00e0 l\u2019appel du ...","breadcrumb":{"@id":"https:\/\/www.africa-press.net\/cameroun\/politique\/la-diaspora-camerounaise-presente-le-livre-blanc-de-la-decentralisation#breadcrumb"},"inLanguage":"fr-FR","potentialAction":[{"@type":"ReadAction","target":["https:\/\/www.africa-press.net\/cameroun\/politique\/la-diaspora-camerounaise-presente-le-livre-blanc-de-la-decentralisation"]}]},{"@type":"ImageObject","inLanguage":"fr-FR","@id":"https:\/\/www.africa-press.net\/cameroun\/politique\/la-diaspora-camerounaise-presente-le-livre-blanc-de-la-decentralisation#primaryimage","url":"https:\/\/static.africa-press.net\/cameroun\/sites\/57\/2021\/03\/img-60582053b2905.jpg","contentUrl":"https:\/\/static.africa-press.net\/cameroun\/sites\/57\/2021\/03\/img-60582053b2905.jpg","width":1040,"height":780,"caption":"La diaspora camerounaise pr\u00e9sente le livre blanc de la D\u00e9centralisation"},{"@type":"BreadcrumbList","@id":"https:\/\/www.africa-press.net\/cameroun\/politique\/la-diaspora-camerounaise-presente-le-livre-blanc-de-la-decentralisation#breadcrumb","itemListElement":[{"@type":"ListItem","position":1,"name":"Accueil","item":"https:\/\/www.africa-press.net\/cameroun\/"},{"@type":"ListItem","position":2,"name":"La diaspora camerounaise pr\u00e9sente le livre blanc de la D\u00e9centralisation"}]},{"@type":"WebSite","@id":"https:\/\/www.africa-press.net\/cameroun\/#website","url":"https:\/\/www.africa-press.net\/cameroun\/","name":"Cameroun","description":"Just another Africa News Agency Sites site","potentialAction":[{"@type":"SearchAction","target":{"@type":"EntryPoint","urlTemplate":"https:\/\/www.africa-press.net\/cameroun\/?s={search_term_string}"},"query-input":{"@type":"PropertyValueSpecification","valueRequired":true,"valueName":"search_term_string"}}],"inLanguage":"fr-FR"},{"@type":"Person","@id":"https:\/\/www.africa-press.net\/cameroun\/#\/schema\/person\/2b1cf3cd81a31e3cd26889ca66d677f1","name":"cfeditorfr"}]}},"_links":{"self":[{"href":"https:\/\/www.africa-press.net\/cameroun\/wp-json\/wp\/v2\/posts\/1408","targetHints":{"allow":["GET"]}}],"collection":[{"href":"https:\/\/www.africa-press.net\/cameroun\/wp-json\/wp\/v2\/posts"}],"about":[{"href":"https:\/\/www.africa-press.net\/cameroun\/wp-json\/wp\/v2\/types\/post"}],"author":[{"embeddable":true,"href":"https:\/\/www.africa-press.net\/cameroun\/wp-json\/wp\/v2\/users\/82"}],"replies":[{"embeddable":true,"href":"https:\/\/www.africa-press.net\/cameroun\/wp-json\/wp\/v2\/comments?post=1408"}],"version-history":[{"count":0,"href":"https:\/\/www.africa-press.net\/cameroun\/wp-json\/wp\/v2\/posts\/1408\/revisions"}],"wp:featuredmedia":[{"embeddable":true,"href":"https:\/\/www.africa-press.net\/cameroun\/wp-json\/wp\/v2\/media\/1407"}],"wp:attachment":[{"href":"https:\/\/www.africa-press.net\/cameroun\/wp-json\/wp\/v2\/media?parent=1408"}],"wp:term":[{"taxonomy":"category","embeddable":true,"href":"https:\/\/www.africa-press.net\/cameroun\/wp-json\/wp\/v2\/categories?post=1408"},{"taxonomy":"post_tag","embeddable":true,"href":"https:\/\/www.africa-press.net\/cameroun\/wp-json\/wp\/v2\/tags?post=1408"}],"curies":[{"name":"wp","href":"https:\/\/api.w.org\/{rel}","templated":true}]}}