{"id":1411,"date":"2021-03-19T11:35:44","date_gmt":"2021-03-19T11:35:44","guid":{"rendered":"https:\/\/www.africa-press.net\/cameroun\/politique\/niat-et-cavaye-sont-des-fruits-de-la-pratique-democratique"},"modified":"2021-03-22T04:43:54","modified_gmt":"2021-03-22T04:43:54","slug":"niat-et-cavaye-sont-des-fruits-de-la-pratique-democratique","status":"publish","type":"post","link":"https:\/\/www.africa-press.net\/cameroun\/politique\/niat-et-cavaye-sont-des-fruits-de-la-pratique-democratique","title":{"rendered":"Niat et Cavaye sont des fruits de la pratique d\u00e9mocratique"},"content":{"rendered":"<p><span style=\"color: #ff6600\"><strong><a href=\"https:\/\/www.africa-press.net\/\">Africa-Press<\/a> &#8211; <a href=\"https:\/\/www.africa-press.net\/cameroun\">Cameroun<\/a>. <\/strong><\/span>Marcel NIAT Njifendji, 86 ans et Cavayi\u00e9 Yegui\u00e9 Djibril, 81 ans, viennent d\u2019\u00eatre reconduit respectivement comme Pr\u00e9sident du SENAT et Pr\u00e9sident de l\u2019Assembl\u00e9e Nationale. Une posture qui agite un brouillard \u00e9pais autour des multiples invitations du Chef de l\u2019Etat, appelant au renouvellement de la classe politique au Cameroun. Une pratique d\u00e9mocratique qui n\u2019est pas l\u2019exclusivit\u00e9 du Cameroun.<\/p>\n<p>L\u2019image est saisissante, ce jeudi apr\u00e8s-midi, le Pr\u00e9sident du SENAT se dirige vers son perchoir. Autour de lui, une escorte particuli\u00e8re pour l\u2019assister et l\u2019accompagner majestueusement jusqu\u2019\u00e0 son si\u00e8ge. Le S\u00e9nateur Marcel NIAT Njifenji n\u2019est pas dans un tr\u00e8s bon \u00e9tat de sant\u00e9. Voici pr\u00e8s de six mois qu\u2019il avait disparu des radars. On ne l\u2019avait plus aper\u00e7u au sein du Palais des Congr\u00e8s de Yaound\u00e9, \u00e0 l\u2019heure des derni\u00e8res assises de la chambre haute. De fortes rumeurs ont circul\u00e9 sur l\u2019\u00e9tat de sant\u00e9 pr\u00e9caire de l\u2019honorable Marcel NIAT Njifenji. Mais il a brav\u00e9 les multiples obstacles li\u00e9s \u00e0 sa condition physique pour assurer la rentr\u00e9e des travaux au sein de la chambre haute du Cameroun. Et il va \u00eatre \u00e0 nouveau confirm\u00e9 \u00e0 sa charge de Pr\u00e9sident du S\u00e9nat.<\/p>\n<p>De l\u2019autre c\u00f4t\u00e9, Cavay\u00e9 Yegui\u00e9 Djibril, n\u00e9 le 1?? janvier 1940 \u00e0 Mada, et pr\u00e9sident de l&rsquo;assembl\u00e9e nationale du Cameroun depuis 1992, a \u00e9t\u00e9 reconduit \u00e0 cette haute fonction. Fonction qui se confond d\u00e9sormais \u00e0 la personne m\u00eame du tr\u00e8s honorable Cavayi\u00e9 qui occupe le poste depuis pr\u00e8s de 30 ans.<\/p>\n<p>Deux mastodontes de la politique qui aujourd\u2019hui point\u00e9s du doigt comme \u00e9tant des monuments \u00e0 la t\u00eate de leurs fonctions. Plus qu\u2019une question de long\u00e9vit\u00e9, plusieurs observateurs accusent pratiquement ces braves hommes d\u2019avoir l\u2019\u00e2ge qu\u2019ils ont et de continuer d\u2019occuper les fonctions qui sont les leurs. Une accusation difficilement compr\u00e9hensible quand on se rend compte que partout dans le monde d\u00e9mocratique, voir des personnalit\u00e9s d\u2019un certain \u00e2ge \u00e0 la t\u00eate de hautes fonctions \u00e9lectives est l\u00e9gion. A titre d\u2019illustration, on peut juste prendre en exemple le mod\u00e8le d\u00e9mocratique \u00e9tatsunien. L\u00e0-bas, ils viennent de porter par l\u2019\u00e9lection, \u00e0 la t\u00eate de leur Etat, une personnalit\u00e9 \u00e2g\u00e9e de 78 ans (dont le mandat s\u2019ach\u00e8vera quand il aura 82ans, avec l\u2019option d\u2019un second mandat). Au m\u00eame moment, la figure embl\u00e9matique du parti d\u00e9mocrate, Nancy Patricia Pelosi, est \u00e2g\u00e9e aujourd\u2019hui de 80 ans. Et elle est la repr\u00e9sentante du parti d\u00e9mocrate depuis presqu\u2019autant de temps que Marcel NIAT Njifenji.<\/p>\n<p>De ce point de vue, difficile de soutenir que dans un environnement o\u00f9 ils continuent de recevoir le mandat des populations et b\u00e9n\u00e9ficier de la confiance des membres de leurs chambres respectives, le Cameroun serait moins d\u00e9mocratique qu\u2019ailleurs. La transition g\u00e9n\u00e9rationnelle dont parle le chef de l\u2019Etat est bel et bien visible. Il suffit de porter son regard sur la moyenne d\u2019\u00e2ge des nouveaux acteurs politiques du parti et de l\u2019administration pour s\u2019en rendre compte.<\/p>\n","protected":false},"excerpt":{"rendered":"<p>Africa-Press &#8211; Cameroun. Marcel NIAT Njifendji, 86 ans et Cavayi\u00e9 Yegui\u00e9 Djibril, 81 ans, viennent d\u2019\u00eatre reconduit respectivement comme Pr\u00e9sident du SENAT et Pr\u00e9sident de l\u2019Assembl\u00e9e Nationale. Une posture qui agite un brouillard \u00e9pais autour des multiples invitations du Chef de l\u2019Etat, appelant au renouvellement de la classe politique au Cameroun. Une pratique d\u00e9mocratique qui [&hellip;]<\/p>\n","protected":false},"author":82,"featured_media":1410,"comment_status":"open","ping_status":"closed","sticky":false,"template":"","format":"standard","meta":{"footnotes":""},"categories":[11,2,20,10],"tags":[36,50,49],"class_list":["post-1411","post","type-post","status-publish","format-standard","has-post-thumbnail","hentry","category-homepage-french","category-politique","category-top-nouvelles","category-toutes-les-actualites","tag-africa-press","tag-africa-press-cameroun","tag-cameroun"],"yoast_head":"<!-- This site is optimized with the Yoast SEO Premium plugin v26.1 (Yoast SEO v27.0) - https:\/\/yoast.com\/product\/yoast-seo-premium-wordpress\/ -->\n<title>Niat et Cavaye sont des fruits de la pratique d\u00e9mocratique - Cameroun<\/title>\n<meta name=\"description\" content=\"Marcel NIAT Njifendji, 86 ans et Cavayi\u00e9 Yegui\u00e9 Djibril, 81 ans, viennent d\u2019\u00eatre reconduit respectivement comme Pr\u00e9siden ...\" \/>\n<meta name=\"robots\" content=\"index, follow, max-snippet:-1, max-image-preview:large, max-video-preview:-1\" \/>\n<link rel=\"canonical\" href=\"https:\/\/www.africa-press.net\/cameroun\/politique\/niat-et-cavaye-sont-des-fruits-de-la-pratique-democratique\" \/>\n<meta property=\"og:locale\" content=\"fr_FR\" \/>\n<meta property=\"og:type\" content=\"article\" \/>\n<meta property=\"og:title\" content=\"Niat et Cavaye sont des fruits de la pratique d\u00e9mocratique\" \/>\n<meta property=\"og:description\" content=\"Marcel NIAT Njifendji, 86 ans et Cavayi\u00e9 Yegui\u00e9 Djibril, 81 ans, viennent d\u2019\u00eatre reconduit respectivement comme Pr\u00e9siden ...\" \/>\n<meta property=\"og:url\" content=\"https:\/\/www.africa-press.net\/cameroun\/politique\/niat-et-cavaye-sont-des-fruits-de-la-pratique-democratique\" \/>\n<meta property=\"og:site_name\" content=\"Cameroun\" \/>\n<meta property=\"article:published_time\" content=\"2021-03-19T11:35:44+00:00\" \/>\n<meta property=\"article:modified_time\" content=\"2021-03-22T04:43:54+00:00\" \/>\n<meta property=\"og:image\" content=\"https:\/\/static.africa-press.net\/cameroun\/sites\/57\/2021\/03\/img-60582074dbadc.jpg\" \/>\n\t<meta property=\"og:image:width\" content=\"1200\" \/>\n\t<meta property=\"og:image:height\" content=\"623\" \/>\n\t<meta property=\"og:image:type\" content=\"image\/jpeg\" \/>\n<meta name=\"author\" content=\"cfeditorfr\" \/>\n<meta name=\"twitter:card\" content=\"summary_large_image\" \/>\n<meta name=\"twitter:label1\" content=\"\u00c9crit par\" \/>\n\t<meta name=\"twitter:data1\" content=\"cfeditorfr\" \/>\n\t<meta name=\"twitter:label2\" content=\"Dur\u00e9e de lecture estim\u00e9e\" \/>\n\t<meta name=\"twitter:data2\" content=\"3 minutes\" \/>\n<script type=\"application\/ld+json\" class=\"yoast-schema-graph\">{\"@context\":\"https:\/\/schema.org\",\"@graph\":[{\"@type\":\"Article\",\"@id\":\"https:\/\/www.africa-press.net\/cameroun\/politique\/niat-et-cavaye-sont-des-fruits-de-la-pratique-democratique#article\",\"isPartOf\":{\"@id\":\"https:\/\/www.africa-press.net\/cameroun\/politique\/niat-et-cavaye-sont-des-fruits-de-la-pratique-democratique\"},\"author\":{\"name\":\"cfeditorfr\",\"@id\":\"https:\/\/www.africa-press.net\/cameroun\/#\/schema\/person\/2b1cf3cd81a31e3cd26889ca66d677f1\"},\"headline\":\"Niat et Cavaye sont des fruits de la pratique d\u00e9mocratique\",\"datePublished\":\"2021-03-19T11:35:44+00:00\",\"dateModified\":\"2021-03-22T04:43:54+00:00\",\"mainEntityOfPage\":{\"@id\":\"https:\/\/www.africa-press.net\/cameroun\/politique\/niat-et-cavaye-sont-des-fruits-de-la-pratique-democratique\"},\"wordCount\":550,\"commentCount\":0,\"image\":{\"@id\":\"https:\/\/www.africa-press.net\/cameroun\/politique\/niat-et-cavaye-sont-des-fruits-de-la-pratique-democratique#primaryimage\"},\"thumbnailUrl\":\"https:\/\/static.africa-press.net\/cameroun\/sites\/57\/2021\/03\/img-60582074dbadc.jpg\",\"keywords\":[\"Africa Press\",\"Africa Press-Cameroun\",\"Cameroun\"],\"articleSection\":[\"homepage-french\",\"Politique\",\"Top Nouvelles\",\"Toutes les actualit\u00e9s\"],\"inLanguage\":\"fr-FR\",\"potentialAction\":[{\"@type\":\"CommentAction\",\"name\":\"Comment\",\"target\":[\"https:\/\/www.africa-press.net\/cameroun\/politique\/niat-et-cavaye-sont-des-fruits-de-la-pratique-democratique#respond\"]}]},{\"@type\":\"WebPage\",\"@id\":\"https:\/\/www.africa-press.net\/cameroun\/politique\/niat-et-cavaye-sont-des-fruits-de-la-pratique-democratique\",\"url\":\"https:\/\/www.africa-press.net\/cameroun\/politique\/niat-et-cavaye-sont-des-fruits-de-la-pratique-democratique\",\"name\":\"Niat et Cavaye sont des fruits de la pratique d\u00e9mocratique - Cameroun\",\"isPartOf\":{\"@id\":\"https:\/\/www.africa-press.net\/cameroun\/#website\"},\"primaryImageOfPage\":{\"@id\":\"https:\/\/www.africa-press.net\/cameroun\/politique\/niat-et-cavaye-sont-des-fruits-de-la-pratique-democratique#primaryimage\"},\"image\":{\"@id\":\"https:\/\/www.africa-press.net\/cameroun\/politique\/niat-et-cavaye-sont-des-fruits-de-la-pratique-democratique#primaryimage\"},\"thumbnailUrl\":\"https:\/\/static.africa-press.net\/cameroun\/sites\/57\/2021\/03\/img-60582074dbadc.jpg\",\"datePublished\":\"2021-03-19T11:35:44+00:00\",\"dateModified\":\"2021-03-22T04:43:54+00:00\",\"author\":{\"@id\":\"https:\/\/www.africa-press.net\/cameroun\/#\/schema\/person\/2b1cf3cd81a31e3cd26889ca66d677f1\"},\"description\":\"Marcel NIAT Njifendji, 86 ans et Cavayi\u00e9 Yegui\u00e9 Djibril, 81 ans, viennent d\u2019\u00eatre reconduit respectivement comme Pr\u00e9siden ...\",\"breadcrumb\":{\"@id\":\"https:\/\/www.africa-press.net\/cameroun\/politique\/niat-et-cavaye-sont-des-fruits-de-la-pratique-democratique#breadcrumb\"},\"inLanguage\":\"fr-FR\",\"potentialAction\":[{\"@type\":\"ReadAction\",\"target\":[\"https:\/\/www.africa-press.net\/cameroun\/politique\/niat-et-cavaye-sont-des-fruits-de-la-pratique-democratique\"]}]},{\"@type\":\"ImageObject\",\"inLanguage\":\"fr-FR\",\"@id\":\"https:\/\/www.africa-press.net\/cameroun\/politique\/niat-et-cavaye-sont-des-fruits-de-la-pratique-democratique#primaryimage\",\"url\":\"https:\/\/static.africa-press.net\/cameroun\/sites\/57\/2021\/03\/img-60582074dbadc.jpg\",\"contentUrl\":\"https:\/\/static.africa-press.net\/cameroun\/sites\/57\/2021\/03\/img-60582074dbadc.jpg\",\"width\":1200,\"height\":623,\"caption\":\"Niat et Cavaye sont des fruits de la pratique d\u00e9mocratique\"},{\"@type\":\"BreadcrumbList\",\"@id\":\"https:\/\/www.africa-press.net\/cameroun\/politique\/niat-et-cavaye-sont-des-fruits-de-la-pratique-democratique#breadcrumb\",\"itemListElement\":[{\"@type\":\"ListItem\",\"position\":1,\"name\":\"Accueil\",\"item\":\"https:\/\/www.africa-press.net\/cameroun\/\"},{\"@type\":\"ListItem\",\"position\":2,\"name\":\"Niat et Cavaye sont des fruits de la pratique d\u00e9mocratique\"}]},{\"@type\":\"WebSite\",\"@id\":\"https:\/\/www.africa-press.net\/cameroun\/#website\",\"url\":\"https:\/\/www.africa-press.net\/cameroun\/\",\"name\":\"Cameroun\",\"description\":\"Just another Africa News Agency Sites site\",\"potentialAction\":[{\"@type\":\"SearchAction\",\"target\":{\"@type\":\"EntryPoint\",\"urlTemplate\":\"https:\/\/www.africa-press.net\/cameroun\/?s={search_term_string}\"},\"query-input\":{\"@type\":\"PropertyValueSpecification\",\"valueRequired\":true,\"valueName\":\"search_term_string\"}}],\"inLanguage\":\"fr-FR\"},{\"@type\":\"Person\",\"@id\":\"https:\/\/www.africa-press.net\/cameroun\/#\/schema\/person\/2b1cf3cd81a31e3cd26889ca66d677f1\",\"name\":\"cfeditorfr\"}]}<\/script>\n<!-- \/ Yoast SEO Premium plugin. -->","yoast_head_json":{"title":"Niat et Cavaye sont des fruits de la pratique d\u00e9mocratique - Cameroun","description":"Marcel NIAT Njifendji, 86 ans et Cavayi\u00e9 Yegui\u00e9 Djibril, 81 ans, viennent d\u2019\u00eatre reconduit respectivement comme Pr\u00e9siden ...","robots":{"index":"index","follow":"follow","max-snippet":"max-snippet:-1","max-image-preview":"max-image-preview:large","max-video-preview":"max-video-preview:-1"},"canonical":"https:\/\/www.africa-press.net\/cameroun\/politique\/niat-et-cavaye-sont-des-fruits-de-la-pratique-democratique","og_locale":"fr_FR","og_type":"article","og_title":"Niat et Cavaye sont des fruits de la pratique d\u00e9mocratique","og_description":"Marcel NIAT Njifendji, 86 ans et Cavayi\u00e9 Yegui\u00e9 Djibril, 81 ans, viennent d\u2019\u00eatre reconduit respectivement comme Pr\u00e9siden ...","og_url":"https:\/\/www.africa-press.net\/cameroun\/politique\/niat-et-cavaye-sont-des-fruits-de-la-pratique-democratique","og_site_name":"Cameroun","article_published_time":"2021-03-19T11:35:44+00:00","article_modified_time":"2021-03-22T04:43:54+00:00","og_image":[{"width":1200,"height":623,"url":"https:\/\/static.africa-press.net\/cameroun\/sites\/57\/2021\/03\/img-60582074dbadc.jpg","type":"image\/jpeg"}],"author":"cfeditorfr","twitter_card":"summary_large_image","twitter_misc":{"\u00c9crit par":"cfeditorfr","Dur\u00e9e de lecture estim\u00e9e":"3 minutes"},"schema":{"@context":"https:\/\/schema.org","@graph":[{"@type":"Article","@id":"https:\/\/www.africa-press.net\/cameroun\/politique\/niat-et-cavaye-sont-des-fruits-de-la-pratique-democratique#article","isPartOf":{"@id":"https:\/\/www.africa-press.net\/cameroun\/politique\/niat-et-cavaye-sont-des-fruits-de-la-pratique-democratique"},"author":{"name":"cfeditorfr","@id":"https:\/\/www.africa-press.net\/cameroun\/#\/schema\/person\/2b1cf3cd81a31e3cd26889ca66d677f1"},"headline":"Niat et Cavaye sont des fruits de la pratique d\u00e9mocratique","datePublished":"2021-03-19T11:35:44+00:00","dateModified":"2021-03-22T04:43:54+00:00","mainEntityOfPage":{"@id":"https:\/\/www.africa-press.net\/cameroun\/politique\/niat-et-cavaye-sont-des-fruits-de-la-pratique-democratique"},"wordCount":550,"commentCount":0,"image":{"@id":"https:\/\/www.africa-press.net\/cameroun\/politique\/niat-et-cavaye-sont-des-fruits-de-la-pratique-democratique#primaryimage"},"thumbnailUrl":"https:\/\/static.africa-press.net\/cameroun\/sites\/57\/2021\/03\/img-60582074dbadc.jpg","keywords":["Africa Press","Africa Press-Cameroun","Cameroun"],"articleSection":["homepage-french","Politique","Top Nouvelles","Toutes les actualit\u00e9s"],"inLanguage":"fr-FR","potentialAction":[{"@type":"CommentAction","name":"Comment","target":["https:\/\/www.africa-press.net\/cameroun\/politique\/niat-et-cavaye-sont-des-fruits-de-la-pratique-democratique#respond"]}]},{"@type":"WebPage","@id":"https:\/\/www.africa-press.net\/cameroun\/politique\/niat-et-cavaye-sont-des-fruits-de-la-pratique-democratique","url":"https:\/\/www.africa-press.net\/cameroun\/politique\/niat-et-cavaye-sont-des-fruits-de-la-pratique-democratique","name":"Niat et Cavaye sont des fruits de la pratique d\u00e9mocratique - Cameroun","isPartOf":{"@id":"https:\/\/www.africa-press.net\/cameroun\/#website"},"primaryImageOfPage":{"@id":"https:\/\/www.africa-press.net\/cameroun\/politique\/niat-et-cavaye-sont-des-fruits-de-la-pratique-democratique#primaryimage"},"image":{"@id":"https:\/\/www.africa-press.net\/cameroun\/politique\/niat-et-cavaye-sont-des-fruits-de-la-pratique-democratique#primaryimage"},"thumbnailUrl":"https:\/\/static.africa-press.net\/cameroun\/sites\/57\/2021\/03\/img-60582074dbadc.jpg","datePublished":"2021-03-19T11:35:44+00:00","dateModified":"2021-03-22T04:43:54+00:00","author":{"@id":"https:\/\/www.africa-press.net\/cameroun\/#\/schema\/person\/2b1cf3cd81a31e3cd26889ca66d677f1"},"description":"Marcel NIAT Njifendji, 86 ans et Cavayi\u00e9 Yegui\u00e9 Djibril, 81 ans, viennent d\u2019\u00eatre reconduit respectivement comme Pr\u00e9siden ...","breadcrumb":{"@id":"https:\/\/www.africa-press.net\/cameroun\/politique\/niat-et-cavaye-sont-des-fruits-de-la-pratique-democratique#breadcrumb"},"inLanguage":"fr-FR","potentialAction":[{"@type":"ReadAction","target":["https:\/\/www.africa-press.net\/cameroun\/politique\/niat-et-cavaye-sont-des-fruits-de-la-pratique-democratique"]}]},{"@type":"ImageObject","inLanguage":"fr-FR","@id":"https:\/\/www.africa-press.net\/cameroun\/politique\/niat-et-cavaye-sont-des-fruits-de-la-pratique-democratique#primaryimage","url":"https:\/\/static.africa-press.net\/cameroun\/sites\/57\/2021\/03\/img-60582074dbadc.jpg","contentUrl":"https:\/\/static.africa-press.net\/cameroun\/sites\/57\/2021\/03\/img-60582074dbadc.jpg","width":1200,"height":623,"caption":"Niat et Cavaye sont des fruits de la pratique d\u00e9mocratique"},{"@type":"BreadcrumbList","@id":"https:\/\/www.africa-press.net\/cameroun\/politique\/niat-et-cavaye-sont-des-fruits-de-la-pratique-democratique#breadcrumb","itemListElement":[{"@type":"ListItem","position":1,"name":"Accueil","item":"https:\/\/www.africa-press.net\/cameroun\/"},{"@type":"ListItem","position":2,"name":"Niat et Cavaye sont des fruits de la pratique d\u00e9mocratique"}]},{"@type":"WebSite","@id":"https:\/\/www.africa-press.net\/cameroun\/#website","url":"https:\/\/www.africa-press.net\/cameroun\/","name":"Cameroun","description":"Just another Africa News Agency Sites site","potentialAction":[{"@type":"SearchAction","target":{"@type":"EntryPoint","urlTemplate":"https:\/\/www.africa-press.net\/cameroun\/?s={search_term_string}"},"query-input":{"@type":"PropertyValueSpecification","valueRequired":true,"valueName":"search_term_string"}}],"inLanguage":"fr-FR"},{"@type":"Person","@id":"https:\/\/www.africa-press.net\/cameroun\/#\/schema\/person\/2b1cf3cd81a31e3cd26889ca66d677f1","name":"cfeditorfr"}]}},"_links":{"self":[{"href":"https:\/\/www.africa-press.net\/cameroun\/wp-json\/wp\/v2\/posts\/1411","targetHints":{"allow":["GET"]}}],"collection":[{"href":"https:\/\/www.africa-press.net\/cameroun\/wp-json\/wp\/v2\/posts"}],"about":[{"href":"https:\/\/www.africa-press.net\/cameroun\/wp-json\/wp\/v2\/types\/post"}],"author":[{"embeddable":true,"href":"https:\/\/www.africa-press.net\/cameroun\/wp-json\/wp\/v2\/users\/82"}],"replies":[{"embeddable":true,"href":"https:\/\/www.africa-press.net\/cameroun\/wp-json\/wp\/v2\/comments?post=1411"}],"version-history":[{"count":0,"href":"https:\/\/www.africa-press.net\/cameroun\/wp-json\/wp\/v2\/posts\/1411\/revisions"}],"wp:featuredmedia":[{"embeddable":true,"href":"https:\/\/www.africa-press.net\/cameroun\/wp-json\/wp\/v2\/media\/1410"}],"wp:attachment":[{"href":"https:\/\/www.africa-press.net\/cameroun\/wp-json\/wp\/v2\/media?parent=1411"}],"wp:term":[{"taxonomy":"category","embeddable":true,"href":"https:\/\/www.africa-press.net\/cameroun\/wp-json\/wp\/v2\/categories?post=1411"},{"taxonomy":"post_tag","embeddable":true,"href":"https:\/\/www.africa-press.net\/cameroun\/wp-json\/wp\/v2\/tags?post=1411"}],"curies":[{"name":"wp","href":"https:\/\/api.w.org\/{rel}","templated":true}]}}