{"id":1414,"date":"2021-03-19T11:45:15","date_gmt":"2021-03-19T11:45:15","guid":{"rendered":"https:\/\/www.africa-press.net\/cameroun\/politique\/cabral-libii-rattrape-par-ses-mensonges"},"modified":"2021-03-22T04:44:25","modified_gmt":"2021-03-22T04:44:25","slug":"cabral-libii-rattrape-par-ses-mensonges","status":"publish","type":"post","link":"https:\/\/www.africa-press.net\/cameroun\/politique\/cabral-libii-rattrape-par-ses-mensonges","title":{"rendered":"Cabral Libii rattrap\u00e9 par ses mensonges"},"content":{"rendered":"<p><span style=\"color: #ff6600\"><strong><a href=\"https:\/\/www.africa-press.net\/\">Africa-Press<\/a> &#8211; <a href=\"https:\/\/www.africa-press.net\/cameroun\">Cameroun<\/a>. <\/strong><\/span>Alors que le Parti Camerounais pour la R\u00e9conciliation Nationale avait affirm\u00e9 que certains postes ont \u00e9t\u00e9 cr\u00e9\u00e9s au sein de la D\u00e9l\u00e9gation g\u00e9n\u00e9rale \u00e0 la Suret\u00e9 Nationale suite \u00e0 sa campagne \u00ab Je veux ma CNI \u00bb, il s\u2019av\u00e8re finalement que ces postes existent depuis 2016.<\/p>\n<p>C\u2019est une d\u00e9culott\u00e9e que vient de prendre le Pcrn. A la suite des nominations effectu\u00e9es il y a quelques jours au sein de la police camerounaise, la formation politique de Cabral Libii est mont\u00e9e u cr\u00e9neau pour indiquer que certains postes, notamment la sous-direction des titres identitaires et le service de la carte nationale d&rsquo;identit\u00e9, ont \u00e9t\u00e9 cr\u00e9\u00e9s suite \u00e0 la campagne \u00ab Je veux ma CNI \u00bb qu\u2019il a lanc\u00e9 il y a quelques semaines. Pourtant, \u00ab la Sous-Direction des Titres Identitaires existe depuis 2016, contrairement \u00e0 ce que veulent faire croire les adeptes du mouvement fantaisiste d\u00e9nomm\u00e9 \u00ab\u00a0Je veux ma CNI\u00a0\u00bb a soutenu un officiel de la police.<\/p>\n<p>\u00ab Ils veulent s&rsquo;attribuer un m\u00e9rite qu&rsquo;ils n&rsquo;ont pas. Le Pr\u00e9sident de la R\u00e9publique Son Excellence Paul BIYA et le DGSN Martin Mbarga Ngu\u00e9l\u00e9, Cheville Ouvri\u00e8re Op\u00e9rationnelle de la Tr\u00e8s Haute Volont\u00e9 Pr\u00e9sidentielle, ont engag\u00e9 des r\u00e9formes perp\u00e9tuelles, depuis des ann\u00e9es, pour trouver des solutions efficaces aux probl\u00e9matiques li\u00e9es aux Titres Identitaires. Notre Chef de l&rsquo;\u00c9tat est \u00e0 l&rsquo;\u00e9coute des pr\u00e9occupations du peuple et l&rsquo;agitation st\u00e9rile des \u00ab\u00a0Je veux ma CNI\u00a0\u00bb n&rsquo;a aucun effet \u00bb, a rench\u00e9rit Anicet Mani, un militant du Rdpc.<\/p>\n","protected":false},"excerpt":{"rendered":"<p>Africa-Press &#8211; Cameroun. Alors que le Parti Camerounais pour la R\u00e9conciliation Nationale avait affirm\u00e9 que certains postes ont \u00e9t\u00e9 cr\u00e9\u00e9s au sein de la D\u00e9l\u00e9gation g\u00e9n\u00e9rale \u00e0 la Suret\u00e9 Nationale suite \u00e0 sa campagne \u00ab Je veux ma CNI \u00bb, il s\u2019av\u00e8re finalement que ces postes existent depuis 2016. C\u2019est une d\u00e9culott\u00e9e que vient de [&hellip;]<\/p>\n","protected":false},"author":82,"featured_media":1413,"comment_status":"open","ping_status":"closed","sticky":false,"template":"","format":"standard","meta":{"footnotes":""},"categories":[11,2,10],"tags":[36,50,49],"class_list":["post-1414","post","type-post","status-publish","format-standard","has-post-thumbnail","hentry","category-homepage-french","category-politique","category-toutes-les-actualites","tag-africa-press","tag-africa-press-cameroun","tag-cameroun"],"yoast_head":"<!-- This site is optimized with the Yoast SEO Premium plugin v26.1 (Yoast SEO v27.0) - https:\/\/yoast.com\/product\/yoast-seo-premium-wordpress\/ -->\n<title>Cabral Libii rattrap\u00e9 par ses mensonges - Cameroun<\/title>\n<meta name=\"description\" content=\"Alors que le Parti Camerounais pour la R\u00e9conciliation Nationale avait affirm\u00e9 que certains postes ont \u00e9t\u00e9 cr\u00e9\u00e9s au sein ...\" \/>\n<meta name=\"robots\" content=\"index, follow, max-snippet:-1, max-image-preview:large, max-video-preview:-1\" \/>\n<link rel=\"canonical\" href=\"https:\/\/www.africa-press.net\/cameroun\/politique\/cabral-libii-rattrape-par-ses-mensonges\" \/>\n<meta property=\"og:locale\" content=\"fr_FR\" \/>\n<meta property=\"og:type\" content=\"article\" \/>\n<meta property=\"og:title\" content=\"Cabral Libii rattrap\u00e9 par ses mensonges\" \/>\n<meta property=\"og:description\" content=\"Alors que le Parti Camerounais pour la R\u00e9conciliation Nationale avait affirm\u00e9 que certains postes ont \u00e9t\u00e9 cr\u00e9\u00e9s au sein ...\" \/>\n<meta property=\"og:url\" content=\"https:\/\/www.africa-press.net\/cameroun\/politique\/cabral-libii-rattrape-par-ses-mensonges\" \/>\n<meta property=\"og:site_name\" content=\"Cameroun\" \/>\n<meta property=\"article:published_time\" content=\"2021-03-19T11:45:15+00:00\" \/>\n<meta property=\"article:modified_time\" content=\"2021-03-22T04:44:25+00:00\" \/>\n<meta property=\"og:image\" content=\"https:\/\/static.africa-press.net\/cameroun\/sites\/57\/2021\/03\/img-605820953208d.jpg\" \/>\n\t<meta property=\"og:image:width\" content=\"720\" \/>\n\t<meta property=\"og:image:height\" content=\"404\" \/>\n\t<meta property=\"og:image:type\" content=\"image\/jpeg\" \/>\n<meta name=\"author\" content=\"cfeditorfr\" \/>\n<meta name=\"twitter:card\" content=\"summary_large_image\" \/>\n<meta name=\"twitter:label1\" content=\"\u00c9crit par\" \/>\n\t<meta name=\"twitter:data1\" content=\"cfeditorfr\" \/>\n\t<meta name=\"twitter:label2\" content=\"Dur\u00e9e de lecture estim\u00e9e\" \/>\n\t<meta name=\"twitter:data2\" content=\"1 minute\" \/>\n<script type=\"application\/ld+json\" class=\"yoast-schema-graph\">{\"@context\":\"https:\/\/schema.org\",\"@graph\":[{\"@type\":\"Article\",\"@id\":\"https:\/\/www.africa-press.net\/cameroun\/politique\/cabral-libii-rattrape-par-ses-mensonges#article\",\"isPartOf\":{\"@id\":\"https:\/\/www.africa-press.net\/cameroun\/politique\/cabral-libii-rattrape-par-ses-mensonges\"},\"author\":{\"name\":\"cfeditorfr\",\"@id\":\"https:\/\/www.africa-press.net\/cameroun\/#\/schema\/person\/2b1cf3cd81a31e3cd26889ca66d677f1\"},\"headline\":\"Cabral Libii rattrap\u00e9 par ses mensonges\",\"datePublished\":\"2021-03-19T11:45:15+00:00\",\"dateModified\":\"2021-03-22T04:44:25+00:00\",\"mainEntityOfPage\":{\"@id\":\"https:\/\/www.africa-press.net\/cameroun\/politique\/cabral-libii-rattrape-par-ses-mensonges\"},\"wordCount\":275,\"commentCount\":0,\"image\":{\"@id\":\"https:\/\/www.africa-press.net\/cameroun\/politique\/cabral-libii-rattrape-par-ses-mensonges#primaryimage\"},\"thumbnailUrl\":\"https:\/\/static.africa-press.net\/cameroun\/sites\/57\/2021\/03\/img-605820953208d.jpg\",\"keywords\":[\"Africa Press\",\"Africa Press-Cameroun\",\"Cameroun\"],\"articleSection\":[\"homepage-french\",\"Politique\",\"Toutes les actualit\u00e9s\"],\"inLanguage\":\"fr-FR\",\"potentialAction\":[{\"@type\":\"CommentAction\",\"name\":\"Comment\",\"target\":[\"https:\/\/www.africa-press.net\/cameroun\/politique\/cabral-libii-rattrape-par-ses-mensonges#respond\"]}]},{\"@type\":\"WebPage\",\"@id\":\"https:\/\/www.africa-press.net\/cameroun\/politique\/cabral-libii-rattrape-par-ses-mensonges\",\"url\":\"https:\/\/www.africa-press.net\/cameroun\/politique\/cabral-libii-rattrape-par-ses-mensonges\",\"name\":\"Cabral Libii rattrap\u00e9 par ses mensonges - Cameroun\",\"isPartOf\":{\"@id\":\"https:\/\/www.africa-press.net\/cameroun\/#website\"},\"primaryImageOfPage\":{\"@id\":\"https:\/\/www.africa-press.net\/cameroun\/politique\/cabral-libii-rattrape-par-ses-mensonges#primaryimage\"},\"image\":{\"@id\":\"https:\/\/www.africa-press.net\/cameroun\/politique\/cabral-libii-rattrape-par-ses-mensonges#primaryimage\"},\"thumbnailUrl\":\"https:\/\/static.africa-press.net\/cameroun\/sites\/57\/2021\/03\/img-605820953208d.jpg\",\"datePublished\":\"2021-03-19T11:45:15+00:00\",\"dateModified\":\"2021-03-22T04:44:25+00:00\",\"author\":{\"@id\":\"https:\/\/www.africa-press.net\/cameroun\/#\/schema\/person\/2b1cf3cd81a31e3cd26889ca66d677f1\"},\"description\":\"Alors que le Parti Camerounais pour la R\u00e9conciliation Nationale avait affirm\u00e9 que certains postes ont \u00e9t\u00e9 cr\u00e9\u00e9s au sein ...\",\"breadcrumb\":{\"@id\":\"https:\/\/www.africa-press.net\/cameroun\/politique\/cabral-libii-rattrape-par-ses-mensonges#breadcrumb\"},\"inLanguage\":\"fr-FR\",\"potentialAction\":[{\"@type\":\"ReadAction\",\"target\":[\"https:\/\/www.africa-press.net\/cameroun\/politique\/cabral-libii-rattrape-par-ses-mensonges\"]}]},{\"@type\":\"ImageObject\",\"inLanguage\":\"fr-FR\",\"@id\":\"https:\/\/www.africa-press.net\/cameroun\/politique\/cabral-libii-rattrape-par-ses-mensonges#primaryimage\",\"url\":\"https:\/\/static.africa-press.net\/cameroun\/sites\/57\/2021\/03\/img-605820953208d.jpg\",\"contentUrl\":\"https:\/\/static.africa-press.net\/cameroun\/sites\/57\/2021\/03\/img-605820953208d.jpg\",\"width\":720,\"height\":404,\"caption\":\"Cabral Libii rattrap\u00e9 par ses mensonges\"},{\"@type\":\"BreadcrumbList\",\"@id\":\"https:\/\/www.africa-press.net\/cameroun\/politique\/cabral-libii-rattrape-par-ses-mensonges#breadcrumb\",\"itemListElement\":[{\"@type\":\"ListItem\",\"position\":1,\"name\":\"Accueil\",\"item\":\"https:\/\/www.africa-press.net\/cameroun\/\"},{\"@type\":\"ListItem\",\"position\":2,\"name\":\"Cabral Libii rattrap\u00e9 par ses mensonges\"}]},{\"@type\":\"WebSite\",\"@id\":\"https:\/\/www.africa-press.net\/cameroun\/#website\",\"url\":\"https:\/\/www.africa-press.net\/cameroun\/\",\"name\":\"Cameroun\",\"description\":\"Just another Africa News Agency Sites site\",\"potentialAction\":[{\"@type\":\"SearchAction\",\"target\":{\"@type\":\"EntryPoint\",\"urlTemplate\":\"https:\/\/www.africa-press.net\/cameroun\/?s={search_term_string}\"},\"query-input\":{\"@type\":\"PropertyValueSpecification\",\"valueRequired\":true,\"valueName\":\"search_term_string\"}}],\"inLanguage\":\"fr-FR\"},{\"@type\":\"Person\",\"@id\":\"https:\/\/www.africa-press.net\/cameroun\/#\/schema\/person\/2b1cf3cd81a31e3cd26889ca66d677f1\",\"name\":\"cfeditorfr\"}]}<\/script>\n<!-- \/ Yoast SEO Premium plugin. -->","yoast_head_json":{"title":"Cabral Libii rattrap\u00e9 par ses mensonges - Cameroun","description":"Alors que le Parti Camerounais pour la R\u00e9conciliation Nationale avait affirm\u00e9 que certains postes ont \u00e9t\u00e9 cr\u00e9\u00e9s au sein ...","robots":{"index":"index","follow":"follow","max-snippet":"max-snippet:-1","max-image-preview":"max-image-preview:large","max-video-preview":"max-video-preview:-1"},"canonical":"https:\/\/www.africa-press.net\/cameroun\/politique\/cabral-libii-rattrape-par-ses-mensonges","og_locale":"fr_FR","og_type":"article","og_title":"Cabral Libii rattrap\u00e9 par ses mensonges","og_description":"Alors que le Parti Camerounais pour la R\u00e9conciliation Nationale avait affirm\u00e9 que certains postes ont \u00e9t\u00e9 cr\u00e9\u00e9s au sein ...","og_url":"https:\/\/www.africa-press.net\/cameroun\/politique\/cabral-libii-rattrape-par-ses-mensonges","og_site_name":"Cameroun","article_published_time":"2021-03-19T11:45:15+00:00","article_modified_time":"2021-03-22T04:44:25+00:00","og_image":[{"width":720,"height":404,"url":"https:\/\/static.africa-press.net\/cameroun\/sites\/57\/2021\/03\/img-605820953208d.jpg","type":"image\/jpeg"}],"author":"cfeditorfr","twitter_card":"summary_large_image","twitter_misc":{"\u00c9crit par":"cfeditorfr","Dur\u00e9e de lecture estim\u00e9e":"1 minute"},"schema":{"@context":"https:\/\/schema.org","@graph":[{"@type":"Article","@id":"https:\/\/www.africa-press.net\/cameroun\/politique\/cabral-libii-rattrape-par-ses-mensonges#article","isPartOf":{"@id":"https:\/\/www.africa-press.net\/cameroun\/politique\/cabral-libii-rattrape-par-ses-mensonges"},"author":{"name":"cfeditorfr","@id":"https:\/\/www.africa-press.net\/cameroun\/#\/schema\/person\/2b1cf3cd81a31e3cd26889ca66d677f1"},"headline":"Cabral Libii rattrap\u00e9 par ses mensonges","datePublished":"2021-03-19T11:45:15+00:00","dateModified":"2021-03-22T04:44:25+00:00","mainEntityOfPage":{"@id":"https:\/\/www.africa-press.net\/cameroun\/politique\/cabral-libii-rattrape-par-ses-mensonges"},"wordCount":275,"commentCount":0,"image":{"@id":"https:\/\/www.africa-press.net\/cameroun\/politique\/cabral-libii-rattrape-par-ses-mensonges#primaryimage"},"thumbnailUrl":"https:\/\/static.africa-press.net\/cameroun\/sites\/57\/2021\/03\/img-605820953208d.jpg","keywords":["Africa Press","Africa Press-Cameroun","Cameroun"],"articleSection":["homepage-french","Politique","Toutes les actualit\u00e9s"],"inLanguage":"fr-FR","potentialAction":[{"@type":"CommentAction","name":"Comment","target":["https:\/\/www.africa-press.net\/cameroun\/politique\/cabral-libii-rattrape-par-ses-mensonges#respond"]}]},{"@type":"WebPage","@id":"https:\/\/www.africa-press.net\/cameroun\/politique\/cabral-libii-rattrape-par-ses-mensonges","url":"https:\/\/www.africa-press.net\/cameroun\/politique\/cabral-libii-rattrape-par-ses-mensonges","name":"Cabral Libii rattrap\u00e9 par ses mensonges - Cameroun","isPartOf":{"@id":"https:\/\/www.africa-press.net\/cameroun\/#website"},"primaryImageOfPage":{"@id":"https:\/\/www.africa-press.net\/cameroun\/politique\/cabral-libii-rattrape-par-ses-mensonges#primaryimage"},"image":{"@id":"https:\/\/www.africa-press.net\/cameroun\/politique\/cabral-libii-rattrape-par-ses-mensonges#primaryimage"},"thumbnailUrl":"https:\/\/static.africa-press.net\/cameroun\/sites\/57\/2021\/03\/img-605820953208d.jpg","datePublished":"2021-03-19T11:45:15+00:00","dateModified":"2021-03-22T04:44:25+00:00","author":{"@id":"https:\/\/www.africa-press.net\/cameroun\/#\/schema\/person\/2b1cf3cd81a31e3cd26889ca66d677f1"},"description":"Alors que le Parti Camerounais pour la R\u00e9conciliation Nationale avait affirm\u00e9 que certains postes ont \u00e9t\u00e9 cr\u00e9\u00e9s au sein ...","breadcrumb":{"@id":"https:\/\/www.africa-press.net\/cameroun\/politique\/cabral-libii-rattrape-par-ses-mensonges#breadcrumb"},"inLanguage":"fr-FR","potentialAction":[{"@type":"ReadAction","target":["https:\/\/www.africa-press.net\/cameroun\/politique\/cabral-libii-rattrape-par-ses-mensonges"]}]},{"@type":"ImageObject","inLanguage":"fr-FR","@id":"https:\/\/www.africa-press.net\/cameroun\/politique\/cabral-libii-rattrape-par-ses-mensonges#primaryimage","url":"https:\/\/static.africa-press.net\/cameroun\/sites\/57\/2021\/03\/img-605820953208d.jpg","contentUrl":"https:\/\/static.africa-press.net\/cameroun\/sites\/57\/2021\/03\/img-605820953208d.jpg","width":720,"height":404,"caption":"Cabral Libii rattrap\u00e9 par ses mensonges"},{"@type":"BreadcrumbList","@id":"https:\/\/www.africa-press.net\/cameroun\/politique\/cabral-libii-rattrape-par-ses-mensonges#breadcrumb","itemListElement":[{"@type":"ListItem","position":1,"name":"Accueil","item":"https:\/\/www.africa-press.net\/cameroun\/"},{"@type":"ListItem","position":2,"name":"Cabral Libii rattrap\u00e9 par ses mensonges"}]},{"@type":"WebSite","@id":"https:\/\/www.africa-press.net\/cameroun\/#website","url":"https:\/\/www.africa-press.net\/cameroun\/","name":"Cameroun","description":"Just another Africa News Agency Sites site","potentialAction":[{"@type":"SearchAction","target":{"@type":"EntryPoint","urlTemplate":"https:\/\/www.africa-press.net\/cameroun\/?s={search_term_string}"},"query-input":{"@type":"PropertyValueSpecification","valueRequired":true,"valueName":"search_term_string"}}],"inLanguage":"fr-FR"},{"@type":"Person","@id":"https:\/\/www.africa-press.net\/cameroun\/#\/schema\/person\/2b1cf3cd81a31e3cd26889ca66d677f1","name":"cfeditorfr"}]}},"_links":{"self":[{"href":"https:\/\/www.africa-press.net\/cameroun\/wp-json\/wp\/v2\/posts\/1414","targetHints":{"allow":["GET"]}}],"collection":[{"href":"https:\/\/www.africa-press.net\/cameroun\/wp-json\/wp\/v2\/posts"}],"about":[{"href":"https:\/\/www.africa-press.net\/cameroun\/wp-json\/wp\/v2\/types\/post"}],"author":[{"embeddable":true,"href":"https:\/\/www.africa-press.net\/cameroun\/wp-json\/wp\/v2\/users\/82"}],"replies":[{"embeddable":true,"href":"https:\/\/www.africa-press.net\/cameroun\/wp-json\/wp\/v2\/comments?post=1414"}],"version-history":[{"count":0,"href":"https:\/\/www.africa-press.net\/cameroun\/wp-json\/wp\/v2\/posts\/1414\/revisions"}],"wp:featuredmedia":[{"embeddable":true,"href":"https:\/\/www.africa-press.net\/cameroun\/wp-json\/wp\/v2\/media\/1413"}],"wp:attachment":[{"href":"https:\/\/www.africa-press.net\/cameroun\/wp-json\/wp\/v2\/media?parent=1414"}],"wp:term":[{"taxonomy":"category","embeddable":true,"href":"https:\/\/www.africa-press.net\/cameroun\/wp-json\/wp\/v2\/categories?post=1414"},{"taxonomy":"post_tag","embeddable":true,"href":"https:\/\/www.africa-press.net\/cameroun\/wp-json\/wp\/v2\/tags?post=1414"}],"curies":[{"name":"wp","href":"https:\/\/api.w.org\/{rel}","templated":true}]}}