{"id":1417,"date":"2021-03-19T11:53:46","date_gmt":"2021-03-19T11:53:46","guid":{"rendered":"https:\/\/www.africa-press.net\/cameroun\/politique\/njang-denis-tabe-condamne-joshua-osih-et-tacle-le-sdf"},"modified":"2021-03-22T04:44:55","modified_gmt":"2021-03-22T04:44:55","slug":"njang-denis-tabe-condamne-joshua-osih-et-tacle-le-sdf","status":"publish","type":"post","link":"https:\/\/www.africa-press.net\/cameroun\/politique\/njang-denis-tabe-condamne-joshua-osih-et-tacle-le-sdf","title":{"rendered":"Njang Denis Tabe Condamne Joshua Osih et tacle le SDF"},"content":{"rendered":"<p><span style=\"color: #ff6600\"><strong><a href=\"https:\/\/www.africa-press.net\/\">Africa-Press<\/a> &#8211; <a href=\"https:\/\/www.africa-press.net\/cameroun\">Cameroun<\/a>. <\/strong><\/span>Selon le pr\u00e9sident du Popular Action Party (PAp) la signature de Joshua Osih sur la lettre adress\u00e9e au congr\u00e8s am\u00e9ricain est une trahison et la d\u00e9cision du SDF \u00e0 l\u2019endroit de Joshua Osih est vide et provocatrice.<\/p>\n<p>Njang Denis qualifie la p\u00e9tition d&rsquo;Osih de scandaleuse, consid\u00e9rant qu&rsquo;il est originaire de Toko, dans la division de Ndian, l&rsquo;une des divisions les plus durement touch\u00e9es par la crise actuelle. Une division dont les habitants cherchent refuge au Nigeria et aux Etats-Unis par peur des balles perdues ou des tirs aveugles de l&rsquo;arm\u00e9e.<\/p>\n<p>Njang Denis Tabe affirme que la signature de Joshua Osih est la pire gaffe politique de sa carri\u00e8re politique maintenant et demain. Joshua Osih devrait peut-\u00eatre lire l&rsquo;histoire de Valentine Stresser, l&rsquo;ancien pr\u00e9sident de la Sierra Leone, dont la gaffe politique en tant que jeune pr\u00e9sident l&rsquo;a pers\u00e9cut\u00e9 toute sa vie jusqu&rsquo;\u00e0 aujourd&rsquo;hui. Il est \u00e9galement inqui\u00e9tant, selon lui que le premier vice-pr\u00e9sident d&rsquo;un parti politique comme le SDF prenne une d\u00e9cision aussi stupide sans l&rsquo;avis de son parti, de ses conseillers ou du pr\u00e9sident national.<\/p>\n<p>\u00ab M\u00eame \u00e0 cela, je m&rsquo;attendais \u00e0 ce que la r\u00e9solution du NEC du SDF demande le retrait imm\u00e9diat de la signature d&rsquo;Osih et qu&rsquo;il pr\u00e9sente des excuses ouvertes aux personnes opprim\u00e9es des r\u00e9gions r\u00e9tives et aux Camerounais en g\u00e9n\u00e9ral. La d\u00e9cision du NEC concernant Osih est vide, provocatrice et vindicative de l&rsquo;insinuation des Anglophones en particulier et des Camerounais sur la position du SDF dans la guerre en cours et dans la politique camerounaise \u00bb, pr\u00e9cise-t-il.<\/p>\n","protected":false},"excerpt":{"rendered":"<p>Africa-Press &#8211; Cameroun. Selon le pr\u00e9sident du Popular Action Party (PAp) la signature de Joshua Osih sur la lettre adress\u00e9e au congr\u00e8s am\u00e9ricain est une trahison et la d\u00e9cision du SDF \u00e0 l\u2019endroit de Joshua Osih est vide et provocatrice. Njang Denis qualifie la p\u00e9tition d&rsquo;Osih de scandaleuse, consid\u00e9rant qu&rsquo;il est originaire de Toko, dans [&hellip;]<\/p>\n","protected":false},"author":82,"featured_media":1416,"comment_status":"open","ping_status":"closed","sticky":false,"template":"","format":"standard","meta":{"footnotes":""},"categories":[11,2,10],"tags":[36,50,49],"class_list":["post-1417","post","type-post","status-publish","format-standard","has-post-thumbnail","hentry","category-homepage-french","category-politique","category-toutes-les-actualites","tag-africa-press","tag-africa-press-cameroun","tag-cameroun"],"yoast_head":"<!-- This site is optimized with the Yoast SEO Premium plugin v26.1 (Yoast SEO v27.0) - https:\/\/yoast.com\/product\/yoast-seo-premium-wordpress\/ -->\n<title>Njang Denis Tabe Condamne Joshua Osih et tacle le SDF - Cameroun<\/title>\n<meta name=\"description\" content=\"Selon le pr\u00e9sident du Popular Action Party (PAp) la signature de Joshua Osih sur la lettre adress\u00e9e au congr\u00e8s am\u00e9ricain ...\" \/>\n<meta name=\"robots\" content=\"index, follow, max-snippet:-1, max-image-preview:large, max-video-preview:-1\" \/>\n<link rel=\"canonical\" href=\"https:\/\/www.africa-press.net\/cameroun\/politique\/njang-denis-tabe-condamne-joshua-osih-et-tacle-le-sdf\" \/>\n<meta property=\"og:locale\" content=\"fr_FR\" \/>\n<meta property=\"og:type\" content=\"article\" \/>\n<meta property=\"og:title\" content=\"Njang Denis Tabe Condamne Joshua Osih et tacle le SDF\" \/>\n<meta property=\"og:description\" content=\"Selon le pr\u00e9sident du Popular Action Party (PAp) la signature de Joshua Osih sur la lettre adress\u00e9e au congr\u00e8s am\u00e9ricain ...\" \/>\n<meta property=\"og:url\" content=\"https:\/\/www.africa-press.net\/cameroun\/politique\/njang-denis-tabe-condamne-joshua-osih-et-tacle-le-sdf\" \/>\n<meta property=\"og:site_name\" content=\"Cameroun\" \/>\n<meta property=\"article:published_time\" content=\"2021-03-19T11:53:46+00:00\" \/>\n<meta property=\"article:modified_time\" content=\"2021-03-22T04:44:55+00:00\" \/>\n<meta property=\"og:image\" content=\"https:\/\/static.africa-press.net\/cameroun\/sites\/57\/2021\/03\/img-605820b39296b.jpg\" \/>\n\t<meta property=\"og:image:width\" content=\"720\" \/>\n\t<meta property=\"og:image:height\" content=\"524\" \/>\n\t<meta property=\"og:image:type\" content=\"image\/jpeg\" \/>\n<meta name=\"author\" content=\"cfeditorfr\" \/>\n<meta name=\"twitter:card\" content=\"summary_large_image\" \/>\n<meta name=\"twitter:label1\" content=\"\u00c9crit par\" \/>\n\t<meta name=\"twitter:data1\" content=\"cfeditorfr\" \/>\n\t<meta name=\"twitter:label2\" content=\"Dur\u00e9e de lecture estim\u00e9e\" \/>\n\t<meta name=\"twitter:data2\" content=\"1 minute\" \/>\n<script type=\"application\/ld+json\" class=\"yoast-schema-graph\">{\"@context\":\"https:\/\/schema.org\",\"@graph\":[{\"@type\":\"Article\",\"@id\":\"https:\/\/www.africa-press.net\/cameroun\/politique\/njang-denis-tabe-condamne-joshua-osih-et-tacle-le-sdf#article\",\"isPartOf\":{\"@id\":\"https:\/\/www.africa-press.net\/cameroun\/politique\/njang-denis-tabe-condamne-joshua-osih-et-tacle-le-sdf\"},\"author\":{\"name\":\"cfeditorfr\",\"@id\":\"https:\/\/www.africa-press.net\/cameroun\/#\/schema\/person\/2b1cf3cd81a31e3cd26889ca66d677f1\"},\"headline\":\"Njang Denis Tabe Condamne Joshua Osih et tacle le SDF\",\"datePublished\":\"2021-03-19T11:53:46+00:00\",\"dateModified\":\"2021-03-22T04:44:55+00:00\",\"mainEntityOfPage\":{\"@id\":\"https:\/\/www.africa-press.net\/cameroun\/politique\/njang-denis-tabe-condamne-joshua-osih-et-tacle-le-sdf\"},\"wordCount\":305,\"commentCount\":0,\"image\":{\"@id\":\"https:\/\/www.africa-press.net\/cameroun\/politique\/njang-denis-tabe-condamne-joshua-osih-et-tacle-le-sdf#primaryimage\"},\"thumbnailUrl\":\"https:\/\/static.africa-press.net\/cameroun\/sites\/57\/2021\/03\/img-605820b39296b.jpg\",\"keywords\":[\"Africa Press\",\"Africa Press-Cameroun\",\"Cameroun\"],\"articleSection\":[\"homepage-french\",\"Politique\",\"Toutes les actualit\u00e9s\"],\"inLanguage\":\"fr-FR\",\"potentialAction\":[{\"@type\":\"CommentAction\",\"name\":\"Comment\",\"target\":[\"https:\/\/www.africa-press.net\/cameroun\/politique\/njang-denis-tabe-condamne-joshua-osih-et-tacle-le-sdf#respond\"]}]},{\"@type\":\"WebPage\",\"@id\":\"https:\/\/www.africa-press.net\/cameroun\/politique\/njang-denis-tabe-condamne-joshua-osih-et-tacle-le-sdf\",\"url\":\"https:\/\/www.africa-press.net\/cameroun\/politique\/njang-denis-tabe-condamne-joshua-osih-et-tacle-le-sdf\",\"name\":\"Njang Denis Tabe Condamne Joshua Osih et tacle le SDF - Cameroun\",\"isPartOf\":{\"@id\":\"https:\/\/www.africa-press.net\/cameroun\/#website\"},\"primaryImageOfPage\":{\"@id\":\"https:\/\/www.africa-press.net\/cameroun\/politique\/njang-denis-tabe-condamne-joshua-osih-et-tacle-le-sdf#primaryimage\"},\"image\":{\"@id\":\"https:\/\/www.africa-press.net\/cameroun\/politique\/njang-denis-tabe-condamne-joshua-osih-et-tacle-le-sdf#primaryimage\"},\"thumbnailUrl\":\"https:\/\/static.africa-press.net\/cameroun\/sites\/57\/2021\/03\/img-605820b39296b.jpg\",\"datePublished\":\"2021-03-19T11:53:46+00:00\",\"dateModified\":\"2021-03-22T04:44:55+00:00\",\"author\":{\"@id\":\"https:\/\/www.africa-press.net\/cameroun\/#\/schema\/person\/2b1cf3cd81a31e3cd26889ca66d677f1\"},\"description\":\"Selon le pr\u00e9sident du Popular Action Party (PAp) la signature de Joshua Osih sur la lettre adress\u00e9e au congr\u00e8s am\u00e9ricain ...\",\"breadcrumb\":{\"@id\":\"https:\/\/www.africa-press.net\/cameroun\/politique\/njang-denis-tabe-condamne-joshua-osih-et-tacle-le-sdf#breadcrumb\"},\"inLanguage\":\"fr-FR\",\"potentialAction\":[{\"@type\":\"ReadAction\",\"target\":[\"https:\/\/www.africa-press.net\/cameroun\/politique\/njang-denis-tabe-condamne-joshua-osih-et-tacle-le-sdf\"]}]},{\"@type\":\"ImageObject\",\"inLanguage\":\"fr-FR\",\"@id\":\"https:\/\/www.africa-press.net\/cameroun\/politique\/njang-denis-tabe-condamne-joshua-osih-et-tacle-le-sdf#primaryimage\",\"url\":\"https:\/\/static.africa-press.net\/cameroun\/sites\/57\/2021\/03\/img-605820b39296b.jpg\",\"contentUrl\":\"https:\/\/static.africa-press.net\/cameroun\/sites\/57\/2021\/03\/img-605820b39296b.jpg\",\"width\":720,\"height\":524,\"caption\":\"Njang Denis Tabe Condamne Joshua Osih et tacle le SDF\"},{\"@type\":\"BreadcrumbList\",\"@id\":\"https:\/\/www.africa-press.net\/cameroun\/politique\/njang-denis-tabe-condamne-joshua-osih-et-tacle-le-sdf#breadcrumb\",\"itemListElement\":[{\"@type\":\"ListItem\",\"position\":1,\"name\":\"Accueil\",\"item\":\"https:\/\/www.africa-press.net\/cameroun\/\"},{\"@type\":\"ListItem\",\"position\":2,\"name\":\"Njang Denis Tabe Condamne Joshua Osih et tacle le SDF\"}]},{\"@type\":\"WebSite\",\"@id\":\"https:\/\/www.africa-press.net\/cameroun\/#website\",\"url\":\"https:\/\/www.africa-press.net\/cameroun\/\",\"name\":\"Cameroun\",\"description\":\"Just another Africa News Agency Sites site\",\"potentialAction\":[{\"@type\":\"SearchAction\",\"target\":{\"@type\":\"EntryPoint\",\"urlTemplate\":\"https:\/\/www.africa-press.net\/cameroun\/?s={search_term_string}\"},\"query-input\":{\"@type\":\"PropertyValueSpecification\",\"valueRequired\":true,\"valueName\":\"search_term_string\"}}],\"inLanguage\":\"fr-FR\"},{\"@type\":\"Person\",\"@id\":\"https:\/\/www.africa-press.net\/cameroun\/#\/schema\/person\/2b1cf3cd81a31e3cd26889ca66d677f1\",\"name\":\"cfeditorfr\"}]}<\/script>\n<!-- \/ Yoast SEO Premium plugin. -->","yoast_head_json":{"title":"Njang Denis Tabe Condamne Joshua Osih et tacle le SDF - Cameroun","description":"Selon le pr\u00e9sident du Popular Action Party (PAp) la signature de Joshua Osih sur la lettre adress\u00e9e au congr\u00e8s am\u00e9ricain ...","robots":{"index":"index","follow":"follow","max-snippet":"max-snippet:-1","max-image-preview":"max-image-preview:large","max-video-preview":"max-video-preview:-1"},"canonical":"https:\/\/www.africa-press.net\/cameroun\/politique\/njang-denis-tabe-condamne-joshua-osih-et-tacle-le-sdf","og_locale":"fr_FR","og_type":"article","og_title":"Njang Denis Tabe Condamne Joshua Osih et tacle le SDF","og_description":"Selon le pr\u00e9sident du Popular Action Party (PAp) la signature de Joshua Osih sur la lettre adress\u00e9e au congr\u00e8s am\u00e9ricain ...","og_url":"https:\/\/www.africa-press.net\/cameroun\/politique\/njang-denis-tabe-condamne-joshua-osih-et-tacle-le-sdf","og_site_name":"Cameroun","article_published_time":"2021-03-19T11:53:46+00:00","article_modified_time":"2021-03-22T04:44:55+00:00","og_image":[{"width":720,"height":524,"url":"https:\/\/static.africa-press.net\/cameroun\/sites\/57\/2021\/03\/img-605820b39296b.jpg","type":"image\/jpeg"}],"author":"cfeditorfr","twitter_card":"summary_large_image","twitter_misc":{"\u00c9crit par":"cfeditorfr","Dur\u00e9e de lecture estim\u00e9e":"1 minute"},"schema":{"@context":"https:\/\/schema.org","@graph":[{"@type":"Article","@id":"https:\/\/www.africa-press.net\/cameroun\/politique\/njang-denis-tabe-condamne-joshua-osih-et-tacle-le-sdf#article","isPartOf":{"@id":"https:\/\/www.africa-press.net\/cameroun\/politique\/njang-denis-tabe-condamne-joshua-osih-et-tacle-le-sdf"},"author":{"name":"cfeditorfr","@id":"https:\/\/www.africa-press.net\/cameroun\/#\/schema\/person\/2b1cf3cd81a31e3cd26889ca66d677f1"},"headline":"Njang Denis Tabe Condamne Joshua Osih et tacle le SDF","datePublished":"2021-03-19T11:53:46+00:00","dateModified":"2021-03-22T04:44:55+00:00","mainEntityOfPage":{"@id":"https:\/\/www.africa-press.net\/cameroun\/politique\/njang-denis-tabe-condamne-joshua-osih-et-tacle-le-sdf"},"wordCount":305,"commentCount":0,"image":{"@id":"https:\/\/www.africa-press.net\/cameroun\/politique\/njang-denis-tabe-condamne-joshua-osih-et-tacle-le-sdf#primaryimage"},"thumbnailUrl":"https:\/\/static.africa-press.net\/cameroun\/sites\/57\/2021\/03\/img-605820b39296b.jpg","keywords":["Africa Press","Africa Press-Cameroun","Cameroun"],"articleSection":["homepage-french","Politique","Toutes les actualit\u00e9s"],"inLanguage":"fr-FR","potentialAction":[{"@type":"CommentAction","name":"Comment","target":["https:\/\/www.africa-press.net\/cameroun\/politique\/njang-denis-tabe-condamne-joshua-osih-et-tacle-le-sdf#respond"]}]},{"@type":"WebPage","@id":"https:\/\/www.africa-press.net\/cameroun\/politique\/njang-denis-tabe-condamne-joshua-osih-et-tacle-le-sdf","url":"https:\/\/www.africa-press.net\/cameroun\/politique\/njang-denis-tabe-condamne-joshua-osih-et-tacle-le-sdf","name":"Njang Denis Tabe Condamne Joshua Osih et tacle le SDF - Cameroun","isPartOf":{"@id":"https:\/\/www.africa-press.net\/cameroun\/#website"},"primaryImageOfPage":{"@id":"https:\/\/www.africa-press.net\/cameroun\/politique\/njang-denis-tabe-condamne-joshua-osih-et-tacle-le-sdf#primaryimage"},"image":{"@id":"https:\/\/www.africa-press.net\/cameroun\/politique\/njang-denis-tabe-condamne-joshua-osih-et-tacle-le-sdf#primaryimage"},"thumbnailUrl":"https:\/\/static.africa-press.net\/cameroun\/sites\/57\/2021\/03\/img-605820b39296b.jpg","datePublished":"2021-03-19T11:53:46+00:00","dateModified":"2021-03-22T04:44:55+00:00","author":{"@id":"https:\/\/www.africa-press.net\/cameroun\/#\/schema\/person\/2b1cf3cd81a31e3cd26889ca66d677f1"},"description":"Selon le pr\u00e9sident du Popular Action Party (PAp) la signature de Joshua Osih sur la lettre adress\u00e9e au congr\u00e8s am\u00e9ricain ...","breadcrumb":{"@id":"https:\/\/www.africa-press.net\/cameroun\/politique\/njang-denis-tabe-condamne-joshua-osih-et-tacle-le-sdf#breadcrumb"},"inLanguage":"fr-FR","potentialAction":[{"@type":"ReadAction","target":["https:\/\/www.africa-press.net\/cameroun\/politique\/njang-denis-tabe-condamne-joshua-osih-et-tacle-le-sdf"]}]},{"@type":"ImageObject","inLanguage":"fr-FR","@id":"https:\/\/www.africa-press.net\/cameroun\/politique\/njang-denis-tabe-condamne-joshua-osih-et-tacle-le-sdf#primaryimage","url":"https:\/\/static.africa-press.net\/cameroun\/sites\/57\/2021\/03\/img-605820b39296b.jpg","contentUrl":"https:\/\/static.africa-press.net\/cameroun\/sites\/57\/2021\/03\/img-605820b39296b.jpg","width":720,"height":524,"caption":"Njang Denis Tabe Condamne Joshua Osih et tacle le SDF"},{"@type":"BreadcrumbList","@id":"https:\/\/www.africa-press.net\/cameroun\/politique\/njang-denis-tabe-condamne-joshua-osih-et-tacle-le-sdf#breadcrumb","itemListElement":[{"@type":"ListItem","position":1,"name":"Accueil","item":"https:\/\/www.africa-press.net\/cameroun\/"},{"@type":"ListItem","position":2,"name":"Njang Denis Tabe Condamne Joshua Osih et tacle le SDF"}]},{"@type":"WebSite","@id":"https:\/\/www.africa-press.net\/cameroun\/#website","url":"https:\/\/www.africa-press.net\/cameroun\/","name":"Cameroun","description":"Just another Africa News Agency Sites site","potentialAction":[{"@type":"SearchAction","target":{"@type":"EntryPoint","urlTemplate":"https:\/\/www.africa-press.net\/cameroun\/?s={search_term_string}"},"query-input":{"@type":"PropertyValueSpecification","valueRequired":true,"valueName":"search_term_string"}}],"inLanguage":"fr-FR"},{"@type":"Person","@id":"https:\/\/www.africa-press.net\/cameroun\/#\/schema\/person\/2b1cf3cd81a31e3cd26889ca66d677f1","name":"cfeditorfr"}]}},"_links":{"self":[{"href":"https:\/\/www.africa-press.net\/cameroun\/wp-json\/wp\/v2\/posts\/1417","targetHints":{"allow":["GET"]}}],"collection":[{"href":"https:\/\/www.africa-press.net\/cameroun\/wp-json\/wp\/v2\/posts"}],"about":[{"href":"https:\/\/www.africa-press.net\/cameroun\/wp-json\/wp\/v2\/types\/post"}],"author":[{"embeddable":true,"href":"https:\/\/www.africa-press.net\/cameroun\/wp-json\/wp\/v2\/users\/82"}],"replies":[{"embeddable":true,"href":"https:\/\/www.africa-press.net\/cameroun\/wp-json\/wp\/v2\/comments?post=1417"}],"version-history":[{"count":0,"href":"https:\/\/www.africa-press.net\/cameroun\/wp-json\/wp\/v2\/posts\/1417\/revisions"}],"wp:featuredmedia":[{"embeddable":true,"href":"https:\/\/www.africa-press.net\/cameroun\/wp-json\/wp\/v2\/media\/1416"}],"wp:attachment":[{"href":"https:\/\/www.africa-press.net\/cameroun\/wp-json\/wp\/v2\/media?parent=1417"}],"wp:term":[{"taxonomy":"category","embeddable":true,"href":"https:\/\/www.africa-press.net\/cameroun\/wp-json\/wp\/v2\/categories?post=1417"},{"taxonomy":"post_tag","embeddable":true,"href":"https:\/\/www.africa-press.net\/cameroun\/wp-json\/wp\/v2\/tags?post=1417"}],"curies":[{"name":"wp","href":"https:\/\/api.w.org\/{rel}","templated":true}]}}