{"id":1420,"date":"2021-03-19T12:00:16","date_gmt":"2021-03-19T12:00:16","guid":{"rendered":"https:\/\/www.africa-press.net\/cameroun\/politique\/je-serai-toujours-le-president-de-lassemblee-nationale-du-cameroun"},"modified":"2021-03-22T04:45:26","modified_gmt":"2021-03-22T04:45:26","slug":"je-serai-toujours-le-president-de-lassemblee-nationale-du-cameroun","status":"publish","type":"post","link":"https:\/\/www.africa-press.net\/cameroun\/politique\/je-serai-toujours-le-president-de-lassemblee-nationale-du-cameroun","title":{"rendered":"&lsquo;Je serai toujours le pr\u00e9sident de l\u2019Assembl\u00e9e nationale du Cameroun &lsquo;"},"content":{"rendered":"<p><span style=\"color: #ff6600\"><strong><a href=\"https:\/\/www.africa-press.net\/\">Africa-Press<\/a> &#8211; <a href=\"https:\/\/www.africa-press.net\/cameroun\">Cameroun<\/a>. <\/strong><\/span>Seul candidat \u00e0 sa propre succession, le Cavaye Yegui\u00e9 Djibril a \u00e9t\u00e9 r\u00e9\u00e9lu hier, jeudi 18 mars, \u00e0 la t\u00eate de la Chambre basse par 145 voix pour contre 15 bulletins nuls sur les 162 votants. Le Pan n\u2019a pas cach\u00e9 ses premi\u00e8res impressions.<br \/>\n\u00ab A l\u2019issu de l\u2019\u00e9lection du bureau de l\u2019Assembl\u00e9e nationale qui s\u2019est d\u00e9roul\u00e9e hier, lors de la pl\u00e9ni\u00e8re d\u2019\u00e9lection, l\u2019honorable Cavaye Yeguie Djibril, d\u00e9put\u00e9 du Rassemblement d\u00e9mocratique du peuple camerounais (Rdpc), unique candidat pr\u00e9sent\u00e9 par le groupe parlementaire de son parti, a \u00e9t\u00e9 r\u00e9\u00e9lu avec 145 voix sur 162 votants pour 15 bulletins nuls \u00bb, \u00e9crit le journal Le Quotidien.<\/p>\n<p>Se succ\u00e9dant \u00e0 lui-m\u00eame pour un 29\u00e8 mandat, le Tr\u00e8s honorable \u00e9crit le journal, n\u2019a pas tu sa reconnaissance envers \u00e0 l\u2019endroit du pr\u00e9sident national de son parti pour la confiance plac\u00e9e en lui, ainsi qu\u2019\u00e0 ses coll\u00e8gues.<\/p>\n<p>\u00abMerci pour la confiance que vous venez de me renouveler en me r\u00e9\u00e9lisant \u00e0 la t\u00eate de notre institution. Que vous soyez du Rdpc, parti majoritaire, ou de l\u2019opposition, je serai toujours et pour tous, le pr\u00e9sident de l\u2019Assembl\u00e9e nationale du Cameroun. Ma profonde gratitude, je l\u2019adresse humblement et avec d\u00e9f\u00e9rence \u00e0 son excellence M. Paul Biya, pr\u00e9sident de la R\u00e9publique du Cameroun, chef de l\u2019Etat et pr\u00e9sident national de mon parti, le Rdpc. En m\u2019accordant l\u2019investiture du parti pour l\u2019\u00e9lection qui vient de se d\u00e9roul\u00e9e, il a une fois encore manifest\u00e9 sa tr\u00e8s haute confiance \u00e0 l\u2019endroit de l\u2019humble serviteur que je suis. Je lui dis infiniment merci. Je ferai tout ce qui est \u00e0 mon pouvoir et mieux que par le pass\u00e9, de m\u00e9riter cette haute confiance \u00bb, rassure le Pan dans les colonnes de Le Quotidien.<\/p>\n<p>Le Pan a \u00e9t\u00e9 r\u00e9\u00e9lu avec tout l\u2019ex\u00e9cutif de l\u2019ann\u00e9e derni\u00e8re, append-on. Le premier Vice-pr\u00e9sident Hilarion Etong, unique candidat pr\u00e9sent\u00e9 par le Groupe parlementaire du Rdpc a r\u00e9colt\u00e9 145 voix sur 162 votants et 17 bulletins nuls. Il sera second\u00e9 par l\u2019Hon. Baoro Th\u00e9ophile, l\u2019Hon. Monjowa Lifaka Emilia, l\u2019Hon. Kombo Gberi, l\u2019Hon. DatouoTh\u00e9odore, tous du Rdpc et de l\u2019Hon. Abba Alim de l\u2019Union nationale pour la d\u00e9mocratie et le progr\u00e8s (Undp). Les 5 questeurs et les 12 secr\u00e9taires ont tous \u00e9t\u00e9 reconduits.<\/p>\n","protected":false},"excerpt":{"rendered":"<p>Africa-Press &#8211; Cameroun. Seul candidat \u00e0 sa propre succession, le Cavaye Yegui\u00e9 Djibril a \u00e9t\u00e9 r\u00e9\u00e9lu hier, jeudi 18 mars, \u00e0 la t\u00eate de la Chambre basse par 145 voix pour contre 15 bulletins nuls sur les 162 votants. Le Pan n\u2019a pas cach\u00e9 ses premi\u00e8res impressions. \u00ab A l\u2019issu de l\u2019\u00e9lection du bureau de [&hellip;]<\/p>\n","protected":false},"author":82,"featured_media":1419,"comment_status":"open","ping_status":"closed","sticky":false,"template":"","format":"standard","meta":{"footnotes":""},"categories":[11,2,20,10],"tags":[36,50,49],"class_list":["post-1420","post","type-post","status-publish","format-standard","has-post-thumbnail","hentry","category-homepage-french","category-politique","category-top-nouvelles","category-toutes-les-actualites","tag-africa-press","tag-africa-press-cameroun","tag-cameroun"],"yoast_head":"<!-- This site is optimized with the Yoast SEO Premium plugin v26.1 (Yoast SEO v27.0) - https:\/\/yoast.com\/product\/yoast-seo-premium-wordpress\/ -->\n<title>&#039;Je serai toujours le pr\u00e9sident de l\u2019Assembl\u00e9e nationale du Cameroun &#039; - Cameroun<\/title>\n<meta name=\"description\" content=\"Seul candidat \u00e0 sa propre succession, le Cavaye Yegui\u00e9 Djibril a \u00e9t\u00e9 r\u00e9\u00e9lu hier, jeudi 18 mars, \u00e0 la t\u00eate de la Chambre ...\" \/>\n<meta name=\"robots\" content=\"index, follow, max-snippet:-1, max-image-preview:large, max-video-preview:-1\" \/>\n<link rel=\"canonical\" href=\"https:\/\/www.africa-press.net\/cameroun\/politique\/je-serai-toujours-le-president-de-lassemblee-nationale-du-cameroun\" \/>\n<meta property=\"og:locale\" content=\"fr_FR\" \/>\n<meta property=\"og:type\" content=\"article\" \/>\n<meta property=\"og:title\" content=\"&#039;Je serai toujours le pr\u00e9sident de l\u2019Assembl\u00e9e nationale du Cameroun &#039;\" \/>\n<meta property=\"og:description\" content=\"Seul candidat \u00e0 sa propre succession, le Cavaye Yegui\u00e9 Djibril a \u00e9t\u00e9 r\u00e9\u00e9lu hier, jeudi 18 mars, \u00e0 la t\u00eate de la Chambre ...\" \/>\n<meta property=\"og:url\" content=\"https:\/\/www.africa-press.net\/cameroun\/politique\/je-serai-toujours-le-president-de-lassemblee-nationale-du-cameroun\" \/>\n<meta property=\"og:site_name\" content=\"Cameroun\" \/>\n<meta property=\"article:published_time\" content=\"2021-03-19T12:00:16+00:00\" \/>\n<meta property=\"article:modified_time\" content=\"2021-03-22T04:45:26+00:00\" \/>\n<meta property=\"og:image\" content=\"https:\/\/static.africa-press.net\/cameroun\/sites\/57\/2021\/03\/img-605820d25a19e.jpg\" \/>\n\t<meta property=\"og:image:width\" content=\"720\" \/>\n\t<meta property=\"og:image:height\" content=\"360\" \/>\n\t<meta property=\"og:image:type\" content=\"image\/jpeg\" \/>\n<meta name=\"author\" content=\"cfeditorfr\" \/>\n<meta name=\"twitter:card\" content=\"summary_large_image\" \/>\n<meta name=\"twitter:label1\" content=\"\u00c9crit par\" \/>\n\t<meta name=\"twitter:data1\" content=\"cfeditorfr\" \/>\n\t<meta name=\"twitter:label2\" content=\"Dur\u00e9e de lecture estim\u00e9e\" \/>\n\t<meta name=\"twitter:data2\" content=\"2 minutes\" \/>\n<script type=\"application\/ld+json\" class=\"yoast-schema-graph\">{\"@context\":\"https:\/\/schema.org\",\"@graph\":[{\"@type\":\"Article\",\"@id\":\"https:\/\/www.africa-press.net\/cameroun\/politique\/je-serai-toujours-le-president-de-lassemblee-nationale-du-cameroun#article\",\"isPartOf\":{\"@id\":\"https:\/\/www.africa-press.net\/cameroun\/politique\/je-serai-toujours-le-president-de-lassemblee-nationale-du-cameroun\"},\"author\":{\"name\":\"cfeditorfr\",\"@id\":\"https:\/\/www.africa-press.net\/cameroun\/#\/schema\/person\/2b1cf3cd81a31e3cd26889ca66d677f1\"},\"headline\":\"&lsquo;Je serai toujours le pr\u00e9sident de l\u2019Assembl\u00e9e nationale du Cameroun &lsquo;\",\"datePublished\":\"2021-03-19T12:00:16+00:00\",\"dateModified\":\"2021-03-22T04:45:26+00:00\",\"mainEntityOfPage\":{\"@id\":\"https:\/\/www.africa-press.net\/cameroun\/politique\/je-serai-toujours-le-president-de-lassemblee-nationale-du-cameroun\"},\"wordCount\":424,\"commentCount\":0,\"image\":{\"@id\":\"https:\/\/www.africa-press.net\/cameroun\/politique\/je-serai-toujours-le-president-de-lassemblee-nationale-du-cameroun#primaryimage\"},\"thumbnailUrl\":\"https:\/\/static.africa-press.net\/cameroun\/sites\/57\/2021\/03\/img-605820d25a19e.jpg\",\"keywords\":[\"Africa Press\",\"Africa Press-Cameroun\",\"Cameroun\"],\"articleSection\":[\"homepage-french\",\"Politique\",\"Top Nouvelles\",\"Toutes les actualit\u00e9s\"],\"inLanguage\":\"fr-FR\",\"potentialAction\":[{\"@type\":\"CommentAction\",\"name\":\"Comment\",\"target\":[\"https:\/\/www.africa-press.net\/cameroun\/politique\/je-serai-toujours-le-president-de-lassemblee-nationale-du-cameroun#respond\"]}]},{\"@type\":\"WebPage\",\"@id\":\"https:\/\/www.africa-press.net\/cameroun\/politique\/je-serai-toujours-le-president-de-lassemblee-nationale-du-cameroun\",\"url\":\"https:\/\/www.africa-press.net\/cameroun\/politique\/je-serai-toujours-le-president-de-lassemblee-nationale-du-cameroun\",\"name\":\"'Je serai toujours le pr\u00e9sident de l\u2019Assembl\u00e9e nationale du Cameroun ' - Cameroun\",\"isPartOf\":{\"@id\":\"https:\/\/www.africa-press.net\/cameroun\/#website\"},\"primaryImageOfPage\":{\"@id\":\"https:\/\/www.africa-press.net\/cameroun\/politique\/je-serai-toujours-le-president-de-lassemblee-nationale-du-cameroun#primaryimage\"},\"image\":{\"@id\":\"https:\/\/www.africa-press.net\/cameroun\/politique\/je-serai-toujours-le-president-de-lassemblee-nationale-du-cameroun#primaryimage\"},\"thumbnailUrl\":\"https:\/\/static.africa-press.net\/cameroun\/sites\/57\/2021\/03\/img-605820d25a19e.jpg\",\"datePublished\":\"2021-03-19T12:00:16+00:00\",\"dateModified\":\"2021-03-22T04:45:26+00:00\",\"author\":{\"@id\":\"https:\/\/www.africa-press.net\/cameroun\/#\/schema\/person\/2b1cf3cd81a31e3cd26889ca66d677f1\"},\"description\":\"Seul candidat \u00e0 sa propre succession, le Cavaye Yegui\u00e9 Djibril a \u00e9t\u00e9 r\u00e9\u00e9lu hier, jeudi 18 mars, \u00e0 la t\u00eate de la Chambre ...\",\"breadcrumb\":{\"@id\":\"https:\/\/www.africa-press.net\/cameroun\/politique\/je-serai-toujours-le-president-de-lassemblee-nationale-du-cameroun#breadcrumb\"},\"inLanguage\":\"fr-FR\",\"potentialAction\":[{\"@type\":\"ReadAction\",\"target\":[\"https:\/\/www.africa-press.net\/cameroun\/politique\/je-serai-toujours-le-president-de-lassemblee-nationale-du-cameroun\"]}]},{\"@type\":\"ImageObject\",\"inLanguage\":\"fr-FR\",\"@id\":\"https:\/\/www.africa-press.net\/cameroun\/politique\/je-serai-toujours-le-president-de-lassemblee-nationale-du-cameroun#primaryimage\",\"url\":\"https:\/\/static.africa-press.net\/cameroun\/sites\/57\/2021\/03\/img-605820d25a19e.jpg\",\"contentUrl\":\"https:\/\/static.africa-press.net\/cameroun\/sites\/57\/2021\/03\/img-605820d25a19e.jpg\",\"width\":720,\"height\":360,\"caption\":\"'Je serai toujours le pr\u00e9sident de l\u2019Assembl\u00e9e nationale du Cameroun '\"},{\"@type\":\"BreadcrumbList\",\"@id\":\"https:\/\/www.africa-press.net\/cameroun\/politique\/je-serai-toujours-le-president-de-lassemblee-nationale-du-cameroun#breadcrumb\",\"itemListElement\":[{\"@type\":\"ListItem\",\"position\":1,\"name\":\"Accueil\",\"item\":\"https:\/\/www.africa-press.net\/cameroun\/\"},{\"@type\":\"ListItem\",\"position\":2,\"name\":\"&#8216;Je serai toujours le pr\u00e9sident de l\u2019Assembl\u00e9e nationale du Cameroun &#8216;\"}]},{\"@type\":\"WebSite\",\"@id\":\"https:\/\/www.africa-press.net\/cameroun\/#website\",\"url\":\"https:\/\/www.africa-press.net\/cameroun\/\",\"name\":\"Cameroun\",\"description\":\"Just another Africa News Agency Sites site\",\"potentialAction\":[{\"@type\":\"SearchAction\",\"target\":{\"@type\":\"EntryPoint\",\"urlTemplate\":\"https:\/\/www.africa-press.net\/cameroun\/?s={search_term_string}\"},\"query-input\":{\"@type\":\"PropertyValueSpecification\",\"valueRequired\":true,\"valueName\":\"search_term_string\"}}],\"inLanguage\":\"fr-FR\"},{\"@type\":\"Person\",\"@id\":\"https:\/\/www.africa-press.net\/cameroun\/#\/schema\/person\/2b1cf3cd81a31e3cd26889ca66d677f1\",\"name\":\"cfeditorfr\"}]}<\/script>\n<!-- \/ Yoast SEO Premium plugin. -->","yoast_head_json":{"title":"'Je serai toujours le pr\u00e9sident de l\u2019Assembl\u00e9e nationale du Cameroun ' - Cameroun","description":"Seul candidat \u00e0 sa propre succession, le Cavaye Yegui\u00e9 Djibril a \u00e9t\u00e9 r\u00e9\u00e9lu hier, jeudi 18 mars, \u00e0 la t\u00eate de la Chambre ...","robots":{"index":"index","follow":"follow","max-snippet":"max-snippet:-1","max-image-preview":"max-image-preview:large","max-video-preview":"max-video-preview:-1"},"canonical":"https:\/\/www.africa-press.net\/cameroun\/politique\/je-serai-toujours-le-president-de-lassemblee-nationale-du-cameroun","og_locale":"fr_FR","og_type":"article","og_title":"'Je serai toujours le pr\u00e9sident de l\u2019Assembl\u00e9e nationale du Cameroun '","og_description":"Seul candidat \u00e0 sa propre succession, le Cavaye Yegui\u00e9 Djibril a \u00e9t\u00e9 r\u00e9\u00e9lu hier, jeudi 18 mars, \u00e0 la t\u00eate de la Chambre ...","og_url":"https:\/\/www.africa-press.net\/cameroun\/politique\/je-serai-toujours-le-president-de-lassemblee-nationale-du-cameroun","og_site_name":"Cameroun","article_published_time":"2021-03-19T12:00:16+00:00","article_modified_time":"2021-03-22T04:45:26+00:00","og_image":[{"width":720,"height":360,"url":"https:\/\/static.africa-press.net\/cameroun\/sites\/57\/2021\/03\/img-605820d25a19e.jpg","type":"image\/jpeg"}],"author":"cfeditorfr","twitter_card":"summary_large_image","twitter_misc":{"\u00c9crit par":"cfeditorfr","Dur\u00e9e de lecture estim\u00e9e":"2 minutes"},"schema":{"@context":"https:\/\/schema.org","@graph":[{"@type":"Article","@id":"https:\/\/www.africa-press.net\/cameroun\/politique\/je-serai-toujours-le-president-de-lassemblee-nationale-du-cameroun#article","isPartOf":{"@id":"https:\/\/www.africa-press.net\/cameroun\/politique\/je-serai-toujours-le-president-de-lassemblee-nationale-du-cameroun"},"author":{"name":"cfeditorfr","@id":"https:\/\/www.africa-press.net\/cameroun\/#\/schema\/person\/2b1cf3cd81a31e3cd26889ca66d677f1"},"headline":"&lsquo;Je serai toujours le pr\u00e9sident de l\u2019Assembl\u00e9e nationale du Cameroun &lsquo;","datePublished":"2021-03-19T12:00:16+00:00","dateModified":"2021-03-22T04:45:26+00:00","mainEntityOfPage":{"@id":"https:\/\/www.africa-press.net\/cameroun\/politique\/je-serai-toujours-le-president-de-lassemblee-nationale-du-cameroun"},"wordCount":424,"commentCount":0,"image":{"@id":"https:\/\/www.africa-press.net\/cameroun\/politique\/je-serai-toujours-le-president-de-lassemblee-nationale-du-cameroun#primaryimage"},"thumbnailUrl":"https:\/\/static.africa-press.net\/cameroun\/sites\/57\/2021\/03\/img-605820d25a19e.jpg","keywords":["Africa Press","Africa Press-Cameroun","Cameroun"],"articleSection":["homepage-french","Politique","Top Nouvelles","Toutes les actualit\u00e9s"],"inLanguage":"fr-FR","potentialAction":[{"@type":"CommentAction","name":"Comment","target":["https:\/\/www.africa-press.net\/cameroun\/politique\/je-serai-toujours-le-president-de-lassemblee-nationale-du-cameroun#respond"]}]},{"@type":"WebPage","@id":"https:\/\/www.africa-press.net\/cameroun\/politique\/je-serai-toujours-le-president-de-lassemblee-nationale-du-cameroun","url":"https:\/\/www.africa-press.net\/cameroun\/politique\/je-serai-toujours-le-president-de-lassemblee-nationale-du-cameroun","name":"'Je serai toujours le pr\u00e9sident de l\u2019Assembl\u00e9e nationale du Cameroun ' - Cameroun","isPartOf":{"@id":"https:\/\/www.africa-press.net\/cameroun\/#website"},"primaryImageOfPage":{"@id":"https:\/\/www.africa-press.net\/cameroun\/politique\/je-serai-toujours-le-president-de-lassemblee-nationale-du-cameroun#primaryimage"},"image":{"@id":"https:\/\/www.africa-press.net\/cameroun\/politique\/je-serai-toujours-le-president-de-lassemblee-nationale-du-cameroun#primaryimage"},"thumbnailUrl":"https:\/\/static.africa-press.net\/cameroun\/sites\/57\/2021\/03\/img-605820d25a19e.jpg","datePublished":"2021-03-19T12:00:16+00:00","dateModified":"2021-03-22T04:45:26+00:00","author":{"@id":"https:\/\/www.africa-press.net\/cameroun\/#\/schema\/person\/2b1cf3cd81a31e3cd26889ca66d677f1"},"description":"Seul candidat \u00e0 sa propre succession, le Cavaye Yegui\u00e9 Djibril a \u00e9t\u00e9 r\u00e9\u00e9lu hier, jeudi 18 mars, \u00e0 la t\u00eate de la Chambre ...","breadcrumb":{"@id":"https:\/\/www.africa-press.net\/cameroun\/politique\/je-serai-toujours-le-president-de-lassemblee-nationale-du-cameroun#breadcrumb"},"inLanguage":"fr-FR","potentialAction":[{"@type":"ReadAction","target":["https:\/\/www.africa-press.net\/cameroun\/politique\/je-serai-toujours-le-president-de-lassemblee-nationale-du-cameroun"]}]},{"@type":"ImageObject","inLanguage":"fr-FR","@id":"https:\/\/www.africa-press.net\/cameroun\/politique\/je-serai-toujours-le-president-de-lassemblee-nationale-du-cameroun#primaryimage","url":"https:\/\/static.africa-press.net\/cameroun\/sites\/57\/2021\/03\/img-605820d25a19e.jpg","contentUrl":"https:\/\/static.africa-press.net\/cameroun\/sites\/57\/2021\/03\/img-605820d25a19e.jpg","width":720,"height":360,"caption":"'Je serai toujours le pr\u00e9sident de l\u2019Assembl\u00e9e nationale du Cameroun '"},{"@type":"BreadcrumbList","@id":"https:\/\/www.africa-press.net\/cameroun\/politique\/je-serai-toujours-le-president-de-lassemblee-nationale-du-cameroun#breadcrumb","itemListElement":[{"@type":"ListItem","position":1,"name":"Accueil","item":"https:\/\/www.africa-press.net\/cameroun\/"},{"@type":"ListItem","position":2,"name":"&#8216;Je serai toujours le pr\u00e9sident de l\u2019Assembl\u00e9e nationale du Cameroun &#8216;"}]},{"@type":"WebSite","@id":"https:\/\/www.africa-press.net\/cameroun\/#website","url":"https:\/\/www.africa-press.net\/cameroun\/","name":"Cameroun","description":"Just another Africa News Agency Sites site","potentialAction":[{"@type":"SearchAction","target":{"@type":"EntryPoint","urlTemplate":"https:\/\/www.africa-press.net\/cameroun\/?s={search_term_string}"},"query-input":{"@type":"PropertyValueSpecification","valueRequired":true,"valueName":"search_term_string"}}],"inLanguage":"fr-FR"},{"@type":"Person","@id":"https:\/\/www.africa-press.net\/cameroun\/#\/schema\/person\/2b1cf3cd81a31e3cd26889ca66d677f1","name":"cfeditorfr"}]}},"_links":{"self":[{"href":"https:\/\/www.africa-press.net\/cameroun\/wp-json\/wp\/v2\/posts\/1420","targetHints":{"allow":["GET"]}}],"collection":[{"href":"https:\/\/www.africa-press.net\/cameroun\/wp-json\/wp\/v2\/posts"}],"about":[{"href":"https:\/\/www.africa-press.net\/cameroun\/wp-json\/wp\/v2\/types\/post"}],"author":[{"embeddable":true,"href":"https:\/\/www.africa-press.net\/cameroun\/wp-json\/wp\/v2\/users\/82"}],"replies":[{"embeddable":true,"href":"https:\/\/www.africa-press.net\/cameroun\/wp-json\/wp\/v2\/comments?post=1420"}],"version-history":[{"count":0,"href":"https:\/\/www.africa-press.net\/cameroun\/wp-json\/wp\/v2\/posts\/1420\/revisions"}],"wp:featuredmedia":[{"embeddable":true,"href":"https:\/\/www.africa-press.net\/cameroun\/wp-json\/wp\/v2\/media\/1419"}],"wp:attachment":[{"href":"https:\/\/www.africa-press.net\/cameroun\/wp-json\/wp\/v2\/media?parent=1420"}],"wp:term":[{"taxonomy":"category","embeddable":true,"href":"https:\/\/www.africa-press.net\/cameroun\/wp-json\/wp\/v2\/categories?post=1420"},{"taxonomy":"post_tag","embeddable":true,"href":"https:\/\/www.africa-press.net\/cameroun\/wp-json\/wp\/v2\/tags?post=1420"}],"curies":[{"name":"wp","href":"https:\/\/api.w.org\/{rel}","templated":true}]}}