{"id":1424,"date":"2021-03-19T12:06:50","date_gmt":"2021-03-19T12:06:50","guid":{"rendered":"https:\/\/www.africa-press.net\/cameroun\/politique\/nomination-a-la-police-cabral-libii-tente-une-recuperation-politique"},"modified":"2021-03-22T04:46:00","modified_gmt":"2021-03-22T04:46:00","slug":"nomination-a-la-police-cabral-libii-tente-une-recuperation-politique","status":"publish","type":"post","link":"https:\/\/www.africa-press.net\/cameroun\/politique\/nomination-a-la-police-cabral-libii-tente-une-recuperation-politique","title":{"rendered":"Nomination \u00e0 la police : Cabral Libii tente une r\u00e9cup\u00e9ration politique"},"content":{"rendered":"<p><span style=\"color: #ff6600\"><strong><a href=\"https:\/\/www.africa-press.net\/\">Africa-Press<\/a> &#8211; <a href=\"https:\/\/www.africa-press.net\/cameroun\">Cameroun<\/a>. <\/strong><\/span>Le leader du Parti Camerounais pour la R\u00e9conciliation Nationale estime que gr\u00e2ce \u00e0 la campagne je veux ma CNI lanc\u00e9 par son parti, le pr\u00e9sident de la R\u00e9publique a cr\u00e9\u00e9 de nouveaux postes u sein de la police pour r\u00e9pondre \u00e0 cette pr\u00e9occupation.<\/p>\n<p>Cabral Libii et le PCRN se disent fier de leur travail. Leur campagne je veux ma CNI semble avoir port\u00e9 des fruits. Hier soir, proc\u00e9dant aux nominations \u00e0 la D\u00e9l\u00e9gation g\u00e9n\u00e9rale \u00e0 la Suret\u00e9 nationale, le pr\u00e9sident de la R\u00e9publique a cr\u00e9\u00e9 de nouveaux postes. Il s\u2019agit de la sous-direction des titres identitaires et du service de la carte nationale d&rsquo;identit\u00e9.<\/p>\n<p>Des postes qui selon La formation politique de Cabral Libii, ont \u00e9t\u00e9 cr\u00e9\u00e9 gr\u00e2ce \u00e0 la campagne jeux veux ma CNI, lanc\u00e9 il y a quelques mois. De quoi s\u2019enorgueillir du c\u00f4t\u00e9 du Parti Camerounais pour la R\u00e9conciliation Nationale<br \/>\nA rappeler qu\u2019en dehors des deux postes revendiqu\u00e9s par le Pcrn, les autres nominations ont port\u00e9es sur des postes qui existent d\u00e9j\u00e0.<\/p>\n","protected":false},"excerpt":{"rendered":"<p>Africa-Press &#8211; Cameroun. Le leader du Parti Camerounais pour la R\u00e9conciliation Nationale estime que gr\u00e2ce \u00e0 la campagne je veux ma CNI lanc\u00e9 par son parti, le pr\u00e9sident de la R\u00e9publique a cr\u00e9\u00e9 de nouveaux postes u sein de la police pour r\u00e9pondre \u00e0 cette pr\u00e9occupation. Cabral Libii et le PCRN se disent fier de [&hellip;]<\/p>\n","protected":false},"author":82,"featured_media":1422,"comment_status":"open","ping_status":"closed","sticky":false,"template":"","format":"standard","meta":{"footnotes":""},"categories":[11,2,10],"tags":[36,50,49],"class_list":["post-1424","post","type-post","status-publish","format-standard","has-post-thumbnail","hentry","category-homepage-french","category-politique","category-toutes-les-actualites","tag-africa-press","tag-africa-press-cameroun","tag-cameroun"],"yoast_head":"<!-- This site is optimized with the Yoast SEO Premium plugin v26.1 (Yoast SEO v27.0) - https:\/\/yoast.com\/product\/yoast-seo-premium-wordpress\/ -->\n<title>Nomination \u00e0 la police : Cabral Libii tente une r\u00e9cup\u00e9ration politique - Cameroun<\/title>\n<meta name=\"description\" content=\"Le leader du Parti Camerounais pour la R\u00e9conciliation Nationale estime que gr\u00e2ce \u00e0 la campagne je veux ma CNI lanc\u00e9 par ...\" \/>\n<meta name=\"robots\" content=\"index, follow, max-snippet:-1, max-image-preview:large, max-video-preview:-1\" \/>\n<link rel=\"canonical\" href=\"https:\/\/www.africa-press.net\/cameroun\/politique\/nomination-a-la-police-cabral-libii-tente-une-recuperation-politique\" \/>\n<meta property=\"og:locale\" content=\"fr_FR\" \/>\n<meta property=\"og:type\" content=\"article\" \/>\n<meta property=\"og:title\" content=\"Nomination \u00e0 la police : Cabral Libii tente une r\u00e9cup\u00e9ration politique\" \/>\n<meta property=\"og:description\" content=\"Le leader du Parti Camerounais pour la R\u00e9conciliation Nationale estime que gr\u00e2ce \u00e0 la campagne je veux ma CNI lanc\u00e9 par ...\" \/>\n<meta property=\"og:url\" content=\"https:\/\/www.africa-press.net\/cameroun\/politique\/nomination-a-la-police-cabral-libii-tente-une-recuperation-politique\" \/>\n<meta property=\"og:site_name\" content=\"Cameroun\" \/>\n<meta property=\"article:published_time\" content=\"2021-03-19T12:06:50+00:00\" \/>\n<meta property=\"article:modified_time\" content=\"2021-03-22T04:46:00+00:00\" \/>\n<meta property=\"og:image\" content=\"https:\/\/static.africa-press.net\/cameroun\/sites\/57\/2021\/03\/img-605820f18850e.jpg\" \/>\n\t<meta property=\"og:image:width\" content=\"1080\" \/>\n\t<meta property=\"og:image:height\" content=\"809\" \/>\n\t<meta property=\"og:image:type\" content=\"image\/jpeg\" \/>\n<meta name=\"author\" content=\"cfeditorfr\" \/>\n<meta name=\"twitter:card\" content=\"summary_large_image\" \/>\n<meta name=\"twitter:label1\" content=\"\u00c9crit par\" \/>\n\t<meta name=\"twitter:data1\" content=\"cfeditorfr\" \/>\n\t<meta name=\"twitter:label2\" content=\"Dur\u00e9e de lecture estim\u00e9e\" \/>\n\t<meta name=\"twitter:data2\" content=\"1 minute\" \/>\n<script type=\"application\/ld+json\" class=\"yoast-schema-graph\">{\"@context\":\"https:\/\/schema.org\",\"@graph\":[{\"@type\":\"Article\",\"@id\":\"https:\/\/www.africa-press.net\/cameroun\/politique\/nomination-a-la-police-cabral-libii-tente-une-recuperation-politique#article\",\"isPartOf\":{\"@id\":\"https:\/\/www.africa-press.net\/cameroun\/politique\/nomination-a-la-police-cabral-libii-tente-une-recuperation-politique\"},\"author\":{\"name\":\"cfeditorfr\",\"@id\":\"https:\/\/www.africa-press.net\/cameroun\/#\/schema\/person\/2b1cf3cd81a31e3cd26889ca66d677f1\"},\"headline\":\"Nomination \u00e0 la police : Cabral Libii tente une r\u00e9cup\u00e9ration politique\",\"datePublished\":\"2021-03-19T12:06:50+00:00\",\"dateModified\":\"2021-03-22T04:46:00+00:00\",\"mainEntityOfPage\":{\"@id\":\"https:\/\/www.africa-press.net\/cameroun\/politique\/nomination-a-la-police-cabral-libii-tente-une-recuperation-politique\"},\"wordCount\":197,\"commentCount\":0,\"image\":{\"@id\":\"https:\/\/www.africa-press.net\/cameroun\/politique\/nomination-a-la-police-cabral-libii-tente-une-recuperation-politique#primaryimage\"},\"thumbnailUrl\":\"https:\/\/static.africa-press.net\/cameroun\/sites\/57\/2021\/03\/img-605820f18850e.jpg\",\"keywords\":[\"Africa Press\",\"Africa Press-Cameroun\",\"Cameroun\"],\"articleSection\":[\"homepage-french\",\"Politique\",\"Toutes les actualit\u00e9s\"],\"inLanguage\":\"fr-FR\",\"potentialAction\":[{\"@type\":\"CommentAction\",\"name\":\"Comment\",\"target\":[\"https:\/\/www.africa-press.net\/cameroun\/politique\/nomination-a-la-police-cabral-libii-tente-une-recuperation-politique#respond\"]}]},{\"@type\":\"WebPage\",\"@id\":\"https:\/\/www.africa-press.net\/cameroun\/politique\/nomination-a-la-police-cabral-libii-tente-une-recuperation-politique\",\"url\":\"https:\/\/www.africa-press.net\/cameroun\/politique\/nomination-a-la-police-cabral-libii-tente-une-recuperation-politique\",\"name\":\"Nomination \u00e0 la police : Cabral Libii tente une r\u00e9cup\u00e9ration politique - Cameroun\",\"isPartOf\":{\"@id\":\"https:\/\/www.africa-press.net\/cameroun\/#website\"},\"primaryImageOfPage\":{\"@id\":\"https:\/\/www.africa-press.net\/cameroun\/politique\/nomination-a-la-police-cabral-libii-tente-une-recuperation-politique#primaryimage\"},\"image\":{\"@id\":\"https:\/\/www.africa-press.net\/cameroun\/politique\/nomination-a-la-police-cabral-libii-tente-une-recuperation-politique#primaryimage\"},\"thumbnailUrl\":\"https:\/\/static.africa-press.net\/cameroun\/sites\/57\/2021\/03\/img-605820f18850e.jpg\",\"datePublished\":\"2021-03-19T12:06:50+00:00\",\"dateModified\":\"2021-03-22T04:46:00+00:00\",\"author\":{\"@id\":\"https:\/\/www.africa-press.net\/cameroun\/#\/schema\/person\/2b1cf3cd81a31e3cd26889ca66d677f1\"},\"description\":\"Le leader du Parti Camerounais pour la R\u00e9conciliation Nationale estime que gr\u00e2ce \u00e0 la campagne je veux ma CNI lanc\u00e9 par ...\",\"breadcrumb\":{\"@id\":\"https:\/\/www.africa-press.net\/cameroun\/politique\/nomination-a-la-police-cabral-libii-tente-une-recuperation-politique#breadcrumb\"},\"inLanguage\":\"fr-FR\",\"potentialAction\":[{\"@type\":\"ReadAction\",\"target\":[\"https:\/\/www.africa-press.net\/cameroun\/politique\/nomination-a-la-police-cabral-libii-tente-une-recuperation-politique\"]}]},{\"@type\":\"ImageObject\",\"inLanguage\":\"fr-FR\",\"@id\":\"https:\/\/www.africa-press.net\/cameroun\/politique\/nomination-a-la-police-cabral-libii-tente-une-recuperation-politique#primaryimage\",\"url\":\"https:\/\/static.africa-press.net\/cameroun\/sites\/57\/2021\/03\/img-605820f18850e.jpg\",\"contentUrl\":\"https:\/\/static.africa-press.net\/cameroun\/sites\/57\/2021\/03\/img-605820f18850e.jpg\",\"width\":1080,\"height\":809,\"caption\":\"Nomination \u00e0 la police : Cabral Libii tente une r\u00e9cup\u00e9ration politique\"},{\"@type\":\"BreadcrumbList\",\"@id\":\"https:\/\/www.africa-press.net\/cameroun\/politique\/nomination-a-la-police-cabral-libii-tente-une-recuperation-politique#breadcrumb\",\"itemListElement\":[{\"@type\":\"ListItem\",\"position\":1,\"name\":\"Accueil\",\"item\":\"https:\/\/www.africa-press.net\/cameroun\/\"},{\"@type\":\"ListItem\",\"position\":2,\"name\":\"Nomination \u00e0 la police : Cabral Libii tente une r\u00e9cup\u00e9ration politique\"}]},{\"@type\":\"WebSite\",\"@id\":\"https:\/\/www.africa-press.net\/cameroun\/#website\",\"url\":\"https:\/\/www.africa-press.net\/cameroun\/\",\"name\":\"Cameroun\",\"description\":\"Just another Africa News Agency Sites site\",\"potentialAction\":[{\"@type\":\"SearchAction\",\"target\":{\"@type\":\"EntryPoint\",\"urlTemplate\":\"https:\/\/www.africa-press.net\/cameroun\/?s={search_term_string}\"},\"query-input\":{\"@type\":\"PropertyValueSpecification\",\"valueRequired\":true,\"valueName\":\"search_term_string\"}}],\"inLanguage\":\"fr-FR\"},{\"@type\":\"Person\",\"@id\":\"https:\/\/www.africa-press.net\/cameroun\/#\/schema\/person\/2b1cf3cd81a31e3cd26889ca66d677f1\",\"name\":\"cfeditorfr\"}]}<\/script>\n<!-- \/ Yoast SEO Premium plugin. -->","yoast_head_json":{"title":"Nomination \u00e0 la police : Cabral Libii tente une r\u00e9cup\u00e9ration politique - Cameroun","description":"Le leader du Parti Camerounais pour la R\u00e9conciliation Nationale estime que gr\u00e2ce \u00e0 la campagne je veux ma CNI lanc\u00e9 par ...","robots":{"index":"index","follow":"follow","max-snippet":"max-snippet:-1","max-image-preview":"max-image-preview:large","max-video-preview":"max-video-preview:-1"},"canonical":"https:\/\/www.africa-press.net\/cameroun\/politique\/nomination-a-la-police-cabral-libii-tente-une-recuperation-politique","og_locale":"fr_FR","og_type":"article","og_title":"Nomination \u00e0 la police : Cabral Libii tente une r\u00e9cup\u00e9ration politique","og_description":"Le leader du Parti Camerounais pour la R\u00e9conciliation Nationale estime que gr\u00e2ce \u00e0 la campagne je veux ma CNI lanc\u00e9 par ...","og_url":"https:\/\/www.africa-press.net\/cameroun\/politique\/nomination-a-la-police-cabral-libii-tente-une-recuperation-politique","og_site_name":"Cameroun","article_published_time":"2021-03-19T12:06:50+00:00","article_modified_time":"2021-03-22T04:46:00+00:00","og_image":[{"width":1080,"height":809,"url":"https:\/\/static.africa-press.net\/cameroun\/sites\/57\/2021\/03\/img-605820f18850e.jpg","type":"image\/jpeg"}],"author":"cfeditorfr","twitter_card":"summary_large_image","twitter_misc":{"\u00c9crit par":"cfeditorfr","Dur\u00e9e de lecture estim\u00e9e":"1 minute"},"schema":{"@context":"https:\/\/schema.org","@graph":[{"@type":"Article","@id":"https:\/\/www.africa-press.net\/cameroun\/politique\/nomination-a-la-police-cabral-libii-tente-une-recuperation-politique#article","isPartOf":{"@id":"https:\/\/www.africa-press.net\/cameroun\/politique\/nomination-a-la-police-cabral-libii-tente-une-recuperation-politique"},"author":{"name":"cfeditorfr","@id":"https:\/\/www.africa-press.net\/cameroun\/#\/schema\/person\/2b1cf3cd81a31e3cd26889ca66d677f1"},"headline":"Nomination \u00e0 la police : Cabral Libii tente une r\u00e9cup\u00e9ration politique","datePublished":"2021-03-19T12:06:50+00:00","dateModified":"2021-03-22T04:46:00+00:00","mainEntityOfPage":{"@id":"https:\/\/www.africa-press.net\/cameroun\/politique\/nomination-a-la-police-cabral-libii-tente-une-recuperation-politique"},"wordCount":197,"commentCount":0,"image":{"@id":"https:\/\/www.africa-press.net\/cameroun\/politique\/nomination-a-la-police-cabral-libii-tente-une-recuperation-politique#primaryimage"},"thumbnailUrl":"https:\/\/static.africa-press.net\/cameroun\/sites\/57\/2021\/03\/img-605820f18850e.jpg","keywords":["Africa Press","Africa Press-Cameroun","Cameroun"],"articleSection":["homepage-french","Politique","Toutes les actualit\u00e9s"],"inLanguage":"fr-FR","potentialAction":[{"@type":"CommentAction","name":"Comment","target":["https:\/\/www.africa-press.net\/cameroun\/politique\/nomination-a-la-police-cabral-libii-tente-une-recuperation-politique#respond"]}]},{"@type":"WebPage","@id":"https:\/\/www.africa-press.net\/cameroun\/politique\/nomination-a-la-police-cabral-libii-tente-une-recuperation-politique","url":"https:\/\/www.africa-press.net\/cameroun\/politique\/nomination-a-la-police-cabral-libii-tente-une-recuperation-politique","name":"Nomination \u00e0 la police : Cabral Libii tente une r\u00e9cup\u00e9ration politique - Cameroun","isPartOf":{"@id":"https:\/\/www.africa-press.net\/cameroun\/#website"},"primaryImageOfPage":{"@id":"https:\/\/www.africa-press.net\/cameroun\/politique\/nomination-a-la-police-cabral-libii-tente-une-recuperation-politique#primaryimage"},"image":{"@id":"https:\/\/www.africa-press.net\/cameroun\/politique\/nomination-a-la-police-cabral-libii-tente-une-recuperation-politique#primaryimage"},"thumbnailUrl":"https:\/\/static.africa-press.net\/cameroun\/sites\/57\/2021\/03\/img-605820f18850e.jpg","datePublished":"2021-03-19T12:06:50+00:00","dateModified":"2021-03-22T04:46:00+00:00","author":{"@id":"https:\/\/www.africa-press.net\/cameroun\/#\/schema\/person\/2b1cf3cd81a31e3cd26889ca66d677f1"},"description":"Le leader du Parti Camerounais pour la R\u00e9conciliation Nationale estime que gr\u00e2ce \u00e0 la campagne je veux ma CNI lanc\u00e9 par ...","breadcrumb":{"@id":"https:\/\/www.africa-press.net\/cameroun\/politique\/nomination-a-la-police-cabral-libii-tente-une-recuperation-politique#breadcrumb"},"inLanguage":"fr-FR","potentialAction":[{"@type":"ReadAction","target":["https:\/\/www.africa-press.net\/cameroun\/politique\/nomination-a-la-police-cabral-libii-tente-une-recuperation-politique"]}]},{"@type":"ImageObject","inLanguage":"fr-FR","@id":"https:\/\/www.africa-press.net\/cameroun\/politique\/nomination-a-la-police-cabral-libii-tente-une-recuperation-politique#primaryimage","url":"https:\/\/static.africa-press.net\/cameroun\/sites\/57\/2021\/03\/img-605820f18850e.jpg","contentUrl":"https:\/\/static.africa-press.net\/cameroun\/sites\/57\/2021\/03\/img-605820f18850e.jpg","width":1080,"height":809,"caption":"Nomination \u00e0 la police : Cabral Libii tente une r\u00e9cup\u00e9ration politique"},{"@type":"BreadcrumbList","@id":"https:\/\/www.africa-press.net\/cameroun\/politique\/nomination-a-la-police-cabral-libii-tente-une-recuperation-politique#breadcrumb","itemListElement":[{"@type":"ListItem","position":1,"name":"Accueil","item":"https:\/\/www.africa-press.net\/cameroun\/"},{"@type":"ListItem","position":2,"name":"Nomination \u00e0 la police : Cabral Libii tente une r\u00e9cup\u00e9ration politique"}]},{"@type":"WebSite","@id":"https:\/\/www.africa-press.net\/cameroun\/#website","url":"https:\/\/www.africa-press.net\/cameroun\/","name":"Cameroun","description":"Just another Africa News Agency Sites site","potentialAction":[{"@type":"SearchAction","target":{"@type":"EntryPoint","urlTemplate":"https:\/\/www.africa-press.net\/cameroun\/?s={search_term_string}"},"query-input":{"@type":"PropertyValueSpecification","valueRequired":true,"valueName":"search_term_string"}}],"inLanguage":"fr-FR"},{"@type":"Person","@id":"https:\/\/www.africa-press.net\/cameroun\/#\/schema\/person\/2b1cf3cd81a31e3cd26889ca66d677f1","name":"cfeditorfr"}]}},"_links":{"self":[{"href":"https:\/\/www.africa-press.net\/cameroun\/wp-json\/wp\/v2\/posts\/1424","targetHints":{"allow":["GET"]}}],"collection":[{"href":"https:\/\/www.africa-press.net\/cameroun\/wp-json\/wp\/v2\/posts"}],"about":[{"href":"https:\/\/www.africa-press.net\/cameroun\/wp-json\/wp\/v2\/types\/post"}],"author":[{"embeddable":true,"href":"https:\/\/www.africa-press.net\/cameroun\/wp-json\/wp\/v2\/users\/82"}],"replies":[{"embeddable":true,"href":"https:\/\/www.africa-press.net\/cameroun\/wp-json\/wp\/v2\/comments?post=1424"}],"version-history":[{"count":0,"href":"https:\/\/www.africa-press.net\/cameroun\/wp-json\/wp\/v2\/posts\/1424\/revisions"}],"wp:featuredmedia":[{"embeddable":true,"href":"https:\/\/www.africa-press.net\/cameroun\/wp-json\/wp\/v2\/media\/1422"}],"wp:attachment":[{"href":"https:\/\/www.africa-press.net\/cameroun\/wp-json\/wp\/v2\/media?parent=1424"}],"wp:term":[{"taxonomy":"category","embeddable":true,"href":"https:\/\/www.africa-press.net\/cameroun\/wp-json\/wp\/v2\/categories?post=1424"},{"taxonomy":"post_tag","embeddable":true,"href":"https:\/\/www.africa-press.net\/cameroun\/wp-json\/wp\/v2\/tags?post=1424"}],"curies":[{"name":"wp","href":"https:\/\/api.w.org\/{rel}","templated":true}]}}