{"id":1433,"date":"2021-03-19T12:28:29","date_gmt":"2021-03-19T12:28:29","guid":{"rendered":"https:\/\/www.africa-press.net\/cameroun\/politique\/cameroun-pour-celebrer-son-anniversaire-elle-sauve-plusieurs-patients-sous-dialyse"},"modified":"2021-03-22T04:47:40","modified_gmt":"2021-03-22T04:47:40","slug":"cameroun-pour-celebrer-son-anniversaire-elle-sauve-plusieurs-patients-sous-dialyse","status":"publish","type":"post","link":"https:\/\/www.africa-press.net\/cameroun\/video\/cameroun-pour-celebrer-son-anniversaire-elle-sauve-plusieurs-patients-sous-dialyse","title":{"rendered":"Cameroun : pour c\u00e9l\u00e9brer son anniversaire, elle sauve plusieurs patients sous dialyse"},"content":{"rendered":"<p><span style=\"color: #ff6600\"><strong><a href=\"https:\/\/www.africa-press.net\/\">Africa-Press<\/a> &#8211; <a href=\"https:\/\/www.africa-press.net\/cameroun\">Cameroun<\/a>. <\/strong><\/span>Namo Tefouin est une jeune Camerounaise qui a d\u00e9cid\u00e9 de c\u00e9l\u00e9brer \u00e0 sa mani\u00e8re le 8 mars, son jour d\u2019anniversaire. Elle d\u00e9cide d\u2019offrir des s\u00e9ances de dialyse \u00e0 des patients souffrant d\u2019insuffisance r\u00e9nale de l\u2019H\u00f4pital G\u00e9n\u00e9ral de Yaound\u00e9. Elle a opt\u00e9 pour cette op\u00e9ration car son papa, avait \u00e9galement s\u00e9journ\u00e9 dans ce centre avant de rendre l\u2019\u00e2me. La s\u0153ur de la g\u00e9n\u00e9reuse donatrice raconte.<\/p>\n<p>\u00ab Nous avons v\u00e9cu avec notre Papa qui a \u00e9t\u00e9 longtemps malade, atteint d&rsquo;insuffisance r\u00e9nale. Celui-ci \u00e9tant oblig\u00e9 de nettoyer son sang minimum deux fois par semaine \u00e0 des co\u00fbts \u00e9lev\u00e9s pour survivre. Apr\u00e8s toutes ces ann\u00e9es de souffrance, de Dialyse il nous a malheureusement quitt\u00e9. Que son \u00c2me repose en Paix Pour cela une de ses filles (ma grande soeur) a eu une pens\u00e9e pour des personnes vivant au Cameroun, malades , suivant des s\u00e9ances de Dialyse et incapables de payer faute de moyen.<\/p>\n<p>Mon p\u00e8re avait de la chance je peux le dire comme \u00e7a, d&rsquo;\u00eatre capable de payer ces soins, mais nous racontait comment nombreux sont ceux qu&rsquo;il croisait, qui \u00e9taient incapable financi\u00e8rement de s&rsquo;offrir ces s\u00e9ances de Dialyse et qui mourraient. Parfois m\u00eame il n&rsquo;\u00e9tait pas question de moyen, mais de mat\u00e9riel qui manquait dans des centres de Dialyse. sa fille ma soeur \u00e0 pens\u00e9 faire une petite collecte de fonds \u00e0 l&rsquo;occasion de son anniversaire pass\u00e9 le 8 mars en aide \u00e0 quelques patients que l&rsquo;on a rencontr\u00e9 au centre de dialyse de yaound\u00e9 \u00e0 l&rsquo;hopital g\u00e9n\u00e9ral afin de les aider \u00e0 payer une o\u00f9 deux s\u00e9ances.<\/p>\n<p>C&rsquo;est peut \u00eatre rien, mais cela sera notre apport en m\u00e9moire de l&rsquo;histoire v\u00e9cu au c\u00f4t\u00e9 de notre P\u00e8re qui avait toujours sugg\u00e9r\u00e9 de mettre sur pieds une association qui aura pour but de chercher des partenaires internationaux capable de fournir des kits de Dialyse et faire des lev\u00e9es de fonds pour soutenir les malades. Les Diab\u00e9tiques atteint d&rsquo;insuffisance r\u00e9nale aigue et suivant des s\u00e9ances de Dialyse plus pr\u00e9cis\u00e9ment. Nous avons pu recolter un total de 200.000 FCFA et les patients ont \u00e9t\u00e9 tres joyeux de recevoir le 08 et 10 mars 2021 chacun une s\u00e9ance de dialyse gratuite. Nous esp\u00e9rons que cette initiative grandira! Nous avons voulu partarger ces moments avec vous en vid\u00e9o. \u00bb<\/p>\n<p><iframe loading=\"lazy\" title=\"VISITE AU CENTRE DE DIALYSE - HOPITAL G\u00c9N\u00c9RAL DE YAOUND\u00c9 (CAMEROUN) \/ DONS AUX PERSONNES SOUFFRANTES\" width=\"696\" height=\"392\" src=\"https:\/\/www.youtube.com\/embed\/KeVQunkRO4k?feature=oembed\" frameborder=\"0\" allow=\"accelerometer; autoplay; clipboard-write; encrypted-media; gyroscope; picture-in-picture\" allowfullscreen><\/iframe><\/p>\n","protected":false},"excerpt":{"rendered":"<p>Africa-Press &#8211; Cameroun. Namo Tefouin est une jeune Camerounaise qui a d\u00e9cid\u00e9 de c\u00e9l\u00e9brer \u00e0 sa mani\u00e8re le 8 mars, son jour d\u2019anniversaire. Elle d\u00e9cide d\u2019offrir des s\u00e9ances de dialyse \u00e0 des patients souffrant d\u2019insuffisance r\u00e9nale de l\u2019H\u00f4pital G\u00e9n\u00e9ral de Yaound\u00e9. Elle a opt\u00e9 pour cette op\u00e9ration car son papa, avait \u00e9galement s\u00e9journ\u00e9 dans ce [&hellip;]<\/p>\n","protected":false},"author":82,"featured_media":1432,"comment_status":"open","ping_status":"closed","sticky":false,"template":"","format":"standard","meta":{"footnotes":""},"categories":[21,11,10,9],"tags":[36,50,49],"class_list":["post-1433","post","type-post","status-publish","format-standard","has-post-thumbnail","hentry","category-communaute","category-homepage-french","category-toutes-les-actualites","category-video","tag-africa-press","tag-africa-press-cameroun","tag-cameroun"],"yoast_head":"<!-- This site is optimized with the Yoast SEO Premium plugin v26.1 (Yoast SEO v27.0) - https:\/\/yoast.com\/product\/yoast-seo-premium-wordpress\/ -->\n<title>Cameroun : pour c\u00e9l\u00e9brer son anniversaire, elle sauve plusieurs patients sous dialyse - Cameroun<\/title>\n<meta name=\"description\" content=\"Namo Tefouin est une jeune Camerounaise qui a d\u00e9cid\u00e9 de c\u00e9l\u00e9brer \u00e0 sa mani\u00e8re le 8 mars, son jour d\u2019anniversaire. Elle d ...\" \/>\n<meta name=\"robots\" content=\"index, follow, max-snippet:-1, max-image-preview:large, max-video-preview:-1\" \/>\n<link rel=\"canonical\" href=\"https:\/\/www.africa-press.net\/cameroun\/video\/cameroun-pour-celebrer-son-anniversaire-elle-sauve-plusieurs-patients-sous-dialyse\" \/>\n<meta property=\"og:locale\" content=\"fr_FR\" \/>\n<meta property=\"og:type\" content=\"article\" \/>\n<meta property=\"og:title\" content=\"Cameroun : pour c\u00e9l\u00e9brer son anniversaire, elle sauve plusieurs patients sous dialyse\" \/>\n<meta property=\"og:description\" content=\"Namo Tefouin est une jeune Camerounaise qui a d\u00e9cid\u00e9 de c\u00e9l\u00e9brer \u00e0 sa mani\u00e8re le 8 mars, son jour d\u2019anniversaire. Elle d ...\" \/>\n<meta property=\"og:url\" content=\"https:\/\/www.africa-press.net\/cameroun\/video\/cameroun-pour-celebrer-son-anniversaire-elle-sauve-plusieurs-patients-sous-dialyse\" \/>\n<meta property=\"og:site_name\" content=\"Cameroun\" \/>\n<meta property=\"article:published_time\" content=\"2021-03-19T12:28:29+00:00\" \/>\n<meta property=\"article:modified_time\" content=\"2021-03-22T04:47:40+00:00\" \/>\n<meta property=\"og:image\" content=\"https:\/\/static.africa-press.net\/cameroun\/sites\/57\/2021\/03\/img-60582155b3b5b.jpg\" \/>\n\t<meta property=\"og:image:width\" content=\"1200\" \/>\n\t<meta property=\"og:image:height\" content=\"732\" \/>\n\t<meta property=\"og:image:type\" content=\"image\/jpeg\" \/>\n<meta name=\"author\" content=\"cfeditorfr\" \/>\n<meta name=\"twitter:card\" content=\"summary_large_image\" \/>\n<meta name=\"twitter:label1\" content=\"\u00c9crit par\" \/>\n\t<meta name=\"twitter:data1\" content=\"cfeditorfr\" \/>\n\t<meta name=\"twitter:label2\" content=\"Dur\u00e9e de lecture estim\u00e9e\" \/>\n\t<meta name=\"twitter:data2\" content=\"2 minutes\" \/>\n<script type=\"application\/ld+json\" class=\"yoast-schema-graph\">{\"@context\":\"https:\/\/schema.org\",\"@graph\":[{\"@type\":\"Article\",\"@id\":\"https:\/\/www.africa-press.net\/cameroun\/video\/cameroun-pour-celebrer-son-anniversaire-elle-sauve-plusieurs-patients-sous-dialyse#article\",\"isPartOf\":{\"@id\":\"https:\/\/www.africa-press.net\/cameroun\/video\/cameroun-pour-celebrer-son-anniversaire-elle-sauve-plusieurs-patients-sous-dialyse\"},\"author\":{\"name\":\"cfeditorfr\",\"@id\":\"https:\/\/www.africa-press.net\/cameroun\/#\/schema\/person\/2b1cf3cd81a31e3cd26889ca66d677f1\"},\"headline\":\"Cameroun : pour c\u00e9l\u00e9brer son anniversaire, elle sauve plusieurs patients sous dialyse\",\"datePublished\":\"2021-03-19T12:28:29+00:00\",\"dateModified\":\"2021-03-22T04:47:40+00:00\",\"mainEntityOfPage\":{\"@id\":\"https:\/\/www.africa-press.net\/cameroun\/video\/cameroun-pour-celebrer-son-anniversaire-elle-sauve-plusieurs-patients-sous-dialyse\"},\"wordCount\":440,\"commentCount\":0,\"image\":{\"@id\":\"https:\/\/www.africa-press.net\/cameroun\/video\/cameroun-pour-celebrer-son-anniversaire-elle-sauve-plusieurs-patients-sous-dialyse#primaryimage\"},\"thumbnailUrl\":\"https:\/\/static.africa-press.net\/cameroun\/sites\/57\/2021\/03\/img-60582155b3b5b.jpg\",\"keywords\":[\"Africa Press\",\"Africa Press-Cameroun\",\"Cameroun\"],\"articleSection\":[\"Communaut\u00e9\",\"homepage-french\",\"Toutes les actualit\u00e9s\",\"vid\u00e9o\"],\"inLanguage\":\"fr-FR\",\"potentialAction\":[{\"@type\":\"CommentAction\",\"name\":\"Comment\",\"target\":[\"https:\/\/www.africa-press.net\/cameroun\/video\/cameroun-pour-celebrer-son-anniversaire-elle-sauve-plusieurs-patients-sous-dialyse#respond\"]}]},{\"@type\":\"WebPage\",\"@id\":\"https:\/\/www.africa-press.net\/cameroun\/video\/cameroun-pour-celebrer-son-anniversaire-elle-sauve-plusieurs-patients-sous-dialyse\",\"url\":\"https:\/\/www.africa-press.net\/cameroun\/video\/cameroun-pour-celebrer-son-anniversaire-elle-sauve-plusieurs-patients-sous-dialyse\",\"name\":\"Cameroun : pour c\u00e9l\u00e9brer son anniversaire, elle sauve plusieurs patients sous dialyse - Cameroun\",\"isPartOf\":{\"@id\":\"https:\/\/www.africa-press.net\/cameroun\/#website\"},\"primaryImageOfPage\":{\"@id\":\"https:\/\/www.africa-press.net\/cameroun\/video\/cameroun-pour-celebrer-son-anniversaire-elle-sauve-plusieurs-patients-sous-dialyse#primaryimage\"},\"image\":{\"@id\":\"https:\/\/www.africa-press.net\/cameroun\/video\/cameroun-pour-celebrer-son-anniversaire-elle-sauve-plusieurs-patients-sous-dialyse#primaryimage\"},\"thumbnailUrl\":\"https:\/\/static.africa-press.net\/cameroun\/sites\/57\/2021\/03\/img-60582155b3b5b.jpg\",\"datePublished\":\"2021-03-19T12:28:29+00:00\",\"dateModified\":\"2021-03-22T04:47:40+00:00\",\"author\":{\"@id\":\"https:\/\/www.africa-press.net\/cameroun\/#\/schema\/person\/2b1cf3cd81a31e3cd26889ca66d677f1\"},\"description\":\"Namo Tefouin est une jeune Camerounaise qui a d\u00e9cid\u00e9 de c\u00e9l\u00e9brer \u00e0 sa mani\u00e8re le 8 mars, son jour d\u2019anniversaire. Elle d ...\",\"breadcrumb\":{\"@id\":\"https:\/\/www.africa-press.net\/cameroun\/video\/cameroun-pour-celebrer-son-anniversaire-elle-sauve-plusieurs-patients-sous-dialyse#breadcrumb\"},\"inLanguage\":\"fr-FR\",\"potentialAction\":[{\"@type\":\"ReadAction\",\"target\":[\"https:\/\/www.africa-press.net\/cameroun\/video\/cameroun-pour-celebrer-son-anniversaire-elle-sauve-plusieurs-patients-sous-dialyse\"]}]},{\"@type\":\"ImageObject\",\"inLanguage\":\"fr-FR\",\"@id\":\"https:\/\/www.africa-press.net\/cameroun\/video\/cameroun-pour-celebrer-son-anniversaire-elle-sauve-plusieurs-patients-sous-dialyse#primaryimage\",\"url\":\"https:\/\/static.africa-press.net\/cameroun\/sites\/57\/2021\/03\/img-60582155b3b5b.jpg\",\"contentUrl\":\"https:\/\/static.africa-press.net\/cameroun\/sites\/57\/2021\/03\/img-60582155b3b5b.jpg\",\"width\":1200,\"height\":732,\"caption\":\"Cameroun : pour c\u00e9l\u00e9brer son anniversaire, elle sauve plusieurs patients sous dialyse\"},{\"@type\":\"BreadcrumbList\",\"@id\":\"https:\/\/www.africa-press.net\/cameroun\/video\/cameroun-pour-celebrer-son-anniversaire-elle-sauve-plusieurs-patients-sous-dialyse#breadcrumb\",\"itemListElement\":[{\"@type\":\"ListItem\",\"position\":1,\"name\":\"Accueil\",\"item\":\"https:\/\/www.africa-press.net\/cameroun\/\"},{\"@type\":\"ListItem\",\"position\":2,\"name\":\"Cameroun : pour c\u00e9l\u00e9brer son anniversaire, elle sauve plusieurs patients sous dialyse\"}]},{\"@type\":\"WebSite\",\"@id\":\"https:\/\/www.africa-press.net\/cameroun\/#website\",\"url\":\"https:\/\/www.africa-press.net\/cameroun\/\",\"name\":\"Cameroun\",\"description\":\"Just another Africa News Agency Sites site\",\"potentialAction\":[{\"@type\":\"SearchAction\",\"target\":{\"@type\":\"EntryPoint\",\"urlTemplate\":\"https:\/\/www.africa-press.net\/cameroun\/?s={search_term_string}\"},\"query-input\":{\"@type\":\"PropertyValueSpecification\",\"valueRequired\":true,\"valueName\":\"search_term_string\"}}],\"inLanguage\":\"fr-FR\"},{\"@type\":\"Person\",\"@id\":\"https:\/\/www.africa-press.net\/cameroun\/#\/schema\/person\/2b1cf3cd81a31e3cd26889ca66d677f1\",\"name\":\"cfeditorfr\"}]}<\/script>\n<!-- \/ Yoast SEO Premium plugin. -->","yoast_head_json":{"title":"Cameroun : pour c\u00e9l\u00e9brer son anniversaire, elle sauve plusieurs patients sous dialyse - Cameroun","description":"Namo Tefouin est une jeune Camerounaise qui a d\u00e9cid\u00e9 de c\u00e9l\u00e9brer \u00e0 sa mani\u00e8re le 8 mars, son jour d\u2019anniversaire. Elle d ...","robots":{"index":"index","follow":"follow","max-snippet":"max-snippet:-1","max-image-preview":"max-image-preview:large","max-video-preview":"max-video-preview:-1"},"canonical":"https:\/\/www.africa-press.net\/cameroun\/video\/cameroun-pour-celebrer-son-anniversaire-elle-sauve-plusieurs-patients-sous-dialyse","og_locale":"fr_FR","og_type":"article","og_title":"Cameroun : pour c\u00e9l\u00e9brer son anniversaire, elle sauve plusieurs patients sous dialyse","og_description":"Namo Tefouin est une jeune Camerounaise qui a d\u00e9cid\u00e9 de c\u00e9l\u00e9brer \u00e0 sa mani\u00e8re le 8 mars, son jour d\u2019anniversaire. Elle d ...","og_url":"https:\/\/www.africa-press.net\/cameroun\/video\/cameroun-pour-celebrer-son-anniversaire-elle-sauve-plusieurs-patients-sous-dialyse","og_site_name":"Cameroun","article_published_time":"2021-03-19T12:28:29+00:00","article_modified_time":"2021-03-22T04:47:40+00:00","og_image":[{"width":1200,"height":732,"url":"https:\/\/static.africa-press.net\/cameroun\/sites\/57\/2021\/03\/img-60582155b3b5b.jpg","type":"image\/jpeg"}],"author":"cfeditorfr","twitter_card":"summary_large_image","twitter_misc":{"\u00c9crit par":"cfeditorfr","Dur\u00e9e de lecture estim\u00e9e":"2 minutes"},"schema":{"@context":"https:\/\/schema.org","@graph":[{"@type":"Article","@id":"https:\/\/www.africa-press.net\/cameroun\/video\/cameroun-pour-celebrer-son-anniversaire-elle-sauve-plusieurs-patients-sous-dialyse#article","isPartOf":{"@id":"https:\/\/www.africa-press.net\/cameroun\/video\/cameroun-pour-celebrer-son-anniversaire-elle-sauve-plusieurs-patients-sous-dialyse"},"author":{"name":"cfeditorfr","@id":"https:\/\/www.africa-press.net\/cameroun\/#\/schema\/person\/2b1cf3cd81a31e3cd26889ca66d677f1"},"headline":"Cameroun : pour c\u00e9l\u00e9brer son anniversaire, elle sauve plusieurs patients sous dialyse","datePublished":"2021-03-19T12:28:29+00:00","dateModified":"2021-03-22T04:47:40+00:00","mainEntityOfPage":{"@id":"https:\/\/www.africa-press.net\/cameroun\/video\/cameroun-pour-celebrer-son-anniversaire-elle-sauve-plusieurs-patients-sous-dialyse"},"wordCount":440,"commentCount":0,"image":{"@id":"https:\/\/www.africa-press.net\/cameroun\/video\/cameroun-pour-celebrer-son-anniversaire-elle-sauve-plusieurs-patients-sous-dialyse#primaryimage"},"thumbnailUrl":"https:\/\/static.africa-press.net\/cameroun\/sites\/57\/2021\/03\/img-60582155b3b5b.jpg","keywords":["Africa Press","Africa Press-Cameroun","Cameroun"],"articleSection":["Communaut\u00e9","homepage-french","Toutes les actualit\u00e9s","vid\u00e9o"],"inLanguage":"fr-FR","potentialAction":[{"@type":"CommentAction","name":"Comment","target":["https:\/\/www.africa-press.net\/cameroun\/video\/cameroun-pour-celebrer-son-anniversaire-elle-sauve-plusieurs-patients-sous-dialyse#respond"]}]},{"@type":"WebPage","@id":"https:\/\/www.africa-press.net\/cameroun\/video\/cameroun-pour-celebrer-son-anniversaire-elle-sauve-plusieurs-patients-sous-dialyse","url":"https:\/\/www.africa-press.net\/cameroun\/video\/cameroun-pour-celebrer-son-anniversaire-elle-sauve-plusieurs-patients-sous-dialyse","name":"Cameroun : pour c\u00e9l\u00e9brer son anniversaire, elle sauve plusieurs patients sous dialyse - Cameroun","isPartOf":{"@id":"https:\/\/www.africa-press.net\/cameroun\/#website"},"primaryImageOfPage":{"@id":"https:\/\/www.africa-press.net\/cameroun\/video\/cameroun-pour-celebrer-son-anniversaire-elle-sauve-plusieurs-patients-sous-dialyse#primaryimage"},"image":{"@id":"https:\/\/www.africa-press.net\/cameroun\/video\/cameroun-pour-celebrer-son-anniversaire-elle-sauve-plusieurs-patients-sous-dialyse#primaryimage"},"thumbnailUrl":"https:\/\/static.africa-press.net\/cameroun\/sites\/57\/2021\/03\/img-60582155b3b5b.jpg","datePublished":"2021-03-19T12:28:29+00:00","dateModified":"2021-03-22T04:47:40+00:00","author":{"@id":"https:\/\/www.africa-press.net\/cameroun\/#\/schema\/person\/2b1cf3cd81a31e3cd26889ca66d677f1"},"description":"Namo Tefouin est une jeune Camerounaise qui a d\u00e9cid\u00e9 de c\u00e9l\u00e9brer \u00e0 sa mani\u00e8re le 8 mars, son jour d\u2019anniversaire. Elle d ...","breadcrumb":{"@id":"https:\/\/www.africa-press.net\/cameroun\/video\/cameroun-pour-celebrer-son-anniversaire-elle-sauve-plusieurs-patients-sous-dialyse#breadcrumb"},"inLanguage":"fr-FR","potentialAction":[{"@type":"ReadAction","target":["https:\/\/www.africa-press.net\/cameroun\/video\/cameroun-pour-celebrer-son-anniversaire-elle-sauve-plusieurs-patients-sous-dialyse"]}]},{"@type":"ImageObject","inLanguage":"fr-FR","@id":"https:\/\/www.africa-press.net\/cameroun\/video\/cameroun-pour-celebrer-son-anniversaire-elle-sauve-plusieurs-patients-sous-dialyse#primaryimage","url":"https:\/\/static.africa-press.net\/cameroun\/sites\/57\/2021\/03\/img-60582155b3b5b.jpg","contentUrl":"https:\/\/static.africa-press.net\/cameroun\/sites\/57\/2021\/03\/img-60582155b3b5b.jpg","width":1200,"height":732,"caption":"Cameroun : pour c\u00e9l\u00e9brer son anniversaire, elle sauve plusieurs patients sous dialyse"},{"@type":"BreadcrumbList","@id":"https:\/\/www.africa-press.net\/cameroun\/video\/cameroun-pour-celebrer-son-anniversaire-elle-sauve-plusieurs-patients-sous-dialyse#breadcrumb","itemListElement":[{"@type":"ListItem","position":1,"name":"Accueil","item":"https:\/\/www.africa-press.net\/cameroun\/"},{"@type":"ListItem","position":2,"name":"Cameroun : pour c\u00e9l\u00e9brer son anniversaire, elle sauve plusieurs patients sous dialyse"}]},{"@type":"WebSite","@id":"https:\/\/www.africa-press.net\/cameroun\/#website","url":"https:\/\/www.africa-press.net\/cameroun\/","name":"Cameroun","description":"Just another Africa News Agency Sites site","potentialAction":[{"@type":"SearchAction","target":{"@type":"EntryPoint","urlTemplate":"https:\/\/www.africa-press.net\/cameroun\/?s={search_term_string}"},"query-input":{"@type":"PropertyValueSpecification","valueRequired":true,"valueName":"search_term_string"}}],"inLanguage":"fr-FR"},{"@type":"Person","@id":"https:\/\/www.africa-press.net\/cameroun\/#\/schema\/person\/2b1cf3cd81a31e3cd26889ca66d677f1","name":"cfeditorfr"}]}},"_links":{"self":[{"href":"https:\/\/www.africa-press.net\/cameroun\/wp-json\/wp\/v2\/posts\/1433","targetHints":{"allow":["GET"]}}],"collection":[{"href":"https:\/\/www.africa-press.net\/cameroun\/wp-json\/wp\/v2\/posts"}],"about":[{"href":"https:\/\/www.africa-press.net\/cameroun\/wp-json\/wp\/v2\/types\/post"}],"author":[{"embeddable":true,"href":"https:\/\/www.africa-press.net\/cameroun\/wp-json\/wp\/v2\/users\/82"}],"replies":[{"embeddable":true,"href":"https:\/\/www.africa-press.net\/cameroun\/wp-json\/wp\/v2\/comments?post=1433"}],"version-history":[{"count":0,"href":"https:\/\/www.africa-press.net\/cameroun\/wp-json\/wp\/v2\/posts\/1433\/revisions"}],"wp:featuredmedia":[{"embeddable":true,"href":"https:\/\/www.africa-press.net\/cameroun\/wp-json\/wp\/v2\/media\/1432"}],"wp:attachment":[{"href":"https:\/\/www.africa-press.net\/cameroun\/wp-json\/wp\/v2\/media?parent=1433"}],"wp:term":[{"taxonomy":"category","embeddable":true,"href":"https:\/\/www.africa-press.net\/cameroun\/wp-json\/wp\/v2\/categories?post=1433"},{"taxonomy":"post_tag","embeddable":true,"href":"https:\/\/www.africa-press.net\/cameroun\/wp-json\/wp\/v2\/tags?post=1433"}],"curies":[{"name":"wp","href":"https:\/\/api.w.org\/{rel}","templated":true}]}}