{"id":1442,"date":"2021-03-19T12:53:12","date_gmt":"2021-03-19T12:53:12","guid":{"rendered":"https:\/\/www.africa-press.net\/cameroun\/politique\/deces-de-john-magufuli-paul-biya-presente-ses-condoleances-au-peuple-tanzanien"},"modified":"2021-03-22T04:49:23","modified_gmt":"2021-03-22T04:49:23","slug":"deces-de-john-magufuli-paul-biya-presente-ses-condoleances-au-peuple-tanzanien","status":"publish","type":"post","link":"https:\/\/www.africa-press.net\/cameroun\/politique\/deces-de-john-magufuli-paul-biya-presente-ses-condoleances-au-peuple-tanzanien","title":{"rendered":"D\u00e9c\u00e8s de John Magufuli: Paul Biya pr\u00e9sente ses condol\u00e9ances au peuple tanzanien"},"content":{"rendered":"<p><span style=\"color: #ff6600\"><strong><a href=\"https:\/\/www.africa-press.net\/\">Africa-Press<\/a> &#8211; <a href=\"https:\/\/www.africa-press.net\/cameroun\">Cameroun<\/a>. <\/strong><\/span>Le pr\u00e9sident de la R\u00e9publique Paul Biya a adress\u00e9 ses condol\u00e9ances \u00e9mues \u00e0 la vice-pr\u00e9sidente et au peuple tanzanien suite \u00e0 disparition du pr\u00e9sident John Magufuli survenue mercredi \u00e0 Dar es-Salaam.<\/p>\n<p>Dans un t\u00e9l\u00e9gramme officiel, le chef de l\u2019Etat Paul Biya regrette le d\u00e9c\u00e8s de son homologue tanzanien John Magufuli. \u00ab J\u2019ai appris avec triste nouvelle du d\u00e9c\u00e8s de John Pombe Magufuli, pr\u00e9sident de la R\u00e9publique Unie de la Tanzanie. Je m\u2019incline devant la m\u00e9moire de l\u2019Homme d\u2019Etat qui nous quitt\u00e9s \u00bb, a \u00e9crit le locataire d\u2019Etoudi, pr\u00e9cisant que sa disparition est une \u00ab immense perte pour la Tanzanie et toute l\u2019Afrique\u00ab .<\/p>\n<p>\u00c2g\u00e9 de 61 ans, John Magufuli surnomm\u00e9 le \u00ab Bulldozer \u00bb est d\u00e9c\u00e9d\u00e9 mercredi dernier de probl\u00e8mes cardiaques selon la vice-pr\u00e9sidente Samia Hassan qui a d\u00e9cr\u00e9t\u00e9 14 jours de deuil national. \u00c9lu en 2015, il a brigu\u00e9 r\u00e9cemment un second mandat qu\u2019il ne pourra malheureusement pas men\u00e9 \u00e0 terme.<\/p>\n<p>Mme Samia Suhulu Hassan et ch\u00e8re s\u0153ur,<br \/>\nJ&rsquo;ai appris la triste nouvelle du d\u00e9c\u00e8s de S.E @MagufuliJP.<br \/>\nJe m&rsquo;incline devant la m\u00e9moire de l&rsquo;homme d\u2019\u00c9tat qui nous a quitt\u00e9s. Je vous adresse, ainsi qu&rsquo;\u00e0 sa famille et \u00e0 la #Tanzanie ???????? endeuill\u00e9es, mes sinc\u00e8res condol\u00e9ances.#PaulBiya pic.twitter.com\/A45RJ9e4Om\u2014 President Paul BIYA (@PR_Paul_BIYA) March 18, 2021<\/p>\n","protected":false},"excerpt":{"rendered":"<p>Africa-Press &#8211; Cameroun. Le pr\u00e9sident de la R\u00e9publique Paul Biya a adress\u00e9 ses condol\u00e9ances \u00e9mues \u00e0 la vice-pr\u00e9sidente et au peuple tanzanien suite \u00e0 disparition du pr\u00e9sident John Magufuli survenue mercredi \u00e0 Dar es-Salaam. Dans un t\u00e9l\u00e9gramme officiel, le chef de l\u2019Etat Paul Biya regrette le d\u00e9c\u00e8s de son homologue tanzanien John Magufuli. \u00ab J\u2019ai [&hellip;]<\/p>\n","protected":false},"author":82,"featured_media":1441,"comment_status":"open","ping_status":"closed","sticky":false,"template":"","format":"standard","meta":{"footnotes":""},"categories":[11,2,10],"tags":[36,50,49],"class_list":["post-1442","post","type-post","status-publish","format-standard","has-post-thumbnail","hentry","category-homepage-french","category-politique","category-toutes-les-actualites","tag-africa-press","tag-africa-press-cameroun","tag-cameroun"],"yoast_head":"<!-- This site is optimized with the Yoast SEO Premium plugin v26.1 (Yoast SEO v27.0) - https:\/\/yoast.com\/product\/yoast-seo-premium-wordpress\/ -->\n<title>D\u00e9c\u00e8s de John Magufuli: Paul Biya pr\u00e9sente ses condol\u00e9ances au peuple tanzanien - Cameroun<\/title>\n<meta name=\"description\" content=\"Le pr\u00e9sident de la R\u00e9publique Paul Biya a adress\u00e9 ses condol\u00e9ances \u00e9mues \u00e0 la vice-pr\u00e9sidente et au peuple tanzanien sui ...\" \/>\n<meta name=\"robots\" content=\"index, follow, max-snippet:-1, max-image-preview:large, max-video-preview:-1\" \/>\n<link rel=\"canonical\" href=\"https:\/\/www.africa-press.net\/cameroun\/politique\/deces-de-john-magufuli-paul-biya-presente-ses-condoleances-au-peuple-tanzanien\" \/>\n<meta property=\"og:locale\" content=\"fr_FR\" \/>\n<meta property=\"og:type\" content=\"article\" \/>\n<meta property=\"og:title\" content=\"D\u00e9c\u00e8s de John Magufuli: Paul Biya pr\u00e9sente ses condol\u00e9ances au peuple tanzanien\" \/>\n<meta property=\"og:description\" content=\"Le pr\u00e9sident de la R\u00e9publique Paul Biya a adress\u00e9 ses condol\u00e9ances \u00e9mues \u00e0 la vice-pr\u00e9sidente et au peuple tanzanien sui ...\" \/>\n<meta property=\"og:url\" content=\"https:\/\/www.africa-press.net\/cameroun\/politique\/deces-de-john-magufuli-paul-biya-presente-ses-condoleances-au-peuple-tanzanien\" \/>\n<meta property=\"og:site_name\" content=\"Cameroun\" \/>\n<meta property=\"article:published_time\" content=\"2021-03-19T12:53:12+00:00\" \/>\n<meta property=\"article:modified_time\" content=\"2021-03-22T04:49:23+00:00\" \/>\n<meta property=\"og:image\" content=\"https:\/\/static.africa-press.net\/cameroun\/sites\/57\/2021\/03\/img-605821bcb91cb.jpg\" \/>\n\t<meta property=\"og:image:width\" content=\"725\" \/>\n\t<meta property=\"og:image:height\" content=\"467\" \/>\n\t<meta property=\"og:image:type\" content=\"image\/jpeg\" \/>\n<meta name=\"author\" content=\"cfeditorfr\" \/>\n<meta name=\"twitter:card\" content=\"summary_large_image\" \/>\n<meta name=\"twitter:label1\" content=\"\u00c9crit par\" \/>\n\t<meta name=\"twitter:data1\" content=\"cfeditorfr\" \/>\n\t<meta name=\"twitter:label2\" content=\"Dur\u00e9e de lecture estim\u00e9e\" \/>\n\t<meta name=\"twitter:data2\" content=\"1 minute\" \/>\n<script type=\"application\/ld+json\" class=\"yoast-schema-graph\">{\"@context\":\"https:\/\/schema.org\",\"@graph\":[{\"@type\":\"Article\",\"@id\":\"https:\/\/www.africa-press.net\/cameroun\/politique\/deces-de-john-magufuli-paul-biya-presente-ses-condoleances-au-peuple-tanzanien#article\",\"isPartOf\":{\"@id\":\"https:\/\/www.africa-press.net\/cameroun\/politique\/deces-de-john-magufuli-paul-biya-presente-ses-condoleances-au-peuple-tanzanien\"},\"author\":{\"name\":\"cfeditorfr\",\"@id\":\"https:\/\/www.africa-press.net\/cameroun\/#\/schema\/person\/2b1cf3cd81a31e3cd26889ca66d677f1\"},\"headline\":\"D\u00e9c\u00e8s de John Magufuli: Paul Biya pr\u00e9sente ses condol\u00e9ances au peuple tanzanien\",\"datePublished\":\"2021-03-19T12:53:12+00:00\",\"dateModified\":\"2021-03-22T04:49:23+00:00\",\"mainEntityOfPage\":{\"@id\":\"https:\/\/www.africa-press.net\/cameroun\/politique\/deces-de-john-magufuli-paul-biya-presente-ses-condoleances-au-peuple-tanzanien\"},\"wordCount\":261,\"commentCount\":0,\"image\":{\"@id\":\"https:\/\/www.africa-press.net\/cameroun\/politique\/deces-de-john-magufuli-paul-biya-presente-ses-condoleances-au-peuple-tanzanien#primaryimage\"},\"thumbnailUrl\":\"https:\/\/static.africa-press.net\/cameroun\/sites\/57\/2021\/03\/img-605821bcb91cb.jpg\",\"keywords\":[\"Africa Press\",\"Africa Press-Cameroun\",\"Cameroun\"],\"articleSection\":[\"homepage-french\",\"Politique\",\"Toutes les actualit\u00e9s\"],\"inLanguage\":\"fr-FR\",\"potentialAction\":[{\"@type\":\"CommentAction\",\"name\":\"Comment\",\"target\":[\"https:\/\/www.africa-press.net\/cameroun\/politique\/deces-de-john-magufuli-paul-biya-presente-ses-condoleances-au-peuple-tanzanien#respond\"]}]},{\"@type\":\"WebPage\",\"@id\":\"https:\/\/www.africa-press.net\/cameroun\/politique\/deces-de-john-magufuli-paul-biya-presente-ses-condoleances-au-peuple-tanzanien\",\"url\":\"https:\/\/www.africa-press.net\/cameroun\/politique\/deces-de-john-magufuli-paul-biya-presente-ses-condoleances-au-peuple-tanzanien\",\"name\":\"D\u00e9c\u00e8s de John Magufuli: Paul Biya pr\u00e9sente ses condol\u00e9ances au peuple tanzanien - Cameroun\",\"isPartOf\":{\"@id\":\"https:\/\/www.africa-press.net\/cameroun\/#website\"},\"primaryImageOfPage\":{\"@id\":\"https:\/\/www.africa-press.net\/cameroun\/politique\/deces-de-john-magufuli-paul-biya-presente-ses-condoleances-au-peuple-tanzanien#primaryimage\"},\"image\":{\"@id\":\"https:\/\/www.africa-press.net\/cameroun\/politique\/deces-de-john-magufuli-paul-biya-presente-ses-condoleances-au-peuple-tanzanien#primaryimage\"},\"thumbnailUrl\":\"https:\/\/static.africa-press.net\/cameroun\/sites\/57\/2021\/03\/img-605821bcb91cb.jpg\",\"datePublished\":\"2021-03-19T12:53:12+00:00\",\"dateModified\":\"2021-03-22T04:49:23+00:00\",\"author\":{\"@id\":\"https:\/\/www.africa-press.net\/cameroun\/#\/schema\/person\/2b1cf3cd81a31e3cd26889ca66d677f1\"},\"description\":\"Le pr\u00e9sident de la R\u00e9publique Paul Biya a adress\u00e9 ses condol\u00e9ances \u00e9mues \u00e0 la vice-pr\u00e9sidente et au peuple tanzanien sui ...\",\"breadcrumb\":{\"@id\":\"https:\/\/www.africa-press.net\/cameroun\/politique\/deces-de-john-magufuli-paul-biya-presente-ses-condoleances-au-peuple-tanzanien#breadcrumb\"},\"inLanguage\":\"fr-FR\",\"potentialAction\":[{\"@type\":\"ReadAction\",\"target\":[\"https:\/\/www.africa-press.net\/cameroun\/politique\/deces-de-john-magufuli-paul-biya-presente-ses-condoleances-au-peuple-tanzanien\"]}]},{\"@type\":\"ImageObject\",\"inLanguage\":\"fr-FR\",\"@id\":\"https:\/\/www.africa-press.net\/cameroun\/politique\/deces-de-john-magufuli-paul-biya-presente-ses-condoleances-au-peuple-tanzanien#primaryimage\",\"url\":\"https:\/\/static.africa-press.net\/cameroun\/sites\/57\/2021\/03\/img-605821bcb91cb.jpg\",\"contentUrl\":\"https:\/\/static.africa-press.net\/cameroun\/sites\/57\/2021\/03\/img-605821bcb91cb.jpg\",\"width\":725,\"height\":467,\"caption\":\"D\u00e9c\u00e8s de John Magufuli: Paul Biya pr\u00e9sente ses condol\u00e9ances au peuple tanzanien\"},{\"@type\":\"BreadcrumbList\",\"@id\":\"https:\/\/www.africa-press.net\/cameroun\/politique\/deces-de-john-magufuli-paul-biya-presente-ses-condoleances-au-peuple-tanzanien#breadcrumb\",\"itemListElement\":[{\"@type\":\"ListItem\",\"position\":1,\"name\":\"Accueil\",\"item\":\"https:\/\/www.africa-press.net\/cameroun\/\"},{\"@type\":\"ListItem\",\"position\":2,\"name\":\"D\u00e9c\u00e8s de John Magufuli: Paul Biya pr\u00e9sente ses condol\u00e9ances au peuple tanzanien\"}]},{\"@type\":\"WebSite\",\"@id\":\"https:\/\/www.africa-press.net\/cameroun\/#website\",\"url\":\"https:\/\/www.africa-press.net\/cameroun\/\",\"name\":\"Cameroun\",\"description\":\"Just another Africa News Agency Sites site\",\"potentialAction\":[{\"@type\":\"SearchAction\",\"target\":{\"@type\":\"EntryPoint\",\"urlTemplate\":\"https:\/\/www.africa-press.net\/cameroun\/?s={search_term_string}\"},\"query-input\":{\"@type\":\"PropertyValueSpecification\",\"valueRequired\":true,\"valueName\":\"search_term_string\"}}],\"inLanguage\":\"fr-FR\"},{\"@type\":\"Person\",\"@id\":\"https:\/\/www.africa-press.net\/cameroun\/#\/schema\/person\/2b1cf3cd81a31e3cd26889ca66d677f1\",\"name\":\"cfeditorfr\"}]}<\/script>\n<!-- \/ Yoast SEO Premium plugin. -->","yoast_head_json":{"title":"D\u00e9c\u00e8s de John Magufuli: Paul Biya pr\u00e9sente ses condol\u00e9ances au peuple tanzanien - Cameroun","description":"Le pr\u00e9sident de la R\u00e9publique Paul Biya a adress\u00e9 ses condol\u00e9ances \u00e9mues \u00e0 la vice-pr\u00e9sidente et au peuple tanzanien sui ...","robots":{"index":"index","follow":"follow","max-snippet":"max-snippet:-1","max-image-preview":"max-image-preview:large","max-video-preview":"max-video-preview:-1"},"canonical":"https:\/\/www.africa-press.net\/cameroun\/politique\/deces-de-john-magufuli-paul-biya-presente-ses-condoleances-au-peuple-tanzanien","og_locale":"fr_FR","og_type":"article","og_title":"D\u00e9c\u00e8s de John Magufuli: Paul Biya pr\u00e9sente ses condol\u00e9ances au peuple tanzanien","og_description":"Le pr\u00e9sident de la R\u00e9publique Paul Biya a adress\u00e9 ses condol\u00e9ances \u00e9mues \u00e0 la vice-pr\u00e9sidente et au peuple tanzanien sui ...","og_url":"https:\/\/www.africa-press.net\/cameroun\/politique\/deces-de-john-magufuli-paul-biya-presente-ses-condoleances-au-peuple-tanzanien","og_site_name":"Cameroun","article_published_time":"2021-03-19T12:53:12+00:00","article_modified_time":"2021-03-22T04:49:23+00:00","og_image":[{"width":725,"height":467,"url":"https:\/\/static.africa-press.net\/cameroun\/sites\/57\/2021\/03\/img-605821bcb91cb.jpg","type":"image\/jpeg"}],"author":"cfeditorfr","twitter_card":"summary_large_image","twitter_misc":{"\u00c9crit par":"cfeditorfr","Dur\u00e9e de lecture estim\u00e9e":"1 minute"},"schema":{"@context":"https:\/\/schema.org","@graph":[{"@type":"Article","@id":"https:\/\/www.africa-press.net\/cameroun\/politique\/deces-de-john-magufuli-paul-biya-presente-ses-condoleances-au-peuple-tanzanien#article","isPartOf":{"@id":"https:\/\/www.africa-press.net\/cameroun\/politique\/deces-de-john-magufuli-paul-biya-presente-ses-condoleances-au-peuple-tanzanien"},"author":{"name":"cfeditorfr","@id":"https:\/\/www.africa-press.net\/cameroun\/#\/schema\/person\/2b1cf3cd81a31e3cd26889ca66d677f1"},"headline":"D\u00e9c\u00e8s de John Magufuli: Paul Biya pr\u00e9sente ses condol\u00e9ances au peuple tanzanien","datePublished":"2021-03-19T12:53:12+00:00","dateModified":"2021-03-22T04:49:23+00:00","mainEntityOfPage":{"@id":"https:\/\/www.africa-press.net\/cameroun\/politique\/deces-de-john-magufuli-paul-biya-presente-ses-condoleances-au-peuple-tanzanien"},"wordCount":261,"commentCount":0,"image":{"@id":"https:\/\/www.africa-press.net\/cameroun\/politique\/deces-de-john-magufuli-paul-biya-presente-ses-condoleances-au-peuple-tanzanien#primaryimage"},"thumbnailUrl":"https:\/\/static.africa-press.net\/cameroun\/sites\/57\/2021\/03\/img-605821bcb91cb.jpg","keywords":["Africa Press","Africa Press-Cameroun","Cameroun"],"articleSection":["homepage-french","Politique","Toutes les actualit\u00e9s"],"inLanguage":"fr-FR","potentialAction":[{"@type":"CommentAction","name":"Comment","target":["https:\/\/www.africa-press.net\/cameroun\/politique\/deces-de-john-magufuli-paul-biya-presente-ses-condoleances-au-peuple-tanzanien#respond"]}]},{"@type":"WebPage","@id":"https:\/\/www.africa-press.net\/cameroun\/politique\/deces-de-john-magufuli-paul-biya-presente-ses-condoleances-au-peuple-tanzanien","url":"https:\/\/www.africa-press.net\/cameroun\/politique\/deces-de-john-magufuli-paul-biya-presente-ses-condoleances-au-peuple-tanzanien","name":"D\u00e9c\u00e8s de John Magufuli: Paul Biya pr\u00e9sente ses condol\u00e9ances au peuple tanzanien - Cameroun","isPartOf":{"@id":"https:\/\/www.africa-press.net\/cameroun\/#website"},"primaryImageOfPage":{"@id":"https:\/\/www.africa-press.net\/cameroun\/politique\/deces-de-john-magufuli-paul-biya-presente-ses-condoleances-au-peuple-tanzanien#primaryimage"},"image":{"@id":"https:\/\/www.africa-press.net\/cameroun\/politique\/deces-de-john-magufuli-paul-biya-presente-ses-condoleances-au-peuple-tanzanien#primaryimage"},"thumbnailUrl":"https:\/\/static.africa-press.net\/cameroun\/sites\/57\/2021\/03\/img-605821bcb91cb.jpg","datePublished":"2021-03-19T12:53:12+00:00","dateModified":"2021-03-22T04:49:23+00:00","author":{"@id":"https:\/\/www.africa-press.net\/cameroun\/#\/schema\/person\/2b1cf3cd81a31e3cd26889ca66d677f1"},"description":"Le pr\u00e9sident de la R\u00e9publique Paul Biya a adress\u00e9 ses condol\u00e9ances \u00e9mues \u00e0 la vice-pr\u00e9sidente et au peuple tanzanien sui ...","breadcrumb":{"@id":"https:\/\/www.africa-press.net\/cameroun\/politique\/deces-de-john-magufuli-paul-biya-presente-ses-condoleances-au-peuple-tanzanien#breadcrumb"},"inLanguage":"fr-FR","potentialAction":[{"@type":"ReadAction","target":["https:\/\/www.africa-press.net\/cameroun\/politique\/deces-de-john-magufuli-paul-biya-presente-ses-condoleances-au-peuple-tanzanien"]}]},{"@type":"ImageObject","inLanguage":"fr-FR","@id":"https:\/\/www.africa-press.net\/cameroun\/politique\/deces-de-john-magufuli-paul-biya-presente-ses-condoleances-au-peuple-tanzanien#primaryimage","url":"https:\/\/static.africa-press.net\/cameroun\/sites\/57\/2021\/03\/img-605821bcb91cb.jpg","contentUrl":"https:\/\/static.africa-press.net\/cameroun\/sites\/57\/2021\/03\/img-605821bcb91cb.jpg","width":725,"height":467,"caption":"D\u00e9c\u00e8s de John Magufuli: Paul Biya pr\u00e9sente ses condol\u00e9ances au peuple tanzanien"},{"@type":"BreadcrumbList","@id":"https:\/\/www.africa-press.net\/cameroun\/politique\/deces-de-john-magufuli-paul-biya-presente-ses-condoleances-au-peuple-tanzanien#breadcrumb","itemListElement":[{"@type":"ListItem","position":1,"name":"Accueil","item":"https:\/\/www.africa-press.net\/cameroun\/"},{"@type":"ListItem","position":2,"name":"D\u00e9c\u00e8s de John Magufuli: Paul Biya pr\u00e9sente ses condol\u00e9ances au peuple tanzanien"}]},{"@type":"WebSite","@id":"https:\/\/www.africa-press.net\/cameroun\/#website","url":"https:\/\/www.africa-press.net\/cameroun\/","name":"Cameroun","description":"Just another Africa News Agency Sites site","potentialAction":[{"@type":"SearchAction","target":{"@type":"EntryPoint","urlTemplate":"https:\/\/www.africa-press.net\/cameroun\/?s={search_term_string}"},"query-input":{"@type":"PropertyValueSpecification","valueRequired":true,"valueName":"search_term_string"}}],"inLanguage":"fr-FR"},{"@type":"Person","@id":"https:\/\/www.africa-press.net\/cameroun\/#\/schema\/person\/2b1cf3cd81a31e3cd26889ca66d677f1","name":"cfeditorfr"}]}},"_links":{"self":[{"href":"https:\/\/www.africa-press.net\/cameroun\/wp-json\/wp\/v2\/posts\/1442","targetHints":{"allow":["GET"]}}],"collection":[{"href":"https:\/\/www.africa-press.net\/cameroun\/wp-json\/wp\/v2\/posts"}],"about":[{"href":"https:\/\/www.africa-press.net\/cameroun\/wp-json\/wp\/v2\/types\/post"}],"author":[{"embeddable":true,"href":"https:\/\/www.africa-press.net\/cameroun\/wp-json\/wp\/v2\/users\/82"}],"replies":[{"embeddable":true,"href":"https:\/\/www.africa-press.net\/cameroun\/wp-json\/wp\/v2\/comments?post=1442"}],"version-history":[{"count":0,"href":"https:\/\/www.africa-press.net\/cameroun\/wp-json\/wp\/v2\/posts\/1442\/revisions"}],"wp:featuredmedia":[{"embeddable":true,"href":"https:\/\/www.africa-press.net\/cameroun\/wp-json\/wp\/v2\/media\/1441"}],"wp:attachment":[{"href":"https:\/\/www.africa-press.net\/cameroun\/wp-json\/wp\/v2\/media?parent=1442"}],"wp:term":[{"taxonomy":"category","embeddable":true,"href":"https:\/\/www.africa-press.net\/cameroun\/wp-json\/wp\/v2\/categories?post=1442"},{"taxonomy":"post_tag","embeddable":true,"href":"https:\/\/www.africa-press.net\/cameroun\/wp-json\/wp\/v2\/tags?post=1442"}],"curies":[{"name":"wp","href":"https:\/\/api.w.org\/{rel}","templated":true}]}}