{"id":1454,"date":"2021-03-19T13:22:23","date_gmt":"2021-03-19T13:22:23","guid":{"rendered":"https:\/\/www.africa-press.net\/cameroun\/politique\/elections-au-parlement-un-journal-charge-severement-boris-bertolt"},"modified":"2021-03-22T04:51:33","modified_gmt":"2021-03-22T04:51:33","slug":"elections-au-parlement-un-journal-charge-severement-boris-bertolt","status":"publish","type":"post","link":"https:\/\/www.africa-press.net\/cameroun\/politique\/elections-au-parlement-un-journal-charge-severement-boris-bertolt","title":{"rendered":"Elections au parlement: un journal charge s\u00e9v\u00e8rement Boris Bertolt"},"content":{"rendered":"<p><span style=\"color: #ff6600\"><strong><a href=\"https:\/\/www.africa-press.net\/\">Africa-Press<\/a> &#8211; <a href=\"https:\/\/www.africa-press.net\/cameroun\">Cameroun<\/a>. <\/strong><\/span>Niat Njifenji Marcel, 86 ans a \u00e9t\u00e9 r\u00e9\u00e9lu Pr\u00e9sident du S\u00e9nat, d\u00e9jouant ainsi les pr\u00e9dictions du c\u00e9l\u00e8bre lanceur d\u2019alertes Boris Bertolt.<\/p>\n<p>Le S\u00e9nat a r\u00e9\u00e9lu hier jeudi 19 mars Niat Njifenji Marcel pour une p\u00e9riode d\u2019un an au perchoir de la chambre haute du parlement camerounais.<\/p>\n<p>Tr\u00e8s affaibli par la maladie, le grabataire \u00e2g\u00e9 aujourd\u2019hui de 86 ans a \u00e9t\u00e9 r\u00e9\u00e9lu \u00e0 l\u2019issue d\u2019une session ordinaire au Palais des Congr\u00e8s \u00e0 Yaound\u00e9, avec 85 voix pour et 08 bulletins nuls, sur 93 votants.<\/p>\n<p>Marcel Niat Mjifendji a \u00e9t\u00e9 nomm\u00e9 s\u00e9nateur en 2013, lors de la cr\u00e9ation de la chambre haute du pouvoir l\u00e9gislatif. Il est constitutionnellement la deuxi\u00e8me personnalit\u00e9 du Cameroun. A ce titre, c\u2019est lui qui remplace le Pr\u00e9sident de la R\u00e9publique en cas de d\u00e9c\u00e8s ou emp\u00eachement d\u00e9finitive.<\/p>\n<p>Tr\u00e8s peu de personne le voulait encore \u00e0 la t\u00eate du Senat. Mais sa r\u00e9\u00e9lection qui est venue mettre fin au d\u00e9bat de \u00ab qui sera le prochain pr\u00e9sident du Senat ? \u00bb.<\/p>\n<p>Plusieurs observateurs estimaient que Marcel Niat Njifendji, pour cause de maladie, ne pouvait plus \u00eatre Pr\u00e9sident du Senat.<\/p>\n<p>Boris Bertol, le c\u00e9l\u00e8bre lanceur d\u2019alertes install\u00e9 en occident, a m\u00eame rapport\u00e9 que Niat souhait prendre du repos. \u00abSon d\u00e9part du Senat est presque act\u00e9. Son poste de pr\u00e9sident du Senat aurait \u00e9t\u00e9 propos\u00e9 au sultan Mbombo Njoya, et ce dernier a d\u00e9clin\u00e9 l\u2019offre. Entre temps, les tractations se poursuivent pour rechercher le profil qui pr\u00e9sidera aux destin\u00e9s de la chambre haute du parlement camerounais \u00bb, \u00e9crivait l\u2019ancien journaliste du quotidien le Jour.<\/p>\n<p>\u00abL\u2019ancien recteur de Dschang et s\u00e9nateur de la Menoua peut \u00eatre la surprise. Il est dans la short list des potentiels successeurs de Niat Njifendji qui sauf changement de derni\u00e8re minute ne sera plus pr\u00e9sident du S\u00e9nat dans les prochaines heures \u00bb, ajoutait Boris Bertolt.<\/p>\n","protected":false},"excerpt":{"rendered":"<p>Africa-Press &#8211; Cameroun. Niat Njifenji Marcel, 86 ans a \u00e9t\u00e9 r\u00e9\u00e9lu Pr\u00e9sident du S\u00e9nat, d\u00e9jouant ainsi les pr\u00e9dictions du c\u00e9l\u00e8bre lanceur d\u2019alertes Boris Bertolt. Le S\u00e9nat a r\u00e9\u00e9lu hier jeudi 19 mars Niat Njifenji Marcel pour une p\u00e9riode d\u2019un an au perchoir de la chambre haute du parlement camerounais. Tr\u00e8s affaibli par la maladie, le [&hellip;]<\/p>\n","protected":false},"author":82,"featured_media":1453,"comment_status":"open","ping_status":"closed","sticky":false,"template":"","format":"standard","meta":{"footnotes":""},"categories":[11,2,10],"tags":[36,50,49],"class_list":["post-1454","post","type-post","status-publish","format-standard","has-post-thumbnail","hentry","category-homepage-french","category-politique","category-toutes-les-actualites","tag-africa-press","tag-africa-press-cameroun","tag-cameroun"],"yoast_head":"<!-- This site is optimized with the Yoast SEO Premium plugin v26.1 (Yoast SEO v27.0) - https:\/\/yoast.com\/product\/yoast-seo-premium-wordpress\/ -->\n<title>Elections au parlement: un journal charge s\u00e9v\u00e8rement Boris Bertolt - Cameroun<\/title>\n<meta name=\"description\" content=\"Niat Njifenji Marcel, 86 ans a \u00e9t\u00e9 r\u00e9\u00e9lu Pr\u00e9sident du S\u00e9nat, d\u00e9jouant ainsi les pr\u00e9dictions du c\u00e9l\u00e8bre lanceur d\u2019alertes ...\" \/>\n<meta name=\"robots\" content=\"index, follow, max-snippet:-1, max-image-preview:large, max-video-preview:-1\" \/>\n<link rel=\"canonical\" href=\"https:\/\/www.africa-press.net\/cameroun\/politique\/elections-au-parlement-un-journal-charge-severement-boris-bertolt\" \/>\n<meta property=\"og:locale\" content=\"fr_FR\" \/>\n<meta property=\"og:type\" content=\"article\" \/>\n<meta property=\"og:title\" content=\"Elections au parlement: un journal charge s\u00e9v\u00e8rement Boris Bertolt\" \/>\n<meta property=\"og:description\" content=\"Niat Njifenji Marcel, 86 ans a \u00e9t\u00e9 r\u00e9\u00e9lu Pr\u00e9sident du S\u00e9nat, d\u00e9jouant ainsi les pr\u00e9dictions du c\u00e9l\u00e8bre lanceur d\u2019alertes ...\" \/>\n<meta property=\"og:url\" content=\"https:\/\/www.africa-press.net\/cameroun\/politique\/elections-au-parlement-un-journal-charge-severement-boris-bertolt\" \/>\n<meta property=\"og:site_name\" content=\"Cameroun\" \/>\n<meta property=\"article:published_time\" content=\"2021-03-19T13:22:23+00:00\" \/>\n<meta property=\"article:modified_time\" content=\"2021-03-22T04:51:33+00:00\" \/>\n<meta property=\"og:image\" content=\"https:\/\/static.africa-press.net\/cameroun\/sites\/57\/2021\/03\/img-6058223f24715.jpg\" \/>\n\t<meta property=\"og:image:width\" content=\"900\" \/>\n\t<meta property=\"og:image:height\" content=\"600\" \/>\n\t<meta property=\"og:image:type\" content=\"image\/jpeg\" \/>\n<meta name=\"author\" content=\"cfeditorfr\" \/>\n<meta name=\"twitter:card\" content=\"summary_large_image\" \/>\n<meta name=\"twitter:label1\" content=\"\u00c9crit par\" \/>\n\t<meta name=\"twitter:data1\" content=\"cfeditorfr\" \/>\n\t<meta name=\"twitter:label2\" content=\"Dur\u00e9e de lecture estim\u00e9e\" \/>\n\t<meta name=\"twitter:data2\" content=\"2 minutes\" \/>\n<script type=\"application\/ld+json\" class=\"yoast-schema-graph\">{\"@context\":\"https:\/\/schema.org\",\"@graph\":[{\"@type\":\"Article\",\"@id\":\"https:\/\/www.africa-press.net\/cameroun\/politique\/elections-au-parlement-un-journal-charge-severement-boris-bertolt#article\",\"isPartOf\":{\"@id\":\"https:\/\/www.africa-press.net\/cameroun\/politique\/elections-au-parlement-un-journal-charge-severement-boris-bertolt\"},\"author\":{\"name\":\"cfeditorfr\",\"@id\":\"https:\/\/www.africa-press.net\/cameroun\/#\/schema\/person\/2b1cf3cd81a31e3cd26889ca66d677f1\"},\"headline\":\"Elections au parlement: un journal charge s\u00e9v\u00e8rement Boris Bertolt\",\"datePublished\":\"2021-03-19T13:22:23+00:00\",\"dateModified\":\"2021-03-22T04:51:33+00:00\",\"mainEntityOfPage\":{\"@id\":\"https:\/\/www.africa-press.net\/cameroun\/politique\/elections-au-parlement-un-journal-charge-severement-boris-bertolt\"},\"wordCount\":349,\"commentCount\":0,\"image\":{\"@id\":\"https:\/\/www.africa-press.net\/cameroun\/politique\/elections-au-parlement-un-journal-charge-severement-boris-bertolt#primaryimage\"},\"thumbnailUrl\":\"https:\/\/static.africa-press.net\/cameroun\/sites\/57\/2021\/03\/img-6058223f24715.jpg\",\"keywords\":[\"Africa Press\",\"Africa Press-Cameroun\",\"Cameroun\"],\"articleSection\":[\"homepage-french\",\"Politique\",\"Toutes les actualit\u00e9s\"],\"inLanguage\":\"fr-FR\",\"potentialAction\":[{\"@type\":\"CommentAction\",\"name\":\"Comment\",\"target\":[\"https:\/\/www.africa-press.net\/cameroun\/politique\/elections-au-parlement-un-journal-charge-severement-boris-bertolt#respond\"]}]},{\"@type\":\"WebPage\",\"@id\":\"https:\/\/www.africa-press.net\/cameroun\/politique\/elections-au-parlement-un-journal-charge-severement-boris-bertolt\",\"url\":\"https:\/\/www.africa-press.net\/cameroun\/politique\/elections-au-parlement-un-journal-charge-severement-boris-bertolt\",\"name\":\"Elections au parlement: un journal charge s\u00e9v\u00e8rement Boris Bertolt - Cameroun\",\"isPartOf\":{\"@id\":\"https:\/\/www.africa-press.net\/cameroun\/#website\"},\"primaryImageOfPage\":{\"@id\":\"https:\/\/www.africa-press.net\/cameroun\/politique\/elections-au-parlement-un-journal-charge-severement-boris-bertolt#primaryimage\"},\"image\":{\"@id\":\"https:\/\/www.africa-press.net\/cameroun\/politique\/elections-au-parlement-un-journal-charge-severement-boris-bertolt#primaryimage\"},\"thumbnailUrl\":\"https:\/\/static.africa-press.net\/cameroun\/sites\/57\/2021\/03\/img-6058223f24715.jpg\",\"datePublished\":\"2021-03-19T13:22:23+00:00\",\"dateModified\":\"2021-03-22T04:51:33+00:00\",\"author\":{\"@id\":\"https:\/\/www.africa-press.net\/cameroun\/#\/schema\/person\/2b1cf3cd81a31e3cd26889ca66d677f1\"},\"description\":\"Niat Njifenji Marcel, 86 ans a \u00e9t\u00e9 r\u00e9\u00e9lu Pr\u00e9sident du S\u00e9nat, d\u00e9jouant ainsi les pr\u00e9dictions du c\u00e9l\u00e8bre lanceur d\u2019alertes ...\",\"breadcrumb\":{\"@id\":\"https:\/\/www.africa-press.net\/cameroun\/politique\/elections-au-parlement-un-journal-charge-severement-boris-bertolt#breadcrumb\"},\"inLanguage\":\"fr-FR\",\"potentialAction\":[{\"@type\":\"ReadAction\",\"target\":[\"https:\/\/www.africa-press.net\/cameroun\/politique\/elections-au-parlement-un-journal-charge-severement-boris-bertolt\"]}]},{\"@type\":\"ImageObject\",\"inLanguage\":\"fr-FR\",\"@id\":\"https:\/\/www.africa-press.net\/cameroun\/politique\/elections-au-parlement-un-journal-charge-severement-boris-bertolt#primaryimage\",\"url\":\"https:\/\/static.africa-press.net\/cameroun\/sites\/57\/2021\/03\/img-6058223f24715.jpg\",\"contentUrl\":\"https:\/\/static.africa-press.net\/cameroun\/sites\/57\/2021\/03\/img-6058223f24715.jpg\",\"width\":900,\"height\":600,\"caption\":\"Elections au parlement: un journal charge s\u00e9v\u00e8rement Boris Bertolt\"},{\"@type\":\"BreadcrumbList\",\"@id\":\"https:\/\/www.africa-press.net\/cameroun\/politique\/elections-au-parlement-un-journal-charge-severement-boris-bertolt#breadcrumb\",\"itemListElement\":[{\"@type\":\"ListItem\",\"position\":1,\"name\":\"Accueil\",\"item\":\"https:\/\/www.africa-press.net\/cameroun\/\"},{\"@type\":\"ListItem\",\"position\":2,\"name\":\"Elections au parlement: un journal charge s\u00e9v\u00e8rement Boris Bertolt\"}]},{\"@type\":\"WebSite\",\"@id\":\"https:\/\/www.africa-press.net\/cameroun\/#website\",\"url\":\"https:\/\/www.africa-press.net\/cameroun\/\",\"name\":\"Cameroun\",\"description\":\"Just another Africa News Agency Sites site\",\"potentialAction\":[{\"@type\":\"SearchAction\",\"target\":{\"@type\":\"EntryPoint\",\"urlTemplate\":\"https:\/\/www.africa-press.net\/cameroun\/?s={search_term_string}\"},\"query-input\":{\"@type\":\"PropertyValueSpecification\",\"valueRequired\":true,\"valueName\":\"search_term_string\"}}],\"inLanguage\":\"fr-FR\"},{\"@type\":\"Person\",\"@id\":\"https:\/\/www.africa-press.net\/cameroun\/#\/schema\/person\/2b1cf3cd81a31e3cd26889ca66d677f1\",\"name\":\"cfeditorfr\"}]}<\/script>\n<!-- \/ Yoast SEO Premium plugin. -->","yoast_head_json":{"title":"Elections au parlement: un journal charge s\u00e9v\u00e8rement Boris Bertolt - Cameroun","description":"Niat Njifenji Marcel, 86 ans a \u00e9t\u00e9 r\u00e9\u00e9lu Pr\u00e9sident du S\u00e9nat, d\u00e9jouant ainsi les pr\u00e9dictions du c\u00e9l\u00e8bre lanceur d\u2019alertes ...","robots":{"index":"index","follow":"follow","max-snippet":"max-snippet:-1","max-image-preview":"max-image-preview:large","max-video-preview":"max-video-preview:-1"},"canonical":"https:\/\/www.africa-press.net\/cameroun\/politique\/elections-au-parlement-un-journal-charge-severement-boris-bertolt","og_locale":"fr_FR","og_type":"article","og_title":"Elections au parlement: un journal charge s\u00e9v\u00e8rement Boris Bertolt","og_description":"Niat Njifenji Marcel, 86 ans a \u00e9t\u00e9 r\u00e9\u00e9lu Pr\u00e9sident du S\u00e9nat, d\u00e9jouant ainsi les pr\u00e9dictions du c\u00e9l\u00e8bre lanceur d\u2019alertes ...","og_url":"https:\/\/www.africa-press.net\/cameroun\/politique\/elections-au-parlement-un-journal-charge-severement-boris-bertolt","og_site_name":"Cameroun","article_published_time":"2021-03-19T13:22:23+00:00","article_modified_time":"2021-03-22T04:51:33+00:00","og_image":[{"width":900,"height":600,"url":"https:\/\/static.africa-press.net\/cameroun\/sites\/57\/2021\/03\/img-6058223f24715.jpg","type":"image\/jpeg"}],"author":"cfeditorfr","twitter_card":"summary_large_image","twitter_misc":{"\u00c9crit par":"cfeditorfr","Dur\u00e9e de lecture estim\u00e9e":"2 minutes"},"schema":{"@context":"https:\/\/schema.org","@graph":[{"@type":"Article","@id":"https:\/\/www.africa-press.net\/cameroun\/politique\/elections-au-parlement-un-journal-charge-severement-boris-bertolt#article","isPartOf":{"@id":"https:\/\/www.africa-press.net\/cameroun\/politique\/elections-au-parlement-un-journal-charge-severement-boris-bertolt"},"author":{"name":"cfeditorfr","@id":"https:\/\/www.africa-press.net\/cameroun\/#\/schema\/person\/2b1cf3cd81a31e3cd26889ca66d677f1"},"headline":"Elections au parlement: un journal charge s\u00e9v\u00e8rement Boris Bertolt","datePublished":"2021-03-19T13:22:23+00:00","dateModified":"2021-03-22T04:51:33+00:00","mainEntityOfPage":{"@id":"https:\/\/www.africa-press.net\/cameroun\/politique\/elections-au-parlement-un-journal-charge-severement-boris-bertolt"},"wordCount":349,"commentCount":0,"image":{"@id":"https:\/\/www.africa-press.net\/cameroun\/politique\/elections-au-parlement-un-journal-charge-severement-boris-bertolt#primaryimage"},"thumbnailUrl":"https:\/\/static.africa-press.net\/cameroun\/sites\/57\/2021\/03\/img-6058223f24715.jpg","keywords":["Africa Press","Africa Press-Cameroun","Cameroun"],"articleSection":["homepage-french","Politique","Toutes les actualit\u00e9s"],"inLanguage":"fr-FR","potentialAction":[{"@type":"CommentAction","name":"Comment","target":["https:\/\/www.africa-press.net\/cameroun\/politique\/elections-au-parlement-un-journal-charge-severement-boris-bertolt#respond"]}]},{"@type":"WebPage","@id":"https:\/\/www.africa-press.net\/cameroun\/politique\/elections-au-parlement-un-journal-charge-severement-boris-bertolt","url":"https:\/\/www.africa-press.net\/cameroun\/politique\/elections-au-parlement-un-journal-charge-severement-boris-bertolt","name":"Elections au parlement: un journal charge s\u00e9v\u00e8rement Boris Bertolt - Cameroun","isPartOf":{"@id":"https:\/\/www.africa-press.net\/cameroun\/#website"},"primaryImageOfPage":{"@id":"https:\/\/www.africa-press.net\/cameroun\/politique\/elections-au-parlement-un-journal-charge-severement-boris-bertolt#primaryimage"},"image":{"@id":"https:\/\/www.africa-press.net\/cameroun\/politique\/elections-au-parlement-un-journal-charge-severement-boris-bertolt#primaryimage"},"thumbnailUrl":"https:\/\/static.africa-press.net\/cameroun\/sites\/57\/2021\/03\/img-6058223f24715.jpg","datePublished":"2021-03-19T13:22:23+00:00","dateModified":"2021-03-22T04:51:33+00:00","author":{"@id":"https:\/\/www.africa-press.net\/cameroun\/#\/schema\/person\/2b1cf3cd81a31e3cd26889ca66d677f1"},"description":"Niat Njifenji Marcel, 86 ans a \u00e9t\u00e9 r\u00e9\u00e9lu Pr\u00e9sident du S\u00e9nat, d\u00e9jouant ainsi les pr\u00e9dictions du c\u00e9l\u00e8bre lanceur d\u2019alertes ...","breadcrumb":{"@id":"https:\/\/www.africa-press.net\/cameroun\/politique\/elections-au-parlement-un-journal-charge-severement-boris-bertolt#breadcrumb"},"inLanguage":"fr-FR","potentialAction":[{"@type":"ReadAction","target":["https:\/\/www.africa-press.net\/cameroun\/politique\/elections-au-parlement-un-journal-charge-severement-boris-bertolt"]}]},{"@type":"ImageObject","inLanguage":"fr-FR","@id":"https:\/\/www.africa-press.net\/cameroun\/politique\/elections-au-parlement-un-journal-charge-severement-boris-bertolt#primaryimage","url":"https:\/\/static.africa-press.net\/cameroun\/sites\/57\/2021\/03\/img-6058223f24715.jpg","contentUrl":"https:\/\/static.africa-press.net\/cameroun\/sites\/57\/2021\/03\/img-6058223f24715.jpg","width":900,"height":600,"caption":"Elections au parlement: un journal charge s\u00e9v\u00e8rement Boris Bertolt"},{"@type":"BreadcrumbList","@id":"https:\/\/www.africa-press.net\/cameroun\/politique\/elections-au-parlement-un-journal-charge-severement-boris-bertolt#breadcrumb","itemListElement":[{"@type":"ListItem","position":1,"name":"Accueil","item":"https:\/\/www.africa-press.net\/cameroun\/"},{"@type":"ListItem","position":2,"name":"Elections au parlement: un journal charge s\u00e9v\u00e8rement Boris Bertolt"}]},{"@type":"WebSite","@id":"https:\/\/www.africa-press.net\/cameroun\/#website","url":"https:\/\/www.africa-press.net\/cameroun\/","name":"Cameroun","description":"Just another Africa News Agency Sites site","potentialAction":[{"@type":"SearchAction","target":{"@type":"EntryPoint","urlTemplate":"https:\/\/www.africa-press.net\/cameroun\/?s={search_term_string}"},"query-input":{"@type":"PropertyValueSpecification","valueRequired":true,"valueName":"search_term_string"}}],"inLanguage":"fr-FR"},{"@type":"Person","@id":"https:\/\/www.africa-press.net\/cameroun\/#\/schema\/person\/2b1cf3cd81a31e3cd26889ca66d677f1","name":"cfeditorfr"}]}},"_links":{"self":[{"href":"https:\/\/www.africa-press.net\/cameroun\/wp-json\/wp\/v2\/posts\/1454","targetHints":{"allow":["GET"]}}],"collection":[{"href":"https:\/\/www.africa-press.net\/cameroun\/wp-json\/wp\/v2\/posts"}],"about":[{"href":"https:\/\/www.africa-press.net\/cameroun\/wp-json\/wp\/v2\/types\/post"}],"author":[{"embeddable":true,"href":"https:\/\/www.africa-press.net\/cameroun\/wp-json\/wp\/v2\/users\/82"}],"replies":[{"embeddable":true,"href":"https:\/\/www.africa-press.net\/cameroun\/wp-json\/wp\/v2\/comments?post=1454"}],"version-history":[{"count":0,"href":"https:\/\/www.africa-press.net\/cameroun\/wp-json\/wp\/v2\/posts\/1454\/revisions"}],"wp:featuredmedia":[{"embeddable":true,"href":"https:\/\/www.africa-press.net\/cameroun\/wp-json\/wp\/v2\/media\/1453"}],"wp:attachment":[{"href":"https:\/\/www.africa-press.net\/cameroun\/wp-json\/wp\/v2\/media?parent=1454"}],"wp:term":[{"taxonomy":"category","embeddable":true,"href":"https:\/\/www.africa-press.net\/cameroun\/wp-json\/wp\/v2\/categories?post=1454"},{"taxonomy":"post_tag","embeddable":true,"href":"https:\/\/www.africa-press.net\/cameroun\/wp-json\/wp\/v2\/tags?post=1454"}],"curies":[{"name":"wp","href":"https:\/\/api.w.org\/{rel}","templated":true}]}}