{"id":1457,"date":"2021-03-19T13:28:55","date_gmt":"2021-03-19T13:28:55","guid":{"rendered":"https:\/\/www.africa-press.net\/cameroun\/politique\/traffic-darmes-au-cameroun-de-graves-revelations-accablent-martin-mbarga-nguele"},"modified":"2021-03-22T04:52:04","modified_gmt":"2021-03-22T04:52:04","slug":"traffic-darmes-au-cameroun-de-graves-revelations-accablent-martin-mbarga-nguele","status":"publish","type":"post","link":"https:\/\/www.africa-press.net\/cameroun\/politique\/traffic-darmes-au-cameroun-de-graves-revelations-accablent-martin-mbarga-nguele","title":{"rendered":"Traffic d&rsquo;armes au Cameroun: de graves r\u00e9v\u00e9lations accablent Martin Mbarga Ngu\u00e9l\u00e9"},"content":{"rendered":"<p><span style=\"color: #ff6600\"><strong><a href=\"https:\/\/www.africa-press.net\/\">Africa-Press<\/a> &#8211; <a href=\"https:\/\/www.africa-press.net\/cameroun\">Cameroun<\/a>. <\/strong><\/span>Le d\u00e9l\u00e9gu\u00e9 g\u00e9n\u00e9ral de la Police camerounaise cit\u00e9 dans une salle affaire de traffic d&rsquo;armes au Cameroun. Et c&rsquo;est un officier de l&rsquo;arm\u00e9e qui livre ce secret sur Mbarga Ngu\u00e9l\u00e9 envers qui il porte ces &lsquo;graves&rsquo; accusations.<\/p>\n<p>L&rsquo;officier qui requiert l&rsquo;anonymat, a adress\u00e9 une lettre au pr\u00e9sident Biya avec preuves \u00e0 l&rsquo;appui. Dans les vid\u00e9os ci-dessous, Patrice Nouma livre les dessous de ces accusations contre Mbarga Ngu\u00e9l\u00e9.<\/p>\n<p>Qui est r\u00e9ellement Martin Mbarga Ngu\u00e9l\u00e9<\/p>\n<p>N\u00e9 le 1er juillet 1932 \u00e0 Mengueme Bane, petit village situ\u00e9 dans l\u2019arrondissement de Nkolmetet, d\u00e9partement du Nyong et So\u2019o, r\u00e9gion du Centre, MBARGA NGUELE est l\u2019un des responsables de la Police camerounaise \u00e0 avoir gravi toutes les marches de \u00ab l\u2019\u00e9tage Police \u00bb.<\/p>\n<p>Il d\u00e9bute sa carri\u00e8re professionnelle \u00e0 l\u2019\u00e2ge de 19 ans, en qualit\u00e9 d\u2019Inspecteur de Police \u00e0 Douala et y est successivement Commissaire du 1er Arrondissement, en 1951 et Commissaire du 2\u00e8me de 1961 \u00e0 1963. En 1964, il est nomm\u00e9 Commissaire Sp\u00e9cial de la ville de Yaound\u00e9, poste qu\u2019il occupe jusqu\u2019en 1966. Il est ensuite nomm\u00e9 Chef de la Brigade Provinciale de la Police Judiciaire du Centre-Sud. En 1967, il devient Commissaire Central de Yaound\u00e9, cumulativement avec ses fonctions de Chef de service Provincial de la S\u00fbret\u00e9 Nationale du Centre. De 1976 \u00e0 1982, il est Directeur des Renseignements g\u00e9n\u00e9raux. Par la suite, il est nomm\u00e9 Charg\u00e9 d\u2019Etudes \u00e0 la D\u00e9l\u00e9gation G\u00e9n\u00e9rale \u00e0 la S\u00fbret\u00e9 Nationale.<\/p>\n<p>Il devient D\u00e9l\u00e9gu\u00e9 G\u00e9n\u00e9ral \u00e0 la S\u00fbret\u00e9 Nationale en ao\u00fbt 1983. Il quittera ce poste en 1984, pour aller assumer les fonctions d\u2019Ambassadeur du Cameroun au Za\u00efre. Apr\u00e8s avoir pass\u00e9 19 ans comme Ambassadeur du Cameroun au Br\u00e9sil, il est mut\u00e9 en Espagne le 11 mars 2010. Cumulativement, le 31 ao\u00fbt 2010, il est nomm\u00e9 pour la deuxi\u00e8me fois D\u00e9l\u00e9gu\u00e9 G\u00e9n\u00e9ral \u00e0 la S\u00fbret\u00e9 Nationale. Depuis son installation il entend \u00ab ne rien laisser au hasard pour que la Police redevienne ce qu\u2019elle doit \u00eatre, quel que soit le temps que cela prendra \u00bb.<\/p>\n<p>Entrain\u00e9 par Amougou Belinga dans un scandale<br \/>\nEn juillet 2020, Martin Mbarga Nguele a \u00e9t\u00e9 m\u00eal\u00e9 \u00e0 un scandale de messages t\u00e9l\u00e9phoniques en rapport avec le PDG de Vision 4, Amougou Belinga. Le DG de la suret\u00e9 \u00e9tait accus\u00e9 de vouloir faire couler le puissant parton des m\u00e9dias Amougou Belinga. \u00ab J\u2019avais quelques informations \u00e0 partager avec vous, notamment au sujet de Martin Mbarga Nguele qui certainement fait partie des pourfendeurs de Jean-Pierre Amougou Belinga, mais qui serait m\u00eal\u00e9 \u00e0 une affaire qu\u2019ils auraient trait\u00e9e c\u00f4t\u00e9 de la Guin\u00e9e \u00c9quatoriale \u00e0 hauteur de 15 milliards de FCFA. Mais Martin Mbarga Ngu\u00e9l\u00e9 n\u2019a pas \u00e9t\u00e9 content de la part qui lui a \u00e9t\u00e9 donn\u00e9e. Et du coup, il a d\u00e9cid\u00e9 de faire la peau \u00e0 Jean-Pierre Amougou Belinga. C\u2019est pourquoi beaucoup de cabales sont mont\u00e9es de son c\u00f4t\u00e9 pour faire tomber le magnat de la presse au Cameroun \u00bb, r\u00e9v\u00e9lait un t\u00e9l\u00e9spectateur au t\u00e9l\u00e9phone sur le plateau de Club d\u2019\u00c9lites pr\u00e9sent\u00e9 par Jean-Jacques Z\u00e9.<\/p>\n<p>Malgr\u00e9 touts les scandales qui auront jonch\u00e9s sa carri\u00e8re, ce dernier aura \u00e9t\u00e9 celui qui fera couler beaucoup plus d\u2019encre, puisque Mbarga Nguele sera au centre d\u2019un v\u00e9ritable lynchage m\u00e9diatique et sur les r\u00e9seaux sociaux. V\u00e9x\u00e9, le DG de la suret\u00e9 nationale d\u00e9cidera plus tard de retirer \u00e0 Amougou Belinga les 13 policiers affect\u00e9s \u00e0 la protection du Groupe l\u2019Anecdote. Une affaire qui va marquer la fin d\u2019une amiti\u00e9 entre fr\u00e8res Betis.<\/p>\n<p><iframe loading=\"lazy\" title=\"1 OFFICIER DE POLICE ACCUSE OFFICIELLEMENT MBARGA NGUELE DE TRAFIQUANT DES ARMES AU CAMEROUN\/PART2\" width=\"696\" height=\"392\" src=\"https:\/\/www.youtube.com\/embed\/7qo-9OCRCMU?feature=oembed\" frameborder=\"0\" allow=\"accelerometer; autoplay; clipboard-write; encrypted-media; gyroscope; picture-in-picture\" allowfullscreen><\/iframe><\/p>\n<p><iframe loading=\"lazy\" title=\"1 OFFICIER DE POLICE ACCUSE OFFICIELLEMENT MBARGA NGUELE DE TRAFIQUANT DES ARMES AU CAMEROUN\/PART3\" width=\"696\" height=\"392\" src=\"https:\/\/www.youtube.com\/embed\/mEZ8L3KEQkA?feature=oembed\" frameborder=\"0\" allow=\"accelerometer; autoplay; clipboard-write; encrypted-media; gyroscope; picture-in-picture\" allowfullscreen><\/iframe><\/p>\n","protected":false},"excerpt":{"rendered":"<p>Africa-Press &#8211; Cameroun. Le d\u00e9l\u00e9gu\u00e9 g\u00e9n\u00e9ral de la Police camerounaise cit\u00e9 dans une salle affaire de traffic d&rsquo;armes au Cameroun. Et c&rsquo;est un officier de l&rsquo;arm\u00e9e qui livre ce secret sur Mbarga Ngu\u00e9l\u00e9 envers qui il porte ces &lsquo;graves&rsquo; accusations. L&rsquo;officier qui requiert l&rsquo;anonymat, a adress\u00e9 une lettre au pr\u00e9sident Biya avec preuves \u00e0 l&rsquo;appui. [&hellip;]<\/p>\n","protected":false},"author":82,"featured_media":1456,"comment_status":"open","ping_status":"closed","sticky":false,"template":"","format":"standard","meta":{"footnotes":""},"categories":[11,2,10,9],"tags":[36,50,49],"class_list":["post-1457","post","type-post","status-publish","format-standard","has-post-thumbnail","hentry","category-homepage-french","category-politique","category-toutes-les-actualites","category-video","tag-africa-press","tag-africa-press-cameroun","tag-cameroun"],"yoast_head":"<!-- This site is optimized with the Yoast SEO Premium plugin v26.1 (Yoast SEO v27.0) - https:\/\/yoast.com\/product\/yoast-seo-premium-wordpress\/ -->\n<title>Traffic d&#039;armes au Cameroun: de graves r\u00e9v\u00e9lations accablent Martin Mbarga Ngu\u00e9l\u00e9 - Cameroun<\/title>\n<meta name=\"description\" content=\"Le d\u00e9l\u00e9gu\u00e9 g\u00e9n\u00e9ral de la Police camerounaise cit\u00e9 dans une salle affaire de traffic d&#039;armes au Cameroun. Et c&#039;est un off ...\" \/>\n<meta name=\"robots\" content=\"index, follow, max-snippet:-1, max-image-preview:large, max-video-preview:-1\" \/>\n<link rel=\"canonical\" href=\"https:\/\/www.africa-press.net\/cameroun\/politique\/traffic-darmes-au-cameroun-de-graves-revelations-accablent-martin-mbarga-nguele\" \/>\n<meta property=\"og:locale\" content=\"fr_FR\" \/>\n<meta property=\"og:type\" content=\"article\" \/>\n<meta property=\"og:title\" content=\"Traffic d&#039;armes au Cameroun: de graves r\u00e9v\u00e9lations accablent Martin Mbarga Ngu\u00e9l\u00e9\" \/>\n<meta property=\"og:description\" content=\"Le d\u00e9l\u00e9gu\u00e9 g\u00e9n\u00e9ral de la Police camerounaise cit\u00e9 dans une salle affaire de traffic d&#039;armes au Cameroun. Et c&#039;est un off ...\" \/>\n<meta property=\"og:url\" content=\"https:\/\/www.africa-press.net\/cameroun\/politique\/traffic-darmes-au-cameroun-de-graves-revelations-accablent-martin-mbarga-nguele\" \/>\n<meta property=\"og:site_name\" content=\"Cameroun\" \/>\n<meta property=\"article:published_time\" content=\"2021-03-19T13:28:55+00:00\" \/>\n<meta property=\"article:modified_time\" content=\"2021-03-22T04:52:04+00:00\" \/>\n<meta property=\"og:image\" content=\"https:\/\/static.africa-press.net\/cameroun\/sites\/57\/2021\/03\/img-6058225fed6fb.jpg\" \/>\n\t<meta property=\"og:image:width\" content=\"800\" \/>\n\t<meta property=\"og:image:height\" content=\"480\" \/>\n\t<meta property=\"og:image:type\" content=\"image\/jpeg\" \/>\n<meta name=\"author\" content=\"cfeditorfr\" \/>\n<meta name=\"twitter:card\" content=\"summary_large_image\" \/>\n<meta name=\"twitter:label1\" content=\"\u00c9crit par\" \/>\n\t<meta name=\"twitter:data1\" content=\"cfeditorfr\" \/>\n\t<meta name=\"twitter:label2\" content=\"Dur\u00e9e de lecture estim\u00e9e\" \/>\n\t<meta name=\"twitter:data2\" content=\"3 minutes\" \/>\n<script type=\"application\/ld+json\" class=\"yoast-schema-graph\">{\"@context\":\"https:\/\/schema.org\",\"@graph\":[{\"@type\":\"Article\",\"@id\":\"https:\/\/www.africa-press.net\/cameroun\/politique\/traffic-darmes-au-cameroun-de-graves-revelations-accablent-martin-mbarga-nguele#article\",\"isPartOf\":{\"@id\":\"https:\/\/www.africa-press.net\/cameroun\/politique\/traffic-darmes-au-cameroun-de-graves-revelations-accablent-martin-mbarga-nguele\"},\"author\":{\"name\":\"cfeditorfr\",\"@id\":\"https:\/\/www.africa-press.net\/cameroun\/#\/schema\/person\/2b1cf3cd81a31e3cd26889ca66d677f1\"},\"headline\":\"Traffic d&rsquo;armes au Cameroun: de graves r\u00e9v\u00e9lations accablent Martin Mbarga Ngu\u00e9l\u00e9\",\"datePublished\":\"2021-03-19T13:28:55+00:00\",\"dateModified\":\"2021-03-22T04:52:04+00:00\",\"mainEntityOfPage\":{\"@id\":\"https:\/\/www.africa-press.net\/cameroun\/politique\/traffic-darmes-au-cameroun-de-graves-revelations-accablent-martin-mbarga-nguele\"},\"wordCount\":647,\"commentCount\":0,\"image\":{\"@id\":\"https:\/\/www.africa-press.net\/cameroun\/politique\/traffic-darmes-au-cameroun-de-graves-revelations-accablent-martin-mbarga-nguele#primaryimage\"},\"thumbnailUrl\":\"https:\/\/static.africa-press.net\/cameroun\/sites\/57\/2021\/03\/img-6058225fed6fb.jpg\",\"keywords\":[\"Africa Press\",\"Africa Press-Cameroun\",\"Cameroun\"],\"articleSection\":[\"homepage-french\",\"Politique\",\"Toutes les actualit\u00e9s\",\"vid\u00e9o\"],\"inLanguage\":\"fr-FR\",\"potentialAction\":[{\"@type\":\"CommentAction\",\"name\":\"Comment\",\"target\":[\"https:\/\/www.africa-press.net\/cameroun\/politique\/traffic-darmes-au-cameroun-de-graves-revelations-accablent-martin-mbarga-nguele#respond\"]}]},{\"@type\":\"WebPage\",\"@id\":\"https:\/\/www.africa-press.net\/cameroun\/politique\/traffic-darmes-au-cameroun-de-graves-revelations-accablent-martin-mbarga-nguele\",\"url\":\"https:\/\/www.africa-press.net\/cameroun\/politique\/traffic-darmes-au-cameroun-de-graves-revelations-accablent-martin-mbarga-nguele\",\"name\":\"Traffic d'armes au Cameroun: de graves r\u00e9v\u00e9lations accablent Martin Mbarga Ngu\u00e9l\u00e9 - Cameroun\",\"isPartOf\":{\"@id\":\"https:\/\/www.africa-press.net\/cameroun\/#website\"},\"primaryImageOfPage\":{\"@id\":\"https:\/\/www.africa-press.net\/cameroun\/politique\/traffic-darmes-au-cameroun-de-graves-revelations-accablent-martin-mbarga-nguele#primaryimage\"},\"image\":{\"@id\":\"https:\/\/www.africa-press.net\/cameroun\/politique\/traffic-darmes-au-cameroun-de-graves-revelations-accablent-martin-mbarga-nguele#primaryimage\"},\"thumbnailUrl\":\"https:\/\/static.africa-press.net\/cameroun\/sites\/57\/2021\/03\/img-6058225fed6fb.jpg\",\"datePublished\":\"2021-03-19T13:28:55+00:00\",\"dateModified\":\"2021-03-22T04:52:04+00:00\",\"author\":{\"@id\":\"https:\/\/www.africa-press.net\/cameroun\/#\/schema\/person\/2b1cf3cd81a31e3cd26889ca66d677f1\"},\"description\":\"Le d\u00e9l\u00e9gu\u00e9 g\u00e9n\u00e9ral de la Police camerounaise cit\u00e9 dans une salle affaire de traffic d'armes au Cameroun. Et c'est un off ...\",\"breadcrumb\":{\"@id\":\"https:\/\/www.africa-press.net\/cameroun\/politique\/traffic-darmes-au-cameroun-de-graves-revelations-accablent-martin-mbarga-nguele#breadcrumb\"},\"inLanguage\":\"fr-FR\",\"potentialAction\":[{\"@type\":\"ReadAction\",\"target\":[\"https:\/\/www.africa-press.net\/cameroun\/politique\/traffic-darmes-au-cameroun-de-graves-revelations-accablent-martin-mbarga-nguele\"]}]},{\"@type\":\"ImageObject\",\"inLanguage\":\"fr-FR\",\"@id\":\"https:\/\/www.africa-press.net\/cameroun\/politique\/traffic-darmes-au-cameroun-de-graves-revelations-accablent-martin-mbarga-nguele#primaryimage\",\"url\":\"https:\/\/static.africa-press.net\/cameroun\/sites\/57\/2021\/03\/img-6058225fed6fb.jpg\",\"contentUrl\":\"https:\/\/static.africa-press.net\/cameroun\/sites\/57\/2021\/03\/img-6058225fed6fb.jpg\",\"width\":800,\"height\":480,\"caption\":\"Traffic d'armes au Cameroun: de graves r\u00e9v\u00e9lations accablent Martin Mbarga Ngu\u00e9l\u00e9\"},{\"@type\":\"BreadcrumbList\",\"@id\":\"https:\/\/www.africa-press.net\/cameroun\/politique\/traffic-darmes-au-cameroun-de-graves-revelations-accablent-martin-mbarga-nguele#breadcrumb\",\"itemListElement\":[{\"@type\":\"ListItem\",\"position\":1,\"name\":\"Accueil\",\"item\":\"https:\/\/www.africa-press.net\/cameroun\/\"},{\"@type\":\"ListItem\",\"position\":2,\"name\":\"Traffic d&#8217;armes au Cameroun: de graves r\u00e9v\u00e9lations accablent Martin Mbarga Ngu\u00e9l\u00e9\"}]},{\"@type\":\"WebSite\",\"@id\":\"https:\/\/www.africa-press.net\/cameroun\/#website\",\"url\":\"https:\/\/www.africa-press.net\/cameroun\/\",\"name\":\"Cameroun\",\"description\":\"Just another Africa News Agency Sites site\",\"potentialAction\":[{\"@type\":\"SearchAction\",\"target\":{\"@type\":\"EntryPoint\",\"urlTemplate\":\"https:\/\/www.africa-press.net\/cameroun\/?s={search_term_string}\"},\"query-input\":{\"@type\":\"PropertyValueSpecification\",\"valueRequired\":true,\"valueName\":\"search_term_string\"}}],\"inLanguage\":\"fr-FR\"},{\"@type\":\"Person\",\"@id\":\"https:\/\/www.africa-press.net\/cameroun\/#\/schema\/person\/2b1cf3cd81a31e3cd26889ca66d677f1\",\"name\":\"cfeditorfr\"}]}<\/script>\n<!-- \/ Yoast SEO Premium plugin. -->","yoast_head_json":{"title":"Traffic d'armes au Cameroun: de graves r\u00e9v\u00e9lations accablent Martin Mbarga Ngu\u00e9l\u00e9 - Cameroun","description":"Le d\u00e9l\u00e9gu\u00e9 g\u00e9n\u00e9ral de la Police camerounaise cit\u00e9 dans une salle affaire de traffic d'armes au Cameroun. Et c'est un off ...","robots":{"index":"index","follow":"follow","max-snippet":"max-snippet:-1","max-image-preview":"max-image-preview:large","max-video-preview":"max-video-preview:-1"},"canonical":"https:\/\/www.africa-press.net\/cameroun\/politique\/traffic-darmes-au-cameroun-de-graves-revelations-accablent-martin-mbarga-nguele","og_locale":"fr_FR","og_type":"article","og_title":"Traffic d'armes au Cameroun: de graves r\u00e9v\u00e9lations accablent Martin Mbarga Ngu\u00e9l\u00e9","og_description":"Le d\u00e9l\u00e9gu\u00e9 g\u00e9n\u00e9ral de la Police camerounaise cit\u00e9 dans une salle affaire de traffic d'armes au Cameroun. Et c'est un off ...","og_url":"https:\/\/www.africa-press.net\/cameroun\/politique\/traffic-darmes-au-cameroun-de-graves-revelations-accablent-martin-mbarga-nguele","og_site_name":"Cameroun","article_published_time":"2021-03-19T13:28:55+00:00","article_modified_time":"2021-03-22T04:52:04+00:00","og_image":[{"width":800,"height":480,"url":"https:\/\/static.africa-press.net\/cameroun\/sites\/57\/2021\/03\/img-6058225fed6fb.jpg","type":"image\/jpeg"}],"author":"cfeditorfr","twitter_card":"summary_large_image","twitter_misc":{"\u00c9crit par":"cfeditorfr","Dur\u00e9e de lecture estim\u00e9e":"3 minutes"},"schema":{"@context":"https:\/\/schema.org","@graph":[{"@type":"Article","@id":"https:\/\/www.africa-press.net\/cameroun\/politique\/traffic-darmes-au-cameroun-de-graves-revelations-accablent-martin-mbarga-nguele#article","isPartOf":{"@id":"https:\/\/www.africa-press.net\/cameroun\/politique\/traffic-darmes-au-cameroun-de-graves-revelations-accablent-martin-mbarga-nguele"},"author":{"name":"cfeditorfr","@id":"https:\/\/www.africa-press.net\/cameroun\/#\/schema\/person\/2b1cf3cd81a31e3cd26889ca66d677f1"},"headline":"Traffic d&rsquo;armes au Cameroun: de graves r\u00e9v\u00e9lations accablent Martin Mbarga Ngu\u00e9l\u00e9","datePublished":"2021-03-19T13:28:55+00:00","dateModified":"2021-03-22T04:52:04+00:00","mainEntityOfPage":{"@id":"https:\/\/www.africa-press.net\/cameroun\/politique\/traffic-darmes-au-cameroun-de-graves-revelations-accablent-martin-mbarga-nguele"},"wordCount":647,"commentCount":0,"image":{"@id":"https:\/\/www.africa-press.net\/cameroun\/politique\/traffic-darmes-au-cameroun-de-graves-revelations-accablent-martin-mbarga-nguele#primaryimage"},"thumbnailUrl":"https:\/\/static.africa-press.net\/cameroun\/sites\/57\/2021\/03\/img-6058225fed6fb.jpg","keywords":["Africa Press","Africa Press-Cameroun","Cameroun"],"articleSection":["homepage-french","Politique","Toutes les actualit\u00e9s","vid\u00e9o"],"inLanguage":"fr-FR","potentialAction":[{"@type":"CommentAction","name":"Comment","target":["https:\/\/www.africa-press.net\/cameroun\/politique\/traffic-darmes-au-cameroun-de-graves-revelations-accablent-martin-mbarga-nguele#respond"]}]},{"@type":"WebPage","@id":"https:\/\/www.africa-press.net\/cameroun\/politique\/traffic-darmes-au-cameroun-de-graves-revelations-accablent-martin-mbarga-nguele","url":"https:\/\/www.africa-press.net\/cameroun\/politique\/traffic-darmes-au-cameroun-de-graves-revelations-accablent-martin-mbarga-nguele","name":"Traffic d'armes au Cameroun: de graves r\u00e9v\u00e9lations accablent Martin Mbarga Ngu\u00e9l\u00e9 - Cameroun","isPartOf":{"@id":"https:\/\/www.africa-press.net\/cameroun\/#website"},"primaryImageOfPage":{"@id":"https:\/\/www.africa-press.net\/cameroun\/politique\/traffic-darmes-au-cameroun-de-graves-revelations-accablent-martin-mbarga-nguele#primaryimage"},"image":{"@id":"https:\/\/www.africa-press.net\/cameroun\/politique\/traffic-darmes-au-cameroun-de-graves-revelations-accablent-martin-mbarga-nguele#primaryimage"},"thumbnailUrl":"https:\/\/static.africa-press.net\/cameroun\/sites\/57\/2021\/03\/img-6058225fed6fb.jpg","datePublished":"2021-03-19T13:28:55+00:00","dateModified":"2021-03-22T04:52:04+00:00","author":{"@id":"https:\/\/www.africa-press.net\/cameroun\/#\/schema\/person\/2b1cf3cd81a31e3cd26889ca66d677f1"},"description":"Le d\u00e9l\u00e9gu\u00e9 g\u00e9n\u00e9ral de la Police camerounaise cit\u00e9 dans une salle affaire de traffic d'armes au Cameroun. Et c'est un off ...","breadcrumb":{"@id":"https:\/\/www.africa-press.net\/cameroun\/politique\/traffic-darmes-au-cameroun-de-graves-revelations-accablent-martin-mbarga-nguele#breadcrumb"},"inLanguage":"fr-FR","potentialAction":[{"@type":"ReadAction","target":["https:\/\/www.africa-press.net\/cameroun\/politique\/traffic-darmes-au-cameroun-de-graves-revelations-accablent-martin-mbarga-nguele"]}]},{"@type":"ImageObject","inLanguage":"fr-FR","@id":"https:\/\/www.africa-press.net\/cameroun\/politique\/traffic-darmes-au-cameroun-de-graves-revelations-accablent-martin-mbarga-nguele#primaryimage","url":"https:\/\/static.africa-press.net\/cameroun\/sites\/57\/2021\/03\/img-6058225fed6fb.jpg","contentUrl":"https:\/\/static.africa-press.net\/cameroun\/sites\/57\/2021\/03\/img-6058225fed6fb.jpg","width":800,"height":480,"caption":"Traffic d'armes au Cameroun: de graves r\u00e9v\u00e9lations accablent Martin Mbarga Ngu\u00e9l\u00e9"},{"@type":"BreadcrumbList","@id":"https:\/\/www.africa-press.net\/cameroun\/politique\/traffic-darmes-au-cameroun-de-graves-revelations-accablent-martin-mbarga-nguele#breadcrumb","itemListElement":[{"@type":"ListItem","position":1,"name":"Accueil","item":"https:\/\/www.africa-press.net\/cameroun\/"},{"@type":"ListItem","position":2,"name":"Traffic d&#8217;armes au Cameroun: de graves r\u00e9v\u00e9lations accablent Martin Mbarga Ngu\u00e9l\u00e9"}]},{"@type":"WebSite","@id":"https:\/\/www.africa-press.net\/cameroun\/#website","url":"https:\/\/www.africa-press.net\/cameroun\/","name":"Cameroun","description":"Just another Africa News Agency Sites site","potentialAction":[{"@type":"SearchAction","target":{"@type":"EntryPoint","urlTemplate":"https:\/\/www.africa-press.net\/cameroun\/?s={search_term_string}"},"query-input":{"@type":"PropertyValueSpecification","valueRequired":true,"valueName":"search_term_string"}}],"inLanguage":"fr-FR"},{"@type":"Person","@id":"https:\/\/www.africa-press.net\/cameroun\/#\/schema\/person\/2b1cf3cd81a31e3cd26889ca66d677f1","name":"cfeditorfr"}]}},"_links":{"self":[{"href":"https:\/\/www.africa-press.net\/cameroun\/wp-json\/wp\/v2\/posts\/1457","targetHints":{"allow":["GET"]}}],"collection":[{"href":"https:\/\/www.africa-press.net\/cameroun\/wp-json\/wp\/v2\/posts"}],"about":[{"href":"https:\/\/www.africa-press.net\/cameroun\/wp-json\/wp\/v2\/types\/post"}],"author":[{"embeddable":true,"href":"https:\/\/www.africa-press.net\/cameroun\/wp-json\/wp\/v2\/users\/82"}],"replies":[{"embeddable":true,"href":"https:\/\/www.africa-press.net\/cameroun\/wp-json\/wp\/v2\/comments?post=1457"}],"version-history":[{"count":0,"href":"https:\/\/www.africa-press.net\/cameroun\/wp-json\/wp\/v2\/posts\/1457\/revisions"}],"wp:featuredmedia":[{"embeddable":true,"href":"https:\/\/www.africa-press.net\/cameroun\/wp-json\/wp\/v2\/media\/1456"}],"wp:attachment":[{"href":"https:\/\/www.africa-press.net\/cameroun\/wp-json\/wp\/v2\/media?parent=1457"}],"wp:term":[{"taxonomy":"category","embeddable":true,"href":"https:\/\/www.africa-press.net\/cameroun\/wp-json\/wp\/v2\/categories?post=1457"},{"taxonomy":"post_tag","embeddable":true,"href":"https:\/\/www.africa-press.net\/cameroun\/wp-json\/wp\/v2\/tags?post=1457"}],"curies":[{"name":"wp","href":"https:\/\/api.w.org\/{rel}","templated":true}]}}