{"id":1460,"date":"2021-03-19T13:37:28","date_gmt":"2021-03-19T13:37:28","guid":{"rendered":"https:\/\/www.africa-press.net\/cameroun\/politique\/acceleration-de-la-decentralisation-en-2021-paul-biya-na-plus-droit-a-lerreur"},"modified":"2021-03-22T04:52:37","modified_gmt":"2021-03-22T04:52:37","slug":"acceleration-de-la-decentralisation-en-2021-paul-biya-na-plus-droit-a-lerreur","status":"publish","type":"post","link":"https:\/\/www.africa-press.net\/cameroun\/politique\/acceleration-de-la-decentralisation-en-2021-paul-biya-na-plus-droit-a-lerreur","title":{"rendered":"Acc\u00e9l\u00e9ration de la d\u00e9centralisation en 2021 : Paul Biya n\u2019a plus droit \u00e0 l\u2019erreur"},"content":{"rendered":"<p><span style=\"color: #ff6600\"><strong><a href=\"https:\/\/www.africa-press.net\/\">Africa-Press<\/a> &#8211; <a href=\"https:\/\/www.africa-press.net\/cameroun\">Cameroun<\/a>. <\/strong><\/span>Depuis plusieurs ann\u00e9es, la m\u00eame chanson passe en boucle. Discours apr\u00e8s discours, le chef de l\u2019\u00e9tat Camerounais ne cesse de clamer son ambition \u201cd\u2019acc\u00e9l\u00e9rer le processus de d\u00e9centralisation\u201d. Entam\u00e9 en 1996, ce processus a connu un d\u00e9but de mat\u00e9rialisation au cours de l\u2019ann\u00e9e 2020 avec l\u2019adoption du code g\u00e9n\u00e9ral sur la d\u00e9centralisation et la tenue des \u00e9lections r\u00e9gionales. En 2021, Paul BIYA n\u2019aura plus aucune excuse si cette promesse ne se r\u00e9alise pas.<\/p>\n<p>R\u00e9unis le 30 d\u00e9cembre dernier au cercle municipal \u00e0 Bonanjo, les maires, membres de l\u2019association des Communes et Villes Unies du Cameroun ont r\u00e9clam\u00e9 la mise \u00e0 disposition des 15 % de dotation financi\u00e8re destin\u00e9s aux collectivit\u00e9s territoriales d\u00e9centralis\u00e9es. Le pr\u00e9l\u00e8vement de ce pourcentage sur le budget de l\u2019\u00c9tat fait partie des dispositions du Code g\u00e9n\u00e9ral sur la d\u00e9centralisation. Sauf que jusqu\u2019ici, cette loi n\u2019a pas encore \u00e9t\u00e9 appliqu\u00e9e au grand d\u00e9sarroi des maires r\u00e9cemment \u00e9lus, qui en avait fait un outil de Campagne lors des derni\u00e8res \u00e9lections municipales.<\/p>\n<p>Au del\u00e0 du non respect de la r\u00e9glementation en vigueur au sujet du transfert des fonds aux CTD, les maires ne jouissent pas comme pr\u00e9vu des pr\u00e9rogatives \u00e0 eux d\u00e9volues. Il est m\u00eame interdit \u00e0 certains d\u2019avoir un droit de regard sur la gestion des pans importants de leurs communes. C\u2019est le cas pour Paul \u00c9ric Kingue dont le combat pour la gestion des carri\u00e8res \u00e0 pouzzolane de Njombe-Penja s\u2019est av\u00e9r\u00e9 vain. Interrog\u00e9 par les \u00e9quipes d\u2019AFRIK INFORM \u00e0 ce sujet il y\u2019a Quelques jours, le Pr\u00e9sident National du MPCN a d\u00e9clar\u00e9 que se sont les \u201cfonctionnaires qui bloquent la d\u00e9centralisation au Cameroun\u201d. Patricia Toma\u00efno Ndam Njoya, maire de Foumban, fait face quant \u00e0 elle a plusieurs blocus dans l\u2019exercice de sa fonction. En toile de fond, le r\u00f4le de l\u2019autorit\u00e9 traditionnelle du Noun en la personne du Sultan Roi des Bamouns lui fait ombrage. Ces blocus sont l\u00e9gions dans la gestion au quotidien des mairies. Les magistrats municipaux r\u00e9clament plus d\u2019autonomie.<\/p>\n<p>Tel est l\u2019\u00e9tat des lieux d\u2019une d\u00e9centralisation balbutiante, plus pr\u00e9sente \u00e0 travers les textes que sur le terrain. Apr\u00e8s les promesses des ann\u00e9es ant\u00e9rieures, le Chef de l\u2019\u00e9tat est d\u00e9sormais dos au mur au moment o\u00f9 les voix s\u2019\u00e9l\u00e8vent m\u00eame au sein des communes g\u00e9r\u00e9es par le RDPC.<\/p>\n","protected":false},"excerpt":{"rendered":"<p>Africa-Press &#8211; Cameroun. Depuis plusieurs ann\u00e9es, la m\u00eame chanson passe en boucle. Discours apr\u00e8s discours, le chef de l\u2019\u00e9tat Camerounais ne cesse de clamer son ambition \u201cd\u2019acc\u00e9l\u00e9rer le processus de d\u00e9centralisation\u201d. Entam\u00e9 en 1996, ce processus a connu un d\u00e9but de mat\u00e9rialisation au cours de l\u2019ann\u00e9e 2020 avec l\u2019adoption du code g\u00e9n\u00e9ral sur la d\u00e9centralisation [&hellip;]<\/p>\n","protected":false},"author":82,"featured_media":1459,"comment_status":"open","ping_status":"closed","sticky":false,"template":"","format":"standard","meta":{"footnotes":""},"categories":[11,2,10],"tags":[36,50,49],"class_list":["post-1460","post","type-post","status-publish","format-standard","has-post-thumbnail","hentry","category-homepage-french","category-politique","category-toutes-les-actualites","tag-africa-press","tag-africa-press-cameroun","tag-cameroun"],"yoast_head":"<!-- This site is optimized with the Yoast SEO Premium plugin v26.1 (Yoast SEO v27.0) - https:\/\/yoast.com\/product\/yoast-seo-premium-wordpress\/ -->\n<title>Acc\u00e9l\u00e9ration de la d\u00e9centralisation en 2021 : Paul Biya n\u2019a plus droit \u00e0 l\u2019erreur - Cameroun<\/title>\n<meta name=\"description\" content=\"Depuis plusieurs ann\u00e9es, la m\u00eame chanson passe en boucle. Discours apr\u00e8s discours, le chef de l\u2019\u00e9tat Camerounais ne cess ...\" \/>\n<meta name=\"robots\" content=\"index, follow, max-snippet:-1, max-image-preview:large, max-video-preview:-1\" \/>\n<link rel=\"canonical\" href=\"https:\/\/www.africa-press.net\/cameroun\/politique\/acceleration-de-la-decentralisation-en-2021-paul-biya-na-plus-droit-a-lerreur\" \/>\n<meta property=\"og:locale\" content=\"fr_FR\" \/>\n<meta property=\"og:type\" content=\"article\" \/>\n<meta property=\"og:title\" content=\"Acc\u00e9l\u00e9ration de la d\u00e9centralisation en 2021 : Paul Biya n\u2019a plus droit \u00e0 l\u2019erreur\" \/>\n<meta property=\"og:description\" content=\"Depuis plusieurs ann\u00e9es, la m\u00eame chanson passe en boucle. Discours apr\u00e8s discours, le chef de l\u2019\u00e9tat Camerounais ne cess ...\" \/>\n<meta property=\"og:url\" content=\"https:\/\/www.africa-press.net\/cameroun\/politique\/acceleration-de-la-decentralisation-en-2021-paul-biya-na-plus-droit-a-lerreur\" \/>\n<meta property=\"og:site_name\" content=\"Cameroun\" \/>\n<meta property=\"article:published_time\" content=\"2021-03-19T13:37:28+00:00\" \/>\n<meta property=\"article:modified_time\" content=\"2021-03-22T04:52:37+00:00\" \/>\n<meta property=\"og:image\" content=\"https:\/\/static.africa-press.net\/cameroun\/sites\/57\/2021\/03\/img-6058228013fbc.jpg\" \/>\n\t<meta property=\"og:image:width\" content=\"1200\" \/>\n\t<meta property=\"og:image:height\" content=\"796\" \/>\n\t<meta property=\"og:image:type\" content=\"image\/jpeg\" \/>\n<meta name=\"author\" content=\"cfeditorfr\" \/>\n<meta name=\"twitter:card\" content=\"summary_large_image\" \/>\n<meta name=\"twitter:label1\" content=\"\u00c9crit par\" \/>\n\t<meta name=\"twitter:data1\" content=\"cfeditorfr\" \/>\n\t<meta name=\"twitter:label2\" content=\"Dur\u00e9e de lecture estim\u00e9e\" \/>\n\t<meta name=\"twitter:data2\" content=\"2 minutes\" \/>\n<script type=\"application\/ld+json\" class=\"yoast-schema-graph\">{\"@context\":\"https:\/\/schema.org\",\"@graph\":[{\"@type\":\"Article\",\"@id\":\"https:\/\/www.africa-press.net\/cameroun\/politique\/acceleration-de-la-decentralisation-en-2021-paul-biya-na-plus-droit-a-lerreur#article\",\"isPartOf\":{\"@id\":\"https:\/\/www.africa-press.net\/cameroun\/politique\/acceleration-de-la-decentralisation-en-2021-paul-biya-na-plus-droit-a-lerreur\"},\"author\":{\"name\":\"cfeditorfr\",\"@id\":\"https:\/\/www.africa-press.net\/cameroun\/#\/schema\/person\/2b1cf3cd81a31e3cd26889ca66d677f1\"},\"headline\":\"Acc\u00e9l\u00e9ration de la d\u00e9centralisation en 2021 : Paul Biya n\u2019a plus droit \u00e0 l\u2019erreur\",\"datePublished\":\"2021-03-19T13:37:28+00:00\",\"dateModified\":\"2021-03-22T04:52:37+00:00\",\"mainEntityOfPage\":{\"@id\":\"https:\/\/www.africa-press.net\/cameroun\/politique\/acceleration-de-la-decentralisation-en-2021-paul-biya-na-plus-droit-a-lerreur\"},\"wordCount\":453,\"commentCount\":0,\"image\":{\"@id\":\"https:\/\/www.africa-press.net\/cameroun\/politique\/acceleration-de-la-decentralisation-en-2021-paul-biya-na-plus-droit-a-lerreur#primaryimage\"},\"thumbnailUrl\":\"https:\/\/static.africa-press.net\/cameroun\/sites\/57\/2021\/03\/img-6058228013fbc.jpg\",\"keywords\":[\"Africa Press\",\"Africa Press-Cameroun\",\"Cameroun\"],\"articleSection\":[\"homepage-french\",\"Politique\",\"Toutes les actualit\u00e9s\"],\"inLanguage\":\"fr-FR\",\"potentialAction\":[{\"@type\":\"CommentAction\",\"name\":\"Comment\",\"target\":[\"https:\/\/www.africa-press.net\/cameroun\/politique\/acceleration-de-la-decentralisation-en-2021-paul-biya-na-plus-droit-a-lerreur#respond\"]}]},{\"@type\":\"WebPage\",\"@id\":\"https:\/\/www.africa-press.net\/cameroun\/politique\/acceleration-de-la-decentralisation-en-2021-paul-biya-na-plus-droit-a-lerreur\",\"url\":\"https:\/\/www.africa-press.net\/cameroun\/politique\/acceleration-de-la-decentralisation-en-2021-paul-biya-na-plus-droit-a-lerreur\",\"name\":\"Acc\u00e9l\u00e9ration de la d\u00e9centralisation en 2021 : Paul Biya n\u2019a plus droit \u00e0 l\u2019erreur - Cameroun\",\"isPartOf\":{\"@id\":\"https:\/\/www.africa-press.net\/cameroun\/#website\"},\"primaryImageOfPage\":{\"@id\":\"https:\/\/www.africa-press.net\/cameroun\/politique\/acceleration-de-la-decentralisation-en-2021-paul-biya-na-plus-droit-a-lerreur#primaryimage\"},\"image\":{\"@id\":\"https:\/\/www.africa-press.net\/cameroun\/politique\/acceleration-de-la-decentralisation-en-2021-paul-biya-na-plus-droit-a-lerreur#primaryimage\"},\"thumbnailUrl\":\"https:\/\/static.africa-press.net\/cameroun\/sites\/57\/2021\/03\/img-6058228013fbc.jpg\",\"datePublished\":\"2021-03-19T13:37:28+00:00\",\"dateModified\":\"2021-03-22T04:52:37+00:00\",\"author\":{\"@id\":\"https:\/\/www.africa-press.net\/cameroun\/#\/schema\/person\/2b1cf3cd81a31e3cd26889ca66d677f1\"},\"description\":\"Depuis plusieurs ann\u00e9es, la m\u00eame chanson passe en boucle. Discours apr\u00e8s discours, le chef de l\u2019\u00e9tat Camerounais ne cess ...\",\"breadcrumb\":{\"@id\":\"https:\/\/www.africa-press.net\/cameroun\/politique\/acceleration-de-la-decentralisation-en-2021-paul-biya-na-plus-droit-a-lerreur#breadcrumb\"},\"inLanguage\":\"fr-FR\",\"potentialAction\":[{\"@type\":\"ReadAction\",\"target\":[\"https:\/\/www.africa-press.net\/cameroun\/politique\/acceleration-de-la-decentralisation-en-2021-paul-biya-na-plus-droit-a-lerreur\"]}]},{\"@type\":\"ImageObject\",\"inLanguage\":\"fr-FR\",\"@id\":\"https:\/\/www.africa-press.net\/cameroun\/politique\/acceleration-de-la-decentralisation-en-2021-paul-biya-na-plus-droit-a-lerreur#primaryimage\",\"url\":\"https:\/\/static.africa-press.net\/cameroun\/sites\/57\/2021\/03\/img-6058228013fbc.jpg\",\"contentUrl\":\"https:\/\/static.africa-press.net\/cameroun\/sites\/57\/2021\/03\/img-6058228013fbc.jpg\",\"width\":1200,\"height\":796,\"caption\":\"Acc\u00e9l\u00e9ration de la d\u00e9centralisation en 2021 : Paul Biya n\u2019a plus droit \u00e0 l\u2019erreur\"},{\"@type\":\"BreadcrumbList\",\"@id\":\"https:\/\/www.africa-press.net\/cameroun\/politique\/acceleration-de-la-decentralisation-en-2021-paul-biya-na-plus-droit-a-lerreur#breadcrumb\",\"itemListElement\":[{\"@type\":\"ListItem\",\"position\":1,\"name\":\"Accueil\",\"item\":\"https:\/\/www.africa-press.net\/cameroun\/\"},{\"@type\":\"ListItem\",\"position\":2,\"name\":\"Acc\u00e9l\u00e9ration de la d\u00e9centralisation en 2021 : Paul Biya n\u2019a plus droit \u00e0 l\u2019erreur\"}]},{\"@type\":\"WebSite\",\"@id\":\"https:\/\/www.africa-press.net\/cameroun\/#website\",\"url\":\"https:\/\/www.africa-press.net\/cameroun\/\",\"name\":\"Cameroun\",\"description\":\"Just another Africa News Agency Sites site\",\"potentialAction\":[{\"@type\":\"SearchAction\",\"target\":{\"@type\":\"EntryPoint\",\"urlTemplate\":\"https:\/\/www.africa-press.net\/cameroun\/?s={search_term_string}\"},\"query-input\":{\"@type\":\"PropertyValueSpecification\",\"valueRequired\":true,\"valueName\":\"search_term_string\"}}],\"inLanguage\":\"fr-FR\"},{\"@type\":\"Person\",\"@id\":\"https:\/\/www.africa-press.net\/cameroun\/#\/schema\/person\/2b1cf3cd81a31e3cd26889ca66d677f1\",\"name\":\"cfeditorfr\"}]}<\/script>\n<!-- \/ Yoast SEO Premium plugin. -->","yoast_head_json":{"title":"Acc\u00e9l\u00e9ration de la d\u00e9centralisation en 2021 : Paul Biya n\u2019a plus droit \u00e0 l\u2019erreur - Cameroun","description":"Depuis plusieurs ann\u00e9es, la m\u00eame chanson passe en boucle. Discours apr\u00e8s discours, le chef de l\u2019\u00e9tat Camerounais ne cess ...","robots":{"index":"index","follow":"follow","max-snippet":"max-snippet:-1","max-image-preview":"max-image-preview:large","max-video-preview":"max-video-preview:-1"},"canonical":"https:\/\/www.africa-press.net\/cameroun\/politique\/acceleration-de-la-decentralisation-en-2021-paul-biya-na-plus-droit-a-lerreur","og_locale":"fr_FR","og_type":"article","og_title":"Acc\u00e9l\u00e9ration de la d\u00e9centralisation en 2021 : Paul Biya n\u2019a plus droit \u00e0 l\u2019erreur","og_description":"Depuis plusieurs ann\u00e9es, la m\u00eame chanson passe en boucle. Discours apr\u00e8s discours, le chef de l\u2019\u00e9tat Camerounais ne cess ...","og_url":"https:\/\/www.africa-press.net\/cameroun\/politique\/acceleration-de-la-decentralisation-en-2021-paul-biya-na-plus-droit-a-lerreur","og_site_name":"Cameroun","article_published_time":"2021-03-19T13:37:28+00:00","article_modified_time":"2021-03-22T04:52:37+00:00","og_image":[{"width":1200,"height":796,"url":"https:\/\/static.africa-press.net\/cameroun\/sites\/57\/2021\/03\/img-6058228013fbc.jpg","type":"image\/jpeg"}],"author":"cfeditorfr","twitter_card":"summary_large_image","twitter_misc":{"\u00c9crit par":"cfeditorfr","Dur\u00e9e de lecture estim\u00e9e":"2 minutes"},"schema":{"@context":"https:\/\/schema.org","@graph":[{"@type":"Article","@id":"https:\/\/www.africa-press.net\/cameroun\/politique\/acceleration-de-la-decentralisation-en-2021-paul-biya-na-plus-droit-a-lerreur#article","isPartOf":{"@id":"https:\/\/www.africa-press.net\/cameroun\/politique\/acceleration-de-la-decentralisation-en-2021-paul-biya-na-plus-droit-a-lerreur"},"author":{"name":"cfeditorfr","@id":"https:\/\/www.africa-press.net\/cameroun\/#\/schema\/person\/2b1cf3cd81a31e3cd26889ca66d677f1"},"headline":"Acc\u00e9l\u00e9ration de la d\u00e9centralisation en 2021 : Paul Biya n\u2019a plus droit \u00e0 l\u2019erreur","datePublished":"2021-03-19T13:37:28+00:00","dateModified":"2021-03-22T04:52:37+00:00","mainEntityOfPage":{"@id":"https:\/\/www.africa-press.net\/cameroun\/politique\/acceleration-de-la-decentralisation-en-2021-paul-biya-na-plus-droit-a-lerreur"},"wordCount":453,"commentCount":0,"image":{"@id":"https:\/\/www.africa-press.net\/cameroun\/politique\/acceleration-de-la-decentralisation-en-2021-paul-biya-na-plus-droit-a-lerreur#primaryimage"},"thumbnailUrl":"https:\/\/static.africa-press.net\/cameroun\/sites\/57\/2021\/03\/img-6058228013fbc.jpg","keywords":["Africa Press","Africa Press-Cameroun","Cameroun"],"articleSection":["homepage-french","Politique","Toutes les actualit\u00e9s"],"inLanguage":"fr-FR","potentialAction":[{"@type":"CommentAction","name":"Comment","target":["https:\/\/www.africa-press.net\/cameroun\/politique\/acceleration-de-la-decentralisation-en-2021-paul-biya-na-plus-droit-a-lerreur#respond"]}]},{"@type":"WebPage","@id":"https:\/\/www.africa-press.net\/cameroun\/politique\/acceleration-de-la-decentralisation-en-2021-paul-biya-na-plus-droit-a-lerreur","url":"https:\/\/www.africa-press.net\/cameroun\/politique\/acceleration-de-la-decentralisation-en-2021-paul-biya-na-plus-droit-a-lerreur","name":"Acc\u00e9l\u00e9ration de la d\u00e9centralisation en 2021 : Paul Biya n\u2019a plus droit \u00e0 l\u2019erreur - Cameroun","isPartOf":{"@id":"https:\/\/www.africa-press.net\/cameroun\/#website"},"primaryImageOfPage":{"@id":"https:\/\/www.africa-press.net\/cameroun\/politique\/acceleration-de-la-decentralisation-en-2021-paul-biya-na-plus-droit-a-lerreur#primaryimage"},"image":{"@id":"https:\/\/www.africa-press.net\/cameroun\/politique\/acceleration-de-la-decentralisation-en-2021-paul-biya-na-plus-droit-a-lerreur#primaryimage"},"thumbnailUrl":"https:\/\/static.africa-press.net\/cameroun\/sites\/57\/2021\/03\/img-6058228013fbc.jpg","datePublished":"2021-03-19T13:37:28+00:00","dateModified":"2021-03-22T04:52:37+00:00","author":{"@id":"https:\/\/www.africa-press.net\/cameroun\/#\/schema\/person\/2b1cf3cd81a31e3cd26889ca66d677f1"},"description":"Depuis plusieurs ann\u00e9es, la m\u00eame chanson passe en boucle. Discours apr\u00e8s discours, le chef de l\u2019\u00e9tat Camerounais ne cess ...","breadcrumb":{"@id":"https:\/\/www.africa-press.net\/cameroun\/politique\/acceleration-de-la-decentralisation-en-2021-paul-biya-na-plus-droit-a-lerreur#breadcrumb"},"inLanguage":"fr-FR","potentialAction":[{"@type":"ReadAction","target":["https:\/\/www.africa-press.net\/cameroun\/politique\/acceleration-de-la-decentralisation-en-2021-paul-biya-na-plus-droit-a-lerreur"]}]},{"@type":"ImageObject","inLanguage":"fr-FR","@id":"https:\/\/www.africa-press.net\/cameroun\/politique\/acceleration-de-la-decentralisation-en-2021-paul-biya-na-plus-droit-a-lerreur#primaryimage","url":"https:\/\/static.africa-press.net\/cameroun\/sites\/57\/2021\/03\/img-6058228013fbc.jpg","contentUrl":"https:\/\/static.africa-press.net\/cameroun\/sites\/57\/2021\/03\/img-6058228013fbc.jpg","width":1200,"height":796,"caption":"Acc\u00e9l\u00e9ration de la d\u00e9centralisation en 2021 : Paul Biya n\u2019a plus droit \u00e0 l\u2019erreur"},{"@type":"BreadcrumbList","@id":"https:\/\/www.africa-press.net\/cameroun\/politique\/acceleration-de-la-decentralisation-en-2021-paul-biya-na-plus-droit-a-lerreur#breadcrumb","itemListElement":[{"@type":"ListItem","position":1,"name":"Accueil","item":"https:\/\/www.africa-press.net\/cameroun\/"},{"@type":"ListItem","position":2,"name":"Acc\u00e9l\u00e9ration de la d\u00e9centralisation en 2021 : Paul Biya n\u2019a plus droit \u00e0 l\u2019erreur"}]},{"@type":"WebSite","@id":"https:\/\/www.africa-press.net\/cameroun\/#website","url":"https:\/\/www.africa-press.net\/cameroun\/","name":"Cameroun","description":"Just another Africa News Agency Sites site","potentialAction":[{"@type":"SearchAction","target":{"@type":"EntryPoint","urlTemplate":"https:\/\/www.africa-press.net\/cameroun\/?s={search_term_string}"},"query-input":{"@type":"PropertyValueSpecification","valueRequired":true,"valueName":"search_term_string"}}],"inLanguage":"fr-FR"},{"@type":"Person","@id":"https:\/\/www.africa-press.net\/cameroun\/#\/schema\/person\/2b1cf3cd81a31e3cd26889ca66d677f1","name":"cfeditorfr"}]}},"_links":{"self":[{"href":"https:\/\/www.africa-press.net\/cameroun\/wp-json\/wp\/v2\/posts\/1460","targetHints":{"allow":["GET"]}}],"collection":[{"href":"https:\/\/www.africa-press.net\/cameroun\/wp-json\/wp\/v2\/posts"}],"about":[{"href":"https:\/\/www.africa-press.net\/cameroun\/wp-json\/wp\/v2\/types\/post"}],"author":[{"embeddable":true,"href":"https:\/\/www.africa-press.net\/cameroun\/wp-json\/wp\/v2\/users\/82"}],"replies":[{"embeddable":true,"href":"https:\/\/www.africa-press.net\/cameroun\/wp-json\/wp\/v2\/comments?post=1460"}],"version-history":[{"count":0,"href":"https:\/\/www.africa-press.net\/cameroun\/wp-json\/wp\/v2\/posts\/1460\/revisions"}],"wp:featuredmedia":[{"embeddable":true,"href":"https:\/\/www.africa-press.net\/cameroun\/wp-json\/wp\/v2\/media\/1459"}],"wp:attachment":[{"href":"https:\/\/www.africa-press.net\/cameroun\/wp-json\/wp\/v2\/media?parent=1460"}],"wp:term":[{"taxonomy":"category","embeddable":true,"href":"https:\/\/www.africa-press.net\/cameroun\/wp-json\/wp\/v2\/categories?post=1460"},{"taxonomy":"post_tag","embeddable":true,"href":"https:\/\/www.africa-press.net\/cameroun\/wp-json\/wp\/v2\/tags?post=1460"}],"curies":[{"name":"wp","href":"https:\/\/api.w.org\/{rel}","templated":true}]}}