{"id":1463,"date":"2021-03-19T13:43:58","date_gmt":"2021-03-19T13:43:58","guid":{"rendered":"https:\/\/www.africa-press.net\/cameroun\/politique\/lunion-europeenne-etait-prete-a-financer-le-soulevement-au-cameroun"},"modified":"2021-03-22T04:53:08","modified_gmt":"2021-03-22T04:53:08","slug":"lunion-europeenne-etait-prete-a-financer-le-soulevement-au-cameroun","status":"publish","type":"post","link":"https:\/\/www.africa-press.net\/cameroun\/economie\/lunion-europeenne-etait-prete-a-financer-le-soulevement-au-cameroun","title":{"rendered":"&lsquo;L\u2019Union Europ\u00e9enne \u00e9tait pr\u00eate \u00e0 financer le soul\u00e8vement au Cameroun&rsquo;"},"content":{"rendered":"<p><span style=\"color: #ff6600\"><strong><a href=\"https:\/\/www.africa-press.net\/\">Africa-Press<\/a> &#8211; <a href=\"https:\/\/www.africa-press.net\/cameroun\">Cameroun<\/a>. <\/strong><\/span>Au lendemain de sa d\u00e9mission du MRC qu\u2019il a cocr\u00e9e, Franck Hubert Ateba a fait en 2018, de troublantes r\u00e9v\u00e9lations sur les relations incestueuses entre certaines formations politiques et des organismes internationaux.<\/p>\n<p>\u00ab Il y avait ceux qui avaient sollicit\u00e9 un troisi\u00e8me mi-temps \u00e0 la rue. Ils ont per\u00e7u des soutiens et de l&rsquo;argent pour cela. Je ne vous apprends rien en \u00e9voquant des organisations comme Freedom House qui ont donn\u00e9 de l&rsquo;argent aux gens. Je peux vous dire en affirmant la main sur le c\u0153ur que l&rsquo;Union Europ\u00e9enne \u00e9tait pr\u00eate \u00e0 financer le soul\u00e8vement au Cameroun avec un certain nombre de chancelleries \u00bb, a-t-il d\u00e9clar\u00e9 sur STV. Franck Hubert Ateba pr\u00e9cise cependant qu\u2019il a r\u00e9ussi avec certains compagnons politiques \u00e0 \u00e9viter le pire pour le Cameroun.<\/p>\n<p>Aujourd\u2019hui l\u2019homme est malade. Il se dit empoisonn\u00e9 par le ministre camerounais des finances Paul Louis Motaze.<\/p>\n<p>Maurice Kamto, leader du MRC<br \/>\nDans un communiqu\u00e9 public, Maurice Kamto rapelle qu&rsquo;il a tenu compte des mots d&rsquo;excuses de Hubert At\u00e9ba \u00e0 son encontre et au nom de son parti le MRC lors de son grand d\u00e9ballage sur l&#8217;empoisonnement dont il est victime.<\/p>\n<p>Le leader du MRC accepte dit-il le pardon de celui qui a vilipend\u00e9 le parti suite \u00e0 son exclusion des activit\u00e9s apr\u00e8s le double scrutin l\u00e9gislatif et municipal de 2013<\/p>\n<p>COMMUNIQUE<\/p>\n<p>Depuis quelques jours l&rsquo;opinion publique est secou\u00e9e par une sortie de monsieur Franck Hubert ATEBA, devenue virale sur les r\u00e9seaux sociaux.<br \/>\nAu cours de cette sortie, M. ATEBA affirme que lui et son fr\u00e8re a\u00een\u00e9, monsieur NGAH, auraient \u00e9t\u00e9 empoisonn\u00e9s, que son fr\u00e8re en est d\u00e9c\u00e9d\u00e9 et que sa propre situation est d\u00e9sesp\u00e9r\u00e9e. Avec l&rsquo;\u00e9nergie du d\u00e9sespoir, il supplie pour b\u00e9n\u00e9ficier d&rsquo;une \u00e9vacuation sanitaire hors du Cameroun, car, selon lui, son cas ne peut \u00eatre trait\u00e9 sur place.<\/p>\n<p>M. Franck Hubert ATEBA a chemin\u00e9 avec le MRC d\u00e8s son lancement en 2012, puis s&rsquo;est volontairement mis \u00e0 l&rsquo;\u00e9cart des activit\u00e9s apr\u00e8s le double scrutin l\u00e9gislatif et municipal de 2013. Apr\u00e8s une intense campagne de d\u00e9nigrement de ma personne et du parti, il a d\u00e9missionn\u00e9 de fa\u00e7on spectaculaire \u00e0 la veille de l&rsquo;\u00e9lection pr\u00e9sidentielle d&rsquo;octobre 2018, alors qu&rsquo;il avait d&rsquo;importantes fonctions au sein du Directoire de notre parti. Nous avons respect\u00e9 sa d\u00e9cision comme celle d&rsquo;autres anciens militants du MRC qui ont choisi de voguer sous d&rsquo;autres cieux.<br \/>\nEn d\u00e9pit du tort qu&rsquo;il nous a caus\u00e9 j&rsquo;ai \u00e9t\u00e9, profond\u00e9ment touch\u00e9 par son cri de c\u0153ur en tant qu&rsquo;\u00eatre humain. Aussi,<br \/>\n&#8211; j&rsquo;en appelle \u00e0 toutes les autorit\u00e9s de l&rsquo;\u00c9tat qui peuvent aider \u00e0 sauver la vie de M. Franck Hubert ATEBA \u00e0 agir par humanit\u00e9 en urgence ;<br \/>\n&#8211; en mon nom personnel et au nom des militants et sympathisants du MRC, j&rsquo;adresse \u00e0 monsieur Franck Hubert ATEBA et \u00e0 sa famille mes condol\u00e9ances les plus attrist\u00e9es pour le d\u00e9c\u00e8s annonc\u00e9 de son fr\u00e8re a\u00een\u00e9, monsieur NGAH ;<br \/>\n&#8211; j&rsquo;appelle les autorit\u00e9s judiciaires et polici\u00e8res du pays \u00e0 se saisir des r\u00e9v\u00e9lations et accusations gravissimes port\u00e9es par monsieur Franck Hubert ATEBA contre des personnalit\u00e9s du pays. Au regard du caract\u00e8re exceptionnellement grave de faits all\u00e9gu\u00e9s, les Camerounais attachent du prix \u00e0 la qualit\u00e9 des investigations mais aussi \u00e0 la publicit\u00e9 qui sera faite des r\u00e9sultats de cette investigation, dont nul ne peut imaginer qu&rsquo;elle ne puisse pas avoir lieu.<\/p>\n<p>Si les faits port\u00e9s \u00e0 la connaissance du public par monsieur Franck Hubert ATEBA venaient \u00e0 \u00eatre \u00e9tablis alors on serait en plein dans une authentique affaire d&rsquo;\u00c9tat.<\/p>\n<p>Lors de sa terrifiante sortie, monsieur Franck Hubert ATEBA a, malgr\u00e9 sa situation manifestement critique, tenu \u00e0 me demander pardon pour m&rsquo;avoir injustement vilipend\u00e9, calomni\u00e9, d\u00e9moli, et jet\u00e9 \u00e0 la vindicte populaire.<br \/>\nJ&rsquo;accepte son pardon et demande aux militants et sympathisants du MRC de les accepter \u00e9galement, avec sinc\u00e9rit\u00e9. En cons\u00e9quence je les invite \u00e0 \u00e9viter tout propos ou commentaires visant ou de nature \u00e0 accabler un homme en d\u00e9tresse qui exprime des remords.<\/p>\n<p>Je souhaite \u00e9galement que tous ceux \u00e0 qui il a demand\u00e9 pardon dans cette sortie l&rsquo;acceptent. En effet on ne peut rien construire dans la haine ambiante que le r\u00e9gime en place a instaur\u00e9e pour se maintenir au pouvoir en d\u00e9pit de son rejet par le peuple.<\/p>\n<p>Nous rassemblerons les Camerounais, tous les Camerounais. Nous n&rsquo;y parviendrons qu&rsquo;en sachant ou en apprenant \u00e0 pardonner.<br \/>\nBonne chance \u00e0 monsieur Franck Hubert ATEBA.<\/p>\n<p><iframe loading=\"lazy\" title=\"Franck Hubert ATEBA - (C&#039;EST MOI QUI AVAIS PROPOS\u00c9 Maurice KAMTO \u00e0 la T\u00caTE du MRC) - 22 Avril 2018\" width=\"696\" height=\"392\" src=\"https:\/\/www.youtube.com\/embed\/gE5IdWqyu-Y?feature=oembed\" frameborder=\"0\" allow=\"accelerometer; autoplay; clipboard-write; encrypted-media; gyroscope; picture-in-picture\" allowfullscreen><\/iframe><\/p>\n","protected":false},"excerpt":{"rendered":"<p>Africa-Press &#8211; Cameroun. Au lendemain de sa d\u00e9mission du MRC qu\u2019il a cocr\u00e9e, Franck Hubert Ateba a fait en 2018, de troublantes r\u00e9v\u00e9lations sur les relations incestueuses entre certaines formations politiques et des organismes internationaux. \u00ab Il y avait ceux qui avaient sollicit\u00e9 un troisi\u00e8me mi-temps \u00e0 la rue. Ils ont per\u00e7u des soutiens et [&hellip;]<\/p>\n","protected":false},"author":82,"featured_media":1462,"comment_status":"open","ping_status":"closed","sticky":false,"template":"","format":"standard","meta":{"footnotes":""},"categories":[3,11,10,9],"tags":[36,50,49],"class_list":["post-1463","post","type-post","status-publish","format-standard","has-post-thumbnail","hentry","category-economie","category-homepage-french","category-toutes-les-actualites","category-video","tag-africa-press","tag-africa-press-cameroun","tag-cameroun"],"yoast_head":"<!-- This site is optimized with the Yoast SEO Premium plugin v26.1 (Yoast SEO v27.0) - https:\/\/yoast.com\/product\/yoast-seo-premium-wordpress\/ -->\n<title>&#039;L\u2019Union Europ\u00e9enne \u00e9tait pr\u00eate \u00e0 financer le soul\u00e8vement au Cameroun&#039; - Cameroun<\/title>\n<meta name=\"description\" content=\"Au lendemain de sa d\u00e9mission du MRC qu\u2019il a cocr\u00e9e, Franck Hubert Ateba a fait en 2018, de troublantes r\u00e9v\u00e9lations sur l ...\" \/>\n<meta name=\"robots\" content=\"index, follow, max-snippet:-1, max-image-preview:large, max-video-preview:-1\" \/>\n<link rel=\"canonical\" href=\"https:\/\/www.africa-press.net\/cameroun\/economie\/lunion-europeenne-etait-prete-a-financer-le-soulevement-au-cameroun\" \/>\n<meta property=\"og:locale\" content=\"fr_FR\" \/>\n<meta property=\"og:type\" content=\"article\" \/>\n<meta property=\"og:title\" content=\"&#039;L\u2019Union Europ\u00e9enne \u00e9tait pr\u00eate \u00e0 financer le soul\u00e8vement au Cameroun&#039;\" \/>\n<meta property=\"og:description\" content=\"Au lendemain de sa d\u00e9mission du MRC qu\u2019il a cocr\u00e9e, Franck Hubert Ateba a fait en 2018, de troublantes r\u00e9v\u00e9lations sur l ...\" \/>\n<meta property=\"og:url\" content=\"https:\/\/www.africa-press.net\/cameroun\/economie\/lunion-europeenne-etait-prete-a-financer-le-soulevement-au-cameroun\" \/>\n<meta property=\"og:site_name\" content=\"Cameroun\" \/>\n<meta property=\"article:published_time\" content=\"2021-03-19T13:43:58+00:00\" \/>\n<meta property=\"article:modified_time\" content=\"2021-03-22T04:53:08+00:00\" \/>\n<meta property=\"og:image\" content=\"https:\/\/static.africa-press.net\/cameroun\/sites\/57\/2021\/03\/img-605822a057665.jpg\" \/>\n\t<meta property=\"og:image:width\" content=\"720\" \/>\n\t<meta property=\"og:image:height\" content=\"424\" \/>\n\t<meta property=\"og:image:type\" content=\"image\/jpeg\" \/>\n<meta name=\"author\" content=\"cfeditorfr\" \/>\n<meta name=\"twitter:card\" content=\"summary_large_image\" \/>\n<meta name=\"twitter:label1\" content=\"\u00c9crit par\" \/>\n\t<meta name=\"twitter:data1\" content=\"cfeditorfr\" \/>\n\t<meta name=\"twitter:label2\" content=\"Dur\u00e9e de lecture estim\u00e9e\" \/>\n\t<meta name=\"twitter:data2\" content=\"4 minutes\" \/>\n<script type=\"application\/ld+json\" class=\"yoast-schema-graph\">{\"@context\":\"https:\/\/schema.org\",\"@graph\":[{\"@type\":\"Article\",\"@id\":\"https:\/\/www.africa-press.net\/cameroun\/economie\/lunion-europeenne-etait-prete-a-financer-le-soulevement-au-cameroun#article\",\"isPartOf\":{\"@id\":\"https:\/\/www.africa-press.net\/cameroun\/economie\/lunion-europeenne-etait-prete-a-financer-le-soulevement-au-cameroun\"},\"author\":{\"name\":\"cfeditorfr\",\"@id\":\"https:\/\/www.africa-press.net\/cameroun\/#\/schema\/person\/2b1cf3cd81a31e3cd26889ca66d677f1\"},\"headline\":\"&lsquo;L\u2019Union Europ\u00e9enne \u00e9tait pr\u00eate \u00e0 financer le soul\u00e8vement au Cameroun&rsquo;\",\"datePublished\":\"2021-03-19T13:43:58+00:00\",\"dateModified\":\"2021-03-22T04:53:08+00:00\",\"mainEntityOfPage\":{\"@id\":\"https:\/\/www.africa-press.net\/cameroun\/economie\/lunion-europeenne-etait-prete-a-financer-le-soulevement-au-cameroun\"},\"wordCount\":816,\"commentCount\":0,\"image\":{\"@id\":\"https:\/\/www.africa-press.net\/cameroun\/economie\/lunion-europeenne-etait-prete-a-financer-le-soulevement-au-cameroun#primaryimage\"},\"thumbnailUrl\":\"https:\/\/static.africa-press.net\/cameroun\/sites\/57\/2021\/03\/img-605822a057665.jpg\",\"keywords\":[\"Africa Press\",\"Africa Press-Cameroun\",\"Cameroun\"],\"articleSection\":[\"\u00c9conomie\",\"homepage-french\",\"Toutes les actualit\u00e9s\",\"vid\u00e9o\"],\"inLanguage\":\"fr-FR\",\"potentialAction\":[{\"@type\":\"CommentAction\",\"name\":\"Comment\",\"target\":[\"https:\/\/www.africa-press.net\/cameroun\/economie\/lunion-europeenne-etait-prete-a-financer-le-soulevement-au-cameroun#respond\"]}]},{\"@type\":\"WebPage\",\"@id\":\"https:\/\/www.africa-press.net\/cameroun\/economie\/lunion-europeenne-etait-prete-a-financer-le-soulevement-au-cameroun\",\"url\":\"https:\/\/www.africa-press.net\/cameroun\/economie\/lunion-europeenne-etait-prete-a-financer-le-soulevement-au-cameroun\",\"name\":\"'L\u2019Union Europ\u00e9enne \u00e9tait pr\u00eate \u00e0 financer le soul\u00e8vement au Cameroun' - Cameroun\",\"isPartOf\":{\"@id\":\"https:\/\/www.africa-press.net\/cameroun\/#website\"},\"primaryImageOfPage\":{\"@id\":\"https:\/\/www.africa-press.net\/cameroun\/economie\/lunion-europeenne-etait-prete-a-financer-le-soulevement-au-cameroun#primaryimage\"},\"image\":{\"@id\":\"https:\/\/www.africa-press.net\/cameroun\/economie\/lunion-europeenne-etait-prete-a-financer-le-soulevement-au-cameroun#primaryimage\"},\"thumbnailUrl\":\"https:\/\/static.africa-press.net\/cameroun\/sites\/57\/2021\/03\/img-605822a057665.jpg\",\"datePublished\":\"2021-03-19T13:43:58+00:00\",\"dateModified\":\"2021-03-22T04:53:08+00:00\",\"author\":{\"@id\":\"https:\/\/www.africa-press.net\/cameroun\/#\/schema\/person\/2b1cf3cd81a31e3cd26889ca66d677f1\"},\"description\":\"Au lendemain de sa d\u00e9mission du MRC qu\u2019il a cocr\u00e9e, Franck Hubert Ateba a fait en 2018, de troublantes r\u00e9v\u00e9lations sur l ...\",\"breadcrumb\":{\"@id\":\"https:\/\/www.africa-press.net\/cameroun\/economie\/lunion-europeenne-etait-prete-a-financer-le-soulevement-au-cameroun#breadcrumb\"},\"inLanguage\":\"fr-FR\",\"potentialAction\":[{\"@type\":\"ReadAction\",\"target\":[\"https:\/\/www.africa-press.net\/cameroun\/economie\/lunion-europeenne-etait-prete-a-financer-le-soulevement-au-cameroun\"]}]},{\"@type\":\"ImageObject\",\"inLanguage\":\"fr-FR\",\"@id\":\"https:\/\/www.africa-press.net\/cameroun\/economie\/lunion-europeenne-etait-prete-a-financer-le-soulevement-au-cameroun#primaryimage\",\"url\":\"https:\/\/static.africa-press.net\/cameroun\/sites\/57\/2021\/03\/img-605822a057665.jpg\",\"contentUrl\":\"https:\/\/static.africa-press.net\/cameroun\/sites\/57\/2021\/03\/img-605822a057665.jpg\",\"width\":720,\"height\":424,\"caption\":\"'L\u2019Union Europ\u00e9enne \u00e9tait pr\u00eate \u00e0 financer le soul\u00e8vement au Cameroun'\"},{\"@type\":\"BreadcrumbList\",\"@id\":\"https:\/\/www.africa-press.net\/cameroun\/economie\/lunion-europeenne-etait-prete-a-financer-le-soulevement-au-cameroun#breadcrumb\",\"itemListElement\":[{\"@type\":\"ListItem\",\"position\":1,\"name\":\"Accueil\",\"item\":\"https:\/\/www.africa-press.net\/cameroun\/\"},{\"@type\":\"ListItem\",\"position\":2,\"name\":\"&#8216;L\u2019Union Europ\u00e9enne \u00e9tait pr\u00eate \u00e0 financer le soul\u00e8vement au Cameroun&#8217;\"}]},{\"@type\":\"WebSite\",\"@id\":\"https:\/\/www.africa-press.net\/cameroun\/#website\",\"url\":\"https:\/\/www.africa-press.net\/cameroun\/\",\"name\":\"Cameroun\",\"description\":\"Just another Africa News Agency Sites site\",\"potentialAction\":[{\"@type\":\"SearchAction\",\"target\":{\"@type\":\"EntryPoint\",\"urlTemplate\":\"https:\/\/www.africa-press.net\/cameroun\/?s={search_term_string}\"},\"query-input\":{\"@type\":\"PropertyValueSpecification\",\"valueRequired\":true,\"valueName\":\"search_term_string\"}}],\"inLanguage\":\"fr-FR\"},{\"@type\":\"Person\",\"@id\":\"https:\/\/www.africa-press.net\/cameroun\/#\/schema\/person\/2b1cf3cd81a31e3cd26889ca66d677f1\",\"name\":\"cfeditorfr\"}]}<\/script>\n<!-- \/ Yoast SEO Premium plugin. -->","yoast_head_json":{"title":"'L\u2019Union Europ\u00e9enne \u00e9tait pr\u00eate \u00e0 financer le soul\u00e8vement au Cameroun' - Cameroun","description":"Au lendemain de sa d\u00e9mission du MRC qu\u2019il a cocr\u00e9e, Franck Hubert Ateba a fait en 2018, de troublantes r\u00e9v\u00e9lations sur l ...","robots":{"index":"index","follow":"follow","max-snippet":"max-snippet:-1","max-image-preview":"max-image-preview:large","max-video-preview":"max-video-preview:-1"},"canonical":"https:\/\/www.africa-press.net\/cameroun\/economie\/lunion-europeenne-etait-prete-a-financer-le-soulevement-au-cameroun","og_locale":"fr_FR","og_type":"article","og_title":"'L\u2019Union Europ\u00e9enne \u00e9tait pr\u00eate \u00e0 financer le soul\u00e8vement au Cameroun'","og_description":"Au lendemain de sa d\u00e9mission du MRC qu\u2019il a cocr\u00e9e, Franck Hubert Ateba a fait en 2018, de troublantes r\u00e9v\u00e9lations sur l ...","og_url":"https:\/\/www.africa-press.net\/cameroun\/economie\/lunion-europeenne-etait-prete-a-financer-le-soulevement-au-cameroun","og_site_name":"Cameroun","article_published_time":"2021-03-19T13:43:58+00:00","article_modified_time":"2021-03-22T04:53:08+00:00","og_image":[{"width":720,"height":424,"url":"https:\/\/static.africa-press.net\/cameroun\/sites\/57\/2021\/03\/img-605822a057665.jpg","type":"image\/jpeg"}],"author":"cfeditorfr","twitter_card":"summary_large_image","twitter_misc":{"\u00c9crit par":"cfeditorfr","Dur\u00e9e de lecture estim\u00e9e":"4 minutes"},"schema":{"@context":"https:\/\/schema.org","@graph":[{"@type":"Article","@id":"https:\/\/www.africa-press.net\/cameroun\/economie\/lunion-europeenne-etait-prete-a-financer-le-soulevement-au-cameroun#article","isPartOf":{"@id":"https:\/\/www.africa-press.net\/cameroun\/economie\/lunion-europeenne-etait-prete-a-financer-le-soulevement-au-cameroun"},"author":{"name":"cfeditorfr","@id":"https:\/\/www.africa-press.net\/cameroun\/#\/schema\/person\/2b1cf3cd81a31e3cd26889ca66d677f1"},"headline":"&lsquo;L\u2019Union Europ\u00e9enne \u00e9tait pr\u00eate \u00e0 financer le soul\u00e8vement au Cameroun&rsquo;","datePublished":"2021-03-19T13:43:58+00:00","dateModified":"2021-03-22T04:53:08+00:00","mainEntityOfPage":{"@id":"https:\/\/www.africa-press.net\/cameroun\/economie\/lunion-europeenne-etait-prete-a-financer-le-soulevement-au-cameroun"},"wordCount":816,"commentCount":0,"image":{"@id":"https:\/\/www.africa-press.net\/cameroun\/economie\/lunion-europeenne-etait-prete-a-financer-le-soulevement-au-cameroun#primaryimage"},"thumbnailUrl":"https:\/\/static.africa-press.net\/cameroun\/sites\/57\/2021\/03\/img-605822a057665.jpg","keywords":["Africa Press","Africa Press-Cameroun","Cameroun"],"articleSection":["\u00c9conomie","homepage-french","Toutes les actualit\u00e9s","vid\u00e9o"],"inLanguage":"fr-FR","potentialAction":[{"@type":"CommentAction","name":"Comment","target":["https:\/\/www.africa-press.net\/cameroun\/economie\/lunion-europeenne-etait-prete-a-financer-le-soulevement-au-cameroun#respond"]}]},{"@type":"WebPage","@id":"https:\/\/www.africa-press.net\/cameroun\/economie\/lunion-europeenne-etait-prete-a-financer-le-soulevement-au-cameroun","url":"https:\/\/www.africa-press.net\/cameroun\/economie\/lunion-europeenne-etait-prete-a-financer-le-soulevement-au-cameroun","name":"'L\u2019Union Europ\u00e9enne \u00e9tait pr\u00eate \u00e0 financer le soul\u00e8vement au Cameroun' - Cameroun","isPartOf":{"@id":"https:\/\/www.africa-press.net\/cameroun\/#website"},"primaryImageOfPage":{"@id":"https:\/\/www.africa-press.net\/cameroun\/economie\/lunion-europeenne-etait-prete-a-financer-le-soulevement-au-cameroun#primaryimage"},"image":{"@id":"https:\/\/www.africa-press.net\/cameroun\/economie\/lunion-europeenne-etait-prete-a-financer-le-soulevement-au-cameroun#primaryimage"},"thumbnailUrl":"https:\/\/static.africa-press.net\/cameroun\/sites\/57\/2021\/03\/img-605822a057665.jpg","datePublished":"2021-03-19T13:43:58+00:00","dateModified":"2021-03-22T04:53:08+00:00","author":{"@id":"https:\/\/www.africa-press.net\/cameroun\/#\/schema\/person\/2b1cf3cd81a31e3cd26889ca66d677f1"},"description":"Au lendemain de sa d\u00e9mission du MRC qu\u2019il a cocr\u00e9e, Franck Hubert Ateba a fait en 2018, de troublantes r\u00e9v\u00e9lations sur l ...","breadcrumb":{"@id":"https:\/\/www.africa-press.net\/cameroun\/economie\/lunion-europeenne-etait-prete-a-financer-le-soulevement-au-cameroun#breadcrumb"},"inLanguage":"fr-FR","potentialAction":[{"@type":"ReadAction","target":["https:\/\/www.africa-press.net\/cameroun\/economie\/lunion-europeenne-etait-prete-a-financer-le-soulevement-au-cameroun"]}]},{"@type":"ImageObject","inLanguage":"fr-FR","@id":"https:\/\/www.africa-press.net\/cameroun\/economie\/lunion-europeenne-etait-prete-a-financer-le-soulevement-au-cameroun#primaryimage","url":"https:\/\/static.africa-press.net\/cameroun\/sites\/57\/2021\/03\/img-605822a057665.jpg","contentUrl":"https:\/\/static.africa-press.net\/cameroun\/sites\/57\/2021\/03\/img-605822a057665.jpg","width":720,"height":424,"caption":"'L\u2019Union Europ\u00e9enne \u00e9tait pr\u00eate \u00e0 financer le soul\u00e8vement au Cameroun'"},{"@type":"BreadcrumbList","@id":"https:\/\/www.africa-press.net\/cameroun\/economie\/lunion-europeenne-etait-prete-a-financer-le-soulevement-au-cameroun#breadcrumb","itemListElement":[{"@type":"ListItem","position":1,"name":"Accueil","item":"https:\/\/www.africa-press.net\/cameroun\/"},{"@type":"ListItem","position":2,"name":"&#8216;L\u2019Union Europ\u00e9enne \u00e9tait pr\u00eate \u00e0 financer le soul\u00e8vement au Cameroun&#8217;"}]},{"@type":"WebSite","@id":"https:\/\/www.africa-press.net\/cameroun\/#website","url":"https:\/\/www.africa-press.net\/cameroun\/","name":"Cameroun","description":"Just another Africa News Agency Sites site","potentialAction":[{"@type":"SearchAction","target":{"@type":"EntryPoint","urlTemplate":"https:\/\/www.africa-press.net\/cameroun\/?s={search_term_string}"},"query-input":{"@type":"PropertyValueSpecification","valueRequired":true,"valueName":"search_term_string"}}],"inLanguage":"fr-FR"},{"@type":"Person","@id":"https:\/\/www.africa-press.net\/cameroun\/#\/schema\/person\/2b1cf3cd81a31e3cd26889ca66d677f1","name":"cfeditorfr"}]}},"_links":{"self":[{"href":"https:\/\/www.africa-press.net\/cameroun\/wp-json\/wp\/v2\/posts\/1463","targetHints":{"allow":["GET"]}}],"collection":[{"href":"https:\/\/www.africa-press.net\/cameroun\/wp-json\/wp\/v2\/posts"}],"about":[{"href":"https:\/\/www.africa-press.net\/cameroun\/wp-json\/wp\/v2\/types\/post"}],"author":[{"embeddable":true,"href":"https:\/\/www.africa-press.net\/cameroun\/wp-json\/wp\/v2\/users\/82"}],"replies":[{"embeddable":true,"href":"https:\/\/www.africa-press.net\/cameroun\/wp-json\/wp\/v2\/comments?post=1463"}],"version-history":[{"count":0,"href":"https:\/\/www.africa-press.net\/cameroun\/wp-json\/wp\/v2\/posts\/1463\/revisions"}],"wp:featuredmedia":[{"embeddable":true,"href":"https:\/\/www.africa-press.net\/cameroun\/wp-json\/wp\/v2\/media\/1462"}],"wp:attachment":[{"href":"https:\/\/www.africa-press.net\/cameroun\/wp-json\/wp\/v2\/media?parent=1463"}],"wp:term":[{"taxonomy":"category","embeddable":true,"href":"https:\/\/www.africa-press.net\/cameroun\/wp-json\/wp\/v2\/categories?post=1463"},{"taxonomy":"post_tag","embeddable":true,"href":"https:\/\/www.africa-press.net\/cameroun\/wp-json\/wp\/v2\/tags?post=1463"}],"curies":[{"name":"wp","href":"https:\/\/api.w.org\/{rel}","templated":true}]}}