{"id":1473,"date":"2021-03-20T10:25:40","date_gmt":"2021-03-20T10:25:40","guid":{"rendered":"https:\/\/www.africa-press.net\/cameroun\/politique\/cameroun-distribution-de-lenergie-electrique-la-ville-de-maroua-dans-le-noir-depuis-plusieurs-jours"},"modified":"2021-03-22T05:15:18","modified_gmt":"2021-03-22T05:15:18","slug":"cameroun-distribution-de-lenergie-electrique-la-ville-de-maroua-dans-le-noir-depuis-plusieurs-jours","status":"publish","type":"post","link":"https:\/\/www.africa-press.net\/cameroun\/toutes-les-actualites\/cameroun-distribution-de-lenergie-electrique-la-ville-de-maroua-dans-le-noir-depuis-plusieurs-jours","title":{"rendered":"Distribution de l\u2019\u00c9nergie \u00c9lectrique: La ville de Maroua dans le noir depuis plusieurs jours"},"content":{"rendered":"<p><span style=\"color: #ff6600\"><strong><a href=\"https:\/\/www.africa-press.net\/\">Africa-Press<\/a> &#8211; <a href=\"https:\/\/www.africa-press.net\/cameroun\">Cameroun<\/a>. <\/strong><\/span>Depuis quelques jours, La ville de Maroua, Capitale r\u00e9gionale de l\u2019Extr\u00eame-Nord, ressemble \u00e0 une agglom\u00e9ration moyen\u00e2geuse. Les usagers qui arpentent ses diff\u00e9rentes art\u00e8res de jour comme de nuit, ces derni\u00e8res semaines, d\u00e9crivent une ville qui suffoque, prisonni\u00e8re qu\u2019elle est des caprices d\u2019ENEO, l\u2019unique op\u00e9rateur du secteur de l\u2019\u00e9lectricit\u00e9 au Cameroun. En effet, cette entreprise parapublique a de la peine a assur\u00e9 la continuit\u00e9 de la distribution de l\u2019\u00e9nergie \u00e9lectrique depuis des jours, au grand dam des populations qui ne savent plus \u00e0 quel saint se vouer.<\/p>\n<p>Dans les cas les moins s\u00e9v\u00e8res, la ville est plong\u00e9e dans le noir, 13 \u00e0 16 heures par jour. On assiste \u00e9galement \u00e0 des interruptions qui peuvent s\u2019\u00e9tendre sur un ou deux jours. Cette situation perturbe profond\u00e9ment tous les secteurs d\u2019activit\u00e9. Les poissonneries, les d\u00e9bits de boisson, la fourniture en eau potable, m\u00eame les stations de radio priv\u00e9es et gouvernementales locales subissent le contrecoup de ces d\u00e9lestages \u00e0 r\u00e9p\u00e9tition.<\/p>\n<p>Moins avare en explications qu\u2019en solutions, les responsables d\u2019Eneo, interrog\u00e9s par nos confr\u00e8res de la CRTV, indiquent que ces perturbations sont dues \u00e0 la limitation de la production de la centrale de Lagdo, caus\u00e9e par une hydraulicit\u00e9 particuli\u00e8rement basse depuis le mois d\u2019aout 2020.Pour un retour \u00e0 la normale, il faudra encore attendre. L\u2019entreprise Eneo n\u2019a pas voulu faire de grandes d\u00e9clarations. Elle a pr\u00e9f\u00e9r\u00e9 opt\u00e9 pour la circonspection, en ce qui concerne cet imp\u00e9ratif.<\/p>\n","protected":false},"excerpt":{"rendered":"<p>Africa-Press &#8211; Cameroun. Depuis quelques jours, La ville de Maroua, Capitale r\u00e9gionale de l\u2019Extr\u00eame-Nord, ressemble \u00e0 une agglom\u00e9ration moyen\u00e2geuse. Les usagers qui arpentent ses diff\u00e9rentes art\u00e8res de jour comme de nuit, ces derni\u00e8res semaines, d\u00e9crivent une ville qui suffoque, prisonni\u00e8re qu\u2019elle est des caprices d\u2019ENEO, l\u2019unique op\u00e9rateur du secteur de l\u2019\u00e9lectricit\u00e9 au Cameroun. En effet, [&hellip;]<\/p>\n","protected":false},"author":82,"featured_media":1472,"comment_status":"open","ping_status":"closed","sticky":false,"template":"","format":"standard","meta":{"footnotes":""},"categories":[21,11,10],"tags":[36,50,49],"class_list":["post-1473","post","type-post","status-publish","format-standard","has-post-thumbnail","hentry","category-communaute","category-homepage-french","category-toutes-les-actualites","tag-africa-press","tag-africa-press-cameroun","tag-cameroun"],"yoast_head":"<!-- This site is optimized with the Yoast SEO Premium plugin v26.1 (Yoast SEO v27.0) - https:\/\/yoast.com\/product\/yoast-seo-premium-wordpress\/ -->\n<title>Distribution de l\u2019\u00c9nergie \u00c9lectrique: La ville de Maroua dans le noir depuis plusieurs jours - Cameroun<\/title>\n<meta name=\"description\" content=\"Depuis quelques jours, La ville de Maroua, Capitale r\u00e9gionale de l\u2019Extr\u00eame-Nord, ressemble \u00e0 une agglom\u00e9ration moyen\u00e2geu ...\" \/>\n<meta name=\"robots\" content=\"index, follow, max-snippet:-1, max-image-preview:large, max-video-preview:-1\" \/>\n<link rel=\"canonical\" href=\"https:\/\/www.africa-press.net\/cameroun\/toutes-les-actualites\/cameroun-distribution-de-lenergie-electrique-la-ville-de-maroua-dans-le-noir-depuis-plusieurs-jours\" \/>\n<meta property=\"og:locale\" content=\"fr_FR\" \/>\n<meta property=\"og:type\" content=\"article\" \/>\n<meta property=\"og:title\" content=\"Distribution de l\u2019\u00c9nergie \u00c9lectrique: La ville de Maroua dans le noir depuis plusieurs jours\" \/>\n<meta property=\"og:description\" content=\"Depuis quelques jours, La ville de Maroua, Capitale r\u00e9gionale de l\u2019Extr\u00eame-Nord, ressemble \u00e0 une agglom\u00e9ration moyen\u00e2geu ...\" \/>\n<meta property=\"og:url\" content=\"https:\/\/www.africa-press.net\/cameroun\/toutes-les-actualites\/cameroun-distribution-de-lenergie-electrique-la-ville-de-maroua-dans-le-noir-depuis-plusieurs-jours\" \/>\n<meta property=\"og:site_name\" content=\"Cameroun\" \/>\n<meta property=\"article:published_time\" content=\"2021-03-20T10:25:40+00:00\" \/>\n<meta property=\"article:modified_time\" content=\"2021-03-22T05:15:18+00:00\" \/>\n<meta property=\"og:image\" content=\"https:\/\/static.africa-press.net\/cameroun\/sites\/57\/2021\/03\/img-605827002665c.jpg\" \/>\n\t<meta property=\"og:image:width\" content=\"800\" \/>\n\t<meta property=\"og:image:height\" content=\"513\" \/>\n\t<meta property=\"og:image:type\" content=\"image\/jpeg\" \/>\n<meta name=\"author\" content=\"cfeditorfr\" \/>\n<meta name=\"twitter:card\" content=\"summary_large_image\" \/>\n<meta name=\"twitter:label1\" content=\"\u00c9crit par\" \/>\n\t<meta name=\"twitter:data1\" content=\"cfeditorfr\" \/>\n\t<meta name=\"twitter:label2\" content=\"Dur\u00e9e de lecture estim\u00e9e\" \/>\n\t<meta name=\"twitter:data2\" content=\"1 minute\" \/>\n<script type=\"application\/ld+json\" class=\"yoast-schema-graph\">{\"@context\":\"https:\/\/schema.org\",\"@graph\":[{\"@type\":\"Article\",\"@id\":\"https:\/\/www.africa-press.net\/cameroun\/toutes-les-actualites\/cameroun-distribution-de-lenergie-electrique-la-ville-de-maroua-dans-le-noir-depuis-plusieurs-jours#article\",\"isPartOf\":{\"@id\":\"https:\/\/www.africa-press.net\/cameroun\/toutes-les-actualites\/cameroun-distribution-de-lenergie-electrique-la-ville-de-maroua-dans-le-noir-depuis-plusieurs-jours\"},\"author\":{\"name\":\"cfeditorfr\",\"@id\":\"https:\/\/www.africa-press.net\/cameroun\/#\/schema\/person\/2b1cf3cd81a31e3cd26889ca66d677f1\"},\"headline\":\"Distribution de l\u2019\u00c9nergie \u00c9lectrique: La ville de Maroua dans le noir depuis plusieurs jours\",\"datePublished\":\"2021-03-20T10:25:40+00:00\",\"dateModified\":\"2021-03-22T05:15:18+00:00\",\"mainEntityOfPage\":{\"@id\":\"https:\/\/www.africa-press.net\/cameroun\/toutes-les-actualites\/cameroun-distribution-de-lenergie-electrique-la-ville-de-maroua-dans-le-noir-depuis-plusieurs-jours\"},\"wordCount\":280,\"commentCount\":0,\"image\":{\"@id\":\"https:\/\/www.africa-press.net\/cameroun\/toutes-les-actualites\/cameroun-distribution-de-lenergie-electrique-la-ville-de-maroua-dans-le-noir-depuis-plusieurs-jours#primaryimage\"},\"thumbnailUrl\":\"https:\/\/static.africa-press.net\/cameroun\/sites\/57\/2021\/03\/img-605827002665c.jpg\",\"keywords\":[\"Africa Press\",\"Africa Press-Cameroun\",\"Cameroun\"],\"articleSection\":[\"Communaut\u00e9\",\"homepage-french\",\"Toutes les actualit\u00e9s\"],\"inLanguage\":\"fr-FR\",\"potentialAction\":[{\"@type\":\"CommentAction\",\"name\":\"Comment\",\"target\":[\"https:\/\/www.africa-press.net\/cameroun\/toutes-les-actualites\/cameroun-distribution-de-lenergie-electrique-la-ville-de-maroua-dans-le-noir-depuis-plusieurs-jours#respond\"]}]},{\"@type\":\"WebPage\",\"@id\":\"https:\/\/www.africa-press.net\/cameroun\/toutes-les-actualites\/cameroun-distribution-de-lenergie-electrique-la-ville-de-maroua-dans-le-noir-depuis-plusieurs-jours\",\"url\":\"https:\/\/www.africa-press.net\/cameroun\/toutes-les-actualites\/cameroun-distribution-de-lenergie-electrique-la-ville-de-maroua-dans-le-noir-depuis-plusieurs-jours\",\"name\":\"Distribution de l\u2019\u00c9nergie \u00c9lectrique: La ville de Maroua dans le noir depuis plusieurs jours - Cameroun\",\"isPartOf\":{\"@id\":\"https:\/\/www.africa-press.net\/cameroun\/#website\"},\"primaryImageOfPage\":{\"@id\":\"https:\/\/www.africa-press.net\/cameroun\/toutes-les-actualites\/cameroun-distribution-de-lenergie-electrique-la-ville-de-maroua-dans-le-noir-depuis-plusieurs-jours#primaryimage\"},\"image\":{\"@id\":\"https:\/\/www.africa-press.net\/cameroun\/toutes-les-actualites\/cameroun-distribution-de-lenergie-electrique-la-ville-de-maroua-dans-le-noir-depuis-plusieurs-jours#primaryimage\"},\"thumbnailUrl\":\"https:\/\/static.africa-press.net\/cameroun\/sites\/57\/2021\/03\/img-605827002665c.jpg\",\"datePublished\":\"2021-03-20T10:25:40+00:00\",\"dateModified\":\"2021-03-22T05:15:18+00:00\",\"author\":{\"@id\":\"https:\/\/www.africa-press.net\/cameroun\/#\/schema\/person\/2b1cf3cd81a31e3cd26889ca66d677f1\"},\"description\":\"Depuis quelques jours, La ville de Maroua, Capitale r\u00e9gionale de l\u2019Extr\u00eame-Nord, ressemble \u00e0 une agglom\u00e9ration moyen\u00e2geu ...\",\"breadcrumb\":{\"@id\":\"https:\/\/www.africa-press.net\/cameroun\/toutes-les-actualites\/cameroun-distribution-de-lenergie-electrique-la-ville-de-maroua-dans-le-noir-depuis-plusieurs-jours#breadcrumb\"},\"inLanguage\":\"fr-FR\",\"potentialAction\":[{\"@type\":\"ReadAction\",\"target\":[\"https:\/\/www.africa-press.net\/cameroun\/toutes-les-actualites\/cameroun-distribution-de-lenergie-electrique-la-ville-de-maroua-dans-le-noir-depuis-plusieurs-jours\"]}]},{\"@type\":\"ImageObject\",\"inLanguage\":\"fr-FR\",\"@id\":\"https:\/\/www.africa-press.net\/cameroun\/toutes-les-actualites\/cameroun-distribution-de-lenergie-electrique-la-ville-de-maroua-dans-le-noir-depuis-plusieurs-jours#primaryimage\",\"url\":\"https:\/\/static.africa-press.net\/cameroun\/sites\/57\/2021\/03\/img-605827002665c.jpg\",\"contentUrl\":\"https:\/\/static.africa-press.net\/cameroun\/sites\/57\/2021\/03\/img-605827002665c.jpg\",\"width\":800,\"height\":513,\"caption\":\"Cameroun\u00a0- Distribution de l\u2019\u00c9nergie \u00c9lectrique: La ville de Maroua dans le noir depuis plusieurs jours\"},{\"@type\":\"BreadcrumbList\",\"@id\":\"https:\/\/www.africa-press.net\/cameroun\/toutes-les-actualites\/cameroun-distribution-de-lenergie-electrique-la-ville-de-maroua-dans-le-noir-depuis-plusieurs-jours#breadcrumb\",\"itemListElement\":[{\"@type\":\"ListItem\",\"position\":1,\"name\":\"Accueil\",\"item\":\"https:\/\/www.africa-press.net\/cameroun\/\"},{\"@type\":\"ListItem\",\"position\":2,\"name\":\"Distribution de l\u2019\u00c9nergie \u00c9lectrique: La ville de Maroua dans le noir depuis plusieurs jours\"}]},{\"@type\":\"WebSite\",\"@id\":\"https:\/\/www.africa-press.net\/cameroun\/#website\",\"url\":\"https:\/\/www.africa-press.net\/cameroun\/\",\"name\":\"Cameroun\",\"description\":\"Just another Africa News Agency Sites site\",\"potentialAction\":[{\"@type\":\"SearchAction\",\"target\":{\"@type\":\"EntryPoint\",\"urlTemplate\":\"https:\/\/www.africa-press.net\/cameroun\/?s={search_term_string}\"},\"query-input\":{\"@type\":\"PropertyValueSpecification\",\"valueRequired\":true,\"valueName\":\"search_term_string\"}}],\"inLanguage\":\"fr-FR\"},{\"@type\":\"Person\",\"@id\":\"https:\/\/www.africa-press.net\/cameroun\/#\/schema\/person\/2b1cf3cd81a31e3cd26889ca66d677f1\",\"name\":\"cfeditorfr\"}]}<\/script>\n<!-- \/ Yoast SEO Premium plugin. -->","yoast_head_json":{"title":"Distribution de l\u2019\u00c9nergie \u00c9lectrique: La ville de Maroua dans le noir depuis plusieurs jours - Cameroun","description":"Depuis quelques jours, La ville de Maroua, Capitale r\u00e9gionale de l\u2019Extr\u00eame-Nord, ressemble \u00e0 une agglom\u00e9ration moyen\u00e2geu ...","robots":{"index":"index","follow":"follow","max-snippet":"max-snippet:-1","max-image-preview":"max-image-preview:large","max-video-preview":"max-video-preview:-1"},"canonical":"https:\/\/www.africa-press.net\/cameroun\/toutes-les-actualites\/cameroun-distribution-de-lenergie-electrique-la-ville-de-maroua-dans-le-noir-depuis-plusieurs-jours","og_locale":"fr_FR","og_type":"article","og_title":"Distribution de l\u2019\u00c9nergie \u00c9lectrique: La ville de Maroua dans le noir depuis plusieurs jours","og_description":"Depuis quelques jours, La ville de Maroua, Capitale r\u00e9gionale de l\u2019Extr\u00eame-Nord, ressemble \u00e0 une agglom\u00e9ration moyen\u00e2geu ...","og_url":"https:\/\/www.africa-press.net\/cameroun\/toutes-les-actualites\/cameroun-distribution-de-lenergie-electrique-la-ville-de-maroua-dans-le-noir-depuis-plusieurs-jours","og_site_name":"Cameroun","article_published_time":"2021-03-20T10:25:40+00:00","article_modified_time":"2021-03-22T05:15:18+00:00","og_image":[{"width":800,"height":513,"url":"https:\/\/static.africa-press.net\/cameroun\/sites\/57\/2021\/03\/img-605827002665c.jpg","type":"image\/jpeg"}],"author":"cfeditorfr","twitter_card":"summary_large_image","twitter_misc":{"\u00c9crit par":"cfeditorfr","Dur\u00e9e de lecture estim\u00e9e":"1 minute"},"schema":{"@context":"https:\/\/schema.org","@graph":[{"@type":"Article","@id":"https:\/\/www.africa-press.net\/cameroun\/toutes-les-actualites\/cameroun-distribution-de-lenergie-electrique-la-ville-de-maroua-dans-le-noir-depuis-plusieurs-jours#article","isPartOf":{"@id":"https:\/\/www.africa-press.net\/cameroun\/toutes-les-actualites\/cameroun-distribution-de-lenergie-electrique-la-ville-de-maroua-dans-le-noir-depuis-plusieurs-jours"},"author":{"name":"cfeditorfr","@id":"https:\/\/www.africa-press.net\/cameroun\/#\/schema\/person\/2b1cf3cd81a31e3cd26889ca66d677f1"},"headline":"Distribution de l\u2019\u00c9nergie \u00c9lectrique: La ville de Maroua dans le noir depuis plusieurs jours","datePublished":"2021-03-20T10:25:40+00:00","dateModified":"2021-03-22T05:15:18+00:00","mainEntityOfPage":{"@id":"https:\/\/www.africa-press.net\/cameroun\/toutes-les-actualites\/cameroun-distribution-de-lenergie-electrique-la-ville-de-maroua-dans-le-noir-depuis-plusieurs-jours"},"wordCount":280,"commentCount":0,"image":{"@id":"https:\/\/www.africa-press.net\/cameroun\/toutes-les-actualites\/cameroun-distribution-de-lenergie-electrique-la-ville-de-maroua-dans-le-noir-depuis-plusieurs-jours#primaryimage"},"thumbnailUrl":"https:\/\/static.africa-press.net\/cameroun\/sites\/57\/2021\/03\/img-605827002665c.jpg","keywords":["Africa Press","Africa Press-Cameroun","Cameroun"],"articleSection":["Communaut\u00e9","homepage-french","Toutes les actualit\u00e9s"],"inLanguage":"fr-FR","potentialAction":[{"@type":"CommentAction","name":"Comment","target":["https:\/\/www.africa-press.net\/cameroun\/toutes-les-actualites\/cameroun-distribution-de-lenergie-electrique-la-ville-de-maroua-dans-le-noir-depuis-plusieurs-jours#respond"]}]},{"@type":"WebPage","@id":"https:\/\/www.africa-press.net\/cameroun\/toutes-les-actualites\/cameroun-distribution-de-lenergie-electrique-la-ville-de-maroua-dans-le-noir-depuis-plusieurs-jours","url":"https:\/\/www.africa-press.net\/cameroun\/toutes-les-actualites\/cameroun-distribution-de-lenergie-electrique-la-ville-de-maroua-dans-le-noir-depuis-plusieurs-jours","name":"Distribution de l\u2019\u00c9nergie \u00c9lectrique: La ville de Maroua dans le noir depuis plusieurs jours - Cameroun","isPartOf":{"@id":"https:\/\/www.africa-press.net\/cameroun\/#website"},"primaryImageOfPage":{"@id":"https:\/\/www.africa-press.net\/cameroun\/toutes-les-actualites\/cameroun-distribution-de-lenergie-electrique-la-ville-de-maroua-dans-le-noir-depuis-plusieurs-jours#primaryimage"},"image":{"@id":"https:\/\/www.africa-press.net\/cameroun\/toutes-les-actualites\/cameroun-distribution-de-lenergie-electrique-la-ville-de-maroua-dans-le-noir-depuis-plusieurs-jours#primaryimage"},"thumbnailUrl":"https:\/\/static.africa-press.net\/cameroun\/sites\/57\/2021\/03\/img-605827002665c.jpg","datePublished":"2021-03-20T10:25:40+00:00","dateModified":"2021-03-22T05:15:18+00:00","author":{"@id":"https:\/\/www.africa-press.net\/cameroun\/#\/schema\/person\/2b1cf3cd81a31e3cd26889ca66d677f1"},"description":"Depuis quelques jours, La ville de Maroua, Capitale r\u00e9gionale de l\u2019Extr\u00eame-Nord, ressemble \u00e0 une agglom\u00e9ration moyen\u00e2geu ...","breadcrumb":{"@id":"https:\/\/www.africa-press.net\/cameroun\/toutes-les-actualites\/cameroun-distribution-de-lenergie-electrique-la-ville-de-maroua-dans-le-noir-depuis-plusieurs-jours#breadcrumb"},"inLanguage":"fr-FR","potentialAction":[{"@type":"ReadAction","target":["https:\/\/www.africa-press.net\/cameroun\/toutes-les-actualites\/cameroun-distribution-de-lenergie-electrique-la-ville-de-maroua-dans-le-noir-depuis-plusieurs-jours"]}]},{"@type":"ImageObject","inLanguage":"fr-FR","@id":"https:\/\/www.africa-press.net\/cameroun\/toutes-les-actualites\/cameroun-distribution-de-lenergie-electrique-la-ville-de-maroua-dans-le-noir-depuis-plusieurs-jours#primaryimage","url":"https:\/\/static.africa-press.net\/cameroun\/sites\/57\/2021\/03\/img-605827002665c.jpg","contentUrl":"https:\/\/static.africa-press.net\/cameroun\/sites\/57\/2021\/03\/img-605827002665c.jpg","width":800,"height":513,"caption":"Cameroun\u00a0- Distribution de l\u2019\u00c9nergie \u00c9lectrique: La ville de Maroua dans le noir depuis plusieurs jours"},{"@type":"BreadcrumbList","@id":"https:\/\/www.africa-press.net\/cameroun\/toutes-les-actualites\/cameroun-distribution-de-lenergie-electrique-la-ville-de-maroua-dans-le-noir-depuis-plusieurs-jours#breadcrumb","itemListElement":[{"@type":"ListItem","position":1,"name":"Accueil","item":"https:\/\/www.africa-press.net\/cameroun\/"},{"@type":"ListItem","position":2,"name":"Distribution de l\u2019\u00c9nergie \u00c9lectrique: La ville de Maroua dans le noir depuis plusieurs jours"}]},{"@type":"WebSite","@id":"https:\/\/www.africa-press.net\/cameroun\/#website","url":"https:\/\/www.africa-press.net\/cameroun\/","name":"Cameroun","description":"Just another Africa News Agency Sites site","potentialAction":[{"@type":"SearchAction","target":{"@type":"EntryPoint","urlTemplate":"https:\/\/www.africa-press.net\/cameroun\/?s={search_term_string}"},"query-input":{"@type":"PropertyValueSpecification","valueRequired":true,"valueName":"search_term_string"}}],"inLanguage":"fr-FR"},{"@type":"Person","@id":"https:\/\/www.africa-press.net\/cameroun\/#\/schema\/person\/2b1cf3cd81a31e3cd26889ca66d677f1","name":"cfeditorfr"}]}},"_links":{"self":[{"href":"https:\/\/www.africa-press.net\/cameroun\/wp-json\/wp\/v2\/posts\/1473","targetHints":{"allow":["GET"]}}],"collection":[{"href":"https:\/\/www.africa-press.net\/cameroun\/wp-json\/wp\/v2\/posts"}],"about":[{"href":"https:\/\/www.africa-press.net\/cameroun\/wp-json\/wp\/v2\/types\/post"}],"author":[{"embeddable":true,"href":"https:\/\/www.africa-press.net\/cameroun\/wp-json\/wp\/v2\/users\/82"}],"replies":[{"embeddable":true,"href":"https:\/\/www.africa-press.net\/cameroun\/wp-json\/wp\/v2\/comments?post=1473"}],"version-history":[{"count":0,"href":"https:\/\/www.africa-press.net\/cameroun\/wp-json\/wp\/v2\/posts\/1473\/revisions"}],"wp:featuredmedia":[{"embeddable":true,"href":"https:\/\/www.africa-press.net\/cameroun\/wp-json\/wp\/v2\/media\/1472"}],"wp:attachment":[{"href":"https:\/\/www.africa-press.net\/cameroun\/wp-json\/wp\/v2\/media?parent=1473"}],"wp:term":[{"taxonomy":"category","embeddable":true,"href":"https:\/\/www.africa-press.net\/cameroun\/wp-json\/wp\/v2\/categories?post=1473"},{"taxonomy":"post_tag","embeddable":true,"href":"https:\/\/www.africa-press.net\/cameroun\/wp-json\/wp\/v2\/tags?post=1473"}],"curies":[{"name":"wp","href":"https:\/\/api.w.org\/{rel}","templated":true}]}}