{"id":1488,"date":"2021-03-20T11:06:44","date_gmt":"2021-03-20T11:06:44","guid":{"rendered":"https:\/\/www.africa-press.net\/cameroun\/politique\/cameroun-transports-la-compagnie-charter-express-ecope-dun-mois-de-suspension-pour-surcharge-et-exces-de-vitesse-sur-laxe-bafang-yaounde"},"modified":"2021-03-22T05:23:02","modified_gmt":"2021-03-22T05:23:02","slug":"cameroun-transports-la-compagnie-charter-express-ecope-dun-mois-de-suspension-pour-surcharge-et-exces-de-vitesse-sur-laxe-bafang-yaounde","status":"publish","type":"post","link":"https:\/\/www.africa-press.net\/cameroun\/toutes-les-actualites\/cameroun-transports-la-compagnie-charter-express-ecope-dun-mois-de-suspension-pour-surcharge-et-exces-de-vitesse-sur-laxe-bafang-yaounde","title":{"rendered":"Cameroun &#8211; Transports: La compagnie \u00abCharter Express\u00bb \u00e9cope d\u2019un mois de suspension pour surcharge et exc\u00e8s de vitesse sur l\u2019axe Bafang-Yaound\u00e9"},"content":{"rendered":"<p><span style=\"color: #ff6600\"><strong><a href=\"https:\/\/www.africa-press.net\/\">Africa-Press<\/a> &#8211; <a href=\"https:\/\/www.africa-press.net\/cameroun\">Cameroun<\/a>. <\/strong><\/span>La compagnie de transport interurbain \u00abCharter Express\u00bb est pass\u00e9e \u00e0 la trappe du minist\u00e8re des Transports. Dans un communiqu\u00e9 sign\u00e9 le jeudi 18 mars 2021 par le patron des Transports, Jean Ernest Mass\u00e9na Ngalle Bibehe, a d\u00e9cid\u00e9 d\u2019infliger une suspension d\u2019un an, avec un sursis de trois mois \u00e0 ladite compagnie, surprise en \u00abflagrant d\u00e9lit de surcharge et non-respect de la limitation de vitesse le samedi 13 mars 2021 sur l\u2019axe Bafang-Yaound\u00e9 en violation des dispositions de la r\u00e9glementation en vigueur relatives aux surcharges\u00bb, renseigne le communiqu\u00e9.<\/p>\n<p>L\u2019autorit\u00e9 administrative a \u00e9galement d\u00e9cid\u00e9 de suspendre le permis de conduire de M. Feupossi Charles pour une dur\u00e9e d\u2019un an. Celui du chauffeur \u00e0 l\u2019origine de ces griefs reproch\u00e9s \u00e0 Charter Express.<\/p>\n<p>Ngalle Bibehe ajoute que \u00abdurant cette p\u00e9riode de suspension, les audits seront effectu\u00e9s par le services techniques comp\u00e9tents de son d\u00e9partement minist\u00e9riel, en vue de la v\u00e9rification du respect des consignes de s\u00e9curit\u00e9 et des clauses du cahier de charges des agences de voyages au sein de ses diff\u00e9rents terminaux\u00bb. Si les r\u00e9sultats de l\u2019audit sont probants, le patron des transports pourrait \u00e9ventuellement lever la suspension de la compagnie Charter Express au bout d\u2019un mois. Le cas contraire, la suspension s\u2019\u00e9tendra sur trois mois.<\/p>\n<p>Cette d\u00e9cision du ministre fait suite \u00e0 une plainte du pr\u00e9sident de la Commission ind\u00e9pendante contre la corruption et la discrimination, Shanda Tomne, qui a saisi Ngalle Bibehe le 15 mars dernier, pour d\u00e9noncer des actes de corruption des \u00e9l\u00e9ments de la gendarmerie et de la police en faction sur l\u2019axe Bafang-Yaound\u00e9 le 13 mars, pour avoir laiss\u00e9 ce v\u00e9hicule de Charter Express franchir toutes les barri\u00e8res avec une surcharge de 14 personnes.<\/p>\n<p>Shanda Tomne est arriv\u00e9 \u00e0 la conclusion que si un v\u00e9hicule en violation de la r\u00e9glementation en vigueur circule avec une telle facilit\u00e9, il va sans dire que les armes et les explosifs traversent \u00e9galement avec un laxisme tout aussi d\u00e9plorable les barri\u00e8res polici\u00e8res. Le d\u00e9nonciateur pr\u00e9conisait au ministre d\u2019ouvrir une enqu\u00eate en synergie avec le Secr\u00e9tariat d\u2019Etat \u00e0 la D\u00e9fense et la D\u00e9l\u00e9gation g\u00e9n\u00e9rale \u00e0 la S\u00fbret\u00e9 Nationale, aux fins d\u2019identifier et de sanctionner les agents de police et de gendarmerie en faction sur cet axe ce jour-l\u00e0. Mais en attendant, le ministre des Transports a s\u00e9vi dans son domaine de comp\u00e9tence.<\/p>\n","protected":false},"excerpt":{"rendered":"<p>Africa-Press &#8211; Cameroun. La compagnie de transport interurbain \u00abCharter Express\u00bb est pass\u00e9e \u00e0 la trappe du minist\u00e8re des Transports. Dans un communiqu\u00e9 sign\u00e9 le jeudi 18 mars 2021 par le patron des Transports, Jean Ernest Mass\u00e9na Ngalle Bibehe, a d\u00e9cid\u00e9 d\u2019infliger une suspension d\u2019un an, avec un sursis de trois mois \u00e0 ladite compagnie, surprise [&hellip;]<\/p>\n","protected":false},"author":82,"featured_media":1487,"comment_status":"open","ping_status":"closed","sticky":false,"template":"","format":"standard","meta":{"footnotes":""},"categories":[21,11,10],"tags":[36,50,49],"class_list":["post-1488","post","type-post","status-publish","format-standard","has-post-thumbnail","hentry","category-communaute","category-homepage-french","category-toutes-les-actualites","tag-africa-press","tag-africa-press-cameroun","tag-cameroun"],"yoast_head":"<!-- This site is optimized with the Yoast SEO Premium plugin v26.1 (Yoast SEO v27.0) - https:\/\/yoast.com\/product\/yoast-seo-premium-wordpress\/ -->\n<title>Cameroun - Transports: La compagnie \u00abCharter Express\u00bb \u00e9cope d\u2019un mois de suspension pour surcharge et exc\u00e8s de vitesse sur l\u2019axe Bafang-Yaound\u00e9 - Cameroun<\/title>\n<meta name=\"description\" content=\"La compagnie de transport interurbain \u00abCharter Express\u00bb est pass\u00e9e \u00e0 la trappe du minist\u00e8re des Transports. Dans un comm ...\" \/>\n<meta name=\"robots\" content=\"index, follow, max-snippet:-1, max-image-preview:large, max-video-preview:-1\" \/>\n<link rel=\"canonical\" href=\"https:\/\/www.africa-press.net\/cameroun\/toutes-les-actualites\/cameroun-transports-la-compagnie-charter-express-ecope-dun-mois-de-suspension-pour-surcharge-et-exces-de-vitesse-sur-laxe-bafang-yaounde\" \/>\n<meta property=\"og:locale\" content=\"fr_FR\" \/>\n<meta property=\"og:type\" content=\"article\" \/>\n<meta property=\"og:title\" content=\"Cameroun - Transports: La compagnie \u00abCharter Express\u00bb \u00e9cope d\u2019un mois de suspension pour surcharge et exc\u00e8s de vitesse sur l\u2019axe Bafang-Yaound\u00e9\" \/>\n<meta property=\"og:description\" content=\"La compagnie de transport interurbain \u00abCharter Express\u00bb est pass\u00e9e \u00e0 la trappe du minist\u00e8re des Transports. Dans un comm ...\" \/>\n<meta property=\"og:url\" content=\"https:\/\/www.africa-press.net\/cameroun\/toutes-les-actualites\/cameroun-transports-la-compagnie-charter-express-ecope-dun-mois-de-suspension-pour-surcharge-et-exces-de-vitesse-sur-laxe-bafang-yaounde\" \/>\n<meta property=\"og:site_name\" content=\"Cameroun\" \/>\n<meta property=\"article:published_time\" content=\"2021-03-20T11:06:44+00:00\" \/>\n<meta property=\"article:modified_time\" content=\"2021-03-22T05:23:02+00:00\" \/>\n<meta property=\"og:image\" content=\"https:\/\/static.africa-press.net\/cameroun\/sites\/57\/2021\/03\/img-605827b913147.jpg\" \/>\n\t<meta property=\"og:image:width\" content=\"800\" \/>\n\t<meta property=\"og:image:height\" content=\"500\" \/>\n\t<meta property=\"og:image:type\" content=\"image\/jpeg\" \/>\n<meta name=\"author\" content=\"cfeditorfr\" \/>\n<meta name=\"twitter:card\" content=\"summary_large_image\" \/>\n<meta name=\"twitter:label1\" content=\"\u00c9crit par\" \/>\n\t<meta name=\"twitter:data1\" content=\"cfeditorfr\" \/>\n\t<meta name=\"twitter:label2\" content=\"Dur\u00e9e de lecture estim\u00e9e\" \/>\n\t<meta name=\"twitter:data2\" content=\"2 minutes\" \/>\n<script type=\"application\/ld+json\" class=\"yoast-schema-graph\">{\"@context\":\"https:\/\/schema.org\",\"@graph\":[{\"@type\":\"Article\",\"@id\":\"https:\/\/www.africa-press.net\/cameroun\/toutes-les-actualites\/cameroun-transports-la-compagnie-charter-express-ecope-dun-mois-de-suspension-pour-surcharge-et-exces-de-vitesse-sur-laxe-bafang-yaounde#article\",\"isPartOf\":{\"@id\":\"https:\/\/www.africa-press.net\/cameroun\/toutes-les-actualites\/cameroun-transports-la-compagnie-charter-express-ecope-dun-mois-de-suspension-pour-surcharge-et-exces-de-vitesse-sur-laxe-bafang-yaounde\"},\"author\":{\"name\":\"cfeditorfr\",\"@id\":\"https:\/\/www.africa-press.net\/cameroun\/#\/schema\/person\/2b1cf3cd81a31e3cd26889ca66d677f1\"},\"headline\":\"Cameroun &#8211; Transports: La compagnie \u00abCharter Express\u00bb \u00e9cope d\u2019un mois de suspension pour surcharge et exc\u00e8s de vitesse sur l\u2019axe Bafang-Yaound\u00e9\",\"datePublished\":\"2021-03-20T11:06:44+00:00\",\"dateModified\":\"2021-03-22T05:23:02+00:00\",\"mainEntityOfPage\":{\"@id\":\"https:\/\/www.africa-press.net\/cameroun\/toutes-les-actualites\/cameroun-transports-la-compagnie-charter-express-ecope-dun-mois-de-suspension-pour-surcharge-et-exces-de-vitesse-sur-laxe-bafang-yaounde\"},\"wordCount\":446,\"commentCount\":0,\"image\":{\"@id\":\"https:\/\/www.africa-press.net\/cameroun\/toutes-les-actualites\/cameroun-transports-la-compagnie-charter-express-ecope-dun-mois-de-suspension-pour-surcharge-et-exces-de-vitesse-sur-laxe-bafang-yaounde#primaryimage\"},\"thumbnailUrl\":\"https:\/\/static.africa-press.net\/cameroun\/sites\/57\/2021\/03\/img-605827b913147.jpg\",\"keywords\":[\"Africa Press\",\"Africa Press-Cameroun\",\"Cameroun\"],\"articleSection\":[\"Communaut\u00e9\",\"homepage-french\",\"Toutes les actualit\u00e9s\"],\"inLanguage\":\"fr-FR\",\"potentialAction\":[{\"@type\":\"CommentAction\",\"name\":\"Comment\",\"target\":[\"https:\/\/www.africa-press.net\/cameroun\/toutes-les-actualites\/cameroun-transports-la-compagnie-charter-express-ecope-dun-mois-de-suspension-pour-surcharge-et-exces-de-vitesse-sur-laxe-bafang-yaounde#respond\"]}]},{\"@type\":\"WebPage\",\"@id\":\"https:\/\/www.africa-press.net\/cameroun\/toutes-les-actualites\/cameroun-transports-la-compagnie-charter-express-ecope-dun-mois-de-suspension-pour-surcharge-et-exces-de-vitesse-sur-laxe-bafang-yaounde\",\"url\":\"https:\/\/www.africa-press.net\/cameroun\/toutes-les-actualites\/cameroun-transports-la-compagnie-charter-express-ecope-dun-mois-de-suspension-pour-surcharge-et-exces-de-vitesse-sur-laxe-bafang-yaounde\",\"name\":\"Cameroun - Transports: La compagnie \u00abCharter Express\u00bb \u00e9cope d\u2019un mois de suspension pour surcharge et exc\u00e8s de vitesse sur l\u2019axe Bafang-Yaound\u00e9 - Cameroun\",\"isPartOf\":{\"@id\":\"https:\/\/www.africa-press.net\/cameroun\/#website\"},\"primaryImageOfPage\":{\"@id\":\"https:\/\/www.africa-press.net\/cameroun\/toutes-les-actualites\/cameroun-transports-la-compagnie-charter-express-ecope-dun-mois-de-suspension-pour-surcharge-et-exces-de-vitesse-sur-laxe-bafang-yaounde#primaryimage\"},\"image\":{\"@id\":\"https:\/\/www.africa-press.net\/cameroun\/toutes-les-actualites\/cameroun-transports-la-compagnie-charter-express-ecope-dun-mois-de-suspension-pour-surcharge-et-exces-de-vitesse-sur-laxe-bafang-yaounde#primaryimage\"},\"thumbnailUrl\":\"https:\/\/static.africa-press.net\/cameroun\/sites\/57\/2021\/03\/img-605827b913147.jpg\",\"datePublished\":\"2021-03-20T11:06:44+00:00\",\"dateModified\":\"2021-03-22T05:23:02+00:00\",\"author\":{\"@id\":\"https:\/\/www.africa-press.net\/cameroun\/#\/schema\/person\/2b1cf3cd81a31e3cd26889ca66d677f1\"},\"description\":\"La compagnie de transport interurbain \u00abCharter Express\u00bb est pass\u00e9e \u00e0 la trappe du minist\u00e8re des Transports. Dans un comm ...\",\"breadcrumb\":{\"@id\":\"https:\/\/www.africa-press.net\/cameroun\/toutes-les-actualites\/cameroun-transports-la-compagnie-charter-express-ecope-dun-mois-de-suspension-pour-surcharge-et-exces-de-vitesse-sur-laxe-bafang-yaounde#breadcrumb\"},\"inLanguage\":\"fr-FR\",\"potentialAction\":[{\"@type\":\"ReadAction\",\"target\":[\"https:\/\/www.africa-press.net\/cameroun\/toutes-les-actualites\/cameroun-transports-la-compagnie-charter-express-ecope-dun-mois-de-suspension-pour-surcharge-et-exces-de-vitesse-sur-laxe-bafang-yaounde\"]}]},{\"@type\":\"ImageObject\",\"inLanguage\":\"fr-FR\",\"@id\":\"https:\/\/www.africa-press.net\/cameroun\/toutes-les-actualites\/cameroun-transports-la-compagnie-charter-express-ecope-dun-mois-de-suspension-pour-surcharge-et-exces-de-vitesse-sur-laxe-bafang-yaounde#primaryimage\",\"url\":\"https:\/\/static.africa-press.net\/cameroun\/sites\/57\/2021\/03\/img-605827b913147.jpg\",\"contentUrl\":\"https:\/\/static.africa-press.net\/cameroun\/sites\/57\/2021\/03\/img-605827b913147.jpg\",\"width\":800,\"height\":500,\"caption\":\"Cameroun - Transports: La compagnie \u00abCharter Express\u00bb \u00e9cope d\u2019un mois de suspension pour surcharge et exc\u00e8s de vitesse sur l\u2019axe Bafang-Yaound\u00e9\"},{\"@type\":\"BreadcrumbList\",\"@id\":\"https:\/\/www.africa-press.net\/cameroun\/toutes-les-actualites\/cameroun-transports-la-compagnie-charter-express-ecope-dun-mois-de-suspension-pour-surcharge-et-exces-de-vitesse-sur-laxe-bafang-yaounde#breadcrumb\",\"itemListElement\":[{\"@type\":\"ListItem\",\"position\":1,\"name\":\"Accueil\",\"item\":\"https:\/\/www.africa-press.net\/cameroun\/\"},{\"@type\":\"ListItem\",\"position\":2,\"name\":\"Cameroun &#8211; Transports: La compagnie \u00abCharter Express\u00bb \u00e9cope d\u2019un mois de suspension pour surcharge et exc\u00e8s de vitesse sur l\u2019axe Bafang-Yaound\u00e9\"}]},{\"@type\":\"WebSite\",\"@id\":\"https:\/\/www.africa-press.net\/cameroun\/#website\",\"url\":\"https:\/\/www.africa-press.net\/cameroun\/\",\"name\":\"Cameroun\",\"description\":\"Just another Africa News Agency Sites site\",\"potentialAction\":[{\"@type\":\"SearchAction\",\"target\":{\"@type\":\"EntryPoint\",\"urlTemplate\":\"https:\/\/www.africa-press.net\/cameroun\/?s={search_term_string}\"},\"query-input\":{\"@type\":\"PropertyValueSpecification\",\"valueRequired\":true,\"valueName\":\"search_term_string\"}}],\"inLanguage\":\"fr-FR\"},{\"@type\":\"Person\",\"@id\":\"https:\/\/www.africa-press.net\/cameroun\/#\/schema\/person\/2b1cf3cd81a31e3cd26889ca66d677f1\",\"name\":\"cfeditorfr\"}]}<\/script>\n<!-- \/ Yoast SEO Premium plugin. -->","yoast_head_json":{"title":"Cameroun - Transports: La compagnie \u00abCharter Express\u00bb \u00e9cope d\u2019un mois de suspension pour surcharge et exc\u00e8s de vitesse sur l\u2019axe Bafang-Yaound\u00e9 - Cameroun","description":"La compagnie de transport interurbain \u00abCharter Express\u00bb est pass\u00e9e \u00e0 la trappe du minist\u00e8re des Transports. Dans un comm ...","robots":{"index":"index","follow":"follow","max-snippet":"max-snippet:-1","max-image-preview":"max-image-preview:large","max-video-preview":"max-video-preview:-1"},"canonical":"https:\/\/www.africa-press.net\/cameroun\/toutes-les-actualites\/cameroun-transports-la-compagnie-charter-express-ecope-dun-mois-de-suspension-pour-surcharge-et-exces-de-vitesse-sur-laxe-bafang-yaounde","og_locale":"fr_FR","og_type":"article","og_title":"Cameroun - Transports: La compagnie \u00abCharter Express\u00bb \u00e9cope d\u2019un mois de suspension pour surcharge et exc\u00e8s de vitesse sur l\u2019axe Bafang-Yaound\u00e9","og_description":"La compagnie de transport interurbain \u00abCharter Express\u00bb est pass\u00e9e \u00e0 la trappe du minist\u00e8re des Transports. Dans un comm ...","og_url":"https:\/\/www.africa-press.net\/cameroun\/toutes-les-actualites\/cameroun-transports-la-compagnie-charter-express-ecope-dun-mois-de-suspension-pour-surcharge-et-exces-de-vitesse-sur-laxe-bafang-yaounde","og_site_name":"Cameroun","article_published_time":"2021-03-20T11:06:44+00:00","article_modified_time":"2021-03-22T05:23:02+00:00","og_image":[{"width":800,"height":500,"url":"https:\/\/static.africa-press.net\/cameroun\/sites\/57\/2021\/03\/img-605827b913147.jpg","type":"image\/jpeg"}],"author":"cfeditorfr","twitter_card":"summary_large_image","twitter_misc":{"\u00c9crit par":"cfeditorfr","Dur\u00e9e de lecture estim\u00e9e":"2 minutes"},"schema":{"@context":"https:\/\/schema.org","@graph":[{"@type":"Article","@id":"https:\/\/www.africa-press.net\/cameroun\/toutes-les-actualites\/cameroun-transports-la-compagnie-charter-express-ecope-dun-mois-de-suspension-pour-surcharge-et-exces-de-vitesse-sur-laxe-bafang-yaounde#article","isPartOf":{"@id":"https:\/\/www.africa-press.net\/cameroun\/toutes-les-actualites\/cameroun-transports-la-compagnie-charter-express-ecope-dun-mois-de-suspension-pour-surcharge-et-exces-de-vitesse-sur-laxe-bafang-yaounde"},"author":{"name":"cfeditorfr","@id":"https:\/\/www.africa-press.net\/cameroun\/#\/schema\/person\/2b1cf3cd81a31e3cd26889ca66d677f1"},"headline":"Cameroun &#8211; Transports: La compagnie \u00abCharter Express\u00bb \u00e9cope d\u2019un mois de suspension pour surcharge et exc\u00e8s de vitesse sur l\u2019axe Bafang-Yaound\u00e9","datePublished":"2021-03-20T11:06:44+00:00","dateModified":"2021-03-22T05:23:02+00:00","mainEntityOfPage":{"@id":"https:\/\/www.africa-press.net\/cameroun\/toutes-les-actualites\/cameroun-transports-la-compagnie-charter-express-ecope-dun-mois-de-suspension-pour-surcharge-et-exces-de-vitesse-sur-laxe-bafang-yaounde"},"wordCount":446,"commentCount":0,"image":{"@id":"https:\/\/www.africa-press.net\/cameroun\/toutes-les-actualites\/cameroun-transports-la-compagnie-charter-express-ecope-dun-mois-de-suspension-pour-surcharge-et-exces-de-vitesse-sur-laxe-bafang-yaounde#primaryimage"},"thumbnailUrl":"https:\/\/static.africa-press.net\/cameroun\/sites\/57\/2021\/03\/img-605827b913147.jpg","keywords":["Africa Press","Africa Press-Cameroun","Cameroun"],"articleSection":["Communaut\u00e9","homepage-french","Toutes les actualit\u00e9s"],"inLanguage":"fr-FR","potentialAction":[{"@type":"CommentAction","name":"Comment","target":["https:\/\/www.africa-press.net\/cameroun\/toutes-les-actualites\/cameroun-transports-la-compagnie-charter-express-ecope-dun-mois-de-suspension-pour-surcharge-et-exces-de-vitesse-sur-laxe-bafang-yaounde#respond"]}]},{"@type":"WebPage","@id":"https:\/\/www.africa-press.net\/cameroun\/toutes-les-actualites\/cameroun-transports-la-compagnie-charter-express-ecope-dun-mois-de-suspension-pour-surcharge-et-exces-de-vitesse-sur-laxe-bafang-yaounde","url":"https:\/\/www.africa-press.net\/cameroun\/toutes-les-actualites\/cameroun-transports-la-compagnie-charter-express-ecope-dun-mois-de-suspension-pour-surcharge-et-exces-de-vitesse-sur-laxe-bafang-yaounde","name":"Cameroun - Transports: La compagnie \u00abCharter Express\u00bb \u00e9cope d\u2019un mois de suspension pour surcharge et exc\u00e8s de vitesse sur l\u2019axe Bafang-Yaound\u00e9 - Cameroun","isPartOf":{"@id":"https:\/\/www.africa-press.net\/cameroun\/#website"},"primaryImageOfPage":{"@id":"https:\/\/www.africa-press.net\/cameroun\/toutes-les-actualites\/cameroun-transports-la-compagnie-charter-express-ecope-dun-mois-de-suspension-pour-surcharge-et-exces-de-vitesse-sur-laxe-bafang-yaounde#primaryimage"},"image":{"@id":"https:\/\/www.africa-press.net\/cameroun\/toutes-les-actualites\/cameroun-transports-la-compagnie-charter-express-ecope-dun-mois-de-suspension-pour-surcharge-et-exces-de-vitesse-sur-laxe-bafang-yaounde#primaryimage"},"thumbnailUrl":"https:\/\/static.africa-press.net\/cameroun\/sites\/57\/2021\/03\/img-605827b913147.jpg","datePublished":"2021-03-20T11:06:44+00:00","dateModified":"2021-03-22T05:23:02+00:00","author":{"@id":"https:\/\/www.africa-press.net\/cameroun\/#\/schema\/person\/2b1cf3cd81a31e3cd26889ca66d677f1"},"description":"La compagnie de transport interurbain \u00abCharter Express\u00bb est pass\u00e9e \u00e0 la trappe du minist\u00e8re des Transports. Dans un comm ...","breadcrumb":{"@id":"https:\/\/www.africa-press.net\/cameroun\/toutes-les-actualites\/cameroun-transports-la-compagnie-charter-express-ecope-dun-mois-de-suspension-pour-surcharge-et-exces-de-vitesse-sur-laxe-bafang-yaounde#breadcrumb"},"inLanguage":"fr-FR","potentialAction":[{"@type":"ReadAction","target":["https:\/\/www.africa-press.net\/cameroun\/toutes-les-actualites\/cameroun-transports-la-compagnie-charter-express-ecope-dun-mois-de-suspension-pour-surcharge-et-exces-de-vitesse-sur-laxe-bafang-yaounde"]}]},{"@type":"ImageObject","inLanguage":"fr-FR","@id":"https:\/\/www.africa-press.net\/cameroun\/toutes-les-actualites\/cameroun-transports-la-compagnie-charter-express-ecope-dun-mois-de-suspension-pour-surcharge-et-exces-de-vitesse-sur-laxe-bafang-yaounde#primaryimage","url":"https:\/\/static.africa-press.net\/cameroun\/sites\/57\/2021\/03\/img-605827b913147.jpg","contentUrl":"https:\/\/static.africa-press.net\/cameroun\/sites\/57\/2021\/03\/img-605827b913147.jpg","width":800,"height":500,"caption":"Cameroun - Transports: La compagnie \u00abCharter Express\u00bb \u00e9cope d\u2019un mois de suspension pour surcharge et exc\u00e8s de vitesse sur l\u2019axe Bafang-Yaound\u00e9"},{"@type":"BreadcrumbList","@id":"https:\/\/www.africa-press.net\/cameroun\/toutes-les-actualites\/cameroun-transports-la-compagnie-charter-express-ecope-dun-mois-de-suspension-pour-surcharge-et-exces-de-vitesse-sur-laxe-bafang-yaounde#breadcrumb","itemListElement":[{"@type":"ListItem","position":1,"name":"Accueil","item":"https:\/\/www.africa-press.net\/cameroun\/"},{"@type":"ListItem","position":2,"name":"Cameroun &#8211; Transports: La compagnie \u00abCharter Express\u00bb \u00e9cope d\u2019un mois de suspension pour surcharge et exc\u00e8s de vitesse sur l\u2019axe Bafang-Yaound\u00e9"}]},{"@type":"WebSite","@id":"https:\/\/www.africa-press.net\/cameroun\/#website","url":"https:\/\/www.africa-press.net\/cameroun\/","name":"Cameroun","description":"Just another Africa News Agency Sites site","potentialAction":[{"@type":"SearchAction","target":{"@type":"EntryPoint","urlTemplate":"https:\/\/www.africa-press.net\/cameroun\/?s={search_term_string}"},"query-input":{"@type":"PropertyValueSpecification","valueRequired":true,"valueName":"search_term_string"}}],"inLanguage":"fr-FR"},{"@type":"Person","@id":"https:\/\/www.africa-press.net\/cameroun\/#\/schema\/person\/2b1cf3cd81a31e3cd26889ca66d677f1","name":"cfeditorfr"}]}},"_links":{"self":[{"href":"https:\/\/www.africa-press.net\/cameroun\/wp-json\/wp\/v2\/posts\/1488","targetHints":{"allow":["GET"]}}],"collection":[{"href":"https:\/\/www.africa-press.net\/cameroun\/wp-json\/wp\/v2\/posts"}],"about":[{"href":"https:\/\/www.africa-press.net\/cameroun\/wp-json\/wp\/v2\/types\/post"}],"author":[{"embeddable":true,"href":"https:\/\/www.africa-press.net\/cameroun\/wp-json\/wp\/v2\/users\/82"}],"replies":[{"embeddable":true,"href":"https:\/\/www.africa-press.net\/cameroun\/wp-json\/wp\/v2\/comments?post=1488"}],"version-history":[{"count":0,"href":"https:\/\/www.africa-press.net\/cameroun\/wp-json\/wp\/v2\/posts\/1488\/revisions"}],"wp:featuredmedia":[{"embeddable":true,"href":"https:\/\/www.africa-press.net\/cameroun\/wp-json\/wp\/v2\/media\/1487"}],"wp:attachment":[{"href":"https:\/\/www.africa-press.net\/cameroun\/wp-json\/wp\/v2\/media?parent=1488"}],"wp:term":[{"taxonomy":"category","embeddable":true,"href":"https:\/\/www.africa-press.net\/cameroun\/wp-json\/wp\/v2\/categories?post=1488"},{"taxonomy":"post_tag","embeddable":true,"href":"https:\/\/www.africa-press.net\/cameroun\/wp-json\/wp\/v2\/tags?post=1488"}],"curies":[{"name":"wp","href":"https:\/\/api.w.org\/{rel}","templated":true}]}}