{"id":1502,"date":"2021-03-20T11:22:54","date_gmt":"2021-03-20T11:22:54","guid":{"rendered":"https:\/\/www.africa-press.net\/cameroun\/politique\/conquete-detoudi-je-ne-vous-trahirai-jamais"},"modified":"2021-03-22T05:16:04","modified_gmt":"2021-03-22T05:16:04","slug":"conquete-detoudi-je-ne-vous-trahirai-jamais","status":"publish","type":"post","link":"https:\/\/www.africa-press.net\/cameroun\/parties\/conquete-detoudi-je-ne-vous-trahirai-jamais","title":{"rendered":"Conqu\u00eate d\u2019Etoudi : \u2018je ne vous trahirai jamais\u2019"},"content":{"rendered":"<p><span style=\"color: #ff6600\"><strong><a href=\"https:\/\/www.africa-press.net\/\">Africa-Press<\/a> &#8211; <a href=\"https:\/\/www.africa-press.net\/cameroun\">Cameroun<\/a>. <\/strong><\/span>Le PCRN de Cabral Libii a organis\u00e9 il y a quelques jours, un s\u00e9minaire d&rsquo;impr\u00e9gnation des dirigeants locaux de son parti dans la r\u00e9gion du Centre. La rencontre a permis au d\u00e9put\u00e9 de rappeler aux cadres de son parti, l\u2019objectif principal qui est la conqu\u00eate d\u2019Etoudi. Pour se faire il emprunte la phrase souvent utilis\u00e9e par Maurice Kamto: \u00ab Je ne vous trahirai jamais \u00bb.<\/p>\n<p>\u00ab\u00a0Notre vision c\u2019est l\u2019Etat qui prot\u00e8ge et qui lib\u00e8re les \u00e9nergies. Que celui qui n\u2019a pas pour objectif de diriger le pays peut d\u00e9j\u00e0 quitter le PCRN. L\u2019objectif du PCRN c\u2019est la pr\u00e9sidence ! Et faites-moi confiance, je ne vous trahirais jamais !\u00a0\u00bb, a-t-il publi\u00e9 sur Twitter.<\/p>\n<p>Le leader du Parti Camerounais pour la R\u00e9conciliation Nationale estime que gr\u00e2ce \u00e0 la campagne je veux ma CNI lanc\u00e9 par son parti, le pr\u00e9sident de la R\u00e9publique a cr\u00e9\u00e9 de nouveaux postes u sein de la police pour r\u00e9pondre \u00e0 cette pr\u00e9occupation.<\/p>\n<p>Cabral Libii et le PCRN se disent fier de leur travail. Leur campagne je veux ma CNI semble avoir port\u00e9 des fruits. Hier soir, proc\u00e9dant aux nominations \u00e0 la D\u00e9l\u00e9gation g\u00e9n\u00e9rale \u00e0 la Suret\u00e9 nationale, le pr\u00e9sident de la R\u00e9publique a cr\u00e9\u00e9 de nouveaux postes. Il s\u2019agit de la sous-direction des titres identitaires et du service de la carte nationale d&rsquo;identit\u00e9.<\/p>\n<p>Des postes qui selon La formation politique de Cabral Libii, ont \u00e9t\u00e9 cr\u00e9\u00e9 gr\u00e2ce \u00e0 la campagne jeux veux ma CNI, lanc\u00e9 il y a quelques mois. De quoi s\u2019enorgueillir du c\u00f4t\u00e9 du Parti Camerounais pour la R\u00e9conciliation Nationale<br \/>\nA rappeler qu\u2019en dehors des deux postes revendiqu\u00e9s par le Pcrn, les autres nominations ont port\u00e9es sur des postes qui existent d\u00e9j\u00e0.<\/p>\n<p>Vous \u00eates t\u00e9moin d&rsquo;un fait, vous avez une information, un scoop ou un sujet d&rsquo;actualit\u00e9 \u00e0 diffuser? Envoyez-nous<\/p>\n","protected":false},"excerpt":{"rendered":"<p>Africa-Press &#8211; Cameroun. Le PCRN de Cabral Libii a organis\u00e9 il y a quelques jours, un s\u00e9minaire d&rsquo;impr\u00e9gnation des dirigeants locaux de son parti dans la r\u00e9gion du Centre. La rencontre a permis au d\u00e9put\u00e9 de rappeler aux cadres de son parti, l\u2019objectif principal qui est la conqu\u00eate d\u2019Etoudi. Pour se faire il emprunte la [&hellip;]<\/p>\n","protected":false},"author":82,"featured_media":1500,"comment_status":"open","ping_status":"closed","sticky":false,"template":"","format":"standard","meta":{"footnotes":""},"categories":[11,4,10],"tags":[36,50,49],"class_list":["post-1502","post","type-post","status-publish","format-standard","has-post-thumbnail","hentry","category-homepage-french","category-parties","category-toutes-les-actualites","tag-africa-press","tag-africa-press-cameroun","tag-cameroun"],"yoast_head":"<!-- This site is optimized with the Yoast SEO Premium plugin v26.1 (Yoast SEO v27.0) - https:\/\/yoast.com\/product\/yoast-seo-premium-wordpress\/ -->\n<title>Conqu\u00eate d\u2019Etoudi : \u2018je ne vous trahirai jamais\u2019 - Cameroun<\/title>\n<meta name=\"description\" content=\"Le PCRN de Cabral Libii a organis\u00e9 il y a quelques jours, un s\u00e9minaire d&#039;impr\u00e9gnation des dirigeants locaux de son parti ...\" \/>\n<meta name=\"robots\" content=\"index, follow, max-snippet:-1, max-image-preview:large, max-video-preview:-1\" \/>\n<link rel=\"canonical\" href=\"https:\/\/www.africa-press.net\/cameroun\/parties\/conquete-detoudi-je-ne-vous-trahirai-jamais\" \/>\n<meta property=\"og:locale\" content=\"fr_FR\" \/>\n<meta property=\"og:type\" content=\"article\" \/>\n<meta property=\"og:title\" content=\"Conqu\u00eate d\u2019Etoudi : \u2018je ne vous trahirai jamais\u2019\" \/>\n<meta property=\"og:description\" content=\"Le PCRN de Cabral Libii a organis\u00e9 il y a quelques jours, un s\u00e9minaire d&#039;impr\u00e9gnation des dirigeants locaux de son parti ...\" \/>\n<meta property=\"og:url\" content=\"https:\/\/www.africa-press.net\/cameroun\/parties\/conquete-detoudi-je-ne-vous-trahirai-jamais\" \/>\n<meta property=\"og:site_name\" content=\"Cameroun\" \/>\n<meta property=\"article:published_time\" content=\"2021-03-20T11:22:54+00:00\" \/>\n<meta property=\"article:modified_time\" content=\"2021-03-22T05:16:04+00:00\" \/>\n<meta property=\"og:image\" content=\"https:\/\/static.africa-press.net\/cameroun\/sites\/57\/2021\/03\/img-605827fd002f7.jpg\" \/>\n\t<meta property=\"og:image:width\" content=\"1080\" \/>\n\t<meta property=\"og:image:height\" content=\"809\" \/>\n\t<meta property=\"og:image:type\" content=\"image\/jpeg\" \/>\n<meta name=\"author\" content=\"cfeditorfr\" \/>\n<meta name=\"twitter:card\" content=\"summary_large_image\" \/>\n<meta name=\"twitter:label1\" content=\"\u00c9crit par\" \/>\n\t<meta name=\"twitter:data1\" content=\"cfeditorfr\" \/>\n\t<meta name=\"twitter:label2\" content=\"Dur\u00e9e de lecture estim\u00e9e\" \/>\n\t<meta name=\"twitter:data2\" content=\"2 minutes\" \/>\n<script type=\"application\/ld+json\" class=\"yoast-schema-graph\">{\"@context\":\"https:\/\/schema.org\",\"@graph\":[{\"@type\":\"Article\",\"@id\":\"https:\/\/www.africa-press.net\/cameroun\/parties\/conquete-detoudi-je-ne-vous-trahirai-jamais#article\",\"isPartOf\":{\"@id\":\"https:\/\/www.africa-press.net\/cameroun\/parties\/conquete-detoudi-je-ne-vous-trahirai-jamais\"},\"author\":{\"name\":\"cfeditorfr\",\"@id\":\"https:\/\/www.africa-press.net\/cameroun\/#\/schema\/person\/2b1cf3cd81a31e3cd26889ca66d677f1\"},\"headline\":\"Conqu\u00eate d\u2019Etoudi : \u2018je ne vous trahirai jamais\u2019\",\"datePublished\":\"2021-03-20T11:22:54+00:00\",\"dateModified\":\"2021-03-22T05:16:04+00:00\",\"mainEntityOfPage\":{\"@id\":\"https:\/\/www.africa-press.net\/cameroun\/parties\/conquete-detoudi-je-ne-vous-trahirai-jamais\"},\"wordCount\":341,\"commentCount\":0,\"image\":{\"@id\":\"https:\/\/www.africa-press.net\/cameroun\/parties\/conquete-detoudi-je-ne-vous-trahirai-jamais#primaryimage\"},\"thumbnailUrl\":\"https:\/\/static.africa-press.net\/cameroun\/sites\/57\/2021\/03\/img-605827fd002f7.jpg\",\"keywords\":[\"Africa Press\",\"Africa Press-Cameroun\",\"Cameroun\"],\"articleSection\":[\"homepage-french\",\"Parties\",\"Toutes les actualit\u00e9s\"],\"inLanguage\":\"fr-FR\",\"potentialAction\":[{\"@type\":\"CommentAction\",\"name\":\"Comment\",\"target\":[\"https:\/\/www.africa-press.net\/cameroun\/parties\/conquete-detoudi-je-ne-vous-trahirai-jamais#respond\"]}]},{\"@type\":\"WebPage\",\"@id\":\"https:\/\/www.africa-press.net\/cameroun\/parties\/conquete-detoudi-je-ne-vous-trahirai-jamais\",\"url\":\"https:\/\/www.africa-press.net\/cameroun\/parties\/conquete-detoudi-je-ne-vous-trahirai-jamais\",\"name\":\"Conqu\u00eate d\u2019Etoudi : \u2018je ne vous trahirai jamais\u2019 - Cameroun\",\"isPartOf\":{\"@id\":\"https:\/\/www.africa-press.net\/cameroun\/#website\"},\"primaryImageOfPage\":{\"@id\":\"https:\/\/www.africa-press.net\/cameroun\/parties\/conquete-detoudi-je-ne-vous-trahirai-jamais#primaryimage\"},\"image\":{\"@id\":\"https:\/\/www.africa-press.net\/cameroun\/parties\/conquete-detoudi-je-ne-vous-trahirai-jamais#primaryimage\"},\"thumbnailUrl\":\"https:\/\/static.africa-press.net\/cameroun\/sites\/57\/2021\/03\/img-605827fd002f7.jpg\",\"datePublished\":\"2021-03-20T11:22:54+00:00\",\"dateModified\":\"2021-03-22T05:16:04+00:00\",\"author\":{\"@id\":\"https:\/\/www.africa-press.net\/cameroun\/#\/schema\/person\/2b1cf3cd81a31e3cd26889ca66d677f1\"},\"description\":\"Le PCRN de Cabral Libii a organis\u00e9 il y a quelques jours, un s\u00e9minaire d'impr\u00e9gnation des dirigeants locaux de son parti ...\",\"breadcrumb\":{\"@id\":\"https:\/\/www.africa-press.net\/cameroun\/parties\/conquete-detoudi-je-ne-vous-trahirai-jamais#breadcrumb\"},\"inLanguage\":\"fr-FR\",\"potentialAction\":[{\"@type\":\"ReadAction\",\"target\":[\"https:\/\/www.africa-press.net\/cameroun\/parties\/conquete-detoudi-je-ne-vous-trahirai-jamais\"]}]},{\"@type\":\"ImageObject\",\"inLanguage\":\"fr-FR\",\"@id\":\"https:\/\/www.africa-press.net\/cameroun\/parties\/conquete-detoudi-je-ne-vous-trahirai-jamais#primaryimage\",\"url\":\"https:\/\/static.africa-press.net\/cameroun\/sites\/57\/2021\/03\/img-605827fd002f7.jpg\",\"contentUrl\":\"https:\/\/static.africa-press.net\/cameroun\/sites\/57\/2021\/03\/img-605827fd002f7.jpg\",\"width\":1080,\"height\":809,\"caption\":\"Conqu\u00eate d\u2019Etoudi : \u2018je ne vous trahirai jamais\u2019\"},{\"@type\":\"BreadcrumbList\",\"@id\":\"https:\/\/www.africa-press.net\/cameroun\/parties\/conquete-detoudi-je-ne-vous-trahirai-jamais#breadcrumb\",\"itemListElement\":[{\"@type\":\"ListItem\",\"position\":1,\"name\":\"Accueil\",\"item\":\"https:\/\/www.africa-press.net\/cameroun\/\"},{\"@type\":\"ListItem\",\"position\":2,\"name\":\"Conqu\u00eate d\u2019Etoudi : \u2018je ne vous trahirai jamais\u2019\"}]},{\"@type\":\"WebSite\",\"@id\":\"https:\/\/www.africa-press.net\/cameroun\/#website\",\"url\":\"https:\/\/www.africa-press.net\/cameroun\/\",\"name\":\"Cameroun\",\"description\":\"Just another Africa News Agency Sites site\",\"potentialAction\":[{\"@type\":\"SearchAction\",\"target\":{\"@type\":\"EntryPoint\",\"urlTemplate\":\"https:\/\/www.africa-press.net\/cameroun\/?s={search_term_string}\"},\"query-input\":{\"@type\":\"PropertyValueSpecification\",\"valueRequired\":true,\"valueName\":\"search_term_string\"}}],\"inLanguage\":\"fr-FR\"},{\"@type\":\"Person\",\"@id\":\"https:\/\/www.africa-press.net\/cameroun\/#\/schema\/person\/2b1cf3cd81a31e3cd26889ca66d677f1\",\"name\":\"cfeditorfr\"}]}<\/script>\n<!-- \/ Yoast SEO Premium plugin. -->","yoast_head_json":{"title":"Conqu\u00eate d\u2019Etoudi : \u2018je ne vous trahirai jamais\u2019 - Cameroun","description":"Le PCRN de Cabral Libii a organis\u00e9 il y a quelques jours, un s\u00e9minaire d'impr\u00e9gnation des dirigeants locaux de son parti ...","robots":{"index":"index","follow":"follow","max-snippet":"max-snippet:-1","max-image-preview":"max-image-preview:large","max-video-preview":"max-video-preview:-1"},"canonical":"https:\/\/www.africa-press.net\/cameroun\/parties\/conquete-detoudi-je-ne-vous-trahirai-jamais","og_locale":"fr_FR","og_type":"article","og_title":"Conqu\u00eate d\u2019Etoudi : \u2018je ne vous trahirai jamais\u2019","og_description":"Le PCRN de Cabral Libii a organis\u00e9 il y a quelques jours, un s\u00e9minaire d'impr\u00e9gnation des dirigeants locaux de son parti ...","og_url":"https:\/\/www.africa-press.net\/cameroun\/parties\/conquete-detoudi-je-ne-vous-trahirai-jamais","og_site_name":"Cameroun","article_published_time":"2021-03-20T11:22:54+00:00","article_modified_time":"2021-03-22T05:16:04+00:00","og_image":[{"width":1080,"height":809,"url":"https:\/\/static.africa-press.net\/cameroun\/sites\/57\/2021\/03\/img-605827fd002f7.jpg","type":"image\/jpeg"}],"author":"cfeditorfr","twitter_card":"summary_large_image","twitter_misc":{"\u00c9crit par":"cfeditorfr","Dur\u00e9e de lecture estim\u00e9e":"2 minutes"},"schema":{"@context":"https:\/\/schema.org","@graph":[{"@type":"Article","@id":"https:\/\/www.africa-press.net\/cameroun\/parties\/conquete-detoudi-je-ne-vous-trahirai-jamais#article","isPartOf":{"@id":"https:\/\/www.africa-press.net\/cameroun\/parties\/conquete-detoudi-je-ne-vous-trahirai-jamais"},"author":{"name":"cfeditorfr","@id":"https:\/\/www.africa-press.net\/cameroun\/#\/schema\/person\/2b1cf3cd81a31e3cd26889ca66d677f1"},"headline":"Conqu\u00eate d\u2019Etoudi : \u2018je ne vous trahirai jamais\u2019","datePublished":"2021-03-20T11:22:54+00:00","dateModified":"2021-03-22T05:16:04+00:00","mainEntityOfPage":{"@id":"https:\/\/www.africa-press.net\/cameroun\/parties\/conquete-detoudi-je-ne-vous-trahirai-jamais"},"wordCount":341,"commentCount":0,"image":{"@id":"https:\/\/www.africa-press.net\/cameroun\/parties\/conquete-detoudi-je-ne-vous-trahirai-jamais#primaryimage"},"thumbnailUrl":"https:\/\/static.africa-press.net\/cameroun\/sites\/57\/2021\/03\/img-605827fd002f7.jpg","keywords":["Africa Press","Africa Press-Cameroun","Cameroun"],"articleSection":["homepage-french","Parties","Toutes les actualit\u00e9s"],"inLanguage":"fr-FR","potentialAction":[{"@type":"CommentAction","name":"Comment","target":["https:\/\/www.africa-press.net\/cameroun\/parties\/conquete-detoudi-je-ne-vous-trahirai-jamais#respond"]}]},{"@type":"WebPage","@id":"https:\/\/www.africa-press.net\/cameroun\/parties\/conquete-detoudi-je-ne-vous-trahirai-jamais","url":"https:\/\/www.africa-press.net\/cameroun\/parties\/conquete-detoudi-je-ne-vous-trahirai-jamais","name":"Conqu\u00eate d\u2019Etoudi : \u2018je ne vous trahirai jamais\u2019 - Cameroun","isPartOf":{"@id":"https:\/\/www.africa-press.net\/cameroun\/#website"},"primaryImageOfPage":{"@id":"https:\/\/www.africa-press.net\/cameroun\/parties\/conquete-detoudi-je-ne-vous-trahirai-jamais#primaryimage"},"image":{"@id":"https:\/\/www.africa-press.net\/cameroun\/parties\/conquete-detoudi-je-ne-vous-trahirai-jamais#primaryimage"},"thumbnailUrl":"https:\/\/static.africa-press.net\/cameroun\/sites\/57\/2021\/03\/img-605827fd002f7.jpg","datePublished":"2021-03-20T11:22:54+00:00","dateModified":"2021-03-22T05:16:04+00:00","author":{"@id":"https:\/\/www.africa-press.net\/cameroun\/#\/schema\/person\/2b1cf3cd81a31e3cd26889ca66d677f1"},"description":"Le PCRN de Cabral Libii a organis\u00e9 il y a quelques jours, un s\u00e9minaire d'impr\u00e9gnation des dirigeants locaux de son parti ...","breadcrumb":{"@id":"https:\/\/www.africa-press.net\/cameroun\/parties\/conquete-detoudi-je-ne-vous-trahirai-jamais#breadcrumb"},"inLanguage":"fr-FR","potentialAction":[{"@type":"ReadAction","target":["https:\/\/www.africa-press.net\/cameroun\/parties\/conquete-detoudi-je-ne-vous-trahirai-jamais"]}]},{"@type":"ImageObject","inLanguage":"fr-FR","@id":"https:\/\/www.africa-press.net\/cameroun\/parties\/conquete-detoudi-je-ne-vous-trahirai-jamais#primaryimage","url":"https:\/\/static.africa-press.net\/cameroun\/sites\/57\/2021\/03\/img-605827fd002f7.jpg","contentUrl":"https:\/\/static.africa-press.net\/cameroun\/sites\/57\/2021\/03\/img-605827fd002f7.jpg","width":1080,"height":809,"caption":"Conqu\u00eate d\u2019Etoudi : \u2018je ne vous trahirai jamais\u2019"},{"@type":"BreadcrumbList","@id":"https:\/\/www.africa-press.net\/cameroun\/parties\/conquete-detoudi-je-ne-vous-trahirai-jamais#breadcrumb","itemListElement":[{"@type":"ListItem","position":1,"name":"Accueil","item":"https:\/\/www.africa-press.net\/cameroun\/"},{"@type":"ListItem","position":2,"name":"Conqu\u00eate d\u2019Etoudi : \u2018je ne vous trahirai jamais\u2019"}]},{"@type":"WebSite","@id":"https:\/\/www.africa-press.net\/cameroun\/#website","url":"https:\/\/www.africa-press.net\/cameroun\/","name":"Cameroun","description":"Just another Africa News Agency Sites site","potentialAction":[{"@type":"SearchAction","target":{"@type":"EntryPoint","urlTemplate":"https:\/\/www.africa-press.net\/cameroun\/?s={search_term_string}"},"query-input":{"@type":"PropertyValueSpecification","valueRequired":true,"valueName":"search_term_string"}}],"inLanguage":"fr-FR"},{"@type":"Person","@id":"https:\/\/www.africa-press.net\/cameroun\/#\/schema\/person\/2b1cf3cd81a31e3cd26889ca66d677f1","name":"cfeditorfr"}]}},"_links":{"self":[{"href":"https:\/\/www.africa-press.net\/cameroun\/wp-json\/wp\/v2\/posts\/1502","targetHints":{"allow":["GET"]}}],"collection":[{"href":"https:\/\/www.africa-press.net\/cameroun\/wp-json\/wp\/v2\/posts"}],"about":[{"href":"https:\/\/www.africa-press.net\/cameroun\/wp-json\/wp\/v2\/types\/post"}],"author":[{"embeddable":true,"href":"https:\/\/www.africa-press.net\/cameroun\/wp-json\/wp\/v2\/users\/82"}],"replies":[{"embeddable":true,"href":"https:\/\/www.africa-press.net\/cameroun\/wp-json\/wp\/v2\/comments?post=1502"}],"version-history":[{"count":0,"href":"https:\/\/www.africa-press.net\/cameroun\/wp-json\/wp\/v2\/posts\/1502\/revisions"}],"wp:featuredmedia":[{"embeddable":true,"href":"https:\/\/www.africa-press.net\/cameroun\/wp-json\/wp\/v2\/media\/1500"}],"wp:attachment":[{"href":"https:\/\/www.africa-press.net\/cameroun\/wp-json\/wp\/v2\/media?parent=1502"}],"wp:term":[{"taxonomy":"category","embeddable":true,"href":"https:\/\/www.africa-press.net\/cameroun\/wp-json\/wp\/v2\/categories?post=1502"},{"taxonomy":"post_tag","embeddable":true,"href":"https:\/\/www.africa-press.net\/cameroun\/wp-json\/wp\/v2\/tags?post=1502"}],"curies":[{"name":"wp","href":"https:\/\/api.w.org\/{rel}","templated":true}]}}