{"id":1510,"date":"2021-03-20T11:27:27","date_gmt":"2021-03-20T11:27:27","guid":{"rendered":"https:\/\/www.africa-press.net\/cameroun\/politique\/la-ceremonie-dinhumation-du-maire-de-bagante-jonas-kouamouo-a-lieu-en-ce-moment"},"modified":"2021-03-22T05:16:37","modified_gmt":"2021-03-22T05:16:37","slug":"la-ceremonie-dinhumation-du-maire-de-bagante-jonas-kouamouo-a-lieu-en-ce-moment","status":"publish","type":"post","link":"https:\/\/www.africa-press.net\/cameroun\/politique\/la-ceremonie-dinhumation-du-maire-de-bagante-jonas-kouamouo-a-lieu-en-ce-moment","title":{"rendered":"La c\u00e9r\u00e9monie d\u2019inhumation du maire de Bagant\u00e9 Jonas Kouamouo a lieu en ce moment"},"content":{"rendered":"<p><span style=\"color: #ff6600\"><strong><a href=\"https:\/\/www.africa-press.net\/\">Africa-Press<\/a> &#8211; <a href=\"https:\/\/www.africa-press.net\/cameroun\">Cameroun<\/a>. <\/strong><\/span>Les c\u00e9r\u00e9monies d\u2019inhumation officielle du Maire de la Commune de Bangangt\u00e9, Dr Jonas Kouamouo, par ailleurs, membre titulaire du comit\u00e9 Central du RDPC, Pr\u00e9sident de Section Rdpc Nd\u00e9-Nord, Enseignant de m\u00e9decine et Vice-Doyen de la facult\u00e9 de pharmacie \u00e0 l&rsquo;Universit\u00e9 des montagnes de Bangangt\u00e9, se d\u00e9roulent en ce moment.<\/p>\n<p>La pr\u00e9sence du Secr\u00e9taire g\u00e9n\u00e9ral du Comit\u00e9 central, Jean Nkuete, du Gouverneur de la r\u00e9gion de l&rsquo;Ouest, Awa Fonka Augustine, du Ministre des Travaux publics, Emmanuel Nganou Djoumessi, de l&rsquo;ambassadeur de France au Cameroun, Christophe Gilhou, du Pr\u00e9sident du CVUC, Augustin Tamba, accompagn\u00e9 pour la circonstance de plusieurs dizaines de Maires, sans compter toutes les autres personnalit\u00e9s et autorit\u00e9s acad\u00e9miques, civiles, religieuses et traditionnelles, traduit l&rsquo;immensit\u00e9 de l&rsquo;illustre disparu. Les t\u00e9moignages forts \u00e9mouvants de ses coll\u00e8gues, de ses \u00e9tudiants, de sa congr\u00e9gation chr\u00e9tienne, de sa famille nucl\u00e9aire, de ses camarades politiques, et de ses collaborateurs, convergent tous vers les valeurs et les qualit\u00e9s d&rsquo;humilit\u00e9, de patience, et de conciliation qui caract\u00e9risaient le pharmacien Dr Jonas Kouamouo de son vivant. M\u00eame au plus profond des batailles politiques les plus agit\u00e9es \u00e0 Bangangt\u00e9, le Dr Jonas Kouamouo, avec le doigt\u00e9, la finesse et la froideur du m\u00e9decin chevronn\u00e9 qu&rsquo;il \u00e9tait, trouvait toujours des mots justes et des th\u00e9rapies appropri\u00e9es pour gu\u00e9rir la mal et panser les blessures.<\/p>\n<p>En cette veille du renouvellement des organes de base au sein du Rdpc, la Section Nd\u00e9-Nord reste orpheline de son Pr\u00e9sident b\u00e2tisseur. Les militants de cette section esp\u00e8rent n\u00e9anmoins que sa fille politique, Pr\u00e9sidente de Section OFRDPC Nd\u00e9-Nord, C\u00e9lestine Ketcha Court\u00e8s, Ministre de l&rsquo;habitat et du d\u00e9veloppement urbain, Pr\u00e9sidente du comit\u00e9 d&rsquo;organisation de ces obs\u00e8ques, veillera au grain, pour la pr\u00e9servation des acquis du Rdpc dans le Nd\u00e9.<\/p>\n","protected":false},"excerpt":{"rendered":"<p>Africa-Press &#8211; Cameroun. Les c\u00e9r\u00e9monies d\u2019inhumation officielle du Maire de la Commune de Bangangt\u00e9, Dr Jonas Kouamouo, par ailleurs, membre titulaire du comit\u00e9 Central du RDPC, Pr\u00e9sident de Section Rdpc Nd\u00e9-Nord, Enseignant de m\u00e9decine et Vice-Doyen de la facult\u00e9 de pharmacie \u00e0 l&rsquo;Universit\u00e9 des montagnes de Bangangt\u00e9, se d\u00e9roulent en ce moment. La pr\u00e9sence du [&hellip;]<\/p>\n","protected":false},"author":82,"featured_media":1507,"comment_status":"open","ping_status":"closed","sticky":false,"template":"","format":"standard","meta":{"footnotes":""},"categories":[11,2,20,10],"tags":[36,50,49],"class_list":["post-1510","post","type-post","status-publish","format-standard","has-post-thumbnail","hentry","category-homepage-french","category-politique","category-top-nouvelles","category-toutes-les-actualites","tag-africa-press","tag-africa-press-cameroun","tag-cameroun"],"yoast_head":"<!-- This site is optimized with the Yoast SEO Premium plugin v26.1 (Yoast SEO v27.0) - https:\/\/yoast.com\/product\/yoast-seo-premium-wordpress\/ -->\n<title>La c\u00e9r\u00e9monie d\u2019inhumation du maire de Bagant\u00e9 Jonas Kouamouo a lieu en ce moment - Cameroun<\/title>\n<meta name=\"description\" content=\"Les c\u00e9r\u00e9monies d\u2019inhumation officielle du Maire de la Commune de Bangangt\u00e9, Dr Jonas Kouamouo, par ailleurs, membre titu ...\" \/>\n<meta name=\"robots\" content=\"index, follow, max-snippet:-1, max-image-preview:large, max-video-preview:-1\" \/>\n<link rel=\"canonical\" href=\"https:\/\/www.africa-press.net\/cameroun\/politique\/la-ceremonie-dinhumation-du-maire-de-bagante-jonas-kouamouo-a-lieu-en-ce-moment\" \/>\n<meta property=\"og:locale\" content=\"fr_FR\" \/>\n<meta property=\"og:type\" content=\"article\" \/>\n<meta property=\"og:title\" content=\"La c\u00e9r\u00e9monie d\u2019inhumation du maire de Bagant\u00e9 Jonas Kouamouo a lieu en ce moment\" \/>\n<meta property=\"og:description\" content=\"Les c\u00e9r\u00e9monies d\u2019inhumation officielle du Maire de la Commune de Bangangt\u00e9, Dr Jonas Kouamouo, par ailleurs, membre titu ...\" \/>\n<meta property=\"og:url\" content=\"https:\/\/www.africa-press.net\/cameroun\/politique\/la-ceremonie-dinhumation-du-maire-de-bagante-jonas-kouamouo-a-lieu-en-ce-moment\" \/>\n<meta property=\"og:site_name\" content=\"Cameroun\" \/>\n<meta property=\"article:published_time\" content=\"2021-03-20T11:27:27+00:00\" \/>\n<meta property=\"article:modified_time\" content=\"2021-03-22T05:16:37+00:00\" \/>\n<meta property=\"og:image\" content=\"https:\/\/static.africa-press.net\/cameroun\/sites\/57\/2021\/03\/img-6058281f5cd7e.jpg\" \/>\n\t<meta property=\"og:image:width\" content=\"720\" \/>\n\t<meta property=\"og:image:height\" content=\"326\" \/>\n\t<meta property=\"og:image:type\" content=\"image\/jpeg\" \/>\n<meta name=\"author\" content=\"cfeditorfr\" \/>\n<meta name=\"twitter:card\" content=\"summary_large_image\" \/>\n<meta name=\"twitter:label1\" content=\"\u00c9crit par\" \/>\n\t<meta name=\"twitter:data1\" content=\"cfeditorfr\" \/>\n\t<meta name=\"twitter:label2\" content=\"Dur\u00e9e de lecture estim\u00e9e\" \/>\n\t<meta name=\"twitter:data2\" content=\"2 minutes\" \/>\n<script type=\"application\/ld+json\" class=\"yoast-schema-graph\">{\"@context\":\"https:\/\/schema.org\",\"@graph\":[{\"@type\":\"Article\",\"@id\":\"https:\/\/www.africa-press.net\/cameroun\/politique\/la-ceremonie-dinhumation-du-maire-de-bagante-jonas-kouamouo-a-lieu-en-ce-moment#article\",\"isPartOf\":{\"@id\":\"https:\/\/www.africa-press.net\/cameroun\/politique\/la-ceremonie-dinhumation-du-maire-de-bagante-jonas-kouamouo-a-lieu-en-ce-moment\"},\"author\":{\"name\":\"cfeditorfr\",\"@id\":\"https:\/\/www.africa-press.net\/cameroun\/#\/schema\/person\/2b1cf3cd81a31e3cd26889ca66d677f1\"},\"headline\":\"La c\u00e9r\u00e9monie d\u2019inhumation du maire de Bagant\u00e9 Jonas Kouamouo a lieu en ce moment\",\"datePublished\":\"2021-03-20T11:27:27+00:00\",\"dateModified\":\"2021-03-22T05:16:37+00:00\",\"mainEntityOfPage\":{\"@id\":\"https:\/\/www.africa-press.net\/cameroun\/politique\/la-ceremonie-dinhumation-du-maire-de-bagante-jonas-kouamouo-a-lieu-en-ce-moment\"},\"wordCount\":351,\"commentCount\":0,\"image\":{\"@id\":\"https:\/\/www.africa-press.net\/cameroun\/politique\/la-ceremonie-dinhumation-du-maire-de-bagante-jonas-kouamouo-a-lieu-en-ce-moment#primaryimage\"},\"thumbnailUrl\":\"https:\/\/static.africa-press.net\/cameroun\/sites\/57\/2021\/03\/img-6058281f5cd7e.jpg\",\"keywords\":[\"Africa Press\",\"Africa Press-Cameroun\",\"Cameroun\"],\"articleSection\":[\"homepage-french\",\"Politique\",\"Top Nouvelles\",\"Toutes les actualit\u00e9s\"],\"inLanguage\":\"fr-FR\",\"potentialAction\":[{\"@type\":\"CommentAction\",\"name\":\"Comment\",\"target\":[\"https:\/\/www.africa-press.net\/cameroun\/politique\/la-ceremonie-dinhumation-du-maire-de-bagante-jonas-kouamouo-a-lieu-en-ce-moment#respond\"]}]},{\"@type\":\"WebPage\",\"@id\":\"https:\/\/www.africa-press.net\/cameroun\/politique\/la-ceremonie-dinhumation-du-maire-de-bagante-jonas-kouamouo-a-lieu-en-ce-moment\",\"url\":\"https:\/\/www.africa-press.net\/cameroun\/politique\/la-ceremonie-dinhumation-du-maire-de-bagante-jonas-kouamouo-a-lieu-en-ce-moment\",\"name\":\"La c\u00e9r\u00e9monie d\u2019inhumation du maire de Bagant\u00e9 Jonas Kouamouo a lieu en ce moment - Cameroun\",\"isPartOf\":{\"@id\":\"https:\/\/www.africa-press.net\/cameroun\/#website\"},\"primaryImageOfPage\":{\"@id\":\"https:\/\/www.africa-press.net\/cameroun\/politique\/la-ceremonie-dinhumation-du-maire-de-bagante-jonas-kouamouo-a-lieu-en-ce-moment#primaryimage\"},\"image\":{\"@id\":\"https:\/\/www.africa-press.net\/cameroun\/politique\/la-ceremonie-dinhumation-du-maire-de-bagante-jonas-kouamouo-a-lieu-en-ce-moment#primaryimage\"},\"thumbnailUrl\":\"https:\/\/static.africa-press.net\/cameroun\/sites\/57\/2021\/03\/img-6058281f5cd7e.jpg\",\"datePublished\":\"2021-03-20T11:27:27+00:00\",\"dateModified\":\"2021-03-22T05:16:37+00:00\",\"author\":{\"@id\":\"https:\/\/www.africa-press.net\/cameroun\/#\/schema\/person\/2b1cf3cd81a31e3cd26889ca66d677f1\"},\"description\":\"Les c\u00e9r\u00e9monies d\u2019inhumation officielle du Maire de la Commune de Bangangt\u00e9, Dr Jonas Kouamouo, par ailleurs, membre titu ...\",\"breadcrumb\":{\"@id\":\"https:\/\/www.africa-press.net\/cameroun\/politique\/la-ceremonie-dinhumation-du-maire-de-bagante-jonas-kouamouo-a-lieu-en-ce-moment#breadcrumb\"},\"inLanguage\":\"fr-FR\",\"potentialAction\":[{\"@type\":\"ReadAction\",\"target\":[\"https:\/\/www.africa-press.net\/cameroun\/politique\/la-ceremonie-dinhumation-du-maire-de-bagante-jonas-kouamouo-a-lieu-en-ce-moment\"]}]},{\"@type\":\"ImageObject\",\"inLanguage\":\"fr-FR\",\"@id\":\"https:\/\/www.africa-press.net\/cameroun\/politique\/la-ceremonie-dinhumation-du-maire-de-bagante-jonas-kouamouo-a-lieu-en-ce-moment#primaryimage\",\"url\":\"https:\/\/static.africa-press.net\/cameroun\/sites\/57\/2021\/03\/img-6058281f5cd7e.jpg\",\"contentUrl\":\"https:\/\/static.africa-press.net\/cameroun\/sites\/57\/2021\/03\/img-6058281f5cd7e.jpg\",\"width\":720,\"height\":326,\"caption\":\"La c\u00e9r\u00e9monie d\u2019inhumation du maire de Bagant\u00e9 Jonas Kouamouo a lieu en ce moment\"},{\"@type\":\"BreadcrumbList\",\"@id\":\"https:\/\/www.africa-press.net\/cameroun\/politique\/la-ceremonie-dinhumation-du-maire-de-bagante-jonas-kouamouo-a-lieu-en-ce-moment#breadcrumb\",\"itemListElement\":[{\"@type\":\"ListItem\",\"position\":1,\"name\":\"Accueil\",\"item\":\"https:\/\/www.africa-press.net\/cameroun\/\"},{\"@type\":\"ListItem\",\"position\":2,\"name\":\"La c\u00e9r\u00e9monie d\u2019inhumation du maire de Bagant\u00e9 Jonas Kouamouo a lieu en ce moment\"}]},{\"@type\":\"WebSite\",\"@id\":\"https:\/\/www.africa-press.net\/cameroun\/#website\",\"url\":\"https:\/\/www.africa-press.net\/cameroun\/\",\"name\":\"Cameroun\",\"description\":\"Just another Africa News Agency Sites site\",\"potentialAction\":[{\"@type\":\"SearchAction\",\"target\":{\"@type\":\"EntryPoint\",\"urlTemplate\":\"https:\/\/www.africa-press.net\/cameroun\/?s={search_term_string}\"},\"query-input\":{\"@type\":\"PropertyValueSpecification\",\"valueRequired\":true,\"valueName\":\"search_term_string\"}}],\"inLanguage\":\"fr-FR\"},{\"@type\":\"Person\",\"@id\":\"https:\/\/www.africa-press.net\/cameroun\/#\/schema\/person\/2b1cf3cd81a31e3cd26889ca66d677f1\",\"name\":\"cfeditorfr\"}]}<\/script>\n<!-- \/ Yoast SEO Premium plugin. -->","yoast_head_json":{"title":"La c\u00e9r\u00e9monie d\u2019inhumation du maire de Bagant\u00e9 Jonas Kouamouo a lieu en ce moment - Cameroun","description":"Les c\u00e9r\u00e9monies d\u2019inhumation officielle du Maire de la Commune de Bangangt\u00e9, Dr Jonas Kouamouo, par ailleurs, membre titu ...","robots":{"index":"index","follow":"follow","max-snippet":"max-snippet:-1","max-image-preview":"max-image-preview:large","max-video-preview":"max-video-preview:-1"},"canonical":"https:\/\/www.africa-press.net\/cameroun\/politique\/la-ceremonie-dinhumation-du-maire-de-bagante-jonas-kouamouo-a-lieu-en-ce-moment","og_locale":"fr_FR","og_type":"article","og_title":"La c\u00e9r\u00e9monie d\u2019inhumation du maire de Bagant\u00e9 Jonas Kouamouo a lieu en ce moment","og_description":"Les c\u00e9r\u00e9monies d\u2019inhumation officielle du Maire de la Commune de Bangangt\u00e9, Dr Jonas Kouamouo, par ailleurs, membre titu ...","og_url":"https:\/\/www.africa-press.net\/cameroun\/politique\/la-ceremonie-dinhumation-du-maire-de-bagante-jonas-kouamouo-a-lieu-en-ce-moment","og_site_name":"Cameroun","article_published_time":"2021-03-20T11:27:27+00:00","article_modified_time":"2021-03-22T05:16:37+00:00","og_image":[{"width":720,"height":326,"url":"https:\/\/static.africa-press.net\/cameroun\/sites\/57\/2021\/03\/img-6058281f5cd7e.jpg","type":"image\/jpeg"}],"author":"cfeditorfr","twitter_card":"summary_large_image","twitter_misc":{"\u00c9crit par":"cfeditorfr","Dur\u00e9e de lecture estim\u00e9e":"2 minutes"},"schema":{"@context":"https:\/\/schema.org","@graph":[{"@type":"Article","@id":"https:\/\/www.africa-press.net\/cameroun\/politique\/la-ceremonie-dinhumation-du-maire-de-bagante-jonas-kouamouo-a-lieu-en-ce-moment#article","isPartOf":{"@id":"https:\/\/www.africa-press.net\/cameroun\/politique\/la-ceremonie-dinhumation-du-maire-de-bagante-jonas-kouamouo-a-lieu-en-ce-moment"},"author":{"name":"cfeditorfr","@id":"https:\/\/www.africa-press.net\/cameroun\/#\/schema\/person\/2b1cf3cd81a31e3cd26889ca66d677f1"},"headline":"La c\u00e9r\u00e9monie d\u2019inhumation du maire de Bagant\u00e9 Jonas Kouamouo a lieu en ce moment","datePublished":"2021-03-20T11:27:27+00:00","dateModified":"2021-03-22T05:16:37+00:00","mainEntityOfPage":{"@id":"https:\/\/www.africa-press.net\/cameroun\/politique\/la-ceremonie-dinhumation-du-maire-de-bagante-jonas-kouamouo-a-lieu-en-ce-moment"},"wordCount":351,"commentCount":0,"image":{"@id":"https:\/\/www.africa-press.net\/cameroun\/politique\/la-ceremonie-dinhumation-du-maire-de-bagante-jonas-kouamouo-a-lieu-en-ce-moment#primaryimage"},"thumbnailUrl":"https:\/\/static.africa-press.net\/cameroun\/sites\/57\/2021\/03\/img-6058281f5cd7e.jpg","keywords":["Africa Press","Africa Press-Cameroun","Cameroun"],"articleSection":["homepage-french","Politique","Top Nouvelles","Toutes les actualit\u00e9s"],"inLanguage":"fr-FR","potentialAction":[{"@type":"CommentAction","name":"Comment","target":["https:\/\/www.africa-press.net\/cameroun\/politique\/la-ceremonie-dinhumation-du-maire-de-bagante-jonas-kouamouo-a-lieu-en-ce-moment#respond"]}]},{"@type":"WebPage","@id":"https:\/\/www.africa-press.net\/cameroun\/politique\/la-ceremonie-dinhumation-du-maire-de-bagante-jonas-kouamouo-a-lieu-en-ce-moment","url":"https:\/\/www.africa-press.net\/cameroun\/politique\/la-ceremonie-dinhumation-du-maire-de-bagante-jonas-kouamouo-a-lieu-en-ce-moment","name":"La c\u00e9r\u00e9monie d\u2019inhumation du maire de Bagant\u00e9 Jonas Kouamouo a lieu en ce moment - Cameroun","isPartOf":{"@id":"https:\/\/www.africa-press.net\/cameroun\/#website"},"primaryImageOfPage":{"@id":"https:\/\/www.africa-press.net\/cameroun\/politique\/la-ceremonie-dinhumation-du-maire-de-bagante-jonas-kouamouo-a-lieu-en-ce-moment#primaryimage"},"image":{"@id":"https:\/\/www.africa-press.net\/cameroun\/politique\/la-ceremonie-dinhumation-du-maire-de-bagante-jonas-kouamouo-a-lieu-en-ce-moment#primaryimage"},"thumbnailUrl":"https:\/\/static.africa-press.net\/cameroun\/sites\/57\/2021\/03\/img-6058281f5cd7e.jpg","datePublished":"2021-03-20T11:27:27+00:00","dateModified":"2021-03-22T05:16:37+00:00","author":{"@id":"https:\/\/www.africa-press.net\/cameroun\/#\/schema\/person\/2b1cf3cd81a31e3cd26889ca66d677f1"},"description":"Les c\u00e9r\u00e9monies d\u2019inhumation officielle du Maire de la Commune de Bangangt\u00e9, Dr Jonas Kouamouo, par ailleurs, membre titu ...","breadcrumb":{"@id":"https:\/\/www.africa-press.net\/cameroun\/politique\/la-ceremonie-dinhumation-du-maire-de-bagante-jonas-kouamouo-a-lieu-en-ce-moment#breadcrumb"},"inLanguage":"fr-FR","potentialAction":[{"@type":"ReadAction","target":["https:\/\/www.africa-press.net\/cameroun\/politique\/la-ceremonie-dinhumation-du-maire-de-bagante-jonas-kouamouo-a-lieu-en-ce-moment"]}]},{"@type":"ImageObject","inLanguage":"fr-FR","@id":"https:\/\/www.africa-press.net\/cameroun\/politique\/la-ceremonie-dinhumation-du-maire-de-bagante-jonas-kouamouo-a-lieu-en-ce-moment#primaryimage","url":"https:\/\/static.africa-press.net\/cameroun\/sites\/57\/2021\/03\/img-6058281f5cd7e.jpg","contentUrl":"https:\/\/static.africa-press.net\/cameroun\/sites\/57\/2021\/03\/img-6058281f5cd7e.jpg","width":720,"height":326,"caption":"La c\u00e9r\u00e9monie d\u2019inhumation du maire de Bagant\u00e9 Jonas Kouamouo a lieu en ce moment"},{"@type":"BreadcrumbList","@id":"https:\/\/www.africa-press.net\/cameroun\/politique\/la-ceremonie-dinhumation-du-maire-de-bagante-jonas-kouamouo-a-lieu-en-ce-moment#breadcrumb","itemListElement":[{"@type":"ListItem","position":1,"name":"Accueil","item":"https:\/\/www.africa-press.net\/cameroun\/"},{"@type":"ListItem","position":2,"name":"La c\u00e9r\u00e9monie d\u2019inhumation du maire de Bagant\u00e9 Jonas Kouamouo a lieu en ce moment"}]},{"@type":"WebSite","@id":"https:\/\/www.africa-press.net\/cameroun\/#website","url":"https:\/\/www.africa-press.net\/cameroun\/","name":"Cameroun","description":"Just another Africa News Agency Sites site","potentialAction":[{"@type":"SearchAction","target":{"@type":"EntryPoint","urlTemplate":"https:\/\/www.africa-press.net\/cameroun\/?s={search_term_string}"},"query-input":{"@type":"PropertyValueSpecification","valueRequired":true,"valueName":"search_term_string"}}],"inLanguage":"fr-FR"},{"@type":"Person","@id":"https:\/\/www.africa-press.net\/cameroun\/#\/schema\/person\/2b1cf3cd81a31e3cd26889ca66d677f1","name":"cfeditorfr"}]}},"_links":{"self":[{"href":"https:\/\/www.africa-press.net\/cameroun\/wp-json\/wp\/v2\/posts\/1510","targetHints":{"allow":["GET"]}}],"collection":[{"href":"https:\/\/www.africa-press.net\/cameroun\/wp-json\/wp\/v2\/posts"}],"about":[{"href":"https:\/\/www.africa-press.net\/cameroun\/wp-json\/wp\/v2\/types\/post"}],"author":[{"embeddable":true,"href":"https:\/\/www.africa-press.net\/cameroun\/wp-json\/wp\/v2\/users\/82"}],"replies":[{"embeddable":true,"href":"https:\/\/www.africa-press.net\/cameroun\/wp-json\/wp\/v2\/comments?post=1510"}],"version-history":[{"count":0,"href":"https:\/\/www.africa-press.net\/cameroun\/wp-json\/wp\/v2\/posts\/1510\/revisions"}],"wp:featuredmedia":[{"embeddable":true,"href":"https:\/\/www.africa-press.net\/cameroun\/wp-json\/wp\/v2\/media\/1507"}],"wp:attachment":[{"href":"https:\/\/www.africa-press.net\/cameroun\/wp-json\/wp\/v2\/media?parent=1510"}],"wp:term":[{"taxonomy":"category","embeddable":true,"href":"https:\/\/www.africa-press.net\/cameroun\/wp-json\/wp\/v2\/categories?post=1510"},{"taxonomy":"post_tag","embeddable":true,"href":"https:\/\/www.africa-press.net\/cameroun\/wp-json\/wp\/v2\/tags?post=1510"}],"curies":[{"name":"wp","href":"https:\/\/api.w.org\/{rel}","templated":true}]}}