{"id":1517,"date":"2021-03-20T11:38:04","date_gmt":"2021-03-20T11:38:04","guid":{"rendered":"https:\/\/www.africa-press.net\/cameroun\/politique\/lhopital-regional-de-garoua-sans-electricite-depuis-deux-jours"},"modified":"2021-03-22T05:17:14","modified_gmt":"2021-03-22T05:17:14","slug":"lhopital-regional-de-garoua-sans-electricite-depuis-deux-jours","status":"publish","type":"post","link":"https:\/\/www.africa-press.net\/cameroun\/video\/lhopital-regional-de-garoua-sans-electricite-depuis-deux-jours","title":{"rendered":"L\u2019h\u00f4pital r\u00e9gional de Garoua sans \u00e9lectricit\u00e9 depuis deux jours"},"content":{"rendered":"<p><span style=\"color: #ff6600\"><strong><a href=\"https:\/\/www.africa-press.net\/\">Africa-Press<\/a> &#8211; <a href=\"https:\/\/www.africa-press.net\/cameroun\">Cameroun<\/a>. <\/strong><\/span>Des images horribles provenant de l\u2019h\u00f4pital r\u00e9gional de Garoua choquent l\u2019opinion nationale et internationale. Sans \u00e9lectricit\u00e9 depuis quelques jours, le seul groupe \u00e9lectrog\u00e8ne du centre est aussi en panne \u00e0 en croire Haman Cameroun Officiel. Selon la m\u00eame page, plusieurs enfants auraient perdu la vie dans cet h\u00f4pital faute d\u2019oxyg\u00e8ne.<\/p>\n<p>\u00ab Les clich\u00e9s noirs qui sortent de cet h\u00f4pital sont parfois r\u00e9voltants :<br \/>\nL&rsquo;h\u00f4pital n&rsquo;a aucun P\u00c9DIATRE actuellement car le seul qui \u00e9tait l\u00e0 travaille d\u00e9sormais avec une ONG et ce sont donc des m\u00e9decins g\u00e9n\u00e9ralistes qui jouent le r\u00f4le des p\u00e9diatres ( un h\u00f4pital R\u00e9gional )<\/p>\n<p>Allez en visite par curiosit\u00e9 dans cette institution sanitaire pour comprendre que certaines situations sont n\u00e9glig\u00e9es par le DIRECTEUR et ses hommes de main:<br \/>\nDes toilettes parfois sans eau depuis des jours et trop sales.<\/p>\n<p>Des malades qui sont encore hospitalis\u00e9s sur des lits COLONIAUX (photos des lits ci-dessous )&#8230;<br \/>\nDes coupures presque r\u00e9guli\u00e8res de l&rsquo;\u00e9nergie \u00e9lectrique et un groupe \u00e9lectrog\u00e8ne actuellement en panne depuis plusieurs jours ( et d&rsquo;aucuns parlent m\u00eame de plusieurs semaines ).Un groupe \u00e9lectrog\u00e8ne dont le budget mensuel est trop \u00e9lev\u00e9. Mais h\u00e9las !!!<\/p>\n<p>C&rsquo;est le v\u00e9ritable souci de l&rsquo;h\u00f4pital actuellement car des personnes meurent parfois \u00e0 cause de cette n\u00e9gligence humaine. J&rsquo;entends dire aussi que 07 b\u00e9b\u00e9s &lt;&gt;d\u00e9c\u00e9d\u00e9s faute d&rsquo;oxyg\u00e8ne. C&rsquo;est dont trop grave si cette information est v\u00e9rifi\u00e9e authentique ( d&rsquo;ailleurs un journal pourrait nous dire plus les jours \u00e0 venir ) La mafia des infirmiers autour des m\u00e9dicaments des malades est un frein qui noirci l&rsquo;image de cet h\u00f4pital.<\/p>\n<p>En conclusion, des enqu\u00eates doivent \u00eatre men\u00e9es pour comprendre exactement le taux alarmiste des d\u00e9c\u00e8s dans cet h\u00f4pital.On ne soigne pas la mort certes,mais la n\u00e9gligence humaine participe parfois \u00e0 cette tristesse. \u00bb<\/p>\n<p><a href=\"https:\/\/www.facebook.com\/FILSDUPAYSANGUIDAR1\/videos\/451044859545505\/\"><b>Vid\u00e9o<\/b><\/a><\/p>\n","protected":false},"excerpt":{"rendered":"<p>Africa-Press &#8211; Cameroun. Des images horribles provenant de l\u2019h\u00f4pital r\u00e9gional de Garoua choquent l\u2019opinion nationale et internationale. Sans \u00e9lectricit\u00e9 depuis quelques jours, le seul groupe \u00e9lectrog\u00e8ne du centre est aussi en panne \u00e0 en croire Haman Cameroun Officiel. Selon la m\u00eame page, plusieurs enfants auraient perdu la vie dans cet h\u00f4pital faute d\u2019oxyg\u00e8ne. \u00ab Les [&hellip;]<\/p>\n","protected":false},"author":82,"featured_media":1514,"comment_status":"open","ping_status":"closed","sticky":false,"template":"","format":"standard","meta":{"footnotes":""},"categories":[21,11,10,9],"tags":[36,50,49],"class_list":["post-1517","post","type-post","status-publish","format-standard","has-post-thumbnail","hentry","category-communaute","category-homepage-french","category-toutes-les-actualites","category-video","tag-africa-press","tag-africa-press-cameroun","tag-cameroun"],"yoast_head":"<!-- This site is optimized with the Yoast SEO Premium plugin v26.1 (Yoast SEO v27.0) - https:\/\/yoast.com\/product\/yoast-seo-premium-wordpress\/ -->\n<title>L\u2019h\u00f4pital r\u00e9gional de Garoua sans \u00e9lectricit\u00e9 depuis deux jours - Cameroun<\/title>\n<meta name=\"description\" content=\"Des images horribles provenant de l\u2019h\u00f4pital r\u00e9gional de Garoua choquent l\u2019opinion nationale et internationale. Sans \u00e9lec ...\" \/>\n<meta name=\"robots\" content=\"index, follow, max-snippet:-1, max-image-preview:large, max-video-preview:-1\" \/>\n<link rel=\"canonical\" href=\"https:\/\/www.africa-press.net\/cameroun\/video\/lhopital-regional-de-garoua-sans-electricite-depuis-deux-jours\" \/>\n<meta property=\"og:locale\" content=\"fr_FR\" \/>\n<meta property=\"og:type\" content=\"article\" \/>\n<meta property=\"og:title\" content=\"L\u2019h\u00f4pital r\u00e9gional de Garoua sans \u00e9lectricit\u00e9 depuis deux jours\" \/>\n<meta property=\"og:description\" content=\"Des images horribles provenant de l\u2019h\u00f4pital r\u00e9gional de Garoua choquent l\u2019opinion nationale et internationale. Sans \u00e9lec ...\" \/>\n<meta property=\"og:url\" content=\"https:\/\/www.africa-press.net\/cameroun\/video\/lhopital-regional-de-garoua-sans-electricite-depuis-deux-jours\" \/>\n<meta property=\"og:site_name\" content=\"Cameroun\" \/>\n<meta property=\"article:published_time\" content=\"2021-03-20T11:38:04+00:00\" \/>\n<meta property=\"article:modified_time\" content=\"2021-03-22T05:17:14+00:00\" \/>\n<meta property=\"og:image\" content=\"https:\/\/static.africa-press.net\/cameroun\/sites\/57\/2021\/03\/img-60582842a3a47.jpg\" \/>\n\t<meta property=\"og:image:width\" content=\"1920\" \/>\n\t<meta property=\"og:image:height\" content=\"1440\" \/>\n\t<meta property=\"og:image:type\" content=\"image\/jpeg\" \/>\n<meta name=\"author\" content=\"cfeditorfr\" \/>\n<meta name=\"twitter:card\" content=\"summary_large_image\" \/>\n<meta name=\"twitter:label1\" content=\"\u00c9crit par\" \/>\n\t<meta name=\"twitter:data1\" content=\"cfeditorfr\" \/>\n\t<meta name=\"twitter:label2\" content=\"Dur\u00e9e de lecture estim\u00e9e\" \/>\n\t<meta name=\"twitter:data2\" content=\"2 minutes\" \/>\n<script type=\"application\/ld+json\" class=\"yoast-schema-graph\">{\"@context\":\"https:\/\/schema.org\",\"@graph\":[{\"@type\":\"Article\",\"@id\":\"https:\/\/www.africa-press.net\/cameroun\/video\/lhopital-regional-de-garoua-sans-electricite-depuis-deux-jours#article\",\"isPartOf\":{\"@id\":\"https:\/\/www.africa-press.net\/cameroun\/video\/lhopital-regional-de-garoua-sans-electricite-depuis-deux-jours\"},\"author\":{\"name\":\"cfeditorfr\",\"@id\":\"https:\/\/www.africa-press.net\/cameroun\/#\/schema\/person\/2b1cf3cd81a31e3cd26889ca66d677f1\"},\"headline\":\"L\u2019h\u00f4pital r\u00e9gional de Garoua sans \u00e9lectricit\u00e9 depuis deux jours\",\"datePublished\":\"2021-03-20T11:38:04+00:00\",\"dateModified\":\"2021-03-22T05:17:14+00:00\",\"mainEntityOfPage\":{\"@id\":\"https:\/\/www.africa-press.net\/cameroun\/video\/lhopital-regional-de-garoua-sans-electricite-depuis-deux-jours\"},\"wordCount\":353,\"commentCount\":0,\"image\":{\"@id\":\"https:\/\/www.africa-press.net\/cameroun\/video\/lhopital-regional-de-garoua-sans-electricite-depuis-deux-jours#primaryimage\"},\"thumbnailUrl\":\"https:\/\/static.africa-press.net\/cameroun\/sites\/57\/2021\/03\/img-60582842a3a47.jpg\",\"keywords\":[\"Africa Press\",\"Africa Press-Cameroun\",\"Cameroun\"],\"articleSection\":[\"Communaut\u00e9\",\"homepage-french\",\"Toutes les actualit\u00e9s\",\"vid\u00e9o\"],\"inLanguage\":\"fr-FR\",\"potentialAction\":[{\"@type\":\"CommentAction\",\"name\":\"Comment\",\"target\":[\"https:\/\/www.africa-press.net\/cameroun\/video\/lhopital-regional-de-garoua-sans-electricite-depuis-deux-jours#respond\"]}]},{\"@type\":\"WebPage\",\"@id\":\"https:\/\/www.africa-press.net\/cameroun\/video\/lhopital-regional-de-garoua-sans-electricite-depuis-deux-jours\",\"url\":\"https:\/\/www.africa-press.net\/cameroun\/video\/lhopital-regional-de-garoua-sans-electricite-depuis-deux-jours\",\"name\":\"L\u2019h\u00f4pital r\u00e9gional de Garoua sans \u00e9lectricit\u00e9 depuis deux jours - Cameroun\",\"isPartOf\":{\"@id\":\"https:\/\/www.africa-press.net\/cameroun\/#website\"},\"primaryImageOfPage\":{\"@id\":\"https:\/\/www.africa-press.net\/cameroun\/video\/lhopital-regional-de-garoua-sans-electricite-depuis-deux-jours#primaryimage\"},\"image\":{\"@id\":\"https:\/\/www.africa-press.net\/cameroun\/video\/lhopital-regional-de-garoua-sans-electricite-depuis-deux-jours#primaryimage\"},\"thumbnailUrl\":\"https:\/\/static.africa-press.net\/cameroun\/sites\/57\/2021\/03\/img-60582842a3a47.jpg\",\"datePublished\":\"2021-03-20T11:38:04+00:00\",\"dateModified\":\"2021-03-22T05:17:14+00:00\",\"author\":{\"@id\":\"https:\/\/www.africa-press.net\/cameroun\/#\/schema\/person\/2b1cf3cd81a31e3cd26889ca66d677f1\"},\"description\":\"Des images horribles provenant de l\u2019h\u00f4pital r\u00e9gional de Garoua choquent l\u2019opinion nationale et internationale. Sans \u00e9lec ...\",\"breadcrumb\":{\"@id\":\"https:\/\/www.africa-press.net\/cameroun\/video\/lhopital-regional-de-garoua-sans-electricite-depuis-deux-jours#breadcrumb\"},\"inLanguage\":\"fr-FR\",\"potentialAction\":[{\"@type\":\"ReadAction\",\"target\":[\"https:\/\/www.africa-press.net\/cameroun\/video\/lhopital-regional-de-garoua-sans-electricite-depuis-deux-jours\"]}]},{\"@type\":\"ImageObject\",\"inLanguage\":\"fr-FR\",\"@id\":\"https:\/\/www.africa-press.net\/cameroun\/video\/lhopital-regional-de-garoua-sans-electricite-depuis-deux-jours#primaryimage\",\"url\":\"https:\/\/static.africa-press.net\/cameroun\/sites\/57\/2021\/03\/img-60582842a3a47.jpg\",\"contentUrl\":\"https:\/\/static.africa-press.net\/cameroun\/sites\/57\/2021\/03\/img-60582842a3a47.jpg\",\"width\":1920,\"height\":1440,\"caption\":\"L\u2019h\u00f4pital r\u00e9gional de Garoua sans \u00e9lectricit\u00e9 depuis deux jours\"},{\"@type\":\"BreadcrumbList\",\"@id\":\"https:\/\/www.africa-press.net\/cameroun\/video\/lhopital-regional-de-garoua-sans-electricite-depuis-deux-jours#breadcrumb\",\"itemListElement\":[{\"@type\":\"ListItem\",\"position\":1,\"name\":\"Accueil\",\"item\":\"https:\/\/www.africa-press.net\/cameroun\/\"},{\"@type\":\"ListItem\",\"position\":2,\"name\":\"L\u2019h\u00f4pital r\u00e9gional de Garoua sans \u00e9lectricit\u00e9 depuis deux jours\"}]},{\"@type\":\"WebSite\",\"@id\":\"https:\/\/www.africa-press.net\/cameroun\/#website\",\"url\":\"https:\/\/www.africa-press.net\/cameroun\/\",\"name\":\"Cameroun\",\"description\":\"Just another Africa News Agency Sites site\",\"potentialAction\":[{\"@type\":\"SearchAction\",\"target\":{\"@type\":\"EntryPoint\",\"urlTemplate\":\"https:\/\/www.africa-press.net\/cameroun\/?s={search_term_string}\"},\"query-input\":{\"@type\":\"PropertyValueSpecification\",\"valueRequired\":true,\"valueName\":\"search_term_string\"}}],\"inLanguage\":\"fr-FR\"},{\"@type\":\"Person\",\"@id\":\"https:\/\/www.africa-press.net\/cameroun\/#\/schema\/person\/2b1cf3cd81a31e3cd26889ca66d677f1\",\"name\":\"cfeditorfr\"}]}<\/script>\n<!-- \/ Yoast SEO Premium plugin. -->","yoast_head_json":{"title":"L\u2019h\u00f4pital r\u00e9gional de Garoua sans \u00e9lectricit\u00e9 depuis deux jours - Cameroun","description":"Des images horribles provenant de l\u2019h\u00f4pital r\u00e9gional de Garoua choquent l\u2019opinion nationale et internationale. Sans \u00e9lec ...","robots":{"index":"index","follow":"follow","max-snippet":"max-snippet:-1","max-image-preview":"max-image-preview:large","max-video-preview":"max-video-preview:-1"},"canonical":"https:\/\/www.africa-press.net\/cameroun\/video\/lhopital-regional-de-garoua-sans-electricite-depuis-deux-jours","og_locale":"fr_FR","og_type":"article","og_title":"L\u2019h\u00f4pital r\u00e9gional de Garoua sans \u00e9lectricit\u00e9 depuis deux jours","og_description":"Des images horribles provenant de l\u2019h\u00f4pital r\u00e9gional de Garoua choquent l\u2019opinion nationale et internationale. Sans \u00e9lec ...","og_url":"https:\/\/www.africa-press.net\/cameroun\/video\/lhopital-regional-de-garoua-sans-electricite-depuis-deux-jours","og_site_name":"Cameroun","article_published_time":"2021-03-20T11:38:04+00:00","article_modified_time":"2021-03-22T05:17:14+00:00","og_image":[{"width":1920,"height":1440,"url":"https:\/\/static.africa-press.net\/cameroun\/sites\/57\/2021\/03\/img-60582842a3a47.jpg","type":"image\/jpeg"}],"author":"cfeditorfr","twitter_card":"summary_large_image","twitter_misc":{"\u00c9crit par":"cfeditorfr","Dur\u00e9e de lecture estim\u00e9e":"2 minutes"},"schema":{"@context":"https:\/\/schema.org","@graph":[{"@type":"Article","@id":"https:\/\/www.africa-press.net\/cameroun\/video\/lhopital-regional-de-garoua-sans-electricite-depuis-deux-jours#article","isPartOf":{"@id":"https:\/\/www.africa-press.net\/cameroun\/video\/lhopital-regional-de-garoua-sans-electricite-depuis-deux-jours"},"author":{"name":"cfeditorfr","@id":"https:\/\/www.africa-press.net\/cameroun\/#\/schema\/person\/2b1cf3cd81a31e3cd26889ca66d677f1"},"headline":"L\u2019h\u00f4pital r\u00e9gional de Garoua sans \u00e9lectricit\u00e9 depuis deux jours","datePublished":"2021-03-20T11:38:04+00:00","dateModified":"2021-03-22T05:17:14+00:00","mainEntityOfPage":{"@id":"https:\/\/www.africa-press.net\/cameroun\/video\/lhopital-regional-de-garoua-sans-electricite-depuis-deux-jours"},"wordCount":353,"commentCount":0,"image":{"@id":"https:\/\/www.africa-press.net\/cameroun\/video\/lhopital-regional-de-garoua-sans-electricite-depuis-deux-jours#primaryimage"},"thumbnailUrl":"https:\/\/static.africa-press.net\/cameroun\/sites\/57\/2021\/03\/img-60582842a3a47.jpg","keywords":["Africa Press","Africa Press-Cameroun","Cameroun"],"articleSection":["Communaut\u00e9","homepage-french","Toutes les actualit\u00e9s","vid\u00e9o"],"inLanguage":"fr-FR","potentialAction":[{"@type":"CommentAction","name":"Comment","target":["https:\/\/www.africa-press.net\/cameroun\/video\/lhopital-regional-de-garoua-sans-electricite-depuis-deux-jours#respond"]}]},{"@type":"WebPage","@id":"https:\/\/www.africa-press.net\/cameroun\/video\/lhopital-regional-de-garoua-sans-electricite-depuis-deux-jours","url":"https:\/\/www.africa-press.net\/cameroun\/video\/lhopital-regional-de-garoua-sans-electricite-depuis-deux-jours","name":"L\u2019h\u00f4pital r\u00e9gional de Garoua sans \u00e9lectricit\u00e9 depuis deux jours - Cameroun","isPartOf":{"@id":"https:\/\/www.africa-press.net\/cameroun\/#website"},"primaryImageOfPage":{"@id":"https:\/\/www.africa-press.net\/cameroun\/video\/lhopital-regional-de-garoua-sans-electricite-depuis-deux-jours#primaryimage"},"image":{"@id":"https:\/\/www.africa-press.net\/cameroun\/video\/lhopital-regional-de-garoua-sans-electricite-depuis-deux-jours#primaryimage"},"thumbnailUrl":"https:\/\/static.africa-press.net\/cameroun\/sites\/57\/2021\/03\/img-60582842a3a47.jpg","datePublished":"2021-03-20T11:38:04+00:00","dateModified":"2021-03-22T05:17:14+00:00","author":{"@id":"https:\/\/www.africa-press.net\/cameroun\/#\/schema\/person\/2b1cf3cd81a31e3cd26889ca66d677f1"},"description":"Des images horribles provenant de l\u2019h\u00f4pital r\u00e9gional de Garoua choquent l\u2019opinion nationale et internationale. Sans \u00e9lec ...","breadcrumb":{"@id":"https:\/\/www.africa-press.net\/cameroun\/video\/lhopital-regional-de-garoua-sans-electricite-depuis-deux-jours#breadcrumb"},"inLanguage":"fr-FR","potentialAction":[{"@type":"ReadAction","target":["https:\/\/www.africa-press.net\/cameroun\/video\/lhopital-regional-de-garoua-sans-electricite-depuis-deux-jours"]}]},{"@type":"ImageObject","inLanguage":"fr-FR","@id":"https:\/\/www.africa-press.net\/cameroun\/video\/lhopital-regional-de-garoua-sans-electricite-depuis-deux-jours#primaryimage","url":"https:\/\/static.africa-press.net\/cameroun\/sites\/57\/2021\/03\/img-60582842a3a47.jpg","contentUrl":"https:\/\/static.africa-press.net\/cameroun\/sites\/57\/2021\/03\/img-60582842a3a47.jpg","width":1920,"height":1440,"caption":"L\u2019h\u00f4pital r\u00e9gional de Garoua sans \u00e9lectricit\u00e9 depuis deux jours"},{"@type":"BreadcrumbList","@id":"https:\/\/www.africa-press.net\/cameroun\/video\/lhopital-regional-de-garoua-sans-electricite-depuis-deux-jours#breadcrumb","itemListElement":[{"@type":"ListItem","position":1,"name":"Accueil","item":"https:\/\/www.africa-press.net\/cameroun\/"},{"@type":"ListItem","position":2,"name":"L\u2019h\u00f4pital r\u00e9gional de Garoua sans \u00e9lectricit\u00e9 depuis deux jours"}]},{"@type":"WebSite","@id":"https:\/\/www.africa-press.net\/cameroun\/#website","url":"https:\/\/www.africa-press.net\/cameroun\/","name":"Cameroun","description":"Just another Africa News Agency Sites site","potentialAction":[{"@type":"SearchAction","target":{"@type":"EntryPoint","urlTemplate":"https:\/\/www.africa-press.net\/cameroun\/?s={search_term_string}"},"query-input":{"@type":"PropertyValueSpecification","valueRequired":true,"valueName":"search_term_string"}}],"inLanguage":"fr-FR"},{"@type":"Person","@id":"https:\/\/www.africa-press.net\/cameroun\/#\/schema\/person\/2b1cf3cd81a31e3cd26889ca66d677f1","name":"cfeditorfr"}]}},"_links":{"self":[{"href":"https:\/\/www.africa-press.net\/cameroun\/wp-json\/wp\/v2\/posts\/1517","targetHints":{"allow":["GET"]}}],"collection":[{"href":"https:\/\/www.africa-press.net\/cameroun\/wp-json\/wp\/v2\/posts"}],"about":[{"href":"https:\/\/www.africa-press.net\/cameroun\/wp-json\/wp\/v2\/types\/post"}],"author":[{"embeddable":true,"href":"https:\/\/www.africa-press.net\/cameroun\/wp-json\/wp\/v2\/users\/82"}],"replies":[{"embeddable":true,"href":"https:\/\/www.africa-press.net\/cameroun\/wp-json\/wp\/v2\/comments?post=1517"}],"version-history":[{"count":0,"href":"https:\/\/www.africa-press.net\/cameroun\/wp-json\/wp\/v2\/posts\/1517\/revisions"}],"wp:featuredmedia":[{"embeddable":true,"href":"https:\/\/www.africa-press.net\/cameroun\/wp-json\/wp\/v2\/media\/1514"}],"wp:attachment":[{"href":"https:\/\/www.africa-press.net\/cameroun\/wp-json\/wp\/v2\/media?parent=1517"}],"wp:term":[{"taxonomy":"category","embeddable":true,"href":"https:\/\/www.africa-press.net\/cameroun\/wp-json\/wp\/v2\/categories?post=1517"},{"taxonomy":"post_tag","embeddable":true,"href":"https:\/\/www.africa-press.net\/cameroun\/wp-json\/wp\/v2\/tags?post=1517"}],"curies":[{"name":"wp","href":"https:\/\/api.w.org\/{rel}","templated":true}]}}