{"id":1527,"date":"2021-03-20T11:42:39","date_gmt":"2021-03-20T11:42:39","guid":{"rendered":"https:\/\/www.africa-press.net\/cameroun\/politique\/nalova-lyonga-soppose-a-lexclusion-definitive-des-eleves-du-lycee-bilingue-dekounou"},"modified":"2021-03-22T05:17:50","modified_gmt":"2021-03-22T05:17:50","slug":"nalova-lyonga-soppose-a-lexclusion-definitive-des-eleves-du-lycee-bilingue-dekounou","status":"publish","type":"post","link":"https:\/\/www.africa-press.net\/cameroun\/toutes-les-actualites\/nalova-lyonga-soppose-a-lexclusion-definitive-des-eleves-du-lycee-bilingue-dekounou","title":{"rendered":"Nalova Lyonga s\u2019oppose \u00e0 l\u2019exclusion d\u00e9finitive des \u00e9l\u00e8ves du Lyc\u00e9e Bilingue d\u2019Ekounou"},"content":{"rendered":"<p><span style=\"color: #ff6600\"><strong><a href=\"https:\/\/www.africa-press.net\/\">Africa-Press<\/a> &#8211; <a href=\"https:\/\/www.africa-press.net\/cameroun\">Cameroun<\/a>. <\/strong><\/span>Pris en flagrant d\u00e9lit de partouzes et de consommation des stup\u00e9fiants, certains de ces \u00e9l\u00e8ves ont \u00e9t\u00e9 d\u00e9f\u00e9r\u00e9s \u00e0 la prison de Kondengui, tandis que d\u2019autres mineures ont \u00e9t\u00e9 lib\u00e9r\u00e9es sous garants.<\/p>\n<p>R\u00e9unis au sein de son minist\u00e8re pour tabler sur l\u2019affaire, la ministre des enseignements secondaires s\u2019est oppos\u00e9e \u00e0 l\u2019exclusion d\u00e9finitive des \u00e9l\u00e8ves concern\u00e9s. Ce refus fait suite aux critiques intervenues suite \u00e0 l&rsquo;exclusion d\u00e9finitive des \u00e9l\u00e8ves impliqu\u00e9s dans une affaire similaire dans un lyc\u00e9e de la cit\u00e9 baln\u00e9aire de Kribi. La ministre des enseignements secondaires a plut\u00f4t prescrit un suivi psychologique pour les 14 \u00e9l\u00e8ves impliqu\u00e9s dans le dossier des partouzes+ consommation de stup\u00e9fiants, au lyc\u00e9e d&rsquo;\u00c9kounou, lors de son passage dans cet \u00e9tablissement public vendredi dernier. Apr\u00e8s avoir prodigu\u00e9 des conseils \u00e0 ces jeunes d\u00e9linquants \u00e2g\u00e9s majoritairement de 16 ans, Nalova Lyonga les a invit\u00e9s \u00e0 lui \u00e9crire.<\/p>\n<p>Pour rappel, cette m\u00eame semaine, sept des quatorze \u00e9l\u00e8ves impliqu\u00e9s dans ces d\u00e9lits avaient \u00e9t\u00e9 transf\u00e9r\u00e9s au parquet.<\/p>\n","protected":false},"excerpt":{"rendered":"<p>Africa-Press &#8211; Cameroun. Pris en flagrant d\u00e9lit de partouzes et de consommation des stup\u00e9fiants, certains de ces \u00e9l\u00e8ves ont \u00e9t\u00e9 d\u00e9f\u00e9r\u00e9s \u00e0 la prison de Kondengui, tandis que d\u2019autres mineures ont \u00e9t\u00e9 lib\u00e9r\u00e9es sous garants. R\u00e9unis au sein de son minist\u00e8re pour tabler sur l\u2019affaire, la ministre des enseignements secondaires s\u2019est oppos\u00e9e \u00e0 l\u2019exclusion d\u00e9finitive [&hellip;]<\/p>\n","protected":false},"author":82,"featured_media":1523,"comment_status":"open","ping_status":"closed","sticky":false,"template":"","format":"standard","meta":{"footnotes":""},"categories":[21,11,10],"tags":[36,50,49],"class_list":["post-1527","post","type-post","status-publish","format-standard","has-post-thumbnail","hentry","category-communaute","category-homepage-french","category-toutes-les-actualites","tag-africa-press","tag-africa-press-cameroun","tag-cameroun"],"yoast_head":"<!-- This site is optimized with the Yoast SEO Premium plugin v26.1 (Yoast SEO v27.0) - https:\/\/yoast.com\/product\/yoast-seo-premium-wordpress\/ -->\n<title>Nalova Lyonga s\u2019oppose \u00e0 l\u2019exclusion d\u00e9finitive des \u00e9l\u00e8ves du Lyc\u00e9e Bilingue d\u2019Ekounou - Cameroun<\/title>\n<meta name=\"description\" content=\"Pris en flagrant d\u00e9lit de partouzes et de consommation des stup\u00e9fiants, certains de ces \u00e9l\u00e8ves ont \u00e9t\u00e9 d\u00e9f\u00e9r\u00e9s \u00e0 la pris ...\" \/>\n<meta name=\"robots\" content=\"index, follow, max-snippet:-1, max-image-preview:large, max-video-preview:-1\" \/>\n<link rel=\"canonical\" href=\"https:\/\/www.africa-press.net\/cameroun\/toutes-les-actualites\/nalova-lyonga-soppose-a-lexclusion-definitive-des-eleves-du-lycee-bilingue-dekounou\" \/>\n<meta property=\"og:locale\" content=\"fr_FR\" \/>\n<meta property=\"og:type\" content=\"article\" \/>\n<meta property=\"og:title\" content=\"Nalova Lyonga s\u2019oppose \u00e0 l\u2019exclusion d\u00e9finitive des \u00e9l\u00e8ves du Lyc\u00e9e Bilingue d\u2019Ekounou\" \/>\n<meta property=\"og:description\" content=\"Pris en flagrant d\u00e9lit de partouzes et de consommation des stup\u00e9fiants, certains de ces \u00e9l\u00e8ves ont \u00e9t\u00e9 d\u00e9f\u00e9r\u00e9s \u00e0 la pris ...\" \/>\n<meta property=\"og:url\" content=\"https:\/\/www.africa-press.net\/cameroun\/toutes-les-actualites\/nalova-lyonga-soppose-a-lexclusion-definitive-des-eleves-du-lycee-bilingue-dekounou\" \/>\n<meta property=\"og:site_name\" content=\"Cameroun\" \/>\n<meta property=\"article:published_time\" content=\"2021-03-20T11:42:39+00:00\" \/>\n<meta property=\"article:modified_time\" content=\"2021-03-22T05:17:50+00:00\" \/>\n<meta property=\"og:image\" content=\"https:\/\/static.africa-press.net\/cameroun\/sites\/57\/2021\/03\/img-605828675c3fe.jpg\" \/>\n\t<meta property=\"og:image:width\" content=\"810\" \/>\n\t<meta property=\"og:image:height\" content=\"1080\" \/>\n\t<meta property=\"og:image:type\" content=\"image\/jpeg\" \/>\n<meta name=\"author\" content=\"cfeditorfr\" \/>\n<meta name=\"twitter:card\" content=\"summary_large_image\" \/>\n<meta name=\"twitter:label1\" content=\"\u00c9crit par\" \/>\n\t<meta name=\"twitter:data1\" content=\"cfeditorfr\" \/>\n\t<meta name=\"twitter:label2\" content=\"Dur\u00e9e de lecture estim\u00e9e\" \/>\n\t<meta name=\"twitter:data2\" content=\"1 minute\" \/>\n<script type=\"application\/ld+json\" class=\"yoast-schema-graph\">{\"@context\":\"https:\/\/schema.org\",\"@graph\":[{\"@type\":\"Article\",\"@id\":\"https:\/\/www.africa-press.net\/cameroun\/toutes-les-actualites\/nalova-lyonga-soppose-a-lexclusion-definitive-des-eleves-du-lycee-bilingue-dekounou#article\",\"isPartOf\":{\"@id\":\"https:\/\/www.africa-press.net\/cameroun\/toutes-les-actualites\/nalova-lyonga-soppose-a-lexclusion-definitive-des-eleves-du-lycee-bilingue-dekounou\"},\"author\":{\"name\":\"cfeditorfr\",\"@id\":\"https:\/\/www.africa-press.net\/cameroun\/#\/schema\/person\/2b1cf3cd81a31e3cd26889ca66d677f1\"},\"headline\":\"Nalova Lyonga s\u2019oppose \u00e0 l\u2019exclusion d\u00e9finitive des \u00e9l\u00e8ves du Lyc\u00e9e Bilingue d\u2019Ekounou\",\"datePublished\":\"2021-03-20T11:42:39+00:00\",\"dateModified\":\"2021-03-22T05:17:50+00:00\",\"mainEntityOfPage\":{\"@id\":\"https:\/\/www.africa-press.net\/cameroun\/toutes-les-actualites\/nalova-lyonga-soppose-a-lexclusion-definitive-des-eleves-du-lycee-bilingue-dekounou\"},\"wordCount\":212,\"commentCount\":0,\"image\":{\"@id\":\"https:\/\/www.africa-press.net\/cameroun\/toutes-les-actualites\/nalova-lyonga-soppose-a-lexclusion-definitive-des-eleves-du-lycee-bilingue-dekounou#primaryimage\"},\"thumbnailUrl\":\"https:\/\/static.africa-press.net\/cameroun\/sites\/57\/2021\/03\/img-605828675c3fe.jpg\",\"keywords\":[\"Africa Press\",\"Africa Press-Cameroun\",\"Cameroun\"],\"articleSection\":[\"Communaut\u00e9\",\"homepage-french\",\"Toutes les actualit\u00e9s\"],\"inLanguage\":\"fr-FR\",\"potentialAction\":[{\"@type\":\"CommentAction\",\"name\":\"Comment\",\"target\":[\"https:\/\/www.africa-press.net\/cameroun\/toutes-les-actualites\/nalova-lyonga-soppose-a-lexclusion-definitive-des-eleves-du-lycee-bilingue-dekounou#respond\"]}]},{\"@type\":\"WebPage\",\"@id\":\"https:\/\/www.africa-press.net\/cameroun\/toutes-les-actualites\/nalova-lyonga-soppose-a-lexclusion-definitive-des-eleves-du-lycee-bilingue-dekounou\",\"url\":\"https:\/\/www.africa-press.net\/cameroun\/toutes-les-actualites\/nalova-lyonga-soppose-a-lexclusion-definitive-des-eleves-du-lycee-bilingue-dekounou\",\"name\":\"Nalova Lyonga s\u2019oppose \u00e0 l\u2019exclusion d\u00e9finitive des \u00e9l\u00e8ves du Lyc\u00e9e Bilingue d\u2019Ekounou - Cameroun\",\"isPartOf\":{\"@id\":\"https:\/\/www.africa-press.net\/cameroun\/#website\"},\"primaryImageOfPage\":{\"@id\":\"https:\/\/www.africa-press.net\/cameroun\/toutes-les-actualites\/nalova-lyonga-soppose-a-lexclusion-definitive-des-eleves-du-lycee-bilingue-dekounou#primaryimage\"},\"image\":{\"@id\":\"https:\/\/www.africa-press.net\/cameroun\/toutes-les-actualites\/nalova-lyonga-soppose-a-lexclusion-definitive-des-eleves-du-lycee-bilingue-dekounou#primaryimage\"},\"thumbnailUrl\":\"https:\/\/static.africa-press.net\/cameroun\/sites\/57\/2021\/03\/img-605828675c3fe.jpg\",\"datePublished\":\"2021-03-20T11:42:39+00:00\",\"dateModified\":\"2021-03-22T05:17:50+00:00\",\"author\":{\"@id\":\"https:\/\/www.africa-press.net\/cameroun\/#\/schema\/person\/2b1cf3cd81a31e3cd26889ca66d677f1\"},\"description\":\"Pris en flagrant d\u00e9lit de partouzes et de consommation des stup\u00e9fiants, certains de ces \u00e9l\u00e8ves ont \u00e9t\u00e9 d\u00e9f\u00e9r\u00e9s \u00e0 la pris ...\",\"breadcrumb\":{\"@id\":\"https:\/\/www.africa-press.net\/cameroun\/toutes-les-actualites\/nalova-lyonga-soppose-a-lexclusion-definitive-des-eleves-du-lycee-bilingue-dekounou#breadcrumb\"},\"inLanguage\":\"fr-FR\",\"potentialAction\":[{\"@type\":\"ReadAction\",\"target\":[\"https:\/\/www.africa-press.net\/cameroun\/toutes-les-actualites\/nalova-lyonga-soppose-a-lexclusion-definitive-des-eleves-du-lycee-bilingue-dekounou\"]}]},{\"@type\":\"ImageObject\",\"inLanguage\":\"fr-FR\",\"@id\":\"https:\/\/www.africa-press.net\/cameroun\/toutes-les-actualites\/nalova-lyonga-soppose-a-lexclusion-definitive-des-eleves-du-lycee-bilingue-dekounou#primaryimage\",\"url\":\"https:\/\/static.africa-press.net\/cameroun\/sites\/57\/2021\/03\/img-605828675c3fe.jpg\",\"contentUrl\":\"https:\/\/static.africa-press.net\/cameroun\/sites\/57\/2021\/03\/img-605828675c3fe.jpg\",\"width\":810,\"height\":1080,\"caption\":\"Nalova Lyonga s\u2019oppose \u00e0 l\u2019exclusion d\u00e9finitive des \u00e9l\u00e8ves du Lyc\u00e9e Bilingue d\u2019Ekounou\"},{\"@type\":\"BreadcrumbList\",\"@id\":\"https:\/\/www.africa-press.net\/cameroun\/toutes-les-actualites\/nalova-lyonga-soppose-a-lexclusion-definitive-des-eleves-du-lycee-bilingue-dekounou#breadcrumb\",\"itemListElement\":[{\"@type\":\"ListItem\",\"position\":1,\"name\":\"Accueil\",\"item\":\"https:\/\/www.africa-press.net\/cameroun\/\"},{\"@type\":\"ListItem\",\"position\":2,\"name\":\"Nalova Lyonga s\u2019oppose \u00e0 l\u2019exclusion d\u00e9finitive des \u00e9l\u00e8ves du Lyc\u00e9e Bilingue d\u2019Ekounou\"}]},{\"@type\":\"WebSite\",\"@id\":\"https:\/\/www.africa-press.net\/cameroun\/#website\",\"url\":\"https:\/\/www.africa-press.net\/cameroun\/\",\"name\":\"Cameroun\",\"description\":\"Just another Africa News Agency Sites site\",\"potentialAction\":[{\"@type\":\"SearchAction\",\"target\":{\"@type\":\"EntryPoint\",\"urlTemplate\":\"https:\/\/www.africa-press.net\/cameroun\/?s={search_term_string}\"},\"query-input\":{\"@type\":\"PropertyValueSpecification\",\"valueRequired\":true,\"valueName\":\"search_term_string\"}}],\"inLanguage\":\"fr-FR\"},{\"@type\":\"Person\",\"@id\":\"https:\/\/www.africa-press.net\/cameroun\/#\/schema\/person\/2b1cf3cd81a31e3cd26889ca66d677f1\",\"name\":\"cfeditorfr\"}]}<\/script>\n<!-- \/ Yoast SEO Premium plugin. -->","yoast_head_json":{"title":"Nalova Lyonga s\u2019oppose \u00e0 l\u2019exclusion d\u00e9finitive des \u00e9l\u00e8ves du Lyc\u00e9e Bilingue d\u2019Ekounou - Cameroun","description":"Pris en flagrant d\u00e9lit de partouzes et de consommation des stup\u00e9fiants, certains de ces \u00e9l\u00e8ves ont \u00e9t\u00e9 d\u00e9f\u00e9r\u00e9s \u00e0 la pris ...","robots":{"index":"index","follow":"follow","max-snippet":"max-snippet:-1","max-image-preview":"max-image-preview:large","max-video-preview":"max-video-preview:-1"},"canonical":"https:\/\/www.africa-press.net\/cameroun\/toutes-les-actualites\/nalova-lyonga-soppose-a-lexclusion-definitive-des-eleves-du-lycee-bilingue-dekounou","og_locale":"fr_FR","og_type":"article","og_title":"Nalova Lyonga s\u2019oppose \u00e0 l\u2019exclusion d\u00e9finitive des \u00e9l\u00e8ves du Lyc\u00e9e Bilingue d\u2019Ekounou","og_description":"Pris en flagrant d\u00e9lit de partouzes et de consommation des stup\u00e9fiants, certains de ces \u00e9l\u00e8ves ont \u00e9t\u00e9 d\u00e9f\u00e9r\u00e9s \u00e0 la pris ...","og_url":"https:\/\/www.africa-press.net\/cameroun\/toutes-les-actualites\/nalova-lyonga-soppose-a-lexclusion-definitive-des-eleves-du-lycee-bilingue-dekounou","og_site_name":"Cameroun","article_published_time":"2021-03-20T11:42:39+00:00","article_modified_time":"2021-03-22T05:17:50+00:00","og_image":[{"width":810,"height":1080,"url":"https:\/\/static.africa-press.net\/cameroun\/sites\/57\/2021\/03\/img-605828675c3fe.jpg","type":"image\/jpeg"}],"author":"cfeditorfr","twitter_card":"summary_large_image","twitter_misc":{"\u00c9crit par":"cfeditorfr","Dur\u00e9e de lecture estim\u00e9e":"1 minute"},"schema":{"@context":"https:\/\/schema.org","@graph":[{"@type":"Article","@id":"https:\/\/www.africa-press.net\/cameroun\/toutes-les-actualites\/nalova-lyonga-soppose-a-lexclusion-definitive-des-eleves-du-lycee-bilingue-dekounou#article","isPartOf":{"@id":"https:\/\/www.africa-press.net\/cameroun\/toutes-les-actualites\/nalova-lyonga-soppose-a-lexclusion-definitive-des-eleves-du-lycee-bilingue-dekounou"},"author":{"name":"cfeditorfr","@id":"https:\/\/www.africa-press.net\/cameroun\/#\/schema\/person\/2b1cf3cd81a31e3cd26889ca66d677f1"},"headline":"Nalova Lyonga s\u2019oppose \u00e0 l\u2019exclusion d\u00e9finitive des \u00e9l\u00e8ves du Lyc\u00e9e Bilingue d\u2019Ekounou","datePublished":"2021-03-20T11:42:39+00:00","dateModified":"2021-03-22T05:17:50+00:00","mainEntityOfPage":{"@id":"https:\/\/www.africa-press.net\/cameroun\/toutes-les-actualites\/nalova-lyonga-soppose-a-lexclusion-definitive-des-eleves-du-lycee-bilingue-dekounou"},"wordCount":212,"commentCount":0,"image":{"@id":"https:\/\/www.africa-press.net\/cameroun\/toutes-les-actualites\/nalova-lyonga-soppose-a-lexclusion-definitive-des-eleves-du-lycee-bilingue-dekounou#primaryimage"},"thumbnailUrl":"https:\/\/static.africa-press.net\/cameroun\/sites\/57\/2021\/03\/img-605828675c3fe.jpg","keywords":["Africa Press","Africa Press-Cameroun","Cameroun"],"articleSection":["Communaut\u00e9","homepage-french","Toutes les actualit\u00e9s"],"inLanguage":"fr-FR","potentialAction":[{"@type":"CommentAction","name":"Comment","target":["https:\/\/www.africa-press.net\/cameroun\/toutes-les-actualites\/nalova-lyonga-soppose-a-lexclusion-definitive-des-eleves-du-lycee-bilingue-dekounou#respond"]}]},{"@type":"WebPage","@id":"https:\/\/www.africa-press.net\/cameroun\/toutes-les-actualites\/nalova-lyonga-soppose-a-lexclusion-definitive-des-eleves-du-lycee-bilingue-dekounou","url":"https:\/\/www.africa-press.net\/cameroun\/toutes-les-actualites\/nalova-lyonga-soppose-a-lexclusion-definitive-des-eleves-du-lycee-bilingue-dekounou","name":"Nalova Lyonga s\u2019oppose \u00e0 l\u2019exclusion d\u00e9finitive des \u00e9l\u00e8ves du Lyc\u00e9e Bilingue d\u2019Ekounou - Cameroun","isPartOf":{"@id":"https:\/\/www.africa-press.net\/cameroun\/#website"},"primaryImageOfPage":{"@id":"https:\/\/www.africa-press.net\/cameroun\/toutes-les-actualites\/nalova-lyonga-soppose-a-lexclusion-definitive-des-eleves-du-lycee-bilingue-dekounou#primaryimage"},"image":{"@id":"https:\/\/www.africa-press.net\/cameroun\/toutes-les-actualites\/nalova-lyonga-soppose-a-lexclusion-definitive-des-eleves-du-lycee-bilingue-dekounou#primaryimage"},"thumbnailUrl":"https:\/\/static.africa-press.net\/cameroun\/sites\/57\/2021\/03\/img-605828675c3fe.jpg","datePublished":"2021-03-20T11:42:39+00:00","dateModified":"2021-03-22T05:17:50+00:00","author":{"@id":"https:\/\/www.africa-press.net\/cameroun\/#\/schema\/person\/2b1cf3cd81a31e3cd26889ca66d677f1"},"description":"Pris en flagrant d\u00e9lit de partouzes et de consommation des stup\u00e9fiants, certains de ces \u00e9l\u00e8ves ont \u00e9t\u00e9 d\u00e9f\u00e9r\u00e9s \u00e0 la pris ...","breadcrumb":{"@id":"https:\/\/www.africa-press.net\/cameroun\/toutes-les-actualites\/nalova-lyonga-soppose-a-lexclusion-definitive-des-eleves-du-lycee-bilingue-dekounou#breadcrumb"},"inLanguage":"fr-FR","potentialAction":[{"@type":"ReadAction","target":["https:\/\/www.africa-press.net\/cameroun\/toutes-les-actualites\/nalova-lyonga-soppose-a-lexclusion-definitive-des-eleves-du-lycee-bilingue-dekounou"]}]},{"@type":"ImageObject","inLanguage":"fr-FR","@id":"https:\/\/www.africa-press.net\/cameroun\/toutes-les-actualites\/nalova-lyonga-soppose-a-lexclusion-definitive-des-eleves-du-lycee-bilingue-dekounou#primaryimage","url":"https:\/\/static.africa-press.net\/cameroun\/sites\/57\/2021\/03\/img-605828675c3fe.jpg","contentUrl":"https:\/\/static.africa-press.net\/cameroun\/sites\/57\/2021\/03\/img-605828675c3fe.jpg","width":810,"height":1080,"caption":"Nalova Lyonga s\u2019oppose \u00e0 l\u2019exclusion d\u00e9finitive des \u00e9l\u00e8ves du Lyc\u00e9e Bilingue d\u2019Ekounou"},{"@type":"BreadcrumbList","@id":"https:\/\/www.africa-press.net\/cameroun\/toutes-les-actualites\/nalova-lyonga-soppose-a-lexclusion-definitive-des-eleves-du-lycee-bilingue-dekounou#breadcrumb","itemListElement":[{"@type":"ListItem","position":1,"name":"Accueil","item":"https:\/\/www.africa-press.net\/cameroun\/"},{"@type":"ListItem","position":2,"name":"Nalova Lyonga s\u2019oppose \u00e0 l\u2019exclusion d\u00e9finitive des \u00e9l\u00e8ves du Lyc\u00e9e Bilingue d\u2019Ekounou"}]},{"@type":"WebSite","@id":"https:\/\/www.africa-press.net\/cameroun\/#website","url":"https:\/\/www.africa-press.net\/cameroun\/","name":"Cameroun","description":"Just another Africa News Agency Sites site","potentialAction":[{"@type":"SearchAction","target":{"@type":"EntryPoint","urlTemplate":"https:\/\/www.africa-press.net\/cameroun\/?s={search_term_string}"},"query-input":{"@type":"PropertyValueSpecification","valueRequired":true,"valueName":"search_term_string"}}],"inLanguage":"fr-FR"},{"@type":"Person","@id":"https:\/\/www.africa-press.net\/cameroun\/#\/schema\/person\/2b1cf3cd81a31e3cd26889ca66d677f1","name":"cfeditorfr"}]}},"_links":{"self":[{"href":"https:\/\/www.africa-press.net\/cameroun\/wp-json\/wp\/v2\/posts\/1527","targetHints":{"allow":["GET"]}}],"collection":[{"href":"https:\/\/www.africa-press.net\/cameroun\/wp-json\/wp\/v2\/posts"}],"about":[{"href":"https:\/\/www.africa-press.net\/cameroun\/wp-json\/wp\/v2\/types\/post"}],"author":[{"embeddable":true,"href":"https:\/\/www.africa-press.net\/cameroun\/wp-json\/wp\/v2\/users\/82"}],"replies":[{"embeddable":true,"href":"https:\/\/www.africa-press.net\/cameroun\/wp-json\/wp\/v2\/comments?post=1527"}],"version-history":[{"count":0,"href":"https:\/\/www.africa-press.net\/cameroun\/wp-json\/wp\/v2\/posts\/1527\/revisions"}],"wp:featuredmedia":[{"embeddable":true,"href":"https:\/\/www.africa-press.net\/cameroun\/wp-json\/wp\/v2\/media\/1523"}],"wp:attachment":[{"href":"https:\/\/www.africa-press.net\/cameroun\/wp-json\/wp\/v2\/media?parent=1527"}],"wp:term":[{"taxonomy":"category","embeddable":true,"href":"https:\/\/www.africa-press.net\/cameroun\/wp-json\/wp\/v2\/categories?post=1527"},{"taxonomy":"post_tag","embeddable":true,"href":"https:\/\/www.africa-press.net\/cameroun\/wp-json\/wp\/v2\/tags?post=1527"}],"curies":[{"name":"wp","href":"https:\/\/api.w.org\/{rel}","templated":true}]}}