{"id":1536,"date":"2021-03-20T11:51:15","date_gmt":"2021-03-20T11:51:15","guid":{"rendered":"https:\/\/www.africa-press.net\/cameroun\/politique\/bollore-porte-plainte-contre-un-media-camerounais"},"modified":"2021-03-22T05:18:25","modified_gmt":"2021-03-22T05:18:25","slug":"bollore-porte-plainte-contre-un-media-camerounais","status":"publish","type":"post","link":"https:\/\/www.africa-press.net\/cameroun\/politique\/bollore-porte-plainte-contre-un-media-camerounais","title":{"rendered":"Bollor\u00e9 porte plainte contre un m\u00e9dia camerounais"},"content":{"rendered":"<p><span style=\"color: #ff6600\"><strong><a href=\"https:\/\/www.africa-press.net\/\">Africa-Press<\/a> &#8211; <a href=\"https:\/\/www.africa-press.net\/cameroun\">Cameroun<\/a>. <\/strong><\/span>L\u2019information est rapport\u00e9e par le Conseil des Camerounais de la Diaspora (CCD). Vincent Bollor\u00e9 a port\u00e9 plainte contre la chaine t\u00e9l\u00e9vision en ligne JMTV+. Il reproche au m\u00e9dia, l\u2019utilisation du signe \u00ab + \u00bb dans son logo. Dans une lettre ouverte parvenue \u00e0 la r\u00e9daction de CamerounWeb, CCD condamne l\u2019attitude de Bollor\u00e9 qu\u2019il assimile \u00e0 un acharnement.<\/p>\n<p>Nous, Conseil des Camerounais de la Diaspora (C.C.D), \u00e9pris de justice, de d\u00e9mocratie, de libert\u00e9s fondamentales et surtout de droits humains, sommes au regret de devoir vous informer que nous subissons votre acharnement, au m\u00eame titre que la Web-T\u00e9l\u00e9vision Jmtv+ que vous harcelez par votre plainte ou complainte d\u00e9sobligeante, sous le fallacieux pr\u00e9texte que le signe math\u00e9matique \u00ab + \u00bb de son logo, serait votre propri\u00e9t\u00e9, si ce n\u2019est votre invention.<\/p>\n<p>Propos d\u00e9valorisants \u00e0 tous \u00e9gards, d\u2019autant plus que votre d\u00e9marche inique n\u2019a pour finalit\u00e9 que de faire encore plus du mal aux peuples des pays dans lesquels la grande majorit\u00e9 de la fortune de votre groupe est faite.<\/p>\n<p>Sinon comment expliquer que vous et votre groupe en soyez aujourd\u2019hui, comme par hasard, \u00e0 harceler l\u2019un des rares outils de communication que nous, les peuples d\u2019Afrique en g\u00e9n\u00e9ral et du Cameroun en particulier, avons pour mener notre tr\u00e8s \u00e2pre lutte de lib\u00e9ration, de promotion de la d\u00e9mocratie et des libert\u00e9s fondamentales sur le continent africain ?<\/p>\n<p>Ce d\u2019autant plus que nous les militants des droits humains et intellectuels camerounais sommes, pour des raisons qui nous \u00e9chappent, mais que nous pouvons deviner, exclus des plateaux des grands m\u00e9dias fran\u00e7ais parmi lesquels ceux de votre groupe.<\/p>\n<p>Pour le cas sp\u00e9cifique du Cameroun, nous n\u2019avons toujours pas dig\u00e9r\u00e9, ni oubli\u00e9 le z\u00e8le du groupe Bollor\u00e9 et ses m\u00e9dias \u00e0 soutenir en France de fa\u00e7on \u00e9hont\u00e9e la dictature sanguinaire de M. Biya, \u00e0 travers des publireportages et des campagnes d\u2019affichages aux relents de dictature m\u00e9diatique. Pendant que nous, le CCD (Conseil des Camerounais de la Diaspora), nous sommes toujours battus, avec quelques rares canaux m\u00e9diatiques \u00e0 notre port\u00e9e, pour d\u00e9montrer \u00e0 l\u2019opinion internationale le visage hideux qui est celui de ce r\u00e9gime despotique et g\u00e9nocidaire, \u00e0 en juger par le tr\u00e8s lourd bilan de la guerre que ce r\u00e9gime ill\u00e9gitime m\u00e8ne contre son propre peuple dans les r\u00e9gions anglophones.<\/p>\n<p>Et comme si cela ne vous suffisait pas, vous revoil\u00e0 un peu comme en mission command\u00e9e en train de vouloir nous porter l\u2019estocade finale en vous attaquant de fa\u00e7on injustifiable \u00e0 un des rares m\u00e9dias en France qui nous permettaient jusque-l\u00e0, un tant soit peu, de faire notre voix.<\/p>\n<p>Cette attitude bien \u00e9videmment constitue pour nous un nouvel affront qu&rsquo;on n&rsquo;aurait pas tort d&rsquo;assimiler \u00e0 une d\u00e9claration de guerre.<\/p>\n<p>Extr\u00eamement affect\u00e9e par ces agissements r\u00e9p\u00e9t\u00e9s, La Diaspora Camerounaise vous demande de mettre fin \u00e0 votre \u00e9trange proc\u00e8s intent\u00e9 contre cette Web T\u00e9l\u00e9vision dont le seul \u00ab\u00a0crime\u00a0\u00bb est de se mettre aux c\u00f4t\u00e9s des d\u00e9fenseurs des droits humains de la Diaspora Camerounaise. En la sommant de retirer de ce logo le signe math\u00e9matique \u00ab+\u00bb, vous semblez ipso facto vouloir tuer cette cha\u00eene qui, en aucune fa\u00e7on, ne vous fait une concurrence d\u00e9loyale. Son champ d&rsquo;actions ou de comp\u00e9tences se limite \u00e0 \u00eatre la voix des sans-voix de la diaspora combattante.<\/p>\n<p>S\u2019il vous reste encore un peu de dignit\u00e9, prenez l\u2019initiative d\u2019\u00e9viter le courroux des Camerounais de la Diaspora, en particulier ceux vivant en France, pour qui le logo Jmtv+ est devenu \u00e0 lui tout seul un symbole de lutte et d\u2019\u00e9mancipation des peuples.<\/p>\n<p>En tous les cas de figure, nous n\u2019entendrons plus nous en laisser conter cette fois-ci qui pourrait se r\u00e9v\u00e9ler \u00eatre celle de trop.<\/p>\n<p>En esp\u00e9rant que vous saurez prendre les dispositions idoines pour nous \u00e9viter un conflit inutile, nous, le CCD, vous prions de recevoir nos salutations distingu\u00e9es.<\/p>\n<p>Bien cordialement<br \/>\nParis, le 18 mars 2021<\/p>\n<p>Le G\u00e9n\u00e9ral-Pr\u00e9sident<br \/>\nRobert WANTO<\/p>\n","protected":false},"excerpt":{"rendered":"<p>Africa-Press &#8211; Cameroun. L\u2019information est rapport\u00e9e par le Conseil des Camerounais de la Diaspora (CCD). Vincent Bollor\u00e9 a port\u00e9 plainte contre la chaine t\u00e9l\u00e9vision en ligne JMTV+. Il reproche au m\u00e9dia, l\u2019utilisation du signe \u00ab + \u00bb dans son logo. Dans une lettre ouverte parvenue \u00e0 la r\u00e9daction de CamerounWeb, CCD condamne l\u2019attitude de Bollor\u00e9 [&hellip;]<\/p>\n","protected":false},"author":82,"featured_media":1532,"comment_status":"open","ping_status":"closed","sticky":false,"template":"","format":"standard","meta":{"footnotes":""},"categories":[11,2,10],"tags":[36,50,49],"class_list":["post-1536","post","type-post","status-publish","format-standard","has-post-thumbnail","hentry","category-homepage-french","category-politique","category-toutes-les-actualites","tag-africa-press","tag-africa-press-cameroun","tag-cameroun"],"yoast_head":"<!-- This site is optimized with the Yoast SEO Premium plugin v26.1 (Yoast SEO v27.0) - https:\/\/yoast.com\/product\/yoast-seo-premium-wordpress\/ -->\n<title>Bollor\u00e9 porte plainte contre un m\u00e9dia camerounais - Cameroun<\/title>\n<meta name=\"description\" content=\"L\u2019information est rapport\u00e9e par le Conseil des Camerounais de la Diaspora (CCD). Vincent Bollor\u00e9 a port\u00e9 plainte contre ...\" \/>\n<meta name=\"robots\" content=\"index, follow, max-snippet:-1, max-image-preview:large, max-video-preview:-1\" \/>\n<link rel=\"canonical\" href=\"https:\/\/www.africa-press.net\/cameroun\/politique\/bollore-porte-plainte-contre-un-media-camerounais\" \/>\n<meta property=\"og:locale\" content=\"fr_FR\" \/>\n<meta property=\"og:type\" content=\"article\" \/>\n<meta property=\"og:title\" content=\"Bollor\u00e9 porte plainte contre un m\u00e9dia camerounais\" \/>\n<meta property=\"og:description\" content=\"L\u2019information est rapport\u00e9e par le Conseil des Camerounais de la Diaspora (CCD). Vincent Bollor\u00e9 a port\u00e9 plainte contre ...\" \/>\n<meta property=\"og:url\" content=\"https:\/\/www.africa-press.net\/cameroun\/politique\/bollore-porte-plainte-contre-un-media-camerounais\" \/>\n<meta property=\"og:site_name\" content=\"Cameroun\" \/>\n<meta property=\"article:published_time\" content=\"2021-03-20T11:51:15+00:00\" \/>\n<meta property=\"article:modified_time\" content=\"2021-03-22T05:18:25+00:00\" \/>\n<meta property=\"og:image\" content=\"https:\/\/static.africa-press.net\/cameroun\/sites\/57\/2021\/03\/img-6058288ba00b9.jpg\" \/>\n\t<meta property=\"og:image:width\" content=\"750\" \/>\n\t<meta property=\"og:image:height\" content=\"394\" \/>\n\t<meta property=\"og:image:type\" content=\"image\/jpeg\" \/>\n<meta name=\"author\" content=\"cfeditorfr\" \/>\n<meta name=\"twitter:card\" content=\"summary_large_image\" \/>\n<meta name=\"twitter:label1\" content=\"\u00c9crit par\" \/>\n\t<meta name=\"twitter:data1\" content=\"cfeditorfr\" \/>\n\t<meta name=\"twitter:label2\" content=\"Dur\u00e9e de lecture estim\u00e9e\" \/>\n\t<meta name=\"twitter:data2\" content=\"4 minutes\" \/>\n<script type=\"application\/ld+json\" class=\"yoast-schema-graph\">{\"@context\":\"https:\/\/schema.org\",\"@graph\":[{\"@type\":\"Article\",\"@id\":\"https:\/\/www.africa-press.net\/cameroun\/politique\/bollore-porte-plainte-contre-un-media-camerounais#article\",\"isPartOf\":{\"@id\":\"https:\/\/www.africa-press.net\/cameroun\/politique\/bollore-porte-plainte-contre-un-media-camerounais\"},\"author\":{\"name\":\"cfeditorfr\",\"@id\":\"https:\/\/www.africa-press.net\/cameroun\/#\/schema\/person\/2b1cf3cd81a31e3cd26889ca66d677f1\"},\"headline\":\"Bollor\u00e9 porte plainte contre un m\u00e9dia camerounais\",\"datePublished\":\"2021-03-20T11:51:15+00:00\",\"dateModified\":\"2021-03-22T05:18:25+00:00\",\"mainEntityOfPage\":{\"@id\":\"https:\/\/www.africa-press.net\/cameroun\/politique\/bollore-porte-plainte-contre-un-media-camerounais\"},\"wordCount\":714,\"commentCount\":0,\"image\":{\"@id\":\"https:\/\/www.africa-press.net\/cameroun\/politique\/bollore-porte-plainte-contre-un-media-camerounais#primaryimage\"},\"thumbnailUrl\":\"https:\/\/static.africa-press.net\/cameroun\/sites\/57\/2021\/03\/img-6058288ba00b9.jpg\",\"keywords\":[\"Africa Press\",\"Africa Press-Cameroun\",\"Cameroun\"],\"articleSection\":[\"homepage-french\",\"Politique\",\"Toutes les actualit\u00e9s\"],\"inLanguage\":\"fr-FR\",\"potentialAction\":[{\"@type\":\"CommentAction\",\"name\":\"Comment\",\"target\":[\"https:\/\/www.africa-press.net\/cameroun\/politique\/bollore-porte-plainte-contre-un-media-camerounais#respond\"]}]},{\"@type\":\"WebPage\",\"@id\":\"https:\/\/www.africa-press.net\/cameroun\/politique\/bollore-porte-plainte-contre-un-media-camerounais\",\"url\":\"https:\/\/www.africa-press.net\/cameroun\/politique\/bollore-porte-plainte-contre-un-media-camerounais\",\"name\":\"Bollor\u00e9 porte plainte contre un m\u00e9dia camerounais - Cameroun\",\"isPartOf\":{\"@id\":\"https:\/\/www.africa-press.net\/cameroun\/#website\"},\"primaryImageOfPage\":{\"@id\":\"https:\/\/www.africa-press.net\/cameroun\/politique\/bollore-porte-plainte-contre-un-media-camerounais#primaryimage\"},\"image\":{\"@id\":\"https:\/\/www.africa-press.net\/cameroun\/politique\/bollore-porte-plainte-contre-un-media-camerounais#primaryimage\"},\"thumbnailUrl\":\"https:\/\/static.africa-press.net\/cameroun\/sites\/57\/2021\/03\/img-6058288ba00b9.jpg\",\"datePublished\":\"2021-03-20T11:51:15+00:00\",\"dateModified\":\"2021-03-22T05:18:25+00:00\",\"author\":{\"@id\":\"https:\/\/www.africa-press.net\/cameroun\/#\/schema\/person\/2b1cf3cd81a31e3cd26889ca66d677f1\"},\"description\":\"L\u2019information est rapport\u00e9e par le Conseil des Camerounais de la Diaspora (CCD). Vincent Bollor\u00e9 a port\u00e9 plainte contre ...\",\"breadcrumb\":{\"@id\":\"https:\/\/www.africa-press.net\/cameroun\/politique\/bollore-porte-plainte-contre-un-media-camerounais#breadcrumb\"},\"inLanguage\":\"fr-FR\",\"potentialAction\":[{\"@type\":\"ReadAction\",\"target\":[\"https:\/\/www.africa-press.net\/cameroun\/politique\/bollore-porte-plainte-contre-un-media-camerounais\"]}]},{\"@type\":\"ImageObject\",\"inLanguage\":\"fr-FR\",\"@id\":\"https:\/\/www.africa-press.net\/cameroun\/politique\/bollore-porte-plainte-contre-un-media-camerounais#primaryimage\",\"url\":\"https:\/\/static.africa-press.net\/cameroun\/sites\/57\/2021\/03\/img-6058288ba00b9.jpg\",\"contentUrl\":\"https:\/\/static.africa-press.net\/cameroun\/sites\/57\/2021\/03\/img-6058288ba00b9.jpg\",\"width\":750,\"height\":394,\"caption\":\"Bollor\u00e9 porte plainte contre un m\u00e9dia camerounais\"},{\"@type\":\"BreadcrumbList\",\"@id\":\"https:\/\/www.africa-press.net\/cameroun\/politique\/bollore-porte-plainte-contre-un-media-camerounais#breadcrumb\",\"itemListElement\":[{\"@type\":\"ListItem\",\"position\":1,\"name\":\"Accueil\",\"item\":\"https:\/\/www.africa-press.net\/cameroun\/\"},{\"@type\":\"ListItem\",\"position\":2,\"name\":\"Bollor\u00e9 porte plainte contre un m\u00e9dia camerounais\"}]},{\"@type\":\"WebSite\",\"@id\":\"https:\/\/www.africa-press.net\/cameroun\/#website\",\"url\":\"https:\/\/www.africa-press.net\/cameroun\/\",\"name\":\"Cameroun\",\"description\":\"Just another Africa News Agency Sites site\",\"potentialAction\":[{\"@type\":\"SearchAction\",\"target\":{\"@type\":\"EntryPoint\",\"urlTemplate\":\"https:\/\/www.africa-press.net\/cameroun\/?s={search_term_string}\"},\"query-input\":{\"@type\":\"PropertyValueSpecification\",\"valueRequired\":true,\"valueName\":\"search_term_string\"}}],\"inLanguage\":\"fr-FR\"},{\"@type\":\"Person\",\"@id\":\"https:\/\/www.africa-press.net\/cameroun\/#\/schema\/person\/2b1cf3cd81a31e3cd26889ca66d677f1\",\"name\":\"cfeditorfr\"}]}<\/script>\n<!-- \/ Yoast SEO Premium plugin. -->","yoast_head_json":{"title":"Bollor\u00e9 porte plainte contre un m\u00e9dia camerounais - Cameroun","description":"L\u2019information est rapport\u00e9e par le Conseil des Camerounais de la Diaspora (CCD). Vincent Bollor\u00e9 a port\u00e9 plainte contre ...","robots":{"index":"index","follow":"follow","max-snippet":"max-snippet:-1","max-image-preview":"max-image-preview:large","max-video-preview":"max-video-preview:-1"},"canonical":"https:\/\/www.africa-press.net\/cameroun\/politique\/bollore-porte-plainte-contre-un-media-camerounais","og_locale":"fr_FR","og_type":"article","og_title":"Bollor\u00e9 porte plainte contre un m\u00e9dia camerounais","og_description":"L\u2019information est rapport\u00e9e par le Conseil des Camerounais de la Diaspora (CCD). Vincent Bollor\u00e9 a port\u00e9 plainte contre ...","og_url":"https:\/\/www.africa-press.net\/cameroun\/politique\/bollore-porte-plainte-contre-un-media-camerounais","og_site_name":"Cameroun","article_published_time":"2021-03-20T11:51:15+00:00","article_modified_time":"2021-03-22T05:18:25+00:00","og_image":[{"width":750,"height":394,"url":"https:\/\/static.africa-press.net\/cameroun\/sites\/57\/2021\/03\/img-6058288ba00b9.jpg","type":"image\/jpeg"}],"author":"cfeditorfr","twitter_card":"summary_large_image","twitter_misc":{"\u00c9crit par":"cfeditorfr","Dur\u00e9e de lecture estim\u00e9e":"4 minutes"},"schema":{"@context":"https:\/\/schema.org","@graph":[{"@type":"Article","@id":"https:\/\/www.africa-press.net\/cameroun\/politique\/bollore-porte-plainte-contre-un-media-camerounais#article","isPartOf":{"@id":"https:\/\/www.africa-press.net\/cameroun\/politique\/bollore-porte-plainte-contre-un-media-camerounais"},"author":{"name":"cfeditorfr","@id":"https:\/\/www.africa-press.net\/cameroun\/#\/schema\/person\/2b1cf3cd81a31e3cd26889ca66d677f1"},"headline":"Bollor\u00e9 porte plainte contre un m\u00e9dia camerounais","datePublished":"2021-03-20T11:51:15+00:00","dateModified":"2021-03-22T05:18:25+00:00","mainEntityOfPage":{"@id":"https:\/\/www.africa-press.net\/cameroun\/politique\/bollore-porte-plainte-contre-un-media-camerounais"},"wordCount":714,"commentCount":0,"image":{"@id":"https:\/\/www.africa-press.net\/cameroun\/politique\/bollore-porte-plainte-contre-un-media-camerounais#primaryimage"},"thumbnailUrl":"https:\/\/static.africa-press.net\/cameroun\/sites\/57\/2021\/03\/img-6058288ba00b9.jpg","keywords":["Africa Press","Africa Press-Cameroun","Cameroun"],"articleSection":["homepage-french","Politique","Toutes les actualit\u00e9s"],"inLanguage":"fr-FR","potentialAction":[{"@type":"CommentAction","name":"Comment","target":["https:\/\/www.africa-press.net\/cameroun\/politique\/bollore-porte-plainte-contre-un-media-camerounais#respond"]}]},{"@type":"WebPage","@id":"https:\/\/www.africa-press.net\/cameroun\/politique\/bollore-porte-plainte-contre-un-media-camerounais","url":"https:\/\/www.africa-press.net\/cameroun\/politique\/bollore-porte-plainte-contre-un-media-camerounais","name":"Bollor\u00e9 porte plainte contre un m\u00e9dia camerounais - Cameroun","isPartOf":{"@id":"https:\/\/www.africa-press.net\/cameroun\/#website"},"primaryImageOfPage":{"@id":"https:\/\/www.africa-press.net\/cameroun\/politique\/bollore-porte-plainte-contre-un-media-camerounais#primaryimage"},"image":{"@id":"https:\/\/www.africa-press.net\/cameroun\/politique\/bollore-porte-plainte-contre-un-media-camerounais#primaryimage"},"thumbnailUrl":"https:\/\/static.africa-press.net\/cameroun\/sites\/57\/2021\/03\/img-6058288ba00b9.jpg","datePublished":"2021-03-20T11:51:15+00:00","dateModified":"2021-03-22T05:18:25+00:00","author":{"@id":"https:\/\/www.africa-press.net\/cameroun\/#\/schema\/person\/2b1cf3cd81a31e3cd26889ca66d677f1"},"description":"L\u2019information est rapport\u00e9e par le Conseil des Camerounais de la Diaspora (CCD). Vincent Bollor\u00e9 a port\u00e9 plainte contre ...","breadcrumb":{"@id":"https:\/\/www.africa-press.net\/cameroun\/politique\/bollore-porte-plainte-contre-un-media-camerounais#breadcrumb"},"inLanguage":"fr-FR","potentialAction":[{"@type":"ReadAction","target":["https:\/\/www.africa-press.net\/cameroun\/politique\/bollore-porte-plainte-contre-un-media-camerounais"]}]},{"@type":"ImageObject","inLanguage":"fr-FR","@id":"https:\/\/www.africa-press.net\/cameroun\/politique\/bollore-porte-plainte-contre-un-media-camerounais#primaryimage","url":"https:\/\/static.africa-press.net\/cameroun\/sites\/57\/2021\/03\/img-6058288ba00b9.jpg","contentUrl":"https:\/\/static.africa-press.net\/cameroun\/sites\/57\/2021\/03\/img-6058288ba00b9.jpg","width":750,"height":394,"caption":"Bollor\u00e9 porte plainte contre un m\u00e9dia camerounais"},{"@type":"BreadcrumbList","@id":"https:\/\/www.africa-press.net\/cameroun\/politique\/bollore-porte-plainte-contre-un-media-camerounais#breadcrumb","itemListElement":[{"@type":"ListItem","position":1,"name":"Accueil","item":"https:\/\/www.africa-press.net\/cameroun\/"},{"@type":"ListItem","position":2,"name":"Bollor\u00e9 porte plainte contre un m\u00e9dia camerounais"}]},{"@type":"WebSite","@id":"https:\/\/www.africa-press.net\/cameroun\/#website","url":"https:\/\/www.africa-press.net\/cameroun\/","name":"Cameroun","description":"Just another Africa News Agency Sites site","potentialAction":[{"@type":"SearchAction","target":{"@type":"EntryPoint","urlTemplate":"https:\/\/www.africa-press.net\/cameroun\/?s={search_term_string}"},"query-input":{"@type":"PropertyValueSpecification","valueRequired":true,"valueName":"search_term_string"}}],"inLanguage":"fr-FR"},{"@type":"Person","@id":"https:\/\/www.africa-press.net\/cameroun\/#\/schema\/person\/2b1cf3cd81a31e3cd26889ca66d677f1","name":"cfeditorfr"}]}},"_links":{"self":[{"href":"https:\/\/www.africa-press.net\/cameroun\/wp-json\/wp\/v2\/posts\/1536","targetHints":{"allow":["GET"]}}],"collection":[{"href":"https:\/\/www.africa-press.net\/cameroun\/wp-json\/wp\/v2\/posts"}],"about":[{"href":"https:\/\/www.africa-press.net\/cameroun\/wp-json\/wp\/v2\/types\/post"}],"author":[{"embeddable":true,"href":"https:\/\/www.africa-press.net\/cameroun\/wp-json\/wp\/v2\/users\/82"}],"replies":[{"embeddable":true,"href":"https:\/\/www.africa-press.net\/cameroun\/wp-json\/wp\/v2\/comments?post=1536"}],"version-history":[{"count":0,"href":"https:\/\/www.africa-press.net\/cameroun\/wp-json\/wp\/v2\/posts\/1536\/revisions"}],"wp:featuredmedia":[{"embeddable":true,"href":"https:\/\/www.africa-press.net\/cameroun\/wp-json\/wp\/v2\/media\/1532"}],"wp:attachment":[{"href":"https:\/\/www.africa-press.net\/cameroun\/wp-json\/wp\/v2\/media?parent=1536"}],"wp:term":[{"taxonomy":"category","embeddable":true,"href":"https:\/\/www.africa-press.net\/cameroun\/wp-json\/wp\/v2\/categories?post=1536"},{"taxonomy":"post_tag","embeddable":true,"href":"https:\/\/www.africa-press.net\/cameroun\/wp-json\/wp\/v2\/tags?post=1536"}],"curies":[{"name":"wp","href":"https:\/\/api.w.org\/{rel}","templated":true}]}}